{"id":8,"date":"2016-04-20T17:57:16","date_gmt":"2016-04-20T17:57:16","guid":{"rendered":"http:\/\/manualdetecnicafotografica.com\/blog\/?p=8"},"modified":"2016-04-27T13:51:31","modified_gmt":"2016-04-27T13:51:31","slug":"debes-saber-al-iniciarte-fotografia","status":"publish","type":"post","link":"https:\/\/manualdetecnicafotografica.com\/blog\/debes-saber-al-iniciarte-fotografia\/","title":{"rendered":"Esto debes saber al iniciarte en fotograf\u00eda"},"content":{"rendered":"<p><img loading=\"lazy\" decoding=\"async\" class=\"alignleft wp-image-10 size-medium\" src=\"https:\/\/manualdetecnicafotografica.com\/blog\/wp-content\/uploads\/2016\/04\/frustrado-fotografo-300x188.jpg\" alt=\"frustrado-fotografo\" width=\"300\" height=\"188\" srcset=\"https:\/\/manualdetecnicafotografica.com\/blog\/wp-content\/uploads\/2016\/04\/frustrado-fotografo-300x188.jpg 300w, https:\/\/manualdetecnicafotografica.com\/blog\/wp-content\/uploads\/2016\/04\/frustrado-fotografo.jpg 509w\" sizes=\"auto, (max-width: 300px) 100vw, 300px\" \/>A este preciso momento en el cual te encuentras al comienzo del camino, te recomiendo\u00a0leer el libro \u00abAntes de Aprender Fotograf\u00eda\u00bb. Este breve libro te dar\u00e1 una noci\u00f3n m\u00e1s amplia sobre c\u00f3mo afrontar tu iniciaci\u00f3n fotogr\u00e1fica\u00a0y aprender\u00e1s\u00a0lo que la mayor\u00eda ignora al comenzar en fotograf\u00eda.<\/p>\n<p>Y no lo tomes a la ligera, todas las cuestiones que se hablan en este libro son los motivos por los cuales\u00a0muchos terminan frustrados, confundidos y sin ganas de seguir.<\/p>\n<p>Lo que t\u00fa sabes ahora te permite responder a preguntas fundamentales para tu correcta formaci\u00f3n. \u00bfQu\u00e9 es la t\u00e9cnica fotogr\u00e1fica y c\u00f3mo se compone? \u00bfCu\u00e1l es mi objetivo al aprender fotograf\u00eda? \u00bfCu\u00e1l es el tiempo y esfuerzo que debo dedicarle? \u00bfCu\u00e1les son los medios a mi alcance para aprender y cu\u00e1l es el m\u00e1s efectivo para mi?<\/p>\n<p>Saca provecho de toda esta informaci\u00f3n y a partir de ahora\u00a0establece tu camino a seguir, esto es esencial.<\/p>\n<p>Mira, todos sabemos que cuando nos introducimos a una actividad nueva y desconocida encontraremos obst\u00e1culos y dificultades, pero frecuentemente no los consideramos con antelaci\u00f3n (\u00bfy c\u00f3mo saberlo si todo es nuevo para nosotros?.<\/p>\n<p>Sucede, por ejemplo, cuando debemos realizar un tr\u00e1mite en alguna oficina del gobierno. Por regla general, este tipo de actividad es muy lenta, desorganizada y burocr\u00e1tica. Solemos llegar a la oficina equivocada, rellenar el formulario incorrecto, esperar mucho tiempo, olvidar alg\u00fan comprobante de pago, llegar en el horario equivocado, y la lista sigue&#8230; \u00bfA qui\u00e9n no le pas\u00f3 alguna vez?<\/p>\n<p>Pero, tambi\u00e9n nos ha pasado de que el d\u00eda anterior alg\u00fan conocido nos explicase\u00a0c\u00f3mo, cu\u00e1ndo y d\u00f3nde hab\u00eda que presentarse y WAL\u00c1! Tr\u00e1mite resuelto en menos de 10 minutos.<\/p>\n<blockquote><p>Es incre\u00edble CU\u00c1NTO, un poco de informaci\u00f3n calificada (de alguien que sabe), puede afectar nuestra labor.<img loading=\"lazy\" decoding=\"async\" class=\"aligncenter wp-image-11 size-full\" src=\"https:\/\/manualdetecnicafotografica.com\/blog\/wp-content\/uploads\/2016\/04\/fotografo-decepcionado.jpg\" alt=\"fotografo-decepcionado\" width=\"595\" height=\"396\" srcset=\"https:\/\/manualdetecnicafotografica.com\/blog\/wp-content\/uploads\/2016\/04\/fotografo-decepcionado.jpg 595w, https:\/\/manualdetecnicafotografica.com\/blog\/wp-content\/uploads\/2016\/04\/fotografo-decepcionado-300x200.jpg 300w, https:\/\/manualdetecnicafotografica.com\/blog\/wp-content\/uploads\/2016\/04\/fotografo-decepcionado-132x87.jpg 132w\" sizes=\"auto, (max-width: 595px) 100vw, 595px\" \/><\/p><\/blockquote>\n<p>Pues lo mismo sucede en fotograf\u00eda&#8230; terminamos lidiando con montones de problemas, y no sabemos si lo peor est\u00e1 por venir&#8230;<br \/>\nProblemas tales como qu\u00e9 c\u00e1mara de fotos comprar, qu\u00e9 es lo que debo aprender, qui\u00e9n me lo ense\u00f1ar\u00e1 correctamente, qu\u00e9 curso me conviene y cu\u00e1l no, etc..<\/p>\n<p>Al fin y al cabo, todo esto genera fastidio, frustraci\u00f3n, confusi\u00f3n y p\u00e9rdida de tiempo. Mas a\u00fan, todos estos problemas se han presentado cuando todav\u00eda no hemos siquiera comenzado el aprendizaje!<\/p>\n<p>Por esta raz\u00f3n, y porque he visto muchas veces potenciales fot\u00f3grafos frustrarse r\u00e1pidamente, es que escrib\u00ed el ebook que\u00a0descargaste: \u00abAntes de Aprender Fotograf\u00eda\u00bb.<\/p>\n<p>Pero tambi\u00e9n soy consiente de que cada persona es un mundo diferente y me ha sido imposible abordar la problem\u00e1tica de cada uno en particular. Todos tenemos nuestros puntos altos y bajos. Mayor facilidad para ciertas cosas y m\u00e1s dificultad para otras.<\/p>\n<p>Por este motivo, quisiera preguntarte directamente a ti cu\u00e1l es la mayor dificultad que tienes para iniciarte en la fotograf\u00eda. \u00bfQu\u00e9 es lo m\u00e1s\u00a0dif\u00edcil\u00a0de la fotograf\u00eda para ti?<\/p>\n<p>Presiona ahora mismo el bot\u00f3n \u00abResponder\u00bb, y cu\u00e9ntame\u00a0tu mayor dificultad al iniciarte en la fotograf\u00eda.<\/p>\n<p>He recibido ya muchos mensajes, muchos haciendo referencia a la dificultad de adquirir una c\u00e1mara r\u00e9flex, lo s\u00e9, hay varias marcas y decenas de modelos. Pues bien, \u00bfcu\u00e1l es la mejor c\u00e1mara r\u00e9flex?<\/p>\n<p>Te lo contar\u00e9 en el pr\u00f3ximo email.<\/p>\n<p>Me despido adjuntando el libro Antes de Aprender Fotograf\u00eda nuevamente por si no pudiste descargarlo antes.<\/p>\n","protected":false},"excerpt":{"rendered":"<p>A este preciso momento en el cual te encuentras al comienzo del camino, te recomiendo\u00a0leer el libro \u00abAntes de Aprender Fotograf\u00eda\u00bb. Este breve libro te dar\u00e1 una noci\u00f3n m\u00e1s amplia sobre c\u00f3mo afrontar tu iniciaci\u00f3n fotogr\u00e1fica\u00a0y aprender\u00e1s\u00a0lo que la mayor\u00eda ignora al comenzar en fotograf\u00eda. Y no lo tomes a la ligera, todas las cuestiones [&hellip;]<\/p>\n","protected":false},"author":1,"featured_media":10,"comment_status":"open","ping_status":"open","sticky":false,"template":"","format":"standard","meta":{"_genesis_hide_title":false,"_genesis_hide_breadcrumbs":false,"_genesis_hide_singular_image":false,"_genesis_hide_footer_widgets":false,"_genesis_custom_body_class":"","_genesis_custom_post_class":"","_genesis_layout":"","_glsr_average":0,"_glsr_ranking":0,"_glsr_reviews":0,"footnotes":""},"categories":[2],"tags":[28,31,33,30,32,29],"class_list":{"0":"post-8","1":"post","2":"type-post","3":"status-publish","4":"format-standard","5":"has-post-thumbnail","7":"category-iniciacion","8":"tag-por-donde-empiezo","9":"tag-aprender-fotografia","10":"tag-comenzar","11":"tag-fotografia-reflex-para-principiantes","12":"tag-primeros-pasos-en-fotografia","13":"tag-tus-primeros-pasos-en-fotografia-reflex","14":"entry"},"yoast_head":"<!-- This site is optimized with the Yoast SEO plugin v27.4 - https:\/\/yoast.com\/product\/yoast-seo-wordpress\/ -->\n<title>Esto debes saber al iniciarte en fotograf\u00eda - Iniciaci\u00f3n a la Fotograf\u00eda<\/title>\n<meta name=\"robots\" content=\"index, follow, max-snippet:-1, max-image-preview:large, max-video-preview:-1\" \/>\n<link rel=\"canonical\" href=\"https:\/\/manualdetecnicafotografica.com\/blog\/debes-saber-al-iniciarte-fotografia\/\" \/>\n<meta property=\"og:locale\" content=\"es_ES\" \/>\n<meta property=\"og:type\" content=\"article\" \/>\n<meta property=\"og:title\" content=\"Esto debes saber al iniciarte en fotograf\u00eda - Iniciaci\u00f3n a la Fotograf\u00eda\" \/>\n<meta property=\"og:description\" content=\"A este preciso momento en el cual te encuentras al comienzo del camino, te recomiendo\u00a0leer el libro \u00abAntes de Aprender Fotograf\u00eda\u00bb. Este breve libro te dar\u00e1 una noci\u00f3n m\u00e1s amplia sobre c\u00f3mo afrontar tu iniciaci\u00f3n fotogr\u00e1fica\u00a0y aprender\u00e1s\u00a0lo que la mayor\u00eda ignora al comenzar en fotograf\u00eda. Y no lo tomes a la ligera, todas las cuestiones [&hellip;]\" \/>\n<meta property=\"og:url\" content=\"https:\/\/manualdetecnicafotografica.com\/blog\/debes-saber-al-iniciarte-fotografia\/\" \/>\n<meta property=\"og:site_name\" content=\"Iniciaci\u00f3n a la Fotograf\u00eda\" \/>\n<meta property=\"article:published_time\" content=\"2016-04-20T17:57:16+00:00\" \/>\n<meta property=\"article:modified_time\" content=\"2016-04-27T13:51:31+00:00\" \/>\n<meta property=\"og:image\" content=\"https:\/\/manualdetecnicafotografica.com\/blog\/wp-content\/uploads\/2016\/04\/frustrado-fotografo.jpg\" \/>\n\t<meta property=\"og:image:width\" content=\"509\" \/>\n\t<meta property=\"og:image:height\" content=\"319\" \/>\n\t<meta property=\"og:image:type\" content=\"image\/jpeg\" \/>\n<meta name=\"author\" content=\"Juan Ignacio Torres\" \/>\n<meta name=\"twitter:card\" content=\"summary_large_image\" \/>\n<meta name=\"twitter:label1\" content=\"Escrito por\" \/>\n\t<meta name=\"twitter:data1\" content=\"Juan Ignacio Torres\" \/>\n\t<meta name=\"twitter:label2\" content=\"Tiempo de lectura\" \/>\n\t<meta name=\"twitter:data2\" content=\"3 minutos\" \/>\n<script type=\"application\/ld+json\" class=\"yoast-schema-graph\">{\"@context\":\"https:\\\/\\\/schema.org\",\"@graph\":[{\"@type\":\"Article\",\"@id\":\"https:\\\/\\\/manualdetecnicafotografica.com\\\/blog\\\/debes-saber-al-iniciarte-fotografia\\\/#article\",\"isPartOf\":{\"@id\":\"https:\\\/\\\/manualdetecnicafotografica.com\\\/blog\\\/debes-saber-al-iniciarte-fotografia\\\/\"},\"author\":{\"name\":\"Juan Ignacio Torres\",\"@id\":\"https:\\\/\\\/manualdetecnicafotografica.com\\\/blog\\\/#\\\/schema\\\/person\\\/cddd7c18226cc18838d48a720af4a08e\"},\"headline\":\"Esto debes saber al iniciarte en fotograf\u00eda\",\"datePublished\":\"2016-04-20T17:57:16+00:00\",\"dateModified\":\"2016-04-27T13:51:31+00:00\",\"mainEntityOfPage\":{\"@id\":\"https:\\\/\\\/manualdetecnicafotografica.com\\\/blog\\\/debes-saber-al-iniciarte-fotografia\\\/\"},\"wordCount\":618,\"commentCount\":2,\"image\":{\"@id\":\"https:\\\/\\\/manualdetecnicafotografica.com\\\/blog\\\/debes-saber-al-iniciarte-fotografia\\\/#primaryimage\"},\"thumbnailUrl\":\"https:\\\/\\\/manualdetecnicafotografica.com\\\/blog\\\/wp-content\\\/uploads\\\/2016\\\/04\\\/frustrado-fotografo.jpg\",\"keywords\":[\"\u00bfPor D\u00f3nde Empiezo?\",\"aprender fotografia\",\"comenzar\",\"fotografia reflex para principiantes\",\"primeros pasos en fotografia\",\"tus primeros pasos en fotograf\u00eda r\u00e9flex\"],\"articleSection\":[\"Iniciaci\u00f3n - Nivel Principiante\"],\"inLanguage\":\"es\",\"potentialAction\":[{\"@type\":\"CommentAction\",\"name\":\"Comment\",\"target\":[\"https:\\\/\\\/manualdetecnicafotografica.com\\\/blog\\\/debes-saber-al-iniciarte-fotografia\\\/#respond\"]}]},{\"@type\":\"WebPage\",\"@id\":\"https:\\\/\\\/manualdetecnicafotografica.com\\\/blog\\\/debes-saber-al-iniciarte-fotografia\\\/\",\"url\":\"https:\\\/\\\/manualdetecnicafotografica.com\\\/blog\\\/debes-saber-al-iniciarte-fotografia\\\/\",\"name\":\"Esto debes saber al iniciarte en fotograf\u00eda - Iniciaci\u00f3n a la Fotograf\u00eda\",\"isPartOf\":{\"@id\":\"https:\\\/\\\/manualdetecnicafotografica.com\\\/blog\\\/#website\"},\"primaryImageOfPage\":{\"@id\":\"https:\\\/\\\/manualdetecnicafotografica.com\\\/blog\\\/debes-saber-al-iniciarte-fotografia\\\/#primaryimage\"},\"image\":{\"@id\":\"https:\\\/\\\/manualdetecnicafotografica.com\\\/blog\\\/debes-saber-al-iniciarte-fotografia\\\/#primaryimage\"},\"thumbnailUrl\":\"https:\\\/\\\/manualdetecnicafotografica.com\\\/blog\\\/wp-content\\\/uploads\\\/2016\\\/04\\\/frustrado-fotografo.jpg\",\"datePublished\":\"2016-04-20T17:57:16+00:00\",\"dateModified\":\"2016-04-27T13:51:31+00:00\",\"author\":{\"@id\":\"https:\\\/\\\/manualdetecnicafotografica.com\\\/blog\\\/#\\\/schema\\\/person\\\/cddd7c18226cc18838d48a720af4a08e\"},\"breadcrumb\":{\"@id\":\"https:\\\/\\\/manualdetecnicafotografica.com\\\/blog\\\/debes-saber-al-iniciarte-fotografia\\\/#breadcrumb\"},\"inLanguage\":\"es\",\"potentialAction\":[{\"@type\":\"ReadAction\",\"target\":[\"https:\\\/\\\/manualdetecnicafotografica.com\\\/blog\\\/debes-saber-al-iniciarte-fotografia\\\/\"]}]},{\"@type\":\"ImageObject\",\"inLanguage\":\"es\",\"@id\":\"https:\\\/\\\/manualdetecnicafotografica.com\\\/blog\\\/debes-saber-al-iniciarte-fotografia\\\/#primaryimage\",\"url\":\"https:\\\/\\\/manualdetecnicafotografica.com\\\/blog\\\/wp-content\\\/uploads\\\/2016\\\/04\\\/frustrado-fotografo.jpg\",\"contentUrl\":\"https:\\\/\\\/manualdetecnicafotografica.com\\\/blog\\\/wp-content\\\/uploads\\\/2016\\\/04\\\/frustrado-fotografo.jpg\",\"width\":509,\"height\":319},{\"@type\":\"BreadcrumbList\",\"@id\":\"https:\\\/\\\/manualdetecnicafotografica.com\\\/blog\\\/debes-saber-al-iniciarte-fotografia\\\/#breadcrumb\",\"itemListElement\":[{\"@type\":\"ListItem\",\"position\":1,\"name\":\"Portada\",\"item\":\"https:\\\/\\\/manualdetecnicafotografica.com\\\/blog\\\/\"},{\"@type\":\"ListItem\",\"position\":2,\"name\":\"Esto debes saber al iniciarte en fotograf\u00eda\"}]},{\"@type\":\"WebSite\",\"@id\":\"https:\\\/\\\/manualdetecnicafotografica.com\\\/blog\\\/#website\",\"url\":\"https:\\\/\\\/manualdetecnicafotografica.com\\\/blog\\\/\",\"name\":\"Iniciaci\u00f3n a la Fotograf\u00eda\",\"description\":\"Blog de Juan Ignacio Torres\",\"potentialAction\":[{\"@type\":\"SearchAction\",\"target\":{\"@type\":\"EntryPoint\",\"urlTemplate\":\"https:\\\/\\\/manualdetecnicafotografica.com\\\/blog\\\/?s={search_term_string}\"},\"query-input\":{\"@type\":\"PropertyValueSpecification\",\"valueRequired\":true,\"valueName\":\"search_term_string\"}}],\"inLanguage\":\"es\"},{\"@type\":\"Person\",\"@id\":\"https:\\\/\\\/manualdetecnicafotografica.com\\\/blog\\\/#\\\/schema\\\/person\\\/cddd7c18226cc18838d48a720af4a08e\",\"name\":\"Juan Ignacio Torres\",\"image\":{\"@type\":\"ImageObject\",\"inLanguage\":\"es\",\"@id\":\"https:\\\/\\\/secure.gravatar.com\\\/avatar\\\/7556f0bc1c2915ae95a133ed9b370055801457decc58c028c14cfb975acd7528?s=96&d=wavatar&r=g\",\"url\":\"https:\\\/\\\/secure.gravatar.com\\\/avatar\\\/7556f0bc1c2915ae95a133ed9b370055801457decc58c028c14cfb975acd7528?s=96&d=wavatar&r=g\",\"contentUrl\":\"https:\\\/\\\/secure.gravatar.com\\\/avatar\\\/7556f0bc1c2915ae95a133ed9b370055801457decc58c028c14cfb975acd7528?s=96&d=wavatar&r=g\",\"caption\":\"Juan Ignacio Torres\"},\"url\":\"https:\\\/\\\/manualdetecnicafotografica.com\\\/blog\\\/author\\\/jitblog77\\\/\"}]}<\/script>\n<!-- \/ Yoast SEO plugin. -->","yoast_head_json":{"title":"Esto debes saber al iniciarte en fotograf\u00eda - Iniciaci\u00f3n a la Fotograf\u00eda","robots":{"index":"index","follow":"follow","max-snippet":"max-snippet:-1","max-image-preview":"max-image-preview:large","max-video-preview":"max-video-preview:-1"},"canonical":"https:\/\/manualdetecnicafotografica.com\/blog\/debes-saber-al-iniciarte-fotografia\/","og_locale":"es_ES","og_type":"article","og_title":"Esto debes saber al iniciarte en fotograf\u00eda - Iniciaci\u00f3n a la Fotograf\u00eda","og_description":"A este preciso momento en el cual te encuentras al comienzo del camino, te recomiendo\u00a0leer el libro \u00abAntes de Aprender Fotograf\u00eda\u00bb. Este breve libro te dar\u00e1 una noci\u00f3n m\u00e1s amplia sobre c\u00f3mo afrontar tu iniciaci\u00f3n fotogr\u00e1fica\u00a0y aprender\u00e1s\u00a0lo que la mayor\u00eda ignora al comenzar en fotograf\u00eda. Y no lo tomes a la ligera, todas las cuestiones [&hellip;]","og_url":"https:\/\/manualdetecnicafotografica.com\/blog\/debes-saber-al-iniciarte-fotografia\/","og_site_name":"Iniciaci\u00f3n a la Fotograf\u00eda","article_published_time":"2016-04-20T17:57:16+00:00","article_modified_time":"2016-04-27T13:51:31+00:00","og_image":[{"width":509,"height":319,"url":"https:\/\/manualdetecnicafotografica.com\/blog\/wp-content\/uploads\/2016\/04\/frustrado-fotografo.jpg","type":"image\/jpeg"}],"author":"Juan Ignacio Torres","twitter_card":"summary_large_image","twitter_misc":{"Escrito por":"Juan Ignacio Torres","Tiempo de lectura":"3 minutos"},"schema":{"@context":"https:\/\/schema.org","@graph":[{"@type":"Article","@id":"https:\/\/manualdetecnicafotografica.com\/blog\/debes-saber-al-iniciarte-fotografia\/#article","isPartOf":{"@id":"https:\/\/manualdetecnicafotografica.com\/blog\/debes-saber-al-iniciarte-fotografia\/"},"author":{"name":"Juan Ignacio Torres","@id":"https:\/\/manualdetecnicafotografica.com\/blog\/#\/schema\/person\/cddd7c18226cc18838d48a720af4a08e"},"headline":"Esto debes saber al iniciarte en fotograf\u00eda","datePublished":"2016-04-20T17:57:16+00:00","dateModified":"2016-04-27T13:51:31+00:00","mainEntityOfPage":{"@id":"https:\/\/manualdetecnicafotografica.com\/blog\/debes-saber-al-iniciarte-fotografia\/"},"wordCount":618,"commentCount":2,"image":{"@id":"https:\/\/manualdetecnicafotografica.com\/blog\/debes-saber-al-iniciarte-fotografia\/#primaryimage"},"thumbnailUrl":"https:\/\/manualdetecnicafotografica.com\/blog\/wp-content\/uploads\/2016\/04\/frustrado-fotografo.jpg","keywords":["\u00bfPor D\u00f3nde Empiezo?","aprender fotografia","comenzar","fotografia reflex para principiantes","primeros pasos en fotografia","tus primeros pasos en fotograf\u00eda r\u00e9flex"],"articleSection":["Iniciaci\u00f3n - Nivel Principiante"],"inLanguage":"es","potentialAction":[{"@type":"CommentAction","name":"Comment","target":["https:\/\/manualdetecnicafotografica.com\/blog\/debes-saber-al-iniciarte-fotografia\/#respond"]}]},{"@type":"WebPage","@id":"https:\/\/manualdetecnicafotografica.com\/blog\/debes-saber-al-iniciarte-fotografia\/","url":"https:\/\/manualdetecnicafotografica.com\/blog\/debes-saber-al-iniciarte-fotografia\/","name":"Esto debes saber al iniciarte en fotograf\u00eda - Iniciaci\u00f3n a la Fotograf\u00eda","isPartOf":{"@id":"https:\/\/manualdetecnicafotografica.com\/blog\/#website"},"primaryImageOfPage":{"@id":"https:\/\/manualdetecnicafotografica.com\/blog\/debes-saber-al-iniciarte-fotografia\/#primaryimage"},"image":{"@id":"https:\/\/manualdetecnicafotografica.com\/blog\/debes-saber-al-iniciarte-fotografia\/#primaryimage"},"thumbnailUrl":"https:\/\/manualdetecnicafotografica.com\/blog\/wp-content\/uploads\/2016\/04\/frustrado-fotografo.jpg","datePublished":"2016-04-20T17:57:16+00:00","dateModified":"2016-04-27T13:51:31+00:00","author":{"@id":"https:\/\/manualdetecnicafotografica.com\/blog\/#\/schema\/person\/cddd7c18226cc18838d48a720af4a08e"},"breadcrumb":{"@id":"https:\/\/manualdetecnicafotografica.com\/blog\/debes-saber-al-iniciarte-fotografia\/#breadcrumb"},"inLanguage":"es","potentialAction":[{"@type":"ReadAction","target":["https:\/\/manualdetecnicafotografica.com\/blog\/debes-saber-al-iniciarte-fotografia\/"]}]},{"@type":"ImageObject","inLanguage":"es","@id":"https:\/\/manualdetecnicafotografica.com\/blog\/debes-saber-al-iniciarte-fotografia\/#primaryimage","url":"https:\/\/manualdetecnicafotografica.com\/blog\/wp-content\/uploads\/2016\/04\/frustrado-fotografo.jpg","contentUrl":"https:\/\/manualdetecnicafotografica.com\/blog\/wp-content\/uploads\/2016\/04\/frustrado-fotografo.jpg","width":509,"height":319},{"@type":"BreadcrumbList","@id":"https:\/\/manualdetecnicafotografica.com\/blog\/debes-saber-al-iniciarte-fotografia\/#breadcrumb","itemListElement":[{"@type":"ListItem","position":1,"name":"Portada","item":"https:\/\/manualdetecnicafotografica.com\/blog\/"},{"@type":"ListItem","position":2,"name":"Esto debes saber al iniciarte en fotograf\u00eda"}]},{"@type":"WebSite","@id":"https:\/\/manualdetecnicafotografica.com\/blog\/#website","url":"https:\/\/manualdetecnicafotografica.com\/blog\/","name":"Iniciaci\u00f3n a la Fotograf\u00eda","description":"Blog de Juan Ignacio Torres","potentialAction":[{"@type":"SearchAction","target":{"@type":"EntryPoint","urlTemplate":"https:\/\/manualdetecnicafotografica.com\/blog\/?s={search_term_string}"},"query-input":{"@type":"PropertyValueSpecification","valueRequired":true,"valueName":"search_term_string"}}],"inLanguage":"es"},{"@type":"Person","@id":"https:\/\/manualdetecnicafotografica.com\/blog\/#\/schema\/person\/cddd7c18226cc18838d48a720af4a08e","name":"Juan Ignacio Torres","image":{"@type":"ImageObject","inLanguage":"es","@id":"https:\/\/secure.gravatar.com\/avatar\/7556f0bc1c2915ae95a133ed9b370055801457decc58c028c14cfb975acd7528?s=96&d=wavatar&r=g","url":"https:\/\/secure.gravatar.com\/avatar\/7556f0bc1c2915ae95a133ed9b370055801457decc58c028c14cfb975acd7528?s=96&d=wavatar&r=g","contentUrl":"https:\/\/secure.gravatar.com\/avatar\/7556f0bc1c2915ae95a133ed9b370055801457decc58c028c14cfb975acd7528?s=96&d=wavatar&r=g","caption":"Juan Ignacio Torres"},"url":"https:\/\/manualdetecnicafotografica.com\/blog\/author\/jitblog77\/"}]}},"_links":{"self":[{"href":"https:\/\/manualdetecnicafotografica.com\/blog\/wp-json\/wp\/v2\/posts\/8","targetHints":{"allow":["GET"]}}],"collection":[{"href":"https:\/\/manualdetecnicafotografica.com\/blog\/wp-json\/wp\/v2\/posts"}],"about":[{"href":"https:\/\/manualdetecnicafotografica.com\/blog\/wp-json\/wp\/v2\/types\/post"}],"author":[{"embeddable":true,"href":"https:\/\/manualdetecnicafotografica.com\/blog\/wp-json\/wp\/v2\/users\/1"}],"replies":[{"embeddable":true,"href":"https:\/\/manualdetecnicafotografica.com\/blog\/wp-json\/wp\/v2\/comments?post=8"}],"version-history":[{"count":5,"href":"https:\/\/manualdetecnicafotografica.com\/blog\/wp-json\/wp\/v2\/posts\/8\/revisions"}],"predecessor-version":[{"id":175,"href":"https:\/\/manualdetecnicafotografica.com\/blog\/wp-json\/wp\/v2\/posts\/8\/revisions\/175"}],"wp:featuredmedia":[{"embeddable":true,"href":"https:\/\/manualdetecnicafotografica.com\/blog\/wp-json\/wp\/v2\/media\/10"}],"wp:attachment":[{"href":"https:\/\/manualdetecnicafotografica.com\/blog\/wp-json\/wp\/v2\/media?parent=8"}],"wp:term":[{"taxonomy":"category","embeddable":true,"href":"https:\/\/manualdetecnicafotografica.com\/blog\/wp-json\/wp\/v2\/categories?post=8"},{"taxonomy":"post_tag","embeddable":true,"href":"https:\/\/manualdetecnicafotografica.com\/blog\/wp-json\/wp\/v2\/tags?post=8"}],"curies":[{"name":"wp","href":"https:\/\/api.w.org\/{rel}","templated":true}]}}