{"id":667,"date":"2017-04-30T15:23:46","date_gmt":"2017-04-30T15:23:46","guid":{"rendered":"http:\/\/manualdetecnicafotografica.com\/blog\/?p=667"},"modified":"2017-04-30T15:23:46","modified_gmt":"2017-04-30T15:23:46","slug":"momento-magico-fotografia-hora-dorada","status":"publish","type":"post","link":"https:\/\/manualdetecnicafotografica.com\/blog\/momento-magico-fotografia-hora-dorada\/","title":{"rendered":"Un momento m\u00e1gico para la fotograf\u00eda: La Hora Dorada"},"content":{"rendered":"<p><strong>La hora dorada es mi momento favorito para fotografiar.<\/strong> La luz c\u00e1lida y baja es\u00a0inmejorable y hace que\u00a0todas las fotos luzcan m\u00e1s interesantes. Esta hora del d\u00eda funciona muy bien para hacer fotograf\u00eda de retratos y paisajes, pero claro, podemos fotografiar cualquier cosa y ser\u00e1 igual de provechoso.<\/p>\n<h1>\u00bfQu\u00e9 es la hora dorada?<\/h1>\n<p>La \u201chora dorada\u201d es el momento del d\u00eda cuando el sol se encuentra bien cercano al horizonte. M\u00e1s espec\u00edficamente antes de ocultarse en el atardecer y despu\u00e9s de asomarse en el\u00a0amanecer. Es un momento especial porque la luz proveniente del sol adquiere una tonalidad c\u00e1lida que repercute\u00a0tanto en el cielo como en la tierra y crea colores interesantes, alto contraste y texturas sobresalientes.<\/p>\n<figure id=\"attachment_687\" aria-describedby=\"caption-attachment-687\" style=\"width: 640px\" class=\"wp-caption alignnone\"><img loading=\"lazy\" decoding=\"async\" class=\"wp-image-687 size-full\" src=\"https:\/\/manualdetecnicafotografica.com\/blog\/wp-content\/uploads\/2017\/04\/hora-dorada.jpg\" alt=\"paisaje y cielo t\u00edpico de la hora dorada\" width=\"640\" height=\"426\" srcset=\"https:\/\/manualdetecnicafotografica.com\/blog\/wp-content\/uploads\/2017\/04\/hora-dorada.jpg 640w, https:\/\/manualdetecnicafotografica.com\/blog\/wp-content\/uploads\/2017\/04\/hora-dorada-300x200.jpg 300w\" sizes=\"auto, (max-width: 640px) 100vw, 640px\" \/><figcaption id=\"caption-attachment-687\" class=\"wp-caption-text\">Paisaje al atardecer. 18.0mm, f\/13.0, 10\/2000s, ISO 100<\/figcaption><\/figure>\n<p>Esto sucede porque cuando el sol se sit\u00faa bien bajo, cercano al horizonte, sus rayos deben cruzar una capa de atm\u00f3sfera m\u00e1s gruesa, por lo tanto su intensidad disminuye y mientras los rayos de tonos azules se dispersan, los tonos rojizos y anaranjados se adue\u00f1an de la escena.<\/p>\n<figure id=\"attachment_668\" aria-describedby=\"caption-attachment-668\" style=\"width: 640px\" class=\"wp-caption alignnone\"><img loading=\"lazy\" decoding=\"async\" class=\"wp-image-668 size-full\" src=\"https:\/\/manualdetecnicafotografica.com\/blog\/wp-content\/uploads\/2017\/04\/Hora-Dorada-Fotografia-Ejemplo-7.jpeg\" alt=\"Contraluz en la hora dorada\" width=\"640\" height=\"426\" srcset=\"https:\/\/manualdetecnicafotografica.com\/blog\/wp-content\/uploads\/2017\/04\/Hora-Dorada-Fotografia-Ejemplo-7.jpeg 640w, https:\/\/manualdetecnicafotografica.com\/blog\/wp-content\/uploads\/2017\/04\/Hora-Dorada-Fotografia-Ejemplo-7-300x200.jpeg 300w\" sizes=\"auto, (max-width: 640px) 100vw, 640px\" \/><figcaption id=\"caption-attachment-668\" class=\"wp-caption-text\">Fotograf\u00eda en contraluz en la hora dorada. 180.0 mm, f\/7.1, 1\/500s<\/figcaption><\/figure>\n<p>Cuando hablamos de <em>\u00abHora Dorada\u00bb<\/em> no significa que \u00e9sta dura necesariamente una hora. Puede durar m\u00e1s o menos, dependiendo que tan cerca del ecuador te encuentras. Si est\u00e1s lejos del ecuador este momento dorado tendr\u00e1 una duraci\u00f3n m\u00e1s prolongada, y si est\u00e1s justo sobre el ecuador ser\u00e1 m\u00e1s corto.<\/p>\n<p>No obstante, si has salido a hacer fotos en la hora dorada, seguro se te pasar\u00e1 el tiempo m\u00e1s\u00a0r\u00e1pido de lo que te imaginas as\u00ed que debes aprovecharlo lo m\u00e1s que puedas (para aprender a tomar fotos en d\u00edas soleados al mediod\u00eda <a href=\"https:\/\/manualdetecnicafotografica.com\/blog\/fotografiando-en-dias-soleados\/\" target=\"_blank\" rel=\"noopener noreferrer\">oprime aqu\u00ed<\/a>).<\/p>\n<figure id=\"attachment_677\" aria-describedby=\"caption-attachment-677\" style=\"width: 640px\" class=\"wp-caption alignnone\"><img loading=\"lazy\" decoding=\"async\" class=\"wp-image-677 size-full\" src=\"https:\/\/manualdetecnicafotografica.com\/blog\/wp-content\/uploads\/2017\/04\/Hora-Dorada-Fotografia-Ejemplo-10.jpeg\" alt=\"Retrato fotogr\u00e1fico en hora dorada\" width=\"640\" height=\"426\" srcset=\"https:\/\/manualdetecnicafotografica.com\/blog\/wp-content\/uploads\/2017\/04\/Hora-Dorada-Fotografia-Ejemplo-10.jpeg 640w, https:\/\/manualdetecnicafotografica.com\/blog\/wp-content\/uploads\/2017\/04\/Hora-Dorada-Fotografia-Ejemplo-10-300x200.jpeg 300w\" sizes=\"auto, (max-width: 640px) 100vw, 640px\" \/><figcaption id=\"caption-attachment-677\" class=\"wp-caption-text\">Colocando el sol detr\u00e1s del sujeto en un retrato. 85.0 mm, f\/2.8, 1\/250s, ISO 100<\/figcaption><\/figure>\n<p>Pero antes de comenzar a disparar es importante que revises tu configuraci\u00f3n de Balance de Blancos.\u00a0Si lo tienes en autom\u00e1tico lo m\u00e1s probable es que la c\u00e1mara corrija la tonalidad y elimine los tonos c\u00e1lidos, con lo cual terminar\u00e1s con fotos ordinarias que desprecian la tonalidad tan especial de la luz en este\u00a0momento del d\u00eda.<\/p>\n<p>C<em>onfigura el Balance de Blancos en modo Sombra o Nublado.<\/em> Estos modos mantienen y realzan las tonalidades c\u00e1lidas. Realiza un par de fotos con estos modos y escoge el que mejor se adapte a lo que quieres.<\/p>\n<h2>Fotograf\u00eda de\u00a0Retratos en la Hora Dorada<\/h2>\n<p>Para los retratos, lo ideal es posicionar al sujeto de manera tal que el sol brille directamente en su rostro.\u00a0La luz es tan suave que no suele haber muchas complicaciones aqu\u00ed m\u00e1s que las sombras.<\/p>\n<figure id=\"attachment_675\" aria-describedby=\"caption-attachment-675\" style=\"width: 640px\" class=\"wp-caption alignnone\"><img loading=\"lazy\" decoding=\"async\" class=\"wp-image-675 size-full\" src=\"https:\/\/manualdetecnicafotografica.com\/blog\/wp-content\/uploads\/2017\/04\/Hora-Dorada-Fotografia-Ejemplo-8.jpeg\" alt=\"El sol suave del amanecer en un retrato\" width=\"640\" height=\"426\" srcset=\"https:\/\/manualdetecnicafotografica.com\/blog\/wp-content\/uploads\/2017\/04\/Hora-Dorada-Fotografia-Ejemplo-8.jpeg 640w, https:\/\/manualdetecnicafotografica.com\/blog\/wp-content\/uploads\/2017\/04\/Hora-Dorada-Fotografia-Ejemplo-8-300x200.jpeg 300w\" sizes=\"auto, (max-width: 640px) 100vw, 640px\" \/><figcaption id=\"caption-attachment-675\" class=\"wp-caption-text\">Retrato con luz c\u00e1lida directa. 85.0 mm, f\/2.8, 1\/250 s, ISO 100<\/figcaption><\/figure>\n<p>Pero claro, no hay una sola manera de sacar el m\u00e1ximo partido en retratos en el momento dorado&#8230;<\/p>\n<p>Pide a la persona que gire levemente en cualquier direcci\u00f3n para ver c\u00f3mo se forman las sombras en su rostro. Mu\u00e9vete t\u00fa mismo y observa c\u00f3mo el \u00e1ngulo de disparo cambia la escena en su conjunto.<\/p>\n<figure id=\"attachment_683\" aria-describedby=\"caption-attachment-683\" style=\"width: 640px\" class=\"wp-caption alignnone\"><img loading=\"lazy\" decoding=\"async\" class=\"wp-image-683 size-full\" src=\"https:\/\/manualdetecnicafotografica.com\/blog\/wp-content\/uploads\/2017\/04\/Hora-Dorada-Fotografia-Ejemplo-16.jpeg\" alt=\"\" width=\"640\" height=\"490\" srcset=\"https:\/\/manualdetecnicafotografica.com\/blog\/wp-content\/uploads\/2017\/04\/Hora-Dorada-Fotografia-Ejemplo-16.jpeg 640w, https:\/\/manualdetecnicafotografica.com\/blog\/wp-content\/uploads\/2017\/04\/Hora-Dorada-Fotografia-Ejemplo-16-300x230.jpeg 300w, https:\/\/manualdetecnicafotografica.com\/blog\/wp-content\/uploads\/2017\/04\/Hora-Dorada-Fotografia-Ejemplo-16-225x172.jpeg 225w\" sizes=\"auto, (max-width: 640px) 100vw, 640px\" \/><figcaption id=\"caption-attachment-683\" class=\"wp-caption-text\">Retrato con luz c\u00e1lida lateral, hora dorada. \u00c1ngulo picado. 50.0 mm, f\/4.0, 1\/160 s, ISO 100<\/figcaption><\/figure>\n<p>Al hacer una sesi\u00f3n\u00a0de retratos lo correcto es que ya tengas un plan previo de fotos. Esto incluye considerar el lugar, el prop\u00f3sito de las fotos, las poses, la vestimenta del modelo, la hora del d\u00eda y clima, tus accesorios, y el tiempo de que dispones principalmente. Luego sobre la marcha puedes improvisar, y desde una\u00a0posici\u00f3n inicial disparar desde m\u00faltiples \u00e1ngulos hasta encontrar composiciones interesantes.<\/p>\n<p>Otro tipo de retrato es aquel que disparas a contraluz. En este caso posicionas al\u00a0sujeto para que el sol est\u00e9 a su espalda.<\/p>\n<figure id=\"attachment_678\" aria-describedby=\"caption-attachment-678\" style=\"width: 640px\" class=\"wp-caption alignnone\"><img loading=\"lazy\" decoding=\"async\" class=\"wp-image-678 size-full\" src=\"https:\/\/manualdetecnicafotografica.com\/blog\/wp-content\/uploads\/2017\/04\/Hora-Dorada-Fotografia-Ejemplo-11.jpeg\" alt=\"\" width=\"640\" height=\"426\" srcset=\"https:\/\/manualdetecnicafotografica.com\/blog\/wp-content\/uploads\/2017\/04\/Hora-Dorada-Fotografia-Ejemplo-11.jpeg 640w, https:\/\/manualdetecnicafotografica.com\/blog\/wp-content\/uploads\/2017\/04\/Hora-Dorada-Fotografia-Ejemplo-11-300x200.jpeg 300w\" sizes=\"auto, (max-width: 640px) 100vw, 640px\" \/><figcaption id=\"caption-attachment-678\" class=\"wp-caption-text\">Retrato a contraluz. 50.0 mm, f\/3.2, 1\/200 s, ISO 100<\/figcaption><\/figure>\n<p>En este caso, puedes usar un reflector para rebotar la luz en direcci\u00f3n al rostro y cuerpo del modelo. Preferiblemente utiliza el lado blanco del reflector ya que la luz es c\u00e1lida.<\/p>\n<p>El efecto que se logra es similar a tener dos luces, una luz que viene desde atr\u00e1s\u00a0(la luz directa del sol), y otra luz para el rostro (luz rebotada en el reflector que rellena el rostro de la modelo).<\/p>\n<figure id=\"attachment_676\" aria-describedby=\"caption-attachment-676\" style=\"width: 640px\" class=\"wp-caption alignnone\"><img loading=\"lazy\" decoding=\"async\" class=\"wp-image-676 size-full\" src=\"https:\/\/manualdetecnicafotografica.com\/blog\/wp-content\/uploads\/2017\/04\/Hora-Dorada-Fotografia-Ejemplo-9.jpeg\" alt=\"\" width=\"640\" height=\"426\" srcset=\"https:\/\/manualdetecnicafotografica.com\/blog\/wp-content\/uploads\/2017\/04\/Hora-Dorada-Fotografia-Ejemplo-9.jpeg 640w, https:\/\/manualdetecnicafotografica.com\/blog\/wp-content\/uploads\/2017\/04\/Hora-Dorada-Fotografia-Ejemplo-9-300x200.jpeg 300w\" sizes=\"auto, (max-width: 640px) 100vw, 640px\" \/><figcaption id=\"caption-attachment-676\" class=\"wp-caption-text\">Colocando el sol detr\u00e1s del sujeto en un retrato y utilizando reflector para luz de relleno. 50.0 mm, f\/1.8, 1\/320 s, ISO 100<\/figcaption><\/figure>\n<p>Comienza en una posici\u00f3n fija y previamente planeada, luego puedes experimentar con diferentes posiciones. Mu\u00e9vete alrededor del modelo, y procura que \u00e9l gire tambi\u00e9n colocando el sol en diversos \u00e1ngulos. Haz lo mismo con el reflector para ver c\u00f3mo impacta y cambia la iluminaci\u00f3n del modelo.<\/p>\n<figure id=\"attachment_682\" aria-describedby=\"caption-attachment-682\" style=\"width: 640px\" class=\"wp-caption alignnone\"><img loading=\"lazy\" decoding=\"async\" class=\"wp-image-682 size-full\" src=\"https:\/\/manualdetecnicafotografica.com\/blog\/wp-content\/uploads\/2017\/04\/Hora-Dorada-Fotografia-Ejemplo-15.jpeg\" alt=\"\" width=\"640\" height=\"426\" srcset=\"https:\/\/manualdetecnicafotografica.com\/blog\/wp-content\/uploads\/2017\/04\/Hora-Dorada-Fotografia-Ejemplo-15.jpeg 640w, https:\/\/manualdetecnicafotografica.com\/blog\/wp-content\/uploads\/2017\/04\/Hora-Dorada-Fotografia-Ejemplo-15-300x200.jpeg 300w\" sizes=\"auto, (max-width: 640px) 100vw, 640px\" \/><figcaption id=\"caption-attachment-682\" class=\"wp-caption-text\">Predominancia del cabello a contraluz. 50.0 mm, f\/2.8, 1\/2500 s, ISO 100<\/figcaption><\/figure>\n<p>La luz \u00a0viene de un \u00e1ngulo tan bajo que incluso se puede colocar el reflector por encima de la cabeza del sujeto, y as\u00ed obtener sombras desde la nariz y otros rasgos faciales para impregnar de car\u00e1cter al retrato.<\/p>\n<h2>Fotograf\u00eda de Paisajes\u00a0en la Hora Dorada<\/h2>\n<p>La hora dorada tambi\u00e9n es perfecta para fotografiar paisajes debido a que la luz rasante crea profundidad, largas sombras y define las texturas del lugar.<\/p>\n<p><img loading=\"lazy\" decoding=\"async\" class=\"alignnone size-full wp-image-671\" src=\"https:\/\/manualdetecnicafotografica.com\/blog\/wp-content\/uploads\/2017\/04\/Hora-Dorada-Fotografia-Ejemplo-3.jpg\" alt=\"\" width=\"640\" height=\"429\" srcset=\"https:\/\/manualdetecnicafotografica.com\/blog\/wp-content\/uploads\/2017\/04\/Hora-Dorada-Fotografia-Ejemplo-3.jpg 640w, https:\/\/manualdetecnicafotografica.com\/blog\/wp-content\/uploads\/2017\/04\/Hora-Dorada-Fotografia-Ejemplo-3-300x200.jpg 300w\" sizes=\"auto, (max-width: 640px) 100vw, 640px\" \/><\/p>\n<p>Antes de emprender tu jornada fotogr\u00e1fica <em>te recomiendo llevar el tr\u00edpode.<\/em> No\u00a0olvides que el tr\u00edpode es fundamental para este tipo de fotograf\u00eda, y si con \u00e9l incluyes un disparador remoto mucho mejor (<a href=\"https:\/\/manualdetecnicafotografica.com\/blog\/tus-tomas-se-ven-borrosas\/\" target=\"_blank\" rel=\"noopener noreferrer\">m\u00e1s sobre evitar fotos borrosas aqu\u00ed<\/a>).<\/p>\n<p>Para obtener hermosos paisajes en la hora dorada hay que intentar colocar el sol a un lado de la c\u00e1mara, y evitar el sol de frente. Esto permite que la luz descienda y cruce el paisaje creando sombras que generan contrastes en la superficie y crean mayor detalle en las hierbas o los \u00e1rboles.<\/p>\n<figure id=\"attachment_680\" aria-describedby=\"caption-attachment-680\" style=\"width: 640px\" class=\"wp-caption alignnone\"><img loading=\"lazy\" decoding=\"async\" class=\"wp-image-680 size-full\" src=\"https:\/\/manualdetecnicafotografica.com\/blog\/wp-content\/uploads\/2017\/04\/Hora-Dorada-Fotografia-Ejemplo-13.jpeg\" alt=\"\" width=\"640\" height=\"426\" srcset=\"https:\/\/manualdetecnicafotografica.com\/blog\/wp-content\/uploads\/2017\/04\/Hora-Dorada-Fotografia-Ejemplo-13.jpeg 640w, https:\/\/manualdetecnicafotografica.com\/blog\/wp-content\/uploads\/2017\/04\/Hora-Dorada-Fotografia-Ejemplo-13-300x200.jpeg 300w\" sizes=\"auto, (max-width: 640px) 100vw, 640px\" \/><figcaption id=\"caption-attachment-680\" class=\"wp-caption-text\">Paisaje tomado en la hora dorada que aprovecha la luz rasante, baja del sol para acentuar el relieve de la orograf\u00eda. 50.0 mm, f\/6.3, 1\/250 s, ISO 100<\/figcaption><\/figure>\n<p>Sin embargo, colocar el sol a un lado del cuadro no es la \u00fanica opci\u00f3n. Comienza a girar y cambia el \u00e1ngulo para obtener otras composiciones. Como la de abajo, que coloca al sol casi de frente tapado por los \u00e1rboles y genera hermosas sobras y alto contraste.<\/p>\n<figure id=\"attachment_686\" aria-describedby=\"caption-attachment-686\" style=\"width: 640px\" class=\"wp-caption alignnone\"><img loading=\"lazy\" decoding=\"async\" class=\"wp-image-686 size-full\" src=\"https:\/\/manualdetecnicafotografica.com\/blog\/wp-content\/uploads\/2017\/04\/Hora-Dorada-Fotografia-Ejemplo-2.jpeg\" alt=\"\" width=\"640\" height=\"425\" srcset=\"https:\/\/manualdetecnicafotografica.com\/blog\/wp-content\/uploads\/2017\/04\/Hora-Dorada-Fotografia-Ejemplo-2.jpeg 640w, https:\/\/manualdetecnicafotografica.com\/blog\/wp-content\/uploads\/2017\/04\/Hora-Dorada-Fotografia-Ejemplo-2-300x200.jpeg 300w\" sizes=\"auto, (max-width: 640px) 100vw, 640px\" \/><figcaption id=\"caption-attachment-686\" class=\"wp-caption-text\">Acentuando contraste. 16.0 mm, f\/16.0, 1\/80 s, ISO 200<\/figcaption><\/figure>\n<p>Hay fotos que siguen capturando la atenci\u00f3n de la gente sin importar cuantas veces las hayan visto. Uno nunca se cansa de ver las fotograf\u00edas del cielo. Los cielos de los paisajes capturados durante la hora dorada son especiales e imponentes. Tienen m\u00e1s color, m\u00e1s brillo, m\u00e1s contraste, y si hay nubes se convierten en escenas impactantes.<\/p>\n<figure id=\"attachment_669\" aria-describedby=\"caption-attachment-669\" style=\"width: 640px\" class=\"wp-caption alignnone\"><img loading=\"lazy\" decoding=\"async\" class=\"wp-image-669 size-full\" src=\"https:\/\/manualdetecnicafotografica.com\/blog\/wp-content\/uploads\/2017\/04\/Hora-Dorada-Fotografia-Ejemplo-2.jpg\" alt=\"\" width=\"640\" height=\"480\" srcset=\"https:\/\/manualdetecnicafotografica.com\/blog\/wp-content\/uploads\/2017\/04\/Hora-Dorada-Fotografia-Ejemplo-2.jpg 640w, https:\/\/manualdetecnicafotografica.com\/blog\/wp-content\/uploads\/2017\/04\/Hora-Dorada-Fotografia-Ejemplo-2-300x225.jpg 300w, https:\/\/manualdetecnicafotografica.com\/blog\/wp-content\/uploads\/2017\/04\/Hora-Dorada-Fotografia-Ejemplo-2-217x163.jpg 217w\" sizes=\"auto, (max-width: 640px) 100vw, 640px\" \/><figcaption id=\"caption-attachment-669\" class=\"wp-caption-text\">Fotograf\u00eda del cielo en la hora dorada.<\/figcaption><\/figure>\n<p>Ahora bien, si tu intenci\u00f3n es fotografiar el mism\u00edsimo sol debes tener algunos recaudos, ya que a veces no es tarea tan sencilla.<\/p>\n<figure id=\"attachment_670\" aria-describedby=\"caption-attachment-670\" style=\"width: 640px\" class=\"wp-caption alignnone\"><img loading=\"lazy\" decoding=\"async\" class=\"wp-image-670 size-full\" src=\"https:\/\/manualdetecnicafotografica.com\/blog\/wp-content\/uploads\/2017\/04\/Hora-Dorada-Fotografia-Ejemplo-3.jpeg\" alt=\"\" width=\"640\" height=\"426\" srcset=\"https:\/\/manualdetecnicafotografica.com\/blog\/wp-content\/uploads\/2017\/04\/Hora-Dorada-Fotografia-Ejemplo-3.jpeg 640w, https:\/\/manualdetecnicafotografica.com\/blog\/wp-content\/uploads\/2017\/04\/Hora-Dorada-Fotografia-Ejemplo-3-300x200.jpeg 300w\" sizes=\"auto, (max-width: 640px) 100vw, 640px\" \/><figcaption id=\"caption-attachment-670\" class=\"wp-caption-text\">Fotografiando el sol sobre el horizonte. 17.0 mm, f\/7.1, 1\/125 s, ISO 200<\/figcaption><\/figure>\n<p>Disparar de frente al sol para capturar un amanecer o una puesta de sol crea una escena muy contrastada. Por una lado tienes la mitad superior con un cielo muy iluminado y por el otro la mitad inferior con un terreno pobremente iluminado.<\/p>\n<figure id=\"attachment_684\" aria-describedby=\"caption-attachment-684\" style=\"width: 640px\" class=\"wp-caption alignnone\"><img loading=\"lazy\" decoding=\"async\" class=\"wp-image-684 size-full\" src=\"https:\/\/manualdetecnicafotografica.com\/blog\/wp-content\/uploads\/2017\/04\/Hora-Dorada-Fotografia-Ejemplo-1.jpeg\" alt=\"\" width=\"640\" height=\"426\" srcset=\"https:\/\/manualdetecnicafotografica.com\/blog\/wp-content\/uploads\/2017\/04\/Hora-Dorada-Fotografia-Ejemplo-1.jpeg 640w, https:\/\/manualdetecnicafotografica.com\/blog\/wp-content\/uploads\/2017\/04\/Hora-Dorada-Fotografia-Ejemplo-1-300x200.jpeg 300w\" sizes=\"auto, (max-width: 640px) 100vw, 640px\" \/><figcaption id=\"caption-attachment-684\" class=\"wp-caption-text\">Fotografiando el sol. 172.0 mm, f\/6.3, 1\/320 s, ISO 100<\/figcaption><\/figure>\n<p>En casos como este utilizo <em>filtros graduados de densidad neutra<\/em> para oscurecer el cielo de modo que tanto el plano celestial como el terrenal caigan dentro del mismo rango din\u00e1mico de la c\u00e1mara.<\/p>\n<p><strong>\u00bfQu\u00e9 es un\u00a0filtro de densidad neutra (ND abreviado)?<\/strong>\u00a0Es un filtro que reduce la intensidad de la luz que ingresa al lente y se aplica para casos puntuales como por ejemplo el uso de velocidades de obturaci\u00f3n muy largas sin que la foto se \u201cqueme\u201d con exceso de luz.<\/p>\n<p><strong>\u00bfQu\u00e9 es un filtro \u201cgraduado\u201d de densidad neutra?<\/strong> Este es un filtro que est\u00e1 compuesto por medio vidrio oscurecido y medio vidrio claro. Con este filtro puedes oscurecer la mitad del cuadro mientras que el resto permanece sin cambios.<\/p>\n<figure id=\"attachment_674\" aria-describedby=\"caption-attachment-674\" style=\"width: 640px\" class=\"wp-caption alignnone\"><img loading=\"lazy\" decoding=\"async\" class=\"wp-image-674 size-full\" src=\"https:\/\/manualdetecnicafotografica.com\/blog\/wp-content\/uploads\/2017\/04\/Hora-Dorada-Fotografia-Ejemplo-6.jpeg\" alt=\"\" width=\"640\" height=\"359\" srcset=\"https:\/\/manualdetecnicafotografica.com\/blog\/wp-content\/uploads\/2017\/04\/Hora-Dorada-Fotografia-Ejemplo-6.jpeg 640w, https:\/\/manualdetecnicafotografica.com\/blog\/wp-content\/uploads\/2017\/04\/Hora-Dorada-Fotografia-Ejemplo-6-300x168.jpeg 300w\" sizes=\"auto, (max-width: 640px) 100vw, 640px\" \/><figcaption id=\"caption-attachment-674\" class=\"wp-caption-text\">Utilizando un filtro graduado ND para fotografiar un puesta de sol. 18.0 mm, f\/9.0, 1\/400 s, ISO 100<\/figcaption><\/figure>\n<p>As\u00ed, utilizando este filtro\u00a0puedes obtener buenos colores en el cielo de atardeceres o amaneceres, y buena exposici\u00f3n en el resto del paisaje.<\/p>\n<p>La hora dorada ofrece muchas oportunidades para grandes fotos, y tenemos la ventaja de que sucede dos veces al d\u00eda, as\u00ed que no hay excusa para no aprovecharla!<\/p>\n<p><strong>\u00bfY t\u00fa? \u00bfHaz hecho fotos en la hora dorada? <\/strong>Comparte tu experiencia en los comentarios debajo.<\/p>\n","protected":false},"excerpt":{"rendered":"<p>La hora dorada es mi momento favorito para fotografiar. La luz c\u00e1lida y baja es\u00a0inmejorable y hace que\u00a0todas las fotos luzcan m\u00e1s interesantes. Esta hora del d\u00eda funciona muy bien para hacer fotograf\u00eda de retratos y paisajes, pero claro, podemos fotografiar cualquier cosa y ser\u00e1 igual de provechoso. \u00bfQu\u00e9 es la hora dorada? La \u201chora [&hellip;]<\/p>\n","protected":false},"author":1,"featured_media":670,"comment_status":"open","ping_status":"open","sticky":false,"template":"","format":"standard","meta":{"_genesis_hide_title":false,"_genesis_hide_breadcrumbs":false,"_genesis_hide_singular_image":false,"_genesis_hide_footer_widgets":false,"_genesis_custom_body_class":"","_genesis_custom_post_class":"","_genesis_layout":"","_glsr_average":0,"_glsr_ranking":0,"_glsr_reviews":0,"footnotes":"","tve_updated_post":"","tve_custom_css":"","tve_user_custom_css":"","tve_globals":{},"tcb2_ready":0,"tcb_editor_enabled":0,"tve_landing_page":"","_tve_header":"","_tve_footer":""},"categories":[77,46],"tags":[92,93,94,91,90,89],"class_list":{"0":"post-667","1":"post","2":"type-post","3":"status-publish","4":"format-standard","5":"has-post-thumbnail","7":"category-efectos-y-color","8":"category-exposicion","9":"tag-amanecer","10":"tag-atardecer","11":"tag-configuracion-de-camara","12":"tag-crepusculo","13":"tag-ejemplos-fotos-hora-dorada","14":"tag-hora-dorada","15":"entry"},"yoast_head":"<!-- This site is optimized with the Yoast SEO plugin v27.5 - https:\/\/yoast.com\/product\/yoast-seo-wordpress\/ -->\n<title>Un momento m\u00e1gico para la fotograf\u00eda: La Hora Dorada - Iniciaci\u00f3n a la Fotograf\u00eda<\/title>\n<meta name=\"description\" content=\"Te mostrar\u00e9 t\u00e9cnicas para obtener excelentes fotograf\u00edas en la hora dorada, retratos y paisajes con iluminaci\u00f3n c\u00e1lida al amanecer y atardecer\" \/>\n<meta name=\"robots\" content=\"index, follow, max-snippet:-1, max-image-preview:large, max-video-preview:-1\" \/>\n<link rel=\"canonical\" href=\"https:\/\/manualdetecnicafotografica.com\/blog\/momento-magico-fotografia-hora-dorada\/\" \/>\n<meta property=\"og:locale\" content=\"es_ES\" \/>\n<meta property=\"og:type\" content=\"article\" \/>\n<meta property=\"og:title\" content=\"Un momento m\u00e1gico para la fotograf\u00eda: La Hora Dorada - Iniciaci\u00f3n a la Fotograf\u00eda\" \/>\n<meta property=\"og:description\" content=\"Te mostrar\u00e9 t\u00e9cnicas para obtener excelentes fotograf\u00edas en la hora dorada, retratos y paisajes con iluminaci\u00f3n c\u00e1lida al amanecer y atardecer\" \/>\n<meta property=\"og:url\" content=\"https:\/\/manualdetecnicafotografica.com\/blog\/momento-magico-fotografia-hora-dorada\/\" \/>\n<meta property=\"og:site_name\" content=\"Iniciaci\u00f3n a la Fotograf\u00eda\" \/>\n<meta property=\"article:published_time\" content=\"2017-04-30T15:23:46+00:00\" \/>\n<meta property=\"og:image\" content=\"https:\/\/manualdetecnicafotografica.com\/blog\/wp-content\/uploads\/2017\/04\/Hora-Dorada-Fotografia-Ejemplo-3.jpeg\" \/>\n\t<meta property=\"og:image:width\" content=\"640\" \/>\n\t<meta property=\"og:image:height\" content=\"426\" \/>\n\t<meta property=\"og:image:type\" content=\"image\/jpeg\" \/>\n<meta name=\"author\" content=\"Juan Ignacio Torres\" \/>\n<meta name=\"twitter:card\" content=\"summary_large_image\" \/>\n<meta name=\"twitter:label1\" content=\"Escrito por\" \/>\n\t<meta name=\"twitter:data1\" content=\"Juan Ignacio Torres\" \/>\n\t<meta name=\"twitter:label2\" content=\"Tiempo de lectura\" \/>\n\t<meta name=\"twitter:data2\" content=\"8 minutos\" \/>\n<script type=\"application\/ld+json\" class=\"yoast-schema-graph\">{\"@context\":\"https:\\\/\\\/schema.org\",\"@graph\":[{\"@type\":\"Article\",\"@id\":\"https:\\\/\\\/manualdetecnicafotografica.com\\\/blog\\\/momento-magico-fotografia-hora-dorada\\\/#article\",\"isPartOf\":{\"@id\":\"https:\\\/\\\/manualdetecnicafotografica.com\\\/blog\\\/momento-magico-fotografia-hora-dorada\\\/\"},\"author\":{\"name\":\"Juan Ignacio Torres\",\"@id\":\"https:\\\/\\\/manualdetecnicafotografica.com\\\/blog\\\/#\\\/schema\\\/person\\\/cddd7c18226cc18838d48a720af4a08e\"},\"headline\":\"Un momento m\u00e1gico para la fotograf\u00eda: La Hora Dorada\",\"datePublished\":\"2017-04-30T15:23:46+00:00\",\"mainEntityOfPage\":{\"@id\":\"https:\\\/\\\/manualdetecnicafotografica.com\\\/blog\\\/momento-magico-fotografia-hora-dorada\\\/\"},\"wordCount\":1534,\"commentCount\":59,\"image\":{\"@id\":\"https:\\\/\\\/manualdetecnicafotografica.com\\\/blog\\\/momento-magico-fotografia-hora-dorada\\\/#primaryimage\"},\"thumbnailUrl\":\"https:\\\/\\\/manualdetecnicafotografica.com\\\/blog\\\/wp-content\\\/uploads\\\/2017\\\/04\\\/Hora-Dorada-Fotografia-Ejemplo-3.jpeg\",\"keywords\":[\"amanecer\",\"atardecer\",\"configuracion de camara\",\"crepusculo\",\"ejemplos fotos hora dorada\",\"hora dorada\"],\"articleSection\":[\"Efectos y Color\",\"Exposici\u00f3n\"],\"inLanguage\":\"es\",\"potentialAction\":[{\"@type\":\"CommentAction\",\"name\":\"Comment\",\"target\":[\"https:\\\/\\\/manualdetecnicafotografica.com\\\/blog\\\/momento-magico-fotografia-hora-dorada\\\/#respond\"]}]},{\"@type\":\"WebPage\",\"@id\":\"https:\\\/\\\/manualdetecnicafotografica.com\\\/blog\\\/momento-magico-fotografia-hora-dorada\\\/\",\"url\":\"https:\\\/\\\/manualdetecnicafotografica.com\\\/blog\\\/momento-magico-fotografia-hora-dorada\\\/\",\"name\":\"Un momento m\u00e1gico para la fotograf\u00eda: La Hora Dorada - Iniciaci\u00f3n a la Fotograf\u00eda\",\"isPartOf\":{\"@id\":\"https:\\\/\\\/manualdetecnicafotografica.com\\\/blog\\\/#website\"},\"primaryImageOfPage\":{\"@id\":\"https:\\\/\\\/manualdetecnicafotografica.com\\\/blog\\\/momento-magico-fotografia-hora-dorada\\\/#primaryimage\"},\"image\":{\"@id\":\"https:\\\/\\\/manualdetecnicafotografica.com\\\/blog\\\/momento-magico-fotografia-hora-dorada\\\/#primaryimage\"},\"thumbnailUrl\":\"https:\\\/\\\/manualdetecnicafotografica.com\\\/blog\\\/wp-content\\\/uploads\\\/2017\\\/04\\\/Hora-Dorada-Fotografia-Ejemplo-3.jpeg\",\"datePublished\":\"2017-04-30T15:23:46+00:00\",\"author\":{\"@id\":\"https:\\\/\\\/manualdetecnicafotografica.com\\\/blog\\\/#\\\/schema\\\/person\\\/cddd7c18226cc18838d48a720af4a08e\"},\"description\":\"Te mostrar\u00e9 t\u00e9cnicas para obtener excelentes fotograf\u00edas en la hora dorada, retratos y paisajes con iluminaci\u00f3n c\u00e1lida al amanecer y atardecer\",\"breadcrumb\":{\"@id\":\"https:\\\/\\\/manualdetecnicafotografica.com\\\/blog\\\/momento-magico-fotografia-hora-dorada\\\/#breadcrumb\"},\"inLanguage\":\"es\",\"potentialAction\":[{\"@type\":\"ReadAction\",\"target\":[\"https:\\\/\\\/manualdetecnicafotografica.com\\\/blog\\\/momento-magico-fotografia-hora-dorada\\\/\"]}]},{\"@type\":\"ImageObject\",\"inLanguage\":\"es\",\"@id\":\"https:\\\/\\\/manualdetecnicafotografica.com\\\/blog\\\/momento-magico-fotografia-hora-dorada\\\/#primaryimage\",\"url\":\"https:\\\/\\\/manualdetecnicafotografica.com\\\/blog\\\/wp-content\\\/uploads\\\/2017\\\/04\\\/Hora-Dorada-Fotografia-Ejemplo-3.jpeg\",\"contentUrl\":\"https:\\\/\\\/manualdetecnicafotografica.com\\\/blog\\\/wp-content\\\/uploads\\\/2017\\\/04\\\/Hora-Dorada-Fotografia-Ejemplo-3.jpeg\",\"width\":640,\"height\":426},{\"@type\":\"BreadcrumbList\",\"@id\":\"https:\\\/\\\/manualdetecnicafotografica.com\\\/blog\\\/momento-magico-fotografia-hora-dorada\\\/#breadcrumb\",\"itemListElement\":[{\"@type\":\"ListItem\",\"position\":1,\"name\":\"Portada\",\"item\":\"https:\\\/\\\/manualdetecnicafotografica.com\\\/blog\\\/\"},{\"@type\":\"ListItem\",\"position\":2,\"name\":\"Un momento m\u00e1gico para la fotograf\u00eda: La Hora Dorada\"}]},{\"@type\":\"WebSite\",\"@id\":\"https:\\\/\\\/manualdetecnicafotografica.com\\\/blog\\\/#website\",\"url\":\"https:\\\/\\\/manualdetecnicafotografica.com\\\/blog\\\/\",\"name\":\"Iniciaci\u00f3n a la Fotograf\u00eda\",\"description\":\"Blog de Juan Ignacio Torres\",\"potentialAction\":[{\"@type\":\"SearchAction\",\"target\":{\"@type\":\"EntryPoint\",\"urlTemplate\":\"https:\\\/\\\/manualdetecnicafotografica.com\\\/blog\\\/?s={search_term_string}\"},\"query-input\":{\"@type\":\"PropertyValueSpecification\",\"valueRequired\":true,\"valueName\":\"search_term_string\"}}],\"inLanguage\":\"es\"},{\"@type\":\"Person\",\"@id\":\"https:\\\/\\\/manualdetecnicafotografica.com\\\/blog\\\/#\\\/schema\\\/person\\\/cddd7c18226cc18838d48a720af4a08e\",\"name\":\"Juan Ignacio Torres\",\"image\":{\"@type\":\"ImageObject\",\"inLanguage\":\"es\",\"@id\":\"https:\\\/\\\/secure.gravatar.com\\\/avatar\\\/7556f0bc1c2915ae95a133ed9b370055801457decc58c028c14cfb975acd7528?s=96&d=wavatar&r=g\",\"url\":\"https:\\\/\\\/secure.gravatar.com\\\/avatar\\\/7556f0bc1c2915ae95a133ed9b370055801457decc58c028c14cfb975acd7528?s=96&d=wavatar&r=g\",\"contentUrl\":\"https:\\\/\\\/secure.gravatar.com\\\/avatar\\\/7556f0bc1c2915ae95a133ed9b370055801457decc58c028c14cfb975acd7528?s=96&d=wavatar&r=g\",\"caption\":\"Juan Ignacio Torres\"},\"url\":\"https:\\\/\\\/manualdetecnicafotografica.com\\\/blog\\\/author\\\/jitblog77\\\/\"}]}<\/script>\n<!-- \/ Yoast SEO plugin. -->","yoast_head_json":{"title":"Un momento m\u00e1gico para la fotograf\u00eda: La Hora Dorada - Iniciaci\u00f3n a la Fotograf\u00eda","description":"Te mostrar\u00e9 t\u00e9cnicas para obtener excelentes fotograf\u00edas en la hora dorada, retratos y paisajes con iluminaci\u00f3n c\u00e1lida al amanecer y atardecer","robots":{"index":"index","follow":"follow","max-snippet":"max-snippet:-1","max-image-preview":"max-image-preview:large","max-video-preview":"max-video-preview:-1"},"canonical":"https:\/\/manualdetecnicafotografica.com\/blog\/momento-magico-fotografia-hora-dorada\/","og_locale":"es_ES","og_type":"article","og_title":"Un momento m\u00e1gico para la fotograf\u00eda: La Hora Dorada - Iniciaci\u00f3n a la Fotograf\u00eda","og_description":"Te mostrar\u00e9 t\u00e9cnicas para obtener excelentes fotograf\u00edas en la hora dorada, retratos y paisajes con iluminaci\u00f3n c\u00e1lida al amanecer y atardecer","og_url":"https:\/\/manualdetecnicafotografica.com\/blog\/momento-magico-fotografia-hora-dorada\/","og_site_name":"Iniciaci\u00f3n a la Fotograf\u00eda","article_published_time":"2017-04-30T15:23:46+00:00","og_image":[{"width":640,"height":426,"url":"https:\/\/manualdetecnicafotografica.com\/blog\/wp-content\/uploads\/2017\/04\/Hora-Dorada-Fotografia-Ejemplo-3.jpeg","type":"image\/jpeg"}],"author":"Juan Ignacio Torres","twitter_card":"summary_large_image","twitter_misc":{"Escrito por":"Juan Ignacio Torres","Tiempo de lectura":"8 minutos"},"schema":{"@context":"https:\/\/schema.org","@graph":[{"@type":"Article","@id":"https:\/\/manualdetecnicafotografica.com\/blog\/momento-magico-fotografia-hora-dorada\/#article","isPartOf":{"@id":"https:\/\/manualdetecnicafotografica.com\/blog\/momento-magico-fotografia-hora-dorada\/"},"author":{"name":"Juan Ignacio Torres","@id":"https:\/\/manualdetecnicafotografica.com\/blog\/#\/schema\/person\/cddd7c18226cc18838d48a720af4a08e"},"headline":"Un momento m\u00e1gico para la fotograf\u00eda: La Hora Dorada","datePublished":"2017-04-30T15:23:46+00:00","mainEntityOfPage":{"@id":"https:\/\/manualdetecnicafotografica.com\/blog\/momento-magico-fotografia-hora-dorada\/"},"wordCount":1534,"commentCount":59,"image":{"@id":"https:\/\/manualdetecnicafotografica.com\/blog\/momento-magico-fotografia-hora-dorada\/#primaryimage"},"thumbnailUrl":"https:\/\/manualdetecnicafotografica.com\/blog\/wp-content\/uploads\/2017\/04\/Hora-Dorada-Fotografia-Ejemplo-3.jpeg","keywords":["amanecer","atardecer","configuracion de camara","crepusculo","ejemplos fotos hora dorada","hora dorada"],"articleSection":["Efectos y Color","Exposici\u00f3n"],"inLanguage":"es","potentialAction":[{"@type":"CommentAction","name":"Comment","target":["https:\/\/manualdetecnicafotografica.com\/blog\/momento-magico-fotografia-hora-dorada\/#respond"]}]},{"@type":"WebPage","@id":"https:\/\/manualdetecnicafotografica.com\/blog\/momento-magico-fotografia-hora-dorada\/","url":"https:\/\/manualdetecnicafotografica.com\/blog\/momento-magico-fotografia-hora-dorada\/","name":"Un momento m\u00e1gico para la fotograf\u00eda: La Hora Dorada - Iniciaci\u00f3n a la Fotograf\u00eda","isPartOf":{"@id":"https:\/\/manualdetecnicafotografica.com\/blog\/#website"},"primaryImageOfPage":{"@id":"https:\/\/manualdetecnicafotografica.com\/blog\/momento-magico-fotografia-hora-dorada\/#primaryimage"},"image":{"@id":"https:\/\/manualdetecnicafotografica.com\/blog\/momento-magico-fotografia-hora-dorada\/#primaryimage"},"thumbnailUrl":"https:\/\/manualdetecnicafotografica.com\/blog\/wp-content\/uploads\/2017\/04\/Hora-Dorada-Fotografia-Ejemplo-3.jpeg","datePublished":"2017-04-30T15:23:46+00:00","author":{"@id":"https:\/\/manualdetecnicafotografica.com\/blog\/#\/schema\/person\/cddd7c18226cc18838d48a720af4a08e"},"description":"Te mostrar\u00e9 t\u00e9cnicas para obtener excelentes fotograf\u00edas en la hora dorada, retratos y paisajes con iluminaci\u00f3n c\u00e1lida al amanecer y atardecer","breadcrumb":{"@id":"https:\/\/manualdetecnicafotografica.com\/blog\/momento-magico-fotografia-hora-dorada\/#breadcrumb"},"inLanguage":"es","potentialAction":[{"@type":"ReadAction","target":["https:\/\/manualdetecnicafotografica.com\/blog\/momento-magico-fotografia-hora-dorada\/"]}]},{"@type":"ImageObject","inLanguage":"es","@id":"https:\/\/manualdetecnicafotografica.com\/blog\/momento-magico-fotografia-hora-dorada\/#primaryimage","url":"https:\/\/manualdetecnicafotografica.com\/blog\/wp-content\/uploads\/2017\/04\/Hora-Dorada-Fotografia-Ejemplo-3.jpeg","contentUrl":"https:\/\/manualdetecnicafotografica.com\/blog\/wp-content\/uploads\/2017\/04\/Hora-Dorada-Fotografia-Ejemplo-3.jpeg","width":640,"height":426},{"@type":"BreadcrumbList","@id":"https:\/\/manualdetecnicafotografica.com\/blog\/momento-magico-fotografia-hora-dorada\/#breadcrumb","itemListElement":[{"@type":"ListItem","position":1,"name":"Portada","item":"https:\/\/manualdetecnicafotografica.com\/blog\/"},{"@type":"ListItem","position":2,"name":"Un momento m\u00e1gico para la fotograf\u00eda: La Hora Dorada"}]},{"@type":"WebSite","@id":"https:\/\/manualdetecnicafotografica.com\/blog\/#website","url":"https:\/\/manualdetecnicafotografica.com\/blog\/","name":"Iniciaci\u00f3n a la Fotograf\u00eda","description":"Blog de Juan Ignacio Torres","potentialAction":[{"@type":"SearchAction","target":{"@type":"EntryPoint","urlTemplate":"https:\/\/manualdetecnicafotografica.com\/blog\/?s={search_term_string}"},"query-input":{"@type":"PropertyValueSpecification","valueRequired":true,"valueName":"search_term_string"}}],"inLanguage":"es"},{"@type":"Person","@id":"https:\/\/manualdetecnicafotografica.com\/blog\/#\/schema\/person\/cddd7c18226cc18838d48a720af4a08e","name":"Juan Ignacio Torres","image":{"@type":"ImageObject","inLanguage":"es","@id":"https:\/\/secure.gravatar.com\/avatar\/7556f0bc1c2915ae95a133ed9b370055801457decc58c028c14cfb975acd7528?s=96&d=wavatar&r=g","url":"https:\/\/secure.gravatar.com\/avatar\/7556f0bc1c2915ae95a133ed9b370055801457decc58c028c14cfb975acd7528?s=96&d=wavatar&r=g","contentUrl":"https:\/\/secure.gravatar.com\/avatar\/7556f0bc1c2915ae95a133ed9b370055801457decc58c028c14cfb975acd7528?s=96&d=wavatar&r=g","caption":"Juan Ignacio Torres"},"url":"https:\/\/manualdetecnicafotografica.com\/blog\/author\/jitblog77\/"}]}},"_links":{"self":[{"href":"https:\/\/manualdetecnicafotografica.com\/blog\/wp-json\/wp\/v2\/posts\/667","targetHints":{"allow":["GET"]}}],"collection":[{"href":"https:\/\/manualdetecnicafotografica.com\/blog\/wp-json\/wp\/v2\/posts"}],"about":[{"href":"https:\/\/manualdetecnicafotografica.com\/blog\/wp-json\/wp\/v2\/types\/post"}],"author":[{"embeddable":true,"href":"https:\/\/manualdetecnicafotografica.com\/blog\/wp-json\/wp\/v2\/users\/1"}],"replies":[{"embeddable":true,"href":"https:\/\/manualdetecnicafotografica.com\/blog\/wp-json\/wp\/v2\/comments?post=667"}],"version-history":[{"count":9,"href":"https:\/\/manualdetecnicafotografica.com\/blog\/wp-json\/wp\/v2\/posts\/667\/revisions"}],"predecessor-version":[{"id":717,"href":"https:\/\/manualdetecnicafotografica.com\/blog\/wp-json\/wp\/v2\/posts\/667\/revisions\/717"}],"wp:featuredmedia":[{"embeddable":true,"href":"https:\/\/manualdetecnicafotografica.com\/blog\/wp-json\/wp\/v2\/media\/670"}],"wp:attachment":[{"href":"https:\/\/manualdetecnicafotografica.com\/blog\/wp-json\/wp\/v2\/media?parent=667"}],"wp:term":[{"taxonomy":"category","embeddable":true,"href":"https:\/\/manualdetecnicafotografica.com\/blog\/wp-json\/wp\/v2\/categories?post=667"},{"taxonomy":"post_tag","embeddable":true,"href":"https:\/\/manualdetecnicafotografica.com\/blog\/wp-json\/wp\/v2\/tags?post=667"}],"curies":[{"name":"wp","href":"https:\/\/api.w.org\/{rel}","templated":true}]}}