{"id":4524,"date":"2025-12-17T12:50:37","date_gmt":"2025-12-17T15:50:37","guid":{"rendered":"https:\/\/manualdetecnicafotografica.com\/blog\/?p=4524"},"modified":"2025-12-17T12:50:40","modified_gmt":"2025-12-17T15:50:40","slug":"fotografia-en-navidad-grandes-recuerdos-con-decoraciones-simples","status":"publish","type":"post","link":"https:\/\/manualdetecnicafotografica.com\/blog\/fotografia-en-navidad-grandes-recuerdos-con-decoraciones-simples\/","title":{"rendered":"Fotograf\u00eda en Navidad: Grandes recuerdos con decoraciones simples"},"content":{"rendered":"<p>Muchas veces pensamos que para lograr buenas fotos navide\u00f1as necesitamos un \u00e1rbol enorme, una casa perfectamente decorada o un escenario digno de revista. Pero la realidad es otra: <strong>las mejores fotos de Navidad no dependen de la decoraci\u00f3n, sino de las personas, el momento que compartimos y la precisi\u00f3n para capturarlo<\/strong>.<img loading=\"lazy\" decoding=\"async\" class=\"alignleft size-medium wp-image-4544\" src=\"https:\/\/manualdetecnicafotografica.com\/blog\/wp-content\/uploads\/2025\/12\/navidad-2025-14b-300x268.jpg\" alt=\"\" width=\"300\" height=\"268\" srcset=\"https:\/\/manualdetecnicafotografica.com\/blog\/wp-content\/uploads\/2025\/12\/navidad-2025-14b-300x268.jpg 300w, https:\/\/manualdetecnicafotografica.com\/blog\/wp-content\/uploads\/2025\/12\/navidad-2025-14b-768x687.jpg 768w, https:\/\/manualdetecnicafotografica.com\/blog\/wp-content\/uploads\/2025\/12\/navidad-2025-14b.jpg 1000w\" sizes=\"auto, (max-width: 300px) 100vw, 300px\" \/><\/p>\n<p>En este art\u00edculo te propongo un enfoque diferente y m\u00e1s accesible: ideas y consejos para fotografiar en Navidad <strong>con lo que tengas a mano<\/strong>, poniendo el foco en las fotos familiares y grupales, incluso en espacios simples y cotidianos.<\/p>\n<h2>La clave no es el decorado, es la historia<\/h2>\n<p>Una mesa, una ventana con luz natural, una pared clara o incluso el living de todos los d\u00edas pueden convertirse en el escenario perfecto. Lo importante es <strong>qu\u00e9 est\u00e1 pasando delante de la c\u00e1mara<\/strong>: miradas, gestos, risas y v\u00ednculos reales.<\/p>\n<h3>Aprovecha la luz natural<\/h3>\n<ul data-spread=\"false\">\n<li>Ubica a la familia cerca de una ventana.<\/li>\n<li>Evita luces fuertes del techo: apagarlas suele mejorar mucho el clima de la foto.<\/li>\n<li>Si es de tarde, la luz suave es ideal para retratos grupales.<\/li>\n<\/ul>\n<p><img loading=\"lazy\" decoding=\"async\" class=\"aligncenter size-large wp-image-4541\" src=\"https:\/\/manualdetecnicafotografica.com\/blog\/wp-content\/uploads\/2025\/12\/navidad-2025-15-576x1024.jpg\" alt=\"\" width=\"576\" height=\"1024\" srcset=\"https:\/\/manualdetecnicafotografica.com\/blog\/wp-content\/uploads\/2025\/12\/navidad-2025-15-576x1024.jpg 576w, https:\/\/manualdetecnicafotografica.com\/blog\/wp-content\/uploads\/2025\/12\/navidad-2025-15-169x300.jpg 169w, https:\/\/manualdetecnicafotografica.com\/blog\/wp-content\/uploads\/2025\/12\/navidad-2025-15-768x1365.jpg 768w, https:\/\/manualdetecnicafotografica.com\/blog\/wp-content\/uploads\/2025\/12\/navidad-2025-15-864x1536.jpg 864w, https:\/\/manualdetecnicafotografica.com\/blog\/wp-content\/uploads\/2025\/12\/navidad-2025-15.jpg 1080w\" sizes=\"auto, (max-width: 576px) 100vw, 576px\" \/><\/p>\n<h3>Suma peque\u00f1os detalles<\/h3>\n<p>No hace falta una gran decoraci\u00f3n:<\/p>\n<ul data-spread=\"false\">\n<li>Una guirnalda de luces.<\/li>\n<li>Una vela (con cuidado).<\/li>\n<li>Una taza, un gorro, una manta.<\/li>\n<\/ul>\n<p>Un solo elemento puede ser suficiente para sugerir \u201cNavidad\u201d.<\/p>\n<p><img loading=\"lazy\" decoding=\"async\" class=\"aligncenter size-medium wp-image-4533\" src=\"https:\/\/manualdetecnicafotografica.com\/blog\/wp-content\/uploads\/2025\/12\/navidad-2025-7-243x300.jpg\" alt=\"\" width=\"243\" height=\"300\" srcset=\"https:\/\/manualdetecnicafotografica.com\/blog\/wp-content\/uploads\/2025\/12\/navidad-2025-7-243x300.jpg 243w, https:\/\/manualdetecnicafotografica.com\/blog\/wp-content\/uploads\/2025\/12\/navidad-2025-7-830x1024.jpg 830w, https:\/\/manualdetecnicafotografica.com\/blog\/wp-content\/uploads\/2025\/12\/navidad-2025-7-768x948.jpg 768w, https:\/\/manualdetecnicafotografica.com\/blog\/wp-content\/uploads\/2025\/12\/navidad-2025-7.jpg 1200w\" sizes=\"auto, (max-width: 243px) 100vw, 243px\" \/><\/p>\n<h3>Simplifica el fondo<\/h3>\n<p>Cuanto m\u00e1s simple el fondo, m\u00e1s protagonismo tienen las personas.<\/p>\n<ul data-spread=\"false\">\n<li>Paredes lisas.<\/li>\n<li>Cortinas claras.<\/li>\n<li>Un sill\u00f3n sin demasiados objetos alrededor.<\/li>\n<\/ul>\n<p><img loading=\"lazy\" decoding=\"async\" class=\"aligncenter size-medium wp-image-4539\" src=\"https:\/\/manualdetecnicafotografica.com\/blog\/wp-content\/uploads\/2025\/12\/navidad-2025-13-240x300.jpg\" alt=\"\" width=\"240\" height=\"300\" srcset=\"https:\/\/manualdetecnicafotografica.com\/blog\/wp-content\/uploads\/2025\/12\/navidad-2025-13-240x300.jpg 240w, https:\/\/manualdetecnicafotografica.com\/blog\/wp-content\/uploads\/2025\/12\/navidad-2025-13.jpg 634w\" sizes=\"auto, (max-width: 240px) 100vw, 240px\" \/><\/p>\n<div contenteditable=\"false\"><hr \/><\/div>\n<h2>Ideas de fotos familiares y grupales (simples y reales)<\/h2>\n<h3>Todos juntos, sin posar demasiado<\/h3>\n<p>Sentados en el sill\u00f3n, en la cama o alrededor de una mesa. Pide que hablen entre ellos, que se miren. Comienza una conversaci\u00f3n mientras fotograf\u00edas. Las mejores fotos suelen obtenerse mientras las personas se estan preparando o simplemente mientras olvidan que sigues fotografiando.<\/p>\n<p><img loading=\"lazy\" decoding=\"async\" class=\"aligncenter size-full wp-image-4527\" src=\"https:\/\/manualdetecnicafotografica.com\/blog\/wp-content\/uploads\/2025\/12\/navidad-2025-1-1.jpg\" alt=\"\" width=\"1200\" height=\"1500\" srcset=\"https:\/\/manualdetecnicafotografica.com\/blog\/wp-content\/uploads\/2025\/12\/navidad-2025-1-1.jpg 1200w, https:\/\/manualdetecnicafotografica.com\/blog\/wp-content\/uploads\/2025\/12\/navidad-2025-1-1-240x300.jpg 240w, https:\/\/manualdetecnicafotografica.com\/blog\/wp-content\/uploads\/2025\/12\/navidad-2025-1-1-819x1024.jpg 819w, https:\/\/manualdetecnicafotografica.com\/blog\/wp-content\/uploads\/2025\/12\/navidad-2025-1-1-768x960.jpg 768w\" sizes=\"auto, (max-width: 1200px) 100vw, 1200px\" \/><\/p>\n<h3>Retratos familiares en casa<\/h3>\n<p>Un encuadre cerrado, todos cerca, hombro con hombro. No importa el fondo, s\u00ed la conexi\u00f3n entre ellos.<\/p>\n<h3>Momentos cotidianos<\/h3>\n<ul data-spread=\"false\">\n<li>Preparando la comida.<\/li>\n<li>Sirviendo la mesa.<\/li>\n<li>Compartiendo una charla.<\/li>\n<li>Decorando el \u00e1rbol<\/li>\n<\/ul>\n<p>Estas im\u00e1genes cuentan historias reales y suelen ser las m\u00e1s valoradas con el tiempo.<\/p>\n<div contenteditable=\"false\"><hr \/><\/div>\n<h2>Ropa: menos es m\u00e1s<\/h2>\n<p>No es necesario vestirse \u201cde Navidad\u201d. Mejor:<\/p>\n<ul data-spread=\"false\">\n<li>Colores neutros o similares.<\/li>\n<li>Evitar estampas grandes o logos.<\/li>\n<li>Ropa c\u00f3moda que represente a cada persona.<\/li>\n<\/ul>\n<p>La coherencia visual ayuda mucho, incluso en fotos improvisadas.<\/p>\n<div contenteditable=\"false\"><hr \/><\/div>\n<h2>Consejos r\u00e1pidos para quien hace la foto<\/h2>\n<ul data-spread=\"false\">\n<li>Usa una <strong>apertura amplia<\/strong> si tu c\u00e1mara lo permite.<\/li>\n<li>Cuida que nadie quede cortado o demasiado atr\u00e1s.<\/li>\n<li>Dispara varias veces: la mejor expresi\u00f3n aparece despu\u00e9s.<\/li>\n<li>Si utilizas el m\u00f3vil, limpia la lente y toca la pantalla para enfocar bien los rostros.<\/li>\n<\/ul>\n<div contenteditable=\"false\"><hr \/><\/div>\n<h2>Ejemplos de fotos<\/h2>\n<p>La Navidad no se trata de escenarios perfectos, sino de <strong>personas reales compartiendo tiempo juntas. Una casa sencilla, una luz agradable y un momento aut\u00e9ntico son m\u00e1s que suficientes para crear fotos que valgan la pena conservar.<\/strong><\/p>\n<p><img loading=\"lazy\" decoding=\"async\" class=\"aligncenter size-full wp-image-4543\" src=\"https:\/\/manualdetecnicafotografica.com\/blog\/wp-content\/uploads\/2025\/12\/navidad-2025-17.jpg\" alt=\"\" width=\"1200\" height=\"1500\" srcset=\"https:\/\/manualdetecnicafotografica.com\/blog\/wp-content\/uploads\/2025\/12\/navidad-2025-17.jpg 1200w, https:\/\/manualdetecnicafotografica.com\/blog\/wp-content\/uploads\/2025\/12\/navidad-2025-17-240x300.jpg 240w, https:\/\/manualdetecnicafotografica.com\/blog\/wp-content\/uploads\/2025\/12\/navidad-2025-17-819x1024.jpg 819w, https:\/\/manualdetecnicafotografica.com\/blog\/wp-content\/uploads\/2025\/12\/navidad-2025-17-768x960.jpg 768w\" sizes=\"auto, (max-width: 1200px) 100vw, 1200px\" \/><\/p>\n<p><img loading=\"lazy\" decoding=\"async\" class=\"aligncenter size-full wp-image-4542\" src=\"https:\/\/manualdetecnicafotografica.com\/blog\/wp-content\/uploads\/2025\/12\/navidad-2025-16.jpg\" alt=\"\" width=\"1200\" height=\"1797\" srcset=\"https:\/\/manualdetecnicafotografica.com\/blog\/wp-content\/uploads\/2025\/12\/navidad-2025-16.jpg 1200w, https:\/\/manualdetecnicafotografica.com\/blog\/wp-content\/uploads\/2025\/12\/navidad-2025-16-200x300.jpg 200w, https:\/\/manualdetecnicafotografica.com\/blog\/wp-content\/uploads\/2025\/12\/navidad-2025-16-684x1024.jpg 684w, https:\/\/manualdetecnicafotografica.com\/blog\/wp-content\/uploads\/2025\/12\/navidad-2025-16-768x1150.jpg 768w, https:\/\/manualdetecnicafotografica.com\/blog\/wp-content\/uploads\/2025\/12\/navidad-2025-16-1026x1536.jpg 1026w\" sizes=\"auto, (max-width: 1200px) 100vw, 1200px\" \/><\/p>\n<p><img loading=\"lazy\" decoding=\"async\" class=\"aligncenter size-full wp-image-4538\" src=\"https:\/\/manualdetecnicafotografica.com\/blog\/wp-content\/uploads\/2025\/12\/navidad-2025-12.jpg\" alt=\"\" width=\"479\" height=\"718\" srcset=\"https:\/\/manualdetecnicafotografica.com\/blog\/wp-content\/uploads\/2025\/12\/navidad-2025-12.jpg 479w, https:\/\/manualdetecnicafotografica.com\/blog\/wp-content\/uploads\/2025\/12\/navidad-2025-12-200x300.jpg 200w\" sizes=\"auto, (max-width: 479px) 100vw, 479px\" \/><\/p>\n<p><img loading=\"lazy\" decoding=\"async\" class=\"aligncenter size-full wp-image-4537\" src=\"https:\/\/manualdetecnicafotografica.com\/blog\/wp-content\/uploads\/2025\/12\/navidad-2025-11.jpg\" alt=\"\" width=\"1080\" height=\"1350\" srcset=\"https:\/\/manualdetecnicafotografica.com\/blog\/wp-content\/uploads\/2025\/12\/navidad-2025-11.jpg 1080w, https:\/\/manualdetecnicafotografica.com\/blog\/wp-content\/uploads\/2025\/12\/navidad-2025-11-240x300.jpg 240w, https:\/\/manualdetecnicafotografica.com\/blog\/wp-content\/uploads\/2025\/12\/navidad-2025-11-819x1024.jpg 819w, https:\/\/manualdetecnicafotografica.com\/blog\/wp-content\/uploads\/2025\/12\/navidad-2025-11-768x960.jpg 768w\" sizes=\"auto, (max-width: 1080px) 100vw, 1080px\" \/><\/p>\n<p><img loading=\"lazy\" decoding=\"async\" class=\"aligncenter size-full wp-image-4536\" src=\"https:\/\/manualdetecnicafotografica.com\/blog\/wp-content\/uploads\/2025\/12\/navidad-2025-10.jpg\" alt=\"\" width=\"1199\" height=\"1803\" srcset=\"https:\/\/manualdetecnicafotografica.com\/blog\/wp-content\/uploads\/2025\/12\/navidad-2025-10.jpg 1199w, https:\/\/manualdetecnicafotografica.com\/blog\/wp-content\/uploads\/2025\/12\/navidad-2025-10-200x300.jpg 200w, https:\/\/manualdetecnicafotografica.com\/blog\/wp-content\/uploads\/2025\/12\/navidad-2025-10-681x1024.jpg 681w, https:\/\/manualdetecnicafotografica.com\/blog\/wp-content\/uploads\/2025\/12\/navidad-2025-10-768x1155.jpg 768w, https:\/\/manualdetecnicafotografica.com\/blog\/wp-content\/uploads\/2025\/12\/navidad-2025-10-1021x1536.jpg 1021w\" sizes=\"auto, (max-width: 1199px) 100vw, 1199px\" \/><\/p>\n<p><img loading=\"lazy\" decoding=\"async\" class=\"aligncenter size-full wp-image-4534\" src=\"https:\/\/manualdetecnicafotografica.com\/blog\/wp-content\/uploads\/2025\/12\/navidad-2025-8.jpg\" alt=\"\" width=\"1200\" height=\"1600\" srcset=\"https:\/\/manualdetecnicafotografica.com\/blog\/wp-content\/uploads\/2025\/12\/navidad-2025-8.jpg 1200w, https:\/\/manualdetecnicafotografica.com\/blog\/wp-content\/uploads\/2025\/12\/navidad-2025-8-225x300.jpg 225w, https:\/\/manualdetecnicafotografica.com\/blog\/wp-content\/uploads\/2025\/12\/navidad-2025-8-768x1024.jpg 768w, https:\/\/manualdetecnicafotografica.com\/blog\/wp-content\/uploads\/2025\/12\/navidad-2025-8-1152x1536.jpg 1152w\" sizes=\"auto, (max-width: 1200px) 100vw, 1200px\" \/><\/p>\n<p><img loading=\"lazy\" decoding=\"async\" class=\"aligncenter size-full wp-image-4532\" src=\"https:\/\/manualdetecnicafotografica.com\/blog\/wp-content\/uploads\/2025\/12\/navidad-2025-6.jpg\" alt=\"\" width=\"674\" height=\"845\" srcset=\"https:\/\/manualdetecnicafotografica.com\/blog\/wp-content\/uploads\/2025\/12\/navidad-2025-6.jpg 674w, https:\/\/manualdetecnicafotografica.com\/blog\/wp-content\/uploads\/2025\/12\/navidad-2025-6-239x300.jpg 239w\" sizes=\"auto, (max-width: 674px) 100vw, 674px\" \/><\/p>\n<p><img loading=\"lazy\" decoding=\"async\" class=\"aligncenter size-full wp-image-4531\" src=\"https:\/\/manualdetecnicafotografica.com\/blog\/wp-content\/uploads\/2025\/12\/navidad-2025-5.jpg\" alt=\"\" width=\"1200\" height=\"1499\" srcset=\"https:\/\/manualdetecnicafotografica.com\/blog\/wp-content\/uploads\/2025\/12\/navidad-2025-5.jpg 1200w, https:\/\/manualdetecnicafotografica.com\/blog\/wp-content\/uploads\/2025\/12\/navidad-2025-5-240x300.jpg 240w, https:\/\/manualdetecnicafotografica.com\/blog\/wp-content\/uploads\/2025\/12\/navidad-2025-5-820x1024.jpg 820w, https:\/\/manualdetecnicafotografica.com\/blog\/wp-content\/uploads\/2025\/12\/navidad-2025-5-768x959.jpg 768w\" sizes=\"auto, (max-width: 1200px) 100vw, 1200px\" \/><\/p>\n<p><img loading=\"lazy\" decoding=\"async\" class=\"aligncenter size-full wp-image-4530\" src=\"https:\/\/manualdetecnicafotografica.com\/blog\/wp-content\/uploads\/2025\/12\/navidad-2025-4.jpg\" alt=\"\" width=\"1200\" height=\"1182\" srcset=\"https:\/\/manualdetecnicafotografica.com\/blog\/wp-content\/uploads\/2025\/12\/navidad-2025-4.jpg 1200w, https:\/\/manualdetecnicafotografica.com\/blog\/wp-content\/uploads\/2025\/12\/navidad-2025-4-300x296.jpg 300w, https:\/\/manualdetecnicafotografica.com\/blog\/wp-content\/uploads\/2025\/12\/navidad-2025-4-1024x1009.jpg 1024w, https:\/\/manualdetecnicafotografica.com\/blog\/wp-content\/uploads\/2025\/12\/navidad-2025-4-768x756.jpg 768w\" sizes=\"auto, (max-width: 1200px) 100vw, 1200px\" \/><\/p>\n<p><img loading=\"lazy\" decoding=\"async\" class=\"aligncenter size-full wp-image-4529\" src=\"https:\/\/manualdetecnicafotografica.com\/blog\/wp-content\/uploads\/2025\/12\/navidad-2025-3.jpg\" alt=\"\" width=\"1024\" height=\"1024\" srcset=\"https:\/\/manualdetecnicafotografica.com\/blog\/wp-content\/uploads\/2025\/12\/navidad-2025-3.jpg 1024w, https:\/\/manualdetecnicafotografica.com\/blog\/wp-content\/uploads\/2025\/12\/navidad-2025-3-300x300.jpg 300w, https:\/\/manualdetecnicafotografica.com\/blog\/wp-content\/uploads\/2025\/12\/navidad-2025-3-150x150.jpg 150w, https:\/\/manualdetecnicafotografica.com\/blog\/wp-content\/uploads\/2025\/12\/navidad-2025-3-768x768.jpg 768w\" sizes=\"auto, (max-width: 1024px) 100vw, 1024px\" \/><\/p>\n<p><img loading=\"lazy\" decoding=\"async\" class=\"aligncenter size-full wp-image-4528\" src=\"https:\/\/manualdetecnicafotografica.com\/blog\/wp-content\/uploads\/2025\/12\/navidad-2025-2.jpg\" alt=\"\" width=\"1024\" height=\"1024\" srcset=\"https:\/\/manualdetecnicafotografica.com\/blog\/wp-content\/uploads\/2025\/12\/navidad-2025-2.jpg 1024w, https:\/\/manualdetecnicafotografica.com\/blog\/wp-content\/uploads\/2025\/12\/navidad-2025-2-300x300.jpg 300w, https:\/\/manualdetecnicafotografica.com\/blog\/wp-content\/uploads\/2025\/12\/navidad-2025-2-150x150.jpg 150w, https:\/\/manualdetecnicafotografica.com\/blog\/wp-content\/uploads\/2025\/12\/navidad-2025-2-768x768.jpg 768w\" sizes=\"auto, (max-width: 1024px) 100vw, 1024px\" \/><\/p>\n<p><img loading=\"lazy\" decoding=\"async\" class=\"aligncenter size-full wp-image-4535\" src=\"https:\/\/manualdetecnicafotografica.com\/blog\/wp-content\/uploads\/2025\/12\/navidad-2025-9.jpg\" alt=\"\" width=\"736\" height=\"919\" srcset=\"https:\/\/manualdetecnicafotografica.com\/blog\/wp-content\/uploads\/2025\/12\/navidad-2025-9.jpg 736w, https:\/\/manualdetecnicafotografica.com\/blog\/wp-content\/uploads\/2025\/12\/navidad-2025-9-240x300.jpg 240w\" sizes=\"auto, (max-width: 736px) 100vw, 736px\" \/><\/p>\n<h2 data-start=\"1881\" data-end=\"1998\">Estas lecturas pueden interesarte:<\/h2>\n<p data-start=\"1881\" data-end=\"1998\"><a href=\"https:\/\/manualdetecnicafotografica.com\/blog\/nuevas-ideas-para-fotografiar-en-esta-navidad-y-fiestas\/\">Planificando las fotograf\u00edas navide\u00f1as para no perder ning\u00fan momento especial<\/a><\/p>\n<p data-start=\"1881\" data-end=\"1998\"><a href=\"https:\/\/manualdetecnicafotografica.com\/blog\/trucos-creativos-con-luces-para-esta-navidad-haz-brillar-tus-fotos-navidenas\/\">Trucos Creativos con Luces para esta Navidad, Haz Brillar tus Fotos Navide\u00f1as<\/a><\/p>\n<p data-start=\"1881\" data-end=\"1998\"><a href=\"https:\/\/manualdetecnicafotografica.com\/blog\/desenfoque-bokeh-como-aplicarlo-con-tu-camara-sin-complicaciones\/\">C\u00f3mo lograr desenfoque Bokeh para fotografiar luces<\/a><\/p>\n\n\n<p><\/p>\n","protected":false},"excerpt":{"rendered":"<p>Muchas veces pensamos que para lograr buenas fotos navide\u00f1as necesitamos un \u00e1rbol enorme, una casa perfectamente decorada o un escenario digno de revista. Pero la realidad es otra: las mejores fotos de Navidad no dependen de la decoraci\u00f3n, sino de las personas, el momento que compartimos y la precisi\u00f3n para capturarlo. En este art\u00edculo te [&hellip;]<\/p>\n","protected":false},"author":1,"featured_media":4544,"comment_status":"open","ping_status":"open","sticky":false,"template":"","format":"standard","meta":{"_genesis_hide_title":false,"_genesis_hide_breadcrumbs":false,"_genesis_hide_singular_image":false,"_genesis_hide_footer_widgets":false,"_genesis_custom_body_class":"","_genesis_custom_post_class":"","_genesis_layout":"","_glsr_average":0,"_glsr_ranking":0,"_glsr_reviews":0,"footnotes":""},"categories":[403],"tags":[489,490,488],"class_list":{"0":"post-4524","1":"post","2":"type-post","3":"status-publish","4":"format-standard","5":"has-post-thumbnail","7":"category-trucos-y-tips","8":"tag-fiestas","9":"tag-fotos-navidenas","10":"tag-navidad","11":"entry"},"yoast_head":"<!-- This site is optimized with the Yoast SEO plugin v27.4 - https:\/\/yoast.com\/product\/yoast-seo-wordpress\/ -->\n<title>Fotograf\u00eda en Navidad: Grandes recuerdos con decoraciones simples - Iniciaci\u00f3n a la Fotograf\u00eda<\/title>\n<meta name=\"robots\" content=\"index, follow, max-snippet:-1, max-image-preview:large, max-video-preview:-1\" \/>\n<link rel=\"canonical\" href=\"https:\/\/manualdetecnicafotografica.com\/blog\/fotografia-en-navidad-grandes-recuerdos-con-decoraciones-simples\/\" \/>\n<meta property=\"og:locale\" content=\"es_ES\" \/>\n<meta property=\"og:type\" content=\"article\" \/>\n<meta property=\"og:title\" content=\"Fotograf\u00eda en Navidad: Grandes recuerdos con decoraciones simples - Iniciaci\u00f3n a la Fotograf\u00eda\" \/>\n<meta property=\"og:description\" content=\"Muchas veces pensamos que para lograr buenas fotos navide\u00f1as necesitamos un \u00e1rbol enorme, una casa perfectamente decorada o un escenario digno de revista. Pero la realidad es otra: las mejores fotos de Navidad no dependen de la decoraci\u00f3n, sino de las personas, el momento que compartimos y la precisi\u00f3n para capturarlo. En este art\u00edculo te [&hellip;]\" \/>\n<meta property=\"og:url\" content=\"https:\/\/manualdetecnicafotografica.com\/blog\/fotografia-en-navidad-grandes-recuerdos-con-decoraciones-simples\/\" \/>\n<meta property=\"og:site_name\" content=\"Iniciaci\u00f3n a la Fotograf\u00eda\" \/>\n<meta property=\"article:published_time\" content=\"2025-12-17T15:50:37+00:00\" \/>\n<meta property=\"article:modified_time\" content=\"2025-12-17T15:50:40+00:00\" \/>\n<meta property=\"og:image\" content=\"https:\/\/manualdetecnicafotografica.com\/blog\/wp-content\/uploads\/2025\/12\/navidad-2025-14b.jpg\" \/>\n\t<meta property=\"og:image:width\" content=\"1000\" \/>\n\t<meta property=\"og:image:height\" content=\"894\" \/>\n\t<meta property=\"og:image:type\" content=\"image\/jpeg\" \/>\n<meta name=\"author\" content=\"Juan Ignacio Torres\" \/>\n<meta name=\"twitter:card\" content=\"summary_large_image\" \/>\n<meta name=\"twitter:label1\" content=\"Escrito por\" \/>\n\t<meta name=\"twitter:data1\" content=\"Juan Ignacio Torres\" \/>\n\t<meta name=\"twitter:label2\" content=\"Tiempo de lectura\" \/>\n\t<meta name=\"twitter:data2\" content=\"6 minutos\" \/>\n<script type=\"application\/ld+json\" class=\"yoast-schema-graph\">{\"@context\":\"https:\\\/\\\/schema.org\",\"@graph\":[{\"@type\":\"Article\",\"@id\":\"https:\\\/\\\/manualdetecnicafotografica.com\\\/blog\\\/fotografia-en-navidad-grandes-recuerdos-con-decoraciones-simples\\\/#article\",\"isPartOf\":{\"@id\":\"https:\\\/\\\/manualdetecnicafotografica.com\\\/blog\\\/fotografia-en-navidad-grandes-recuerdos-con-decoraciones-simples\\\/\"},\"author\":{\"name\":\"Juan Ignacio Torres\",\"@id\":\"https:\\\/\\\/manualdetecnicafotografica.com\\\/blog\\\/#\\\/schema\\\/person\\\/cddd7c18226cc18838d48a720af4a08e\"},\"headline\":\"Fotograf\u00eda en Navidad: Grandes recuerdos con decoraciones simples\",\"datePublished\":\"2025-12-17T15:50:37+00:00\",\"dateModified\":\"2025-12-17T15:50:40+00:00\",\"mainEntityOfPage\":{\"@id\":\"https:\\\/\\\/manualdetecnicafotografica.com\\\/blog\\\/fotografia-en-navidad-grandes-recuerdos-con-decoraciones-simples\\\/\"},\"wordCount\":538,\"commentCount\":1,\"image\":{\"@id\":\"https:\\\/\\\/manualdetecnicafotografica.com\\\/blog\\\/fotografia-en-navidad-grandes-recuerdos-con-decoraciones-simples\\\/#primaryimage\"},\"thumbnailUrl\":\"https:\\\/\\\/manualdetecnicafotografica.com\\\/blog\\\/wp-content\\\/uploads\\\/2025\\\/12\\\/navidad-2025-14b.jpg\",\"keywords\":[\"fiestas\",\"fotos navidenas\",\"navidad\"],\"articleSection\":[\"Trucos y Tips\"],\"inLanguage\":\"es\",\"potentialAction\":[{\"@type\":\"CommentAction\",\"name\":\"Comment\",\"target\":[\"https:\\\/\\\/manualdetecnicafotografica.com\\\/blog\\\/fotografia-en-navidad-grandes-recuerdos-con-decoraciones-simples\\\/#respond\"]}]},{\"@type\":\"WebPage\",\"@id\":\"https:\\\/\\\/manualdetecnicafotografica.com\\\/blog\\\/fotografia-en-navidad-grandes-recuerdos-con-decoraciones-simples\\\/\",\"url\":\"https:\\\/\\\/manualdetecnicafotografica.com\\\/blog\\\/fotografia-en-navidad-grandes-recuerdos-con-decoraciones-simples\\\/\",\"name\":\"Fotograf\u00eda en Navidad: Grandes recuerdos con decoraciones simples - Iniciaci\u00f3n a la Fotograf\u00eda\",\"isPartOf\":{\"@id\":\"https:\\\/\\\/manualdetecnicafotografica.com\\\/blog\\\/#website\"},\"primaryImageOfPage\":{\"@id\":\"https:\\\/\\\/manualdetecnicafotografica.com\\\/blog\\\/fotografia-en-navidad-grandes-recuerdos-con-decoraciones-simples\\\/#primaryimage\"},\"image\":{\"@id\":\"https:\\\/\\\/manualdetecnicafotografica.com\\\/blog\\\/fotografia-en-navidad-grandes-recuerdos-con-decoraciones-simples\\\/#primaryimage\"},\"thumbnailUrl\":\"https:\\\/\\\/manualdetecnicafotografica.com\\\/blog\\\/wp-content\\\/uploads\\\/2025\\\/12\\\/navidad-2025-14b.jpg\",\"datePublished\":\"2025-12-17T15:50:37+00:00\",\"dateModified\":\"2025-12-17T15:50:40+00:00\",\"author\":{\"@id\":\"https:\\\/\\\/manualdetecnicafotografica.com\\\/blog\\\/#\\\/schema\\\/person\\\/cddd7c18226cc18838d48a720af4a08e\"},\"breadcrumb\":{\"@id\":\"https:\\\/\\\/manualdetecnicafotografica.com\\\/blog\\\/fotografia-en-navidad-grandes-recuerdos-con-decoraciones-simples\\\/#breadcrumb\"},\"inLanguage\":\"es\",\"potentialAction\":[{\"@type\":\"ReadAction\",\"target\":[\"https:\\\/\\\/manualdetecnicafotografica.com\\\/blog\\\/fotografia-en-navidad-grandes-recuerdos-con-decoraciones-simples\\\/\"]}]},{\"@type\":\"ImageObject\",\"inLanguage\":\"es\",\"@id\":\"https:\\\/\\\/manualdetecnicafotografica.com\\\/blog\\\/fotografia-en-navidad-grandes-recuerdos-con-decoraciones-simples\\\/#primaryimage\",\"url\":\"https:\\\/\\\/manualdetecnicafotografica.com\\\/blog\\\/wp-content\\\/uploads\\\/2025\\\/12\\\/navidad-2025-14b.jpg\",\"contentUrl\":\"https:\\\/\\\/manualdetecnicafotografica.com\\\/blog\\\/wp-content\\\/uploads\\\/2025\\\/12\\\/navidad-2025-14b.jpg\",\"width\":1000,\"height\":894},{\"@type\":\"BreadcrumbList\",\"@id\":\"https:\\\/\\\/manualdetecnicafotografica.com\\\/blog\\\/fotografia-en-navidad-grandes-recuerdos-con-decoraciones-simples\\\/#breadcrumb\",\"itemListElement\":[{\"@type\":\"ListItem\",\"position\":1,\"name\":\"Portada\",\"item\":\"https:\\\/\\\/manualdetecnicafotografica.com\\\/blog\\\/\"},{\"@type\":\"ListItem\",\"position\":2,\"name\":\"Fotograf\u00eda en Navidad: Grandes recuerdos con decoraciones simples\"}]},{\"@type\":\"WebSite\",\"@id\":\"https:\\\/\\\/manualdetecnicafotografica.com\\\/blog\\\/#website\",\"url\":\"https:\\\/\\\/manualdetecnicafotografica.com\\\/blog\\\/\",\"name\":\"Iniciaci\u00f3n a la Fotograf\u00eda\",\"description\":\"Blog de Juan Ignacio Torres\",\"potentialAction\":[{\"@type\":\"SearchAction\",\"target\":{\"@type\":\"EntryPoint\",\"urlTemplate\":\"https:\\\/\\\/manualdetecnicafotografica.com\\\/blog\\\/?s={search_term_string}\"},\"query-input\":{\"@type\":\"PropertyValueSpecification\",\"valueRequired\":true,\"valueName\":\"search_term_string\"}}],\"inLanguage\":\"es\"},{\"@type\":\"Person\",\"@id\":\"https:\\\/\\\/manualdetecnicafotografica.com\\\/blog\\\/#\\\/schema\\\/person\\\/cddd7c18226cc18838d48a720af4a08e\",\"name\":\"Juan Ignacio Torres\",\"image\":{\"@type\":\"ImageObject\",\"inLanguage\":\"es\",\"@id\":\"https:\\\/\\\/secure.gravatar.com\\\/avatar\\\/7556f0bc1c2915ae95a133ed9b370055801457decc58c028c14cfb975acd7528?s=96&d=wavatar&r=g\",\"url\":\"https:\\\/\\\/secure.gravatar.com\\\/avatar\\\/7556f0bc1c2915ae95a133ed9b370055801457decc58c028c14cfb975acd7528?s=96&d=wavatar&r=g\",\"contentUrl\":\"https:\\\/\\\/secure.gravatar.com\\\/avatar\\\/7556f0bc1c2915ae95a133ed9b370055801457decc58c028c14cfb975acd7528?s=96&d=wavatar&r=g\",\"caption\":\"Juan Ignacio Torres\"},\"url\":\"https:\\\/\\\/manualdetecnicafotografica.com\\\/blog\\\/author\\\/jitblog77\\\/\"}]}<\/script>\n<!-- \/ Yoast SEO plugin. -->","yoast_head_json":{"title":"Fotograf\u00eda en Navidad: Grandes recuerdos con decoraciones simples - Iniciaci\u00f3n a la Fotograf\u00eda","robots":{"index":"index","follow":"follow","max-snippet":"max-snippet:-1","max-image-preview":"max-image-preview:large","max-video-preview":"max-video-preview:-1"},"canonical":"https:\/\/manualdetecnicafotografica.com\/blog\/fotografia-en-navidad-grandes-recuerdos-con-decoraciones-simples\/","og_locale":"es_ES","og_type":"article","og_title":"Fotograf\u00eda en Navidad: Grandes recuerdos con decoraciones simples - Iniciaci\u00f3n a la Fotograf\u00eda","og_description":"Muchas veces pensamos que para lograr buenas fotos navide\u00f1as necesitamos un \u00e1rbol enorme, una casa perfectamente decorada o un escenario digno de revista. Pero la realidad es otra: las mejores fotos de Navidad no dependen de la decoraci\u00f3n, sino de las personas, el momento que compartimos y la precisi\u00f3n para capturarlo. En este art\u00edculo te [&hellip;]","og_url":"https:\/\/manualdetecnicafotografica.com\/blog\/fotografia-en-navidad-grandes-recuerdos-con-decoraciones-simples\/","og_site_name":"Iniciaci\u00f3n a la Fotograf\u00eda","article_published_time":"2025-12-17T15:50:37+00:00","article_modified_time":"2025-12-17T15:50:40+00:00","og_image":[{"width":1000,"height":894,"url":"https:\/\/manualdetecnicafotografica.com\/blog\/wp-content\/uploads\/2025\/12\/navidad-2025-14b.jpg","type":"image\/jpeg"}],"author":"Juan Ignacio Torres","twitter_card":"summary_large_image","twitter_misc":{"Escrito por":"Juan Ignacio Torres","Tiempo de lectura":"6 minutos"},"schema":{"@context":"https:\/\/schema.org","@graph":[{"@type":"Article","@id":"https:\/\/manualdetecnicafotografica.com\/blog\/fotografia-en-navidad-grandes-recuerdos-con-decoraciones-simples\/#article","isPartOf":{"@id":"https:\/\/manualdetecnicafotografica.com\/blog\/fotografia-en-navidad-grandes-recuerdos-con-decoraciones-simples\/"},"author":{"name":"Juan Ignacio Torres","@id":"https:\/\/manualdetecnicafotografica.com\/blog\/#\/schema\/person\/cddd7c18226cc18838d48a720af4a08e"},"headline":"Fotograf\u00eda en Navidad: Grandes recuerdos con decoraciones simples","datePublished":"2025-12-17T15:50:37+00:00","dateModified":"2025-12-17T15:50:40+00:00","mainEntityOfPage":{"@id":"https:\/\/manualdetecnicafotografica.com\/blog\/fotografia-en-navidad-grandes-recuerdos-con-decoraciones-simples\/"},"wordCount":538,"commentCount":1,"image":{"@id":"https:\/\/manualdetecnicafotografica.com\/blog\/fotografia-en-navidad-grandes-recuerdos-con-decoraciones-simples\/#primaryimage"},"thumbnailUrl":"https:\/\/manualdetecnicafotografica.com\/blog\/wp-content\/uploads\/2025\/12\/navidad-2025-14b.jpg","keywords":["fiestas","fotos navidenas","navidad"],"articleSection":["Trucos y Tips"],"inLanguage":"es","potentialAction":[{"@type":"CommentAction","name":"Comment","target":["https:\/\/manualdetecnicafotografica.com\/blog\/fotografia-en-navidad-grandes-recuerdos-con-decoraciones-simples\/#respond"]}]},{"@type":"WebPage","@id":"https:\/\/manualdetecnicafotografica.com\/blog\/fotografia-en-navidad-grandes-recuerdos-con-decoraciones-simples\/","url":"https:\/\/manualdetecnicafotografica.com\/blog\/fotografia-en-navidad-grandes-recuerdos-con-decoraciones-simples\/","name":"Fotograf\u00eda en Navidad: Grandes recuerdos con decoraciones simples - Iniciaci\u00f3n a la Fotograf\u00eda","isPartOf":{"@id":"https:\/\/manualdetecnicafotografica.com\/blog\/#website"},"primaryImageOfPage":{"@id":"https:\/\/manualdetecnicafotografica.com\/blog\/fotografia-en-navidad-grandes-recuerdos-con-decoraciones-simples\/#primaryimage"},"image":{"@id":"https:\/\/manualdetecnicafotografica.com\/blog\/fotografia-en-navidad-grandes-recuerdos-con-decoraciones-simples\/#primaryimage"},"thumbnailUrl":"https:\/\/manualdetecnicafotografica.com\/blog\/wp-content\/uploads\/2025\/12\/navidad-2025-14b.jpg","datePublished":"2025-12-17T15:50:37+00:00","dateModified":"2025-12-17T15:50:40+00:00","author":{"@id":"https:\/\/manualdetecnicafotografica.com\/blog\/#\/schema\/person\/cddd7c18226cc18838d48a720af4a08e"},"breadcrumb":{"@id":"https:\/\/manualdetecnicafotografica.com\/blog\/fotografia-en-navidad-grandes-recuerdos-con-decoraciones-simples\/#breadcrumb"},"inLanguage":"es","potentialAction":[{"@type":"ReadAction","target":["https:\/\/manualdetecnicafotografica.com\/blog\/fotografia-en-navidad-grandes-recuerdos-con-decoraciones-simples\/"]}]},{"@type":"ImageObject","inLanguage":"es","@id":"https:\/\/manualdetecnicafotografica.com\/blog\/fotografia-en-navidad-grandes-recuerdos-con-decoraciones-simples\/#primaryimage","url":"https:\/\/manualdetecnicafotografica.com\/blog\/wp-content\/uploads\/2025\/12\/navidad-2025-14b.jpg","contentUrl":"https:\/\/manualdetecnicafotografica.com\/blog\/wp-content\/uploads\/2025\/12\/navidad-2025-14b.jpg","width":1000,"height":894},{"@type":"BreadcrumbList","@id":"https:\/\/manualdetecnicafotografica.com\/blog\/fotografia-en-navidad-grandes-recuerdos-con-decoraciones-simples\/#breadcrumb","itemListElement":[{"@type":"ListItem","position":1,"name":"Portada","item":"https:\/\/manualdetecnicafotografica.com\/blog\/"},{"@type":"ListItem","position":2,"name":"Fotograf\u00eda en Navidad: Grandes recuerdos con decoraciones simples"}]},{"@type":"WebSite","@id":"https:\/\/manualdetecnicafotografica.com\/blog\/#website","url":"https:\/\/manualdetecnicafotografica.com\/blog\/","name":"Iniciaci\u00f3n a la Fotograf\u00eda","description":"Blog de Juan Ignacio Torres","potentialAction":[{"@type":"SearchAction","target":{"@type":"EntryPoint","urlTemplate":"https:\/\/manualdetecnicafotografica.com\/blog\/?s={search_term_string}"},"query-input":{"@type":"PropertyValueSpecification","valueRequired":true,"valueName":"search_term_string"}}],"inLanguage":"es"},{"@type":"Person","@id":"https:\/\/manualdetecnicafotografica.com\/blog\/#\/schema\/person\/cddd7c18226cc18838d48a720af4a08e","name":"Juan Ignacio Torres","image":{"@type":"ImageObject","inLanguage":"es","@id":"https:\/\/secure.gravatar.com\/avatar\/7556f0bc1c2915ae95a133ed9b370055801457decc58c028c14cfb975acd7528?s=96&d=wavatar&r=g","url":"https:\/\/secure.gravatar.com\/avatar\/7556f0bc1c2915ae95a133ed9b370055801457decc58c028c14cfb975acd7528?s=96&d=wavatar&r=g","contentUrl":"https:\/\/secure.gravatar.com\/avatar\/7556f0bc1c2915ae95a133ed9b370055801457decc58c028c14cfb975acd7528?s=96&d=wavatar&r=g","caption":"Juan Ignacio Torres"},"url":"https:\/\/manualdetecnicafotografica.com\/blog\/author\/jitblog77\/"}]}},"_links":{"self":[{"href":"https:\/\/manualdetecnicafotografica.com\/blog\/wp-json\/wp\/v2\/posts\/4524","targetHints":{"allow":["GET"]}}],"collection":[{"href":"https:\/\/manualdetecnicafotografica.com\/blog\/wp-json\/wp\/v2\/posts"}],"about":[{"href":"https:\/\/manualdetecnicafotografica.com\/blog\/wp-json\/wp\/v2\/types\/post"}],"author":[{"embeddable":true,"href":"https:\/\/manualdetecnicafotografica.com\/blog\/wp-json\/wp\/v2\/users\/1"}],"replies":[{"embeddable":true,"href":"https:\/\/manualdetecnicafotografica.com\/blog\/wp-json\/wp\/v2\/comments?post=4524"}],"version-history":[{"count":4,"href":"https:\/\/manualdetecnicafotografica.com\/blog\/wp-json\/wp\/v2\/posts\/4524\/revisions"}],"predecessor-version":[{"id":4591,"href":"https:\/\/manualdetecnicafotografica.com\/blog\/wp-json\/wp\/v2\/posts\/4524\/revisions\/4591"}],"wp:featuredmedia":[{"embeddable":true,"href":"https:\/\/manualdetecnicafotografica.com\/blog\/wp-json\/wp\/v2\/media\/4544"}],"wp:attachment":[{"href":"https:\/\/manualdetecnicafotografica.com\/blog\/wp-json\/wp\/v2\/media?parent=4524"}],"wp:term":[{"taxonomy":"category","embeddable":true,"href":"https:\/\/manualdetecnicafotografica.com\/blog\/wp-json\/wp\/v2\/categories?post=4524"},{"taxonomy":"post_tag","embeddable":true,"href":"https:\/\/manualdetecnicafotografica.com\/blog\/wp-json\/wp\/v2\/tags?post=4524"}],"curies":[{"name":"wp","href":"https:\/\/api.w.org\/{rel}","templated":true}]}}