{"id":4418,"date":"2025-05-19T12:48:36","date_gmt":"2025-05-19T15:48:36","guid":{"rendered":"https:\/\/manualdetecnicafotografica.com\/blog\/?p=4418"},"modified":"2025-06-09T17:05:52","modified_gmt":"2025-06-09T20:05:52","slug":"entrenamiento-fotografico-de-5-dias-gratis-y-100-practico","status":"publish","type":"post","link":"https:\/\/manualdetecnicafotografica.com\/blog\/entrenamiento-fotografico-de-5-dias-gratis-y-100-practico\/","title":{"rendered":"Entrenamiento Fotogr\u00e1fico de 3 D\u00edas \u2013 100% Gratis y Pr\u00e1ctico"},"content":{"rendered":"<p data-start=\"339\" data-end=\"466\">Abierto a toda la comunidad amante de la fotograf\u00eda, tenemos el agrado de anunciar esta propuesta para aprender y mejorar juntos&#8230; Un entrenamiento para quienes quienes desean mucha pr\u00e1ctica, acompa\u00f1amiento y motivaci\u00f3n para mejorar.<\/p>\n<p data-start=\"339\" data-end=\"466\"><strong data-start=\"1997\" data-end=\"2015\">Registrarte aqu\u00ed:<\/strong> <a href=\"https:\/\/cursos.manualdetecnicafotografica.com\/inscripcion-entrenamiento-fotografico\" target=\"_blank\" rel=\"noopener\">https:\/\/cursos.manualdetecnicafotografica.com\/inscripcion-entrenamiento-fotografico<\/a><\/p>\n<p data-start=\"624\" data-end=\"763\"><a href=\"https:\/\/cursos.manualdetecnicafotografica.com\/inscripcion-entrenamiento-fotografico\"><img loading=\"lazy\" decoding=\"async\" class=\"aligncenter wp-image-4449 size-full\" src=\"https:\/\/manualdetecnicafotografica.com\/blog\/wp-content\/uploads\/2025\/05\/entramiento-fotografia-practico-1.png\" alt=\"\" width=\"1200\" height=\"628\" srcset=\"https:\/\/manualdetecnicafotografica.com\/blog\/wp-content\/uploads\/2025\/05\/entramiento-fotografia-practico-1.png 1200w, https:\/\/manualdetecnicafotografica.com\/blog\/wp-content\/uploads\/2025\/05\/entramiento-fotografia-practico-1-300x157.png 300w, https:\/\/manualdetecnicafotografica.com\/blog\/wp-content\/uploads\/2025\/05\/entramiento-fotografia-practico-1-1024x536.png 1024w, https:\/\/manualdetecnicafotografica.com\/blog\/wp-content\/uploads\/2025\/05\/entramiento-fotografia-practico-1-768x402.png 768w\" sizes=\"auto, (max-width: 1200px) 100vw, 1200px\" \/><\/a><\/p>\n<h2 class=\"\" data-start=\"770\" data-end=\"808\">\u00bfQu\u00e9 incluye este entrenamiento?<\/h2>\n<p class=\"\" data-start=\"810\" data-end=\"1155\">\u2705 <strong data-start=\"812\" data-end=\"840\">5 documentos PDF <\/strong>con ejercicios pr\u00e1cticos guiados<br data-start=\"853\" data-end=\"856\" \/>\u2705 <strong data-start=\"858\" data-end=\"904\">Temas esenciales de la t\u00e9cnica fotogr\u00e1fica<\/strong> explicados de forma clara<br data-start=\"930\" data-end=\"933\" \/>\u2705 <strong data-start=\"935\" data-end=\"1000\">Ejercicios dise\u00f1ados para entrenar el ojo y ganar experiencia<\/strong><\/p>\n<hr class=\"\" data-start=\"1157\" data-end=\"1160\" \/>\n<h2 class=\"\" data-start=\"1162\" data-end=\"1209\">\u00bfQu\u00e9 vas a lograr con este entrenamiento?<\/h2>\n<ul data-start=\"1211\" data-end=\"1543\">\n<li class=\"\" data-start=\"1211\" data-end=\"1279\">\n<p class=\"\" data-start=\"1213\" data-end=\"1279\">Aplicar los <strong data-start=\"1238\" data-end=\"1279\">fundamentos de la t\u00e9cnica fotogr\u00e1fica<\/strong> mediante ejercicios<\/p>\n<\/li>\n<li class=\"\" data-start=\"1280\" data-end=\"1339\">\n<p class=\"\" data-start=\"1282\" data-end=\"1339\"><strong>Ganar confianza<\/strong> para salir a fotografiar por tu cuenta.<\/p>\n<\/li>\n<li class=\"\" data-start=\"1457\" data-end=\"1543\">\n<p class=\"\" data-start=\"1459\" data-end=\"1543\"><strong>Crear un h\u00e1bito de pr\u00e1ctica y observaci\u00f3n.<\/strong><\/p>\n<\/li>\n<\/ul>\n<hr class=\"\" data-start=\"1545\" data-end=\"1548\" \/>\n<h2 class=\"\" data-start=\"1550\" data-end=\"1573\">\u00bfCu\u00e1ndo puedo comenzar?<\/h2>\n<p class=\"\" data-start=\"1575\" data-end=\"1729\">Puedes comenzar en este preciso momento. Recibir\u00e1s el contenido de cada pr\u00e1ctica inmediatamente en tu email al registrarte en el entrenamiento.<\/p>\n<hr class=\"\" data-start=\"1731\" data-end=\"1734\" \/>\n<h2 class=\"\" data-start=\"1736\" data-end=\"1759\">\u00bfC\u00f3mo participar?<\/h2>\n<p class=\"\" data-start=\"1761\" data-end=\"1992\">Simplemente completa el registro para inscribir tu correo electr\u00f3nico y recibir el entrenamiento. Es totalmente <strong data-start=\"1861\" data-end=\"1871\">gratis<\/strong> y abierto para cualquier persona que quiera mejorar sus fotos, practicar y disfrutar del proceso de aprender fotograf\u00eda.<\/p>\n<p class=\"\" data-start=\"1994\" data-end=\"2037\"><strong data-start=\"1997\" data-end=\"2015\">Registrarte aqu\u00ed:<\/strong> <a href=\"https:\/\/cursos.manualdetecnicafotografica.com\/inscripcion-entrenamiento-fotografico\" target=\"_blank\" rel=\"noopener\">https:\/\/cursos.manualdetecnicafotografica.com\/inscripcion-entrenamiento-fotografico<\/a><\/p>\n<p data-start=\"1994\" data-end=\"2037\">Nos vemos dentro del entrenamiento!<\/p>\n<h2 data-start=\"1994\" data-end=\"2037\">Lo que dicen nuestros lectores de nosotros&#8230;<\/h2>\n<p data-start=\"1994\" data-end=\"2037\" data-wp-editing=\"1\"><img loading=\"lazy\" decoding=\"async\" class=\"aligncenter size-full wp-image-4450\" src=\"https:\/\/manualdetecnicafotografica.com\/blog\/wp-content\/uploads\/2025\/05\/testimonio1.png\" alt=\"\" width=\"1072\" height=\"504\" srcset=\"https:\/\/manualdetecnicafotografica.com\/blog\/wp-content\/uploads\/2025\/05\/testimonio1.png 1072w, https:\/\/manualdetecnicafotografica.com\/blog\/wp-content\/uploads\/2025\/05\/testimonio1-300x141.png 300w, https:\/\/manualdetecnicafotografica.com\/blog\/wp-content\/uploads\/2025\/05\/testimonio1-1024x481.png 1024w, https:\/\/manualdetecnicafotografica.com\/blog\/wp-content\/uploads\/2025\/05\/testimonio1-768x361.png 768w\" sizes=\"auto, (max-width: 1072px) 100vw, 1072px\" \/> <img loading=\"lazy\" decoding=\"async\" class=\"aligncenter size-full wp-image-4451\" src=\"https:\/\/manualdetecnicafotografica.com\/blog\/wp-content\/uploads\/2025\/05\/testimonio2.png\" alt=\"\" width=\"1072\" height=\"720\" srcset=\"https:\/\/manualdetecnicafotografica.com\/blog\/wp-content\/uploads\/2025\/05\/testimonio2.png 1072w, https:\/\/manualdetecnicafotografica.com\/blog\/wp-content\/uploads\/2025\/05\/testimonio2-300x201.png 300w, https:\/\/manualdetecnicafotografica.com\/blog\/wp-content\/uploads\/2025\/05\/testimonio2-1024x688.png 1024w, https:\/\/manualdetecnicafotografica.com\/blog\/wp-content\/uploads\/2025\/05\/testimonio2-768x516.png 768w, https:\/\/manualdetecnicafotografica.com\/blog\/wp-content\/uploads\/2025\/05\/testimonio2-272x182.png 272w\" sizes=\"auto, (max-width: 1072px) 100vw, 1072px\" \/><\/p>\n\n\n<p><a href=\"https:\/\/manualdetecnicafotografica.com\/blog\/acerca\/\" target=\"_blank\" rel=\"noreferrer noopener\">Leer todos los comentarios<\/a><\/p>\n","protected":false},"excerpt":{"rendered":"<p>Abierto a toda la comunidad amante de la fotograf\u00eda, tenemos el agrado de anunciar esta propuesta para aprender y mejorar juntos&#8230; Un entrenamiento para quienes quienes desean mucha pr\u00e1ctica, acompa\u00f1amiento y motivaci\u00f3n para mejorar. Registrarte aqu\u00ed: https:\/\/cursos.manualdetecnicafotografica.com\/inscripcion-entrenamiento-fotografico \u00bfQu\u00e9 incluye este entrenamiento? \u2705 5 documentos PDF con ejercicios pr\u00e1cticos guiados\u2705 Temas esenciales de la t\u00e9cnica fotogr\u00e1fica [&hellip;]<\/p>\n","protected":false},"author":1,"featured_media":4447,"comment_status":"open","ping_status":"open","sticky":false,"template":"","format":"standard","meta":{"_genesis_hide_title":false,"_genesis_hide_breadcrumbs":false,"_genesis_hide_singular_image":false,"_genesis_hide_footer_widgets":false,"_genesis_custom_body_class":"","_genesis_custom_post_class":"","_genesis_layout":"","_glsr_average":0,"_glsr_ranking":0,"_glsr_reviews":0,"footnotes":""},"categories":[96],"tags":[463,462,464,465],"class_list":{"0":"post-4418","1":"post","2":"type-post","3":"status-publish","4":"format-standard","5":"has-post-thumbnail","7":"category-ejercicios","8":"tag-entrenamiento-online","9":"tag-evento","10":"tag-evento-semanal","11":"tag-taller-semanal","12":"entry"},"yoast_head":"<!-- This site is optimized with the Yoast SEO plugin v27.4 - https:\/\/yoast.com\/product\/yoast-seo-wordpress\/ -->\n<title>Entrenamiento Fotogr\u00e1fico de 3 D\u00edas \u2013 100% Gratis y Pr\u00e1ctico - Iniciaci\u00f3n a la Fotograf\u00eda<\/title>\n<meta name=\"robots\" content=\"index, follow, max-snippet:-1, max-image-preview:large, max-video-preview:-1\" \/>\n<link rel=\"canonical\" href=\"https:\/\/manualdetecnicafotografica.com\/blog\/entrenamiento-fotografico-de-5-dias-gratis-y-100-practico\/\" \/>\n<meta property=\"og:locale\" content=\"es_ES\" \/>\n<meta property=\"og:type\" content=\"article\" \/>\n<meta property=\"og:title\" content=\"Entrenamiento Fotogr\u00e1fico de 3 D\u00edas \u2013 100% Gratis y Pr\u00e1ctico - Iniciaci\u00f3n a la Fotograf\u00eda\" \/>\n<meta property=\"og:description\" content=\"Abierto a toda la comunidad amante de la fotograf\u00eda, tenemos el agrado de anunciar esta propuesta para aprender y mejorar juntos&#8230; Un entrenamiento para quienes quienes desean mucha pr\u00e1ctica, acompa\u00f1amiento y motivaci\u00f3n para mejorar. Registrarte aqu\u00ed: https:\/\/cursos.manualdetecnicafotografica.com\/inscripcion-entrenamiento-fotografico \u00bfQu\u00e9 incluye este entrenamiento? \u2705 5 documentos PDF con ejercicios pr\u00e1cticos guiados\u2705 Temas esenciales de la t\u00e9cnica fotogr\u00e1fica [&hellip;]\" \/>\n<meta property=\"og:url\" content=\"https:\/\/manualdetecnicafotografica.com\/blog\/entrenamiento-fotografico-de-5-dias-gratis-y-100-practico\/\" \/>\n<meta property=\"og:site_name\" content=\"Iniciaci\u00f3n a la Fotograf\u00eda\" \/>\n<meta property=\"article:published_time\" content=\"2025-05-19T15:48:36+00:00\" \/>\n<meta property=\"article:modified_time\" content=\"2025-06-09T20:05:52+00:00\" \/>\n<meta property=\"og:image\" content=\"https:\/\/manualdetecnicafotografica.com\/blog\/wp-content\/uploads\/2025\/06\/entramiento-fotografia-practico-3.png\" \/>\n\t<meta property=\"og:image:width\" content=\"350\" \/>\n\t<meta property=\"og:image:height\" content=\"350\" \/>\n\t<meta property=\"og:image:type\" content=\"image\/png\" \/>\n<meta name=\"author\" content=\"Juan Ignacio Torres\" \/>\n<meta name=\"twitter:card\" content=\"summary_large_image\" \/>\n<meta name=\"twitter:label1\" content=\"Escrito por\" \/>\n\t<meta name=\"twitter:data1\" content=\"Juan Ignacio Torres\" \/>\n\t<meta name=\"twitter:label2\" content=\"Tiempo de lectura\" \/>\n\t<meta name=\"twitter:data2\" content=\"2 minutos\" \/>\n<script type=\"application\/ld+json\" class=\"yoast-schema-graph\">{\"@context\":\"https:\\\/\\\/schema.org\",\"@graph\":[{\"@type\":\"Article\",\"@id\":\"https:\\\/\\\/manualdetecnicafotografica.com\\\/blog\\\/entrenamiento-fotografico-de-5-dias-gratis-y-100-practico\\\/#article\",\"isPartOf\":{\"@id\":\"https:\\\/\\\/manualdetecnicafotografica.com\\\/blog\\\/entrenamiento-fotografico-de-5-dias-gratis-y-100-practico\\\/\"},\"author\":{\"name\":\"Juan Ignacio Torres\",\"@id\":\"https:\\\/\\\/manualdetecnicafotografica.com\\\/blog\\\/#\\\/schema\\\/person\\\/cddd7c18226cc18838d48a720af4a08e\"},\"headline\":\"Entrenamiento Fotogr\u00e1fico de 3 D\u00edas \u2013 100% Gratis y Pr\u00e1ctico\",\"datePublished\":\"2025-05-19T15:48:36+00:00\",\"dateModified\":\"2025-06-09T20:05:52+00:00\",\"mainEntityOfPage\":{\"@id\":\"https:\\\/\\\/manualdetecnicafotografica.com\\\/blog\\\/entrenamiento-fotografico-de-5-dias-gratis-y-100-practico\\\/\"},\"wordCount\":214,\"commentCount\":0,\"image\":{\"@id\":\"https:\\\/\\\/manualdetecnicafotografica.com\\\/blog\\\/entrenamiento-fotografico-de-5-dias-gratis-y-100-practico\\\/#primaryimage\"},\"thumbnailUrl\":\"https:\\\/\\\/manualdetecnicafotografica.com\\\/blog\\\/wp-content\\\/uploads\\\/2025\\\/06\\\/entramiento-fotografia-practico-3.png\",\"keywords\":[\"entrenamiento online\",\"evento\",\"evento semanal\",\"taller semanal\"],\"articleSection\":[\"Ejercicios\"],\"inLanguage\":\"es\",\"potentialAction\":[{\"@type\":\"CommentAction\",\"name\":\"Comment\",\"target\":[\"https:\\\/\\\/manualdetecnicafotografica.com\\\/blog\\\/entrenamiento-fotografico-de-5-dias-gratis-y-100-practico\\\/#respond\"]}]},{\"@type\":\"WebPage\",\"@id\":\"https:\\\/\\\/manualdetecnicafotografica.com\\\/blog\\\/entrenamiento-fotografico-de-5-dias-gratis-y-100-practico\\\/\",\"url\":\"https:\\\/\\\/manualdetecnicafotografica.com\\\/blog\\\/entrenamiento-fotografico-de-5-dias-gratis-y-100-practico\\\/\",\"name\":\"Entrenamiento Fotogr\u00e1fico de 3 D\u00edas \u2013 100% Gratis y Pr\u00e1ctico - Iniciaci\u00f3n a la Fotograf\u00eda\",\"isPartOf\":{\"@id\":\"https:\\\/\\\/manualdetecnicafotografica.com\\\/blog\\\/#website\"},\"primaryImageOfPage\":{\"@id\":\"https:\\\/\\\/manualdetecnicafotografica.com\\\/blog\\\/entrenamiento-fotografico-de-5-dias-gratis-y-100-practico\\\/#primaryimage\"},\"image\":{\"@id\":\"https:\\\/\\\/manualdetecnicafotografica.com\\\/blog\\\/entrenamiento-fotografico-de-5-dias-gratis-y-100-practico\\\/#primaryimage\"},\"thumbnailUrl\":\"https:\\\/\\\/manualdetecnicafotografica.com\\\/blog\\\/wp-content\\\/uploads\\\/2025\\\/06\\\/entramiento-fotografia-practico-3.png\",\"datePublished\":\"2025-05-19T15:48:36+00:00\",\"dateModified\":\"2025-06-09T20:05:52+00:00\",\"author\":{\"@id\":\"https:\\\/\\\/manualdetecnicafotografica.com\\\/blog\\\/#\\\/schema\\\/person\\\/cddd7c18226cc18838d48a720af4a08e\"},\"breadcrumb\":{\"@id\":\"https:\\\/\\\/manualdetecnicafotografica.com\\\/blog\\\/entrenamiento-fotografico-de-5-dias-gratis-y-100-practico\\\/#breadcrumb\"},\"inLanguage\":\"es\",\"potentialAction\":[{\"@type\":\"ReadAction\",\"target\":[\"https:\\\/\\\/manualdetecnicafotografica.com\\\/blog\\\/entrenamiento-fotografico-de-5-dias-gratis-y-100-practico\\\/\"]}]},{\"@type\":\"ImageObject\",\"inLanguage\":\"es\",\"@id\":\"https:\\\/\\\/manualdetecnicafotografica.com\\\/blog\\\/entrenamiento-fotografico-de-5-dias-gratis-y-100-practico\\\/#primaryimage\",\"url\":\"https:\\\/\\\/manualdetecnicafotografica.com\\\/blog\\\/wp-content\\\/uploads\\\/2025\\\/06\\\/entramiento-fotografia-practico-3.png\",\"contentUrl\":\"https:\\\/\\\/manualdetecnicafotografica.com\\\/blog\\\/wp-content\\\/uploads\\\/2025\\\/06\\\/entramiento-fotografia-practico-3.png\",\"width\":350,\"height\":350},{\"@type\":\"BreadcrumbList\",\"@id\":\"https:\\\/\\\/manualdetecnicafotografica.com\\\/blog\\\/entrenamiento-fotografico-de-5-dias-gratis-y-100-practico\\\/#breadcrumb\",\"itemListElement\":[{\"@type\":\"ListItem\",\"position\":1,\"name\":\"Portada\",\"item\":\"https:\\\/\\\/manualdetecnicafotografica.com\\\/blog\\\/\"},{\"@type\":\"ListItem\",\"position\":2,\"name\":\"Entrenamiento Fotogr\u00e1fico de 3 D\u00edas \u2013 100% Gratis y Pr\u00e1ctico\"}]},{\"@type\":\"WebSite\",\"@id\":\"https:\\\/\\\/manualdetecnicafotografica.com\\\/blog\\\/#website\",\"url\":\"https:\\\/\\\/manualdetecnicafotografica.com\\\/blog\\\/\",\"name\":\"Iniciaci\u00f3n a la Fotograf\u00eda\",\"description\":\"Blog de Juan Ignacio Torres\",\"potentialAction\":[{\"@type\":\"SearchAction\",\"target\":{\"@type\":\"EntryPoint\",\"urlTemplate\":\"https:\\\/\\\/manualdetecnicafotografica.com\\\/blog\\\/?s={search_term_string}\"},\"query-input\":{\"@type\":\"PropertyValueSpecification\",\"valueRequired\":true,\"valueName\":\"search_term_string\"}}],\"inLanguage\":\"es\"},{\"@type\":\"Person\",\"@id\":\"https:\\\/\\\/manualdetecnicafotografica.com\\\/blog\\\/#\\\/schema\\\/person\\\/cddd7c18226cc18838d48a720af4a08e\",\"name\":\"Juan Ignacio Torres\",\"image\":{\"@type\":\"ImageObject\",\"inLanguage\":\"es\",\"@id\":\"https:\\\/\\\/secure.gravatar.com\\\/avatar\\\/7556f0bc1c2915ae95a133ed9b370055801457decc58c028c14cfb975acd7528?s=96&d=wavatar&r=g\",\"url\":\"https:\\\/\\\/secure.gravatar.com\\\/avatar\\\/7556f0bc1c2915ae95a133ed9b370055801457decc58c028c14cfb975acd7528?s=96&d=wavatar&r=g\",\"contentUrl\":\"https:\\\/\\\/secure.gravatar.com\\\/avatar\\\/7556f0bc1c2915ae95a133ed9b370055801457decc58c028c14cfb975acd7528?s=96&d=wavatar&r=g\",\"caption\":\"Juan Ignacio Torres\"},\"url\":\"https:\\\/\\\/manualdetecnicafotografica.com\\\/blog\\\/author\\\/jitblog77\\\/\"}]}<\/script>\n<!-- \/ Yoast SEO plugin. -->","yoast_head_json":{"title":"Entrenamiento Fotogr\u00e1fico de 3 D\u00edas \u2013 100% Gratis y Pr\u00e1ctico - Iniciaci\u00f3n a la Fotograf\u00eda","robots":{"index":"index","follow":"follow","max-snippet":"max-snippet:-1","max-image-preview":"max-image-preview:large","max-video-preview":"max-video-preview:-1"},"canonical":"https:\/\/manualdetecnicafotografica.com\/blog\/entrenamiento-fotografico-de-5-dias-gratis-y-100-practico\/","og_locale":"es_ES","og_type":"article","og_title":"Entrenamiento Fotogr\u00e1fico de 3 D\u00edas \u2013 100% Gratis y Pr\u00e1ctico - Iniciaci\u00f3n a la Fotograf\u00eda","og_description":"Abierto a toda la comunidad amante de la fotograf\u00eda, tenemos el agrado de anunciar esta propuesta para aprender y mejorar juntos&#8230; Un entrenamiento para quienes quienes desean mucha pr\u00e1ctica, acompa\u00f1amiento y motivaci\u00f3n para mejorar. Registrarte aqu\u00ed: https:\/\/cursos.manualdetecnicafotografica.com\/inscripcion-entrenamiento-fotografico \u00bfQu\u00e9 incluye este entrenamiento? \u2705 5 documentos PDF con ejercicios pr\u00e1cticos guiados\u2705 Temas esenciales de la t\u00e9cnica fotogr\u00e1fica [&hellip;]","og_url":"https:\/\/manualdetecnicafotografica.com\/blog\/entrenamiento-fotografico-de-5-dias-gratis-y-100-practico\/","og_site_name":"Iniciaci\u00f3n a la Fotograf\u00eda","article_published_time":"2025-05-19T15:48:36+00:00","article_modified_time":"2025-06-09T20:05:52+00:00","og_image":[{"width":350,"height":350,"url":"https:\/\/manualdetecnicafotografica.com\/blog\/wp-content\/uploads\/2025\/06\/entramiento-fotografia-practico-3.png","type":"image\/png"}],"author":"Juan Ignacio Torres","twitter_card":"summary_large_image","twitter_misc":{"Escrito por":"Juan Ignacio Torres","Tiempo de lectura":"2 minutos"},"schema":{"@context":"https:\/\/schema.org","@graph":[{"@type":"Article","@id":"https:\/\/manualdetecnicafotografica.com\/blog\/entrenamiento-fotografico-de-5-dias-gratis-y-100-practico\/#article","isPartOf":{"@id":"https:\/\/manualdetecnicafotografica.com\/blog\/entrenamiento-fotografico-de-5-dias-gratis-y-100-practico\/"},"author":{"name":"Juan Ignacio Torres","@id":"https:\/\/manualdetecnicafotografica.com\/blog\/#\/schema\/person\/cddd7c18226cc18838d48a720af4a08e"},"headline":"Entrenamiento Fotogr\u00e1fico de 3 D\u00edas \u2013 100% Gratis y Pr\u00e1ctico","datePublished":"2025-05-19T15:48:36+00:00","dateModified":"2025-06-09T20:05:52+00:00","mainEntityOfPage":{"@id":"https:\/\/manualdetecnicafotografica.com\/blog\/entrenamiento-fotografico-de-5-dias-gratis-y-100-practico\/"},"wordCount":214,"commentCount":0,"image":{"@id":"https:\/\/manualdetecnicafotografica.com\/blog\/entrenamiento-fotografico-de-5-dias-gratis-y-100-practico\/#primaryimage"},"thumbnailUrl":"https:\/\/manualdetecnicafotografica.com\/blog\/wp-content\/uploads\/2025\/06\/entramiento-fotografia-practico-3.png","keywords":["entrenamiento online","evento","evento semanal","taller semanal"],"articleSection":["Ejercicios"],"inLanguage":"es","potentialAction":[{"@type":"CommentAction","name":"Comment","target":["https:\/\/manualdetecnicafotografica.com\/blog\/entrenamiento-fotografico-de-5-dias-gratis-y-100-practico\/#respond"]}]},{"@type":"WebPage","@id":"https:\/\/manualdetecnicafotografica.com\/blog\/entrenamiento-fotografico-de-5-dias-gratis-y-100-practico\/","url":"https:\/\/manualdetecnicafotografica.com\/blog\/entrenamiento-fotografico-de-5-dias-gratis-y-100-practico\/","name":"Entrenamiento Fotogr\u00e1fico de 3 D\u00edas \u2013 100% Gratis y Pr\u00e1ctico - Iniciaci\u00f3n a la Fotograf\u00eda","isPartOf":{"@id":"https:\/\/manualdetecnicafotografica.com\/blog\/#website"},"primaryImageOfPage":{"@id":"https:\/\/manualdetecnicafotografica.com\/blog\/entrenamiento-fotografico-de-5-dias-gratis-y-100-practico\/#primaryimage"},"image":{"@id":"https:\/\/manualdetecnicafotografica.com\/blog\/entrenamiento-fotografico-de-5-dias-gratis-y-100-practico\/#primaryimage"},"thumbnailUrl":"https:\/\/manualdetecnicafotografica.com\/blog\/wp-content\/uploads\/2025\/06\/entramiento-fotografia-practico-3.png","datePublished":"2025-05-19T15:48:36+00:00","dateModified":"2025-06-09T20:05:52+00:00","author":{"@id":"https:\/\/manualdetecnicafotografica.com\/blog\/#\/schema\/person\/cddd7c18226cc18838d48a720af4a08e"},"breadcrumb":{"@id":"https:\/\/manualdetecnicafotografica.com\/blog\/entrenamiento-fotografico-de-5-dias-gratis-y-100-practico\/#breadcrumb"},"inLanguage":"es","potentialAction":[{"@type":"ReadAction","target":["https:\/\/manualdetecnicafotografica.com\/blog\/entrenamiento-fotografico-de-5-dias-gratis-y-100-practico\/"]}]},{"@type":"ImageObject","inLanguage":"es","@id":"https:\/\/manualdetecnicafotografica.com\/blog\/entrenamiento-fotografico-de-5-dias-gratis-y-100-practico\/#primaryimage","url":"https:\/\/manualdetecnicafotografica.com\/blog\/wp-content\/uploads\/2025\/06\/entramiento-fotografia-practico-3.png","contentUrl":"https:\/\/manualdetecnicafotografica.com\/blog\/wp-content\/uploads\/2025\/06\/entramiento-fotografia-practico-3.png","width":350,"height":350},{"@type":"BreadcrumbList","@id":"https:\/\/manualdetecnicafotografica.com\/blog\/entrenamiento-fotografico-de-5-dias-gratis-y-100-practico\/#breadcrumb","itemListElement":[{"@type":"ListItem","position":1,"name":"Portada","item":"https:\/\/manualdetecnicafotografica.com\/blog\/"},{"@type":"ListItem","position":2,"name":"Entrenamiento Fotogr\u00e1fico de 3 D\u00edas \u2013 100% Gratis y Pr\u00e1ctico"}]},{"@type":"WebSite","@id":"https:\/\/manualdetecnicafotografica.com\/blog\/#website","url":"https:\/\/manualdetecnicafotografica.com\/blog\/","name":"Iniciaci\u00f3n a la Fotograf\u00eda","description":"Blog de Juan Ignacio Torres","potentialAction":[{"@type":"SearchAction","target":{"@type":"EntryPoint","urlTemplate":"https:\/\/manualdetecnicafotografica.com\/blog\/?s={search_term_string}"},"query-input":{"@type":"PropertyValueSpecification","valueRequired":true,"valueName":"search_term_string"}}],"inLanguage":"es"},{"@type":"Person","@id":"https:\/\/manualdetecnicafotografica.com\/blog\/#\/schema\/person\/cddd7c18226cc18838d48a720af4a08e","name":"Juan Ignacio Torres","image":{"@type":"ImageObject","inLanguage":"es","@id":"https:\/\/secure.gravatar.com\/avatar\/7556f0bc1c2915ae95a133ed9b370055801457decc58c028c14cfb975acd7528?s=96&d=wavatar&r=g","url":"https:\/\/secure.gravatar.com\/avatar\/7556f0bc1c2915ae95a133ed9b370055801457decc58c028c14cfb975acd7528?s=96&d=wavatar&r=g","contentUrl":"https:\/\/secure.gravatar.com\/avatar\/7556f0bc1c2915ae95a133ed9b370055801457decc58c028c14cfb975acd7528?s=96&d=wavatar&r=g","caption":"Juan Ignacio Torres"},"url":"https:\/\/manualdetecnicafotografica.com\/blog\/author\/jitblog77\/"}]}},"_links":{"self":[{"href":"https:\/\/manualdetecnicafotografica.com\/blog\/wp-json\/wp\/v2\/posts\/4418","targetHints":{"allow":["GET"]}}],"collection":[{"href":"https:\/\/manualdetecnicafotografica.com\/blog\/wp-json\/wp\/v2\/posts"}],"about":[{"href":"https:\/\/manualdetecnicafotografica.com\/blog\/wp-json\/wp\/v2\/types\/post"}],"author":[{"embeddable":true,"href":"https:\/\/manualdetecnicafotografica.com\/blog\/wp-json\/wp\/v2\/users\/1"}],"replies":[{"embeddable":true,"href":"https:\/\/manualdetecnicafotografica.com\/blog\/wp-json\/wp\/v2\/comments?post=4418"}],"version-history":[{"count":2,"href":"https:\/\/manualdetecnicafotografica.com\/blog\/wp-json\/wp\/v2\/posts\/4418\/revisions"}],"predecessor-version":[{"id":4452,"href":"https:\/\/manualdetecnicafotografica.com\/blog\/wp-json\/wp\/v2\/posts\/4418\/revisions\/4452"}],"wp:featuredmedia":[{"embeddable":true,"href":"https:\/\/manualdetecnicafotografica.com\/blog\/wp-json\/wp\/v2\/media\/4447"}],"wp:attachment":[{"href":"https:\/\/manualdetecnicafotografica.com\/blog\/wp-json\/wp\/v2\/media?parent=4418"}],"wp:term":[{"taxonomy":"category","embeddable":true,"href":"https:\/\/manualdetecnicafotografica.com\/blog\/wp-json\/wp\/v2\/categories?post=4418"},{"taxonomy":"post_tag","embeddable":true,"href":"https:\/\/manualdetecnicafotografica.com\/blog\/wp-json\/wp\/v2\/tags?post=4418"}],"curies":[{"name":"wp","href":"https:\/\/api.w.org\/{rel}","templated":true}]}}