{"id":4062,"date":"2024-09-18T12:01:31","date_gmt":"2024-09-18T15:01:31","guid":{"rendered":"https:\/\/manualdetecnicafotografica.com\/blog\/?p=4062"},"modified":"2024-09-18T12:14:03","modified_gmt":"2024-09-18T15:14:03","slug":"como-potenciar-la-narrativa-fotografica-con-el-uso-del-color-y-la-luz","status":"publish","type":"post","link":"https:\/\/manualdetecnicafotografica.com\/blog\/como-potenciar-la-narrativa-fotografica-con-el-uso-del-color-y-la-luz\/","title":{"rendered":"C\u00f3mo Potenciar la Narrativa Fotogr\u00e1fica con el uso del Color y la Luz"},"content":{"rendered":"<p><span style=\"font-weight: 400;\">Hoy vamos a hablar de dos grandes aliados que juegan un papel crucial en la narrativa fotogr\u00e1fica. No s\u00f3lo gu\u00edan la forma en que el espectador interpreta una imagen, sino que tambi\u00e9n despiertan emociones y ayudan a transmitir mensajes. A lo largo del tiempo, muchos fot\u00f3grafos han utilizado estos elementos para darle m\u00e1s profundidad a sus fotos, a\u00f1adiendo capas de significado que enriquecen la imagen. <\/span><span style=\"font-weight: 400;\"><br \/>\n<\/span><span style=\"font-weight: 400;\"><br \/>\n<\/span><span style=\"font-weight: 400;\">En este art\u00edculo, vamos a ver <strong>c\u00f3mo la luz y el color influyen en c\u00f3mo contamos historias a trav\u00e9s de las fotos<\/strong>, y tambi\u00e9n conoceremos el trabajo de fot\u00f3grafos que han logrado crear una marca personal usando estas herramientas.<\/span><span style=\"font-weight: 400;\"><br \/>\n<\/span><\/p>\n<h2><b>El color como lenguaje visual<\/b><\/h2>\n<p><span style=\"font-weight: 400;\">Los colores son recursos elementales de la comunicaci\u00f3n visual dotados de asociaciones culturales y psicol\u00f3gicas que pueden influir en c\u00f3mo percibimos una imagen. La elecci\u00f3n de una paleta de colores espec\u00edfica puede cambiar el tono, el ambiente y el mensaje de una fotograf\u00eda. Por ejemplo, los colores c\u00e1lidos como el rojo y el naranja pueden evocar pasi\u00f3n, energ\u00eda o peligro, mientras que los tonos fr\u00edos como el azul y el verde sugieren calma, serenidad o incluso tristeza.<\/span><span style=\"font-weight: 400;\"><br \/>\n<\/span><\/p>\n<h3><b>William Eggleston<\/b><\/h3>\n<p><span style=\"font-weight: 400;\">Es uno de los pioneros en el uso del color en la fotograf\u00eda art\u00edstica y es considerado a menudo como el padre de la fotograf\u00eda en color, gracias a que -en la d\u00e9cada del 70- demostr\u00f3 que las im\u00e1genes en color pod\u00edan ser tan art\u00edsticas y profundas como lo eran las im\u00e1genes en blanco y negro.<\/span><\/p>\n<p><span style=\"font-weight: 400;\">Eggleston hace un cuidadoso uso de paletas saturadas para elevar escenas cotidianas a im\u00e1genes que simulan puestas en escena. Un ejemplo ic\u00f3nico es su fotograf\u00eda de una bombita de luz en una habitaci\u00f3n de paredes rojo vibrante. El uso del color no solo hace que la imagen sea visualmente impactante, sino que tambi\u00e9n a\u00f1ade un aire de tensi\u00f3n y extra\u00f1eza a una escena mundana. El color aqu\u00ed es esencial para la narrativa: convierte lo ordinario en algo digno de contemplaci\u00f3n.<\/span><\/p>\n<figure id=\"attachment_4065\" aria-describedby=\"caption-attachment-4065\" style=\"width: 900px\" class=\"wp-caption aligncenter\"><img loading=\"lazy\" decoding=\"async\" class=\"wp-image-4065 size-full\" src=\"https:\/\/manualdetecnicafotografica.com\/blog\/wp-content\/uploads\/2024\/09\/Eggleston.jpg\" alt=\"\" width=\"900\" height=\"578\" srcset=\"https:\/\/manualdetecnicafotografica.com\/blog\/wp-content\/uploads\/2024\/09\/Eggleston.jpg 900w, https:\/\/manualdetecnicafotografica.com\/blog\/wp-content\/uploads\/2024\/09\/Eggleston-300x193.jpg 300w, https:\/\/manualdetecnicafotografica.com\/blog\/wp-content\/uploads\/2024\/09\/Eggleston-768x493.jpg 768w\" sizes=\"auto, (max-width: 900px) 100vw, 900px\" \/><figcaption id=\"caption-attachment-4065\" class=\"wp-caption-text\">William Eggleston &#8211; Greenwood, Mississippi 1971<\/figcaption><\/figure>\n<h3><b>Steve McCurry<\/b><\/h3>\n<p><span style=\"font-weight: 400;\">Otro gran maestro del color que fue popularmente conocido por su famosa fotograf\u00eda de Sharbat Gula titulada \u00abNi\u00f1a afgana\u00bb, publicada en una portada de National Geographic en 1985. <\/span><\/p>\n<p><span style=\"font-weight: 400;\">En esta imagen, el color verde de los ojos de la ni\u00f1a genera un contraste complementario con su ropa roja desgastada y el fondo deslavado. Este contraste de colores no solo llama la atenci\u00f3n del espectador, sino que tambi\u00e9n genera una atm\u00f3sfera dram\u00e1tica intensificando el mensaje de la imagen: los ojos de la ni\u00f1a, cargados de profundas emociones, son el centro de la narrativa. <\/span><\/p>\n<p><span style=\"font-weight: 400;\">McCurry utiliza el color no solo para crear un impacto visual, sino para dirigir nuestra atenci\u00f3n y profundizar la conexi\u00f3n emocional con quienes retrata.<\/span><\/p>\n<figure id=\"attachment_4067\" aria-describedby=\"caption-attachment-4067\" style=\"width: 720px\" class=\"wp-caption aligncenter\"><img loading=\"lazy\" decoding=\"async\" class=\"wp-image-4067 size-full\" src=\"https:\/\/manualdetecnicafotografica.com\/blog\/wp-content\/uploads\/2024\/09\/mccurry.jpg\" alt=\"\" width=\"720\" height=\"1080\" srcset=\"https:\/\/manualdetecnicafotografica.com\/blog\/wp-content\/uploads\/2024\/09\/mccurry.jpg 720w, https:\/\/manualdetecnicafotografica.com\/blog\/wp-content\/uploads\/2024\/09\/mccurry-200x300.jpg 200w, https:\/\/manualdetecnicafotografica.com\/blog\/wp-content\/uploads\/2024\/09\/mccurry-683x1024.jpg 683w\" sizes=\"auto, (max-width: 720px) 100vw, 720px\" \/><figcaption id=\"caption-attachment-4067\" class=\"wp-caption-text\">Steve McCurry &#8211; Ni\u00f1a Afgana, 1984<\/figcaption><\/figure>\n<h2><b>La luz como constructora de atm\u00f3sfera<\/b><\/h2>\n<p><span style=\"font-weight: 400;\">Al igual que el color, la luz desempe\u00f1a un papel esencial en la narrativa fotogr\u00e1fica. La calidad, la direcci\u00f3n y la intensidad pueden cambiar completamente el significado de una imagen. La luz no solo es necesaria para hacer visible la escena, sino que tambi\u00e9n puede transmitir una sensaci\u00f3n de tiempo, lugar y emoci\u00f3n. La luz suave y difusa, como la de un d\u00eda nublado, puede crear una atm\u00f3sfera tranquila y melanc\u00f3lica. Por otro lado, una luz dura, con sombras pronunciadas, puede generar tensi\u00f3n, dramatismo o misterio.<\/span><\/p>\n<h3><b>Cindy Sherman<\/b><\/h3>\n<p><span style=\"font-weight: 400;\">Ella es una de las fot\u00f3grafas contempor\u00e1neas m\u00e1s influyentes. En sus proyectos, utiliza la luz de manera muy efectiva para reforzar la narrativa de sus autorretratos. En su serie \u00abUntitled Film Stills\u00bb, Sherman se convierte en personajes an\u00f3nimos de pel\u00edculas ficticias, aplicando la iluminaci\u00f3n cinematogr\u00e1fica para crear escenas que parecen fotogramas extra\u00eddos de viejos filmes de Hollywood. <\/span><\/p>\n<p><span style=\"font-weight: 400;\">La luz, cuidadosamente controlada, a\u00f1ade un clima particular a cada escena haciendo que cada imagen plasme una historia compleja en una sola toma.<\/span><\/p>\n<figure id=\"attachment_4068\" aria-describedby=\"caption-attachment-4068\" style=\"width: 715px\" class=\"wp-caption aligncenter\"><img loading=\"lazy\" decoding=\"async\" class=\"wp-image-4068 size-full\" src=\"https:\/\/manualdetecnicafotografica.com\/blog\/wp-content\/uploads\/2024\/09\/sherman.png\" alt=\"\" width=\"715\" height=\"898\" srcset=\"https:\/\/manualdetecnicafotografica.com\/blog\/wp-content\/uploads\/2024\/09\/sherman.png 715w, https:\/\/manualdetecnicafotografica.com\/blog\/wp-content\/uploads\/2024\/09\/sherman-239x300.png 239w\" sizes=\"auto, (max-width: 715px) 100vw, 715px\" \/><figcaption id=\"caption-attachment-4068\" class=\"wp-caption-text\">Cindy Sherman &#8211; Untitled Film Still #37<\/figcaption><\/figure>\n<h3><b>Gregory Crewdson<\/b><\/h3>\n<p><span style=\"font-weight: 400;\">Otro fot\u00f3grafo que utiliza la luz de manera magistral para contar historias. Sus im\u00e1genes, que a menudo parecen pinturas on\u00edricas, est\u00e1n meticulosamente planificadas e iluminadas. <\/span><\/p>\n<p><span style=\"font-weight: 400;\">Crewdson utiliza la luz para crear una sensaci\u00f3n de inquietud y misterio, combinando luz natural y artificial para dar a sus escenas una atm\u00f3sfera surrealista. En su serie \u00abBeneath the Roses\u00bb, las escenas suburbanas que captura est\u00e1n ba\u00f1adas en una luz que parece sobrenatural, proponiendo al espectador ir m\u00e1s all\u00e1 de lo que es visible.<\/span><\/p>\n<figure id=\"attachment_4064\" aria-describedby=\"caption-attachment-4064\" style=\"width: 1074px\" class=\"wp-caption aligncenter\"><img loading=\"lazy\" decoding=\"async\" class=\"wp-image-4064 size-full\" src=\"https:\/\/manualdetecnicafotografica.com\/blog\/wp-content\/uploads\/2024\/09\/crewdson.png\" alt=\"\" width=\"1074\" height=\"699\" srcset=\"https:\/\/manualdetecnicafotografica.com\/blog\/wp-content\/uploads\/2024\/09\/crewdson.png 1074w, https:\/\/manualdetecnicafotografica.com\/blog\/wp-content\/uploads\/2024\/09\/crewdson-300x195.png 300w, https:\/\/manualdetecnicafotografica.com\/blog\/wp-content\/uploads\/2024\/09\/crewdson-1024x666.png 1024w, https:\/\/manualdetecnicafotografica.com\/blog\/wp-content\/uploads\/2024\/09\/crewdson-768x500.png 768w\" sizes=\"auto, (max-width: 1074px) 100vw, 1074px\" \/><figcaption id=\"caption-attachment-4064\" class=\"wp-caption-text\">Gregory Crewdson &#8211; Untitled, 2004 de la serie Beneath the Roses<\/figcaption><\/figure>\n<p>El tipo de iluminaci\u00f3n que Crewdson construye para sus fotograf\u00edas, de sombras profundas y luces emanadas de fuentes inusuales, crea una atm\u00f3sfera de alienaci\u00f3n y aislamiento que refuerza la historia de cada personaje.<\/p>\n<h2><b>La interacci\u00f3n entre color y luz<\/b><\/h2>\n<p><span style=\"font-weight: 400;\">Si bien el color y la luz son poderosos por s\u00ed solos, <strong>su interacci\u00f3n puede llevar la narrativa fotogr\u00e1fica a otro nivel.<\/strong> La forma en que la luz incide en los colores de una escena puede cambiar radicalmente su significado. Por ejemplo, una luz c\u00e1lida de atardecer puede intensificar los tonos rojos y naranjas, mientras que una luz fr\u00eda y difusa en un d\u00eda nublado puede desaturar una escena y darle un aire m\u00e1s distante o solitario.<\/span><\/p>\n<h3><b>Saul Leiter<\/b><\/h3>\n<p><span style=\"font-weight: 400;\">Conocido por sus inquietantes im\u00e1genes en color de Nueva York en los a\u00f1os 50 y 60, es un ejemplo perfecto de c\u00f3mo la luz y el color pueden trabajar juntos en la narrativa fotogr\u00e1fica. <\/span><\/p>\n<p><span style=\"font-weight: 400;\">Leiter a menudo fotografiaba la ciudad a trav\u00e9s de ventanas mojadas o con reflejos, lo que generaba una paleta de colores deslavados, suaves y casi abstractos. En sus fotograf\u00edas, la luz difusa se mezcla con las paletas de color para crear una atm\u00f3sfera nost\u00e1lgica y po\u00e9tica.<\/span><\/p>\n<figure id=\"attachment_4066\" aria-describedby=\"caption-attachment-4066\" style=\"width: 1076px\" class=\"wp-caption aligncenter\"><img loading=\"lazy\" decoding=\"async\" class=\"wp-image-4066 size-full\" src=\"https:\/\/manualdetecnicafotografica.com\/blog\/wp-content\/uploads\/2024\/09\/leiter.png\" alt=\"\" width=\"1076\" height=\"712\" srcset=\"https:\/\/manualdetecnicafotografica.com\/blog\/wp-content\/uploads\/2024\/09\/leiter.png 1076w, https:\/\/manualdetecnicafotografica.com\/blog\/wp-content\/uploads\/2024\/09\/leiter-300x199.png 300w, https:\/\/manualdetecnicafotografica.com\/blog\/wp-content\/uploads\/2024\/09\/leiter-1024x678.png 1024w, https:\/\/manualdetecnicafotografica.com\/blog\/wp-content\/uploads\/2024\/09\/leiter-768x508.png 768w\" sizes=\"auto, (max-width: 1076px) 100vw, 1076px\" \/><figcaption id=\"caption-attachment-4066\" class=\"wp-caption-text\">Saul Leiter, Red Umbrella, c.1955<\/figcaption><\/figure>\n<p>Una de sus im\u00e1genes m\u00e1s ic\u00f3nicas muestra a una persona caminando por una calle de Nueva York en un d\u00eda lluvioso, vista a trav\u00e9s de una ventana de autom\u00f3vil empa\u00f1ada. Los colores saturados que se ven apagados por acci\u00f3n de la luz difusa, convierten una escena cotidiana en una imagen cargada de misterio y melancol\u00eda.<\/p>\n<h3><b>Alex Webb<\/b><\/h3>\n<p><span style=\"font-weight: 400;\">Un fot\u00f3grafo conocido por su trabajo documental en Am\u00e9rica Latina, miembro de la Agencia Magnum desde 1979, utiliza magistralmente la luz y el color para a\u00f1adir capas de sentido a sus fotograf\u00edas. En sus im\u00e1genes, a menudo se ve c\u00f3mo la luz dura del mediod\u00eda caribe\u00f1o intensifica los colores vibrantes del entorno, narrando escenas de la vida cotidiana en las calles como si fueran pinturas renacentistas.<\/span><\/p>\n<figure id=\"attachment_4063\" aria-describedby=\"caption-attachment-4063\" style=\"width: 919px\" class=\"wp-caption aligncenter\"><img loading=\"lazy\" decoding=\"async\" class=\"wp-image-4063 size-full\" src=\"https:\/\/manualdetecnicafotografica.com\/blog\/wp-content\/uploads\/2024\/09\/webb.png\" alt=\"\" width=\"919\" height=\"608\" srcset=\"https:\/\/manualdetecnicafotografica.com\/blog\/wp-content\/uploads\/2024\/09\/webb.png 919w, https:\/\/manualdetecnicafotografica.com\/blog\/wp-content\/uploads\/2024\/09\/webb-300x198.png 300w, https:\/\/manualdetecnicafotografica.com\/blog\/wp-content\/uploads\/2024\/09\/webb-768x508.png 768w\" sizes=\"auto, (max-width: 919px) 100vw, 919px\" \/><figcaption id=\"caption-attachment-4063\" class=\"wp-caption-text\">Alex Webb &#8211; Cuba, Havana. 1993.<\/figcaption><\/figure>\n<h2>En conclusi\u00f3n<\/h2>\n<p><span style=\"font-weight: 400;\">Tanto el color como la luz son componentes esenciales que definen la narrativa de una imagen. A trav\u00e9s del uso consciente de estos elementos, los fot\u00f3grafos pueden guiar la interpretaci\u00f3n del espectador, provocar emociones profundas y contar historias visuales que van m\u00e1s all\u00e1 de lo evidente.<\/span><span style=\"font-weight: 400;\"><br \/>\n<\/span><span style=\"font-weight: 400;\"><br \/>\n<\/span><span style=\"font-weight: 400;\"><strong>La pr\u00f3xima vez que mires una imagen, preg\u00fantate:<\/strong> \u00bfC\u00f3mo afectan el color y la luz a la historia que quiero contar?<\/span><\/p>\n<p><span style=\"font-weight: 400;\">Espero haberte inspirado a tomar cada vez mejores fotograf\u00edas al compartirte el trabajo de artistas incre\u00edbles como los que vimos hoy. Ahora me encantar\u00eda conocer tu opini\u00f3n: \u00bfQu\u00e9 te parecieron? \u00bfTienes alg\u00fan fot\u00f3grafo que te inspire? \u00a1Te invito a dejar tus comentarios y compartir tus pensamientos o artistas favoritos debajo!<\/span><\/p>\n","protected":false},"excerpt":{"rendered":"<p>Hoy vamos a hablar de dos grandes aliados que juegan un papel crucial en la narrativa fotogr\u00e1fica. No s\u00f3lo gu\u00edan la forma en que el espectador interpreta una imagen, sino que tambi\u00e9n despiertan emociones y ayudan a transmitir mensajes. A lo largo del tiempo, muchos fot\u00f3grafos han utilizado estos elementos para darle m\u00e1s profundidad a [&hellip;]<\/p>\n","protected":false},"author":1,"featured_media":4067,"comment_status":"open","ping_status":"open","sticky":false,"template":"","format":"standard","meta":{"_genesis_hide_title":false,"_genesis_hide_breadcrumbs":false,"_genesis_hide_singular_image":false,"_genesis_hide_footer_widgets":false,"_genesis_custom_body_class":"","_genesis_custom_post_class":"","_genesis_layout":"","_glsr_average":0,"_glsr_ranking":0,"_glsr_reviews":0,"footnotes":""},"categories":[77,411],"tags":[419,421,422,420],"class_list":{"0":"post-4062","1":"post","2":"type-post","3":"status-publish","4":"format-standard","5":"has-post-thumbnail","7":"category-efectos-y-color","8":"category-narrativa-fotografica","9":"tag-color","10":"tag-efectos","11":"tag-fotografos-famosos","12":"tag-luz","13":"entry"},"yoast_head":"<!-- This site is optimized with the Yoast SEO plugin v27.4 - https:\/\/yoast.com\/product\/yoast-seo-wordpress\/ -->\n<title>C\u00f3mo Potenciar la Narrativa Fotogr\u00e1fica con el uso del Color y la Luz - Iniciaci\u00f3n a la Fotograf\u00eda<\/title>\n<meta name=\"robots\" content=\"index, follow, max-snippet:-1, max-image-preview:large, max-video-preview:-1\" \/>\n<link rel=\"canonical\" href=\"https:\/\/manualdetecnicafotografica.com\/blog\/como-potenciar-la-narrativa-fotografica-con-el-uso-del-color-y-la-luz\/\" \/>\n<meta property=\"og:locale\" content=\"es_ES\" \/>\n<meta property=\"og:type\" content=\"article\" \/>\n<meta property=\"og:title\" content=\"C\u00f3mo Potenciar la Narrativa Fotogr\u00e1fica con el uso del Color y la Luz - Iniciaci\u00f3n a la Fotograf\u00eda\" \/>\n<meta property=\"og:description\" content=\"Hoy vamos a hablar de dos grandes aliados que juegan un papel crucial en la narrativa fotogr\u00e1fica. No s\u00f3lo gu\u00edan la forma en que el espectador interpreta una imagen, sino que tambi\u00e9n despiertan emociones y ayudan a transmitir mensajes. A lo largo del tiempo, muchos fot\u00f3grafos han utilizado estos elementos para darle m\u00e1s profundidad a [&hellip;]\" \/>\n<meta property=\"og:url\" content=\"https:\/\/manualdetecnicafotografica.com\/blog\/como-potenciar-la-narrativa-fotografica-con-el-uso-del-color-y-la-luz\/\" \/>\n<meta property=\"og:site_name\" content=\"Iniciaci\u00f3n a la Fotograf\u00eda\" \/>\n<meta property=\"article:published_time\" content=\"2024-09-18T15:01:31+00:00\" \/>\n<meta property=\"article:modified_time\" content=\"2024-09-18T15:14:03+00:00\" \/>\n<meta property=\"og:image\" content=\"https:\/\/manualdetecnicafotografica.com\/blog\/wp-content\/uploads\/2024\/09\/mccurry.jpg\" \/>\n\t<meta property=\"og:image:width\" content=\"720\" \/>\n\t<meta property=\"og:image:height\" content=\"1080\" \/>\n\t<meta property=\"og:image:type\" content=\"image\/jpeg\" \/>\n<meta name=\"author\" content=\"Juan Ignacio Torres\" \/>\n<meta name=\"twitter:card\" content=\"summary_large_image\" \/>\n<meta name=\"twitter:label1\" content=\"Escrito por\" \/>\n\t<meta name=\"twitter:data1\" content=\"Juan Ignacio Torres\" \/>\n\t<meta name=\"twitter:label2\" content=\"Tiempo de lectura\" \/>\n\t<meta name=\"twitter:data2\" content=\"7 minutos\" \/>\n<script type=\"application\/ld+json\" class=\"yoast-schema-graph\">{\"@context\":\"https:\\\/\\\/schema.org\",\"@graph\":[{\"@type\":\"Article\",\"@id\":\"https:\\\/\\\/manualdetecnicafotografica.com\\\/blog\\\/como-potenciar-la-narrativa-fotografica-con-el-uso-del-color-y-la-luz\\\/#article\",\"isPartOf\":{\"@id\":\"https:\\\/\\\/manualdetecnicafotografica.com\\\/blog\\\/como-potenciar-la-narrativa-fotografica-con-el-uso-del-color-y-la-luz\\\/\"},\"author\":{\"name\":\"Juan Ignacio Torres\",\"@id\":\"https:\\\/\\\/manualdetecnicafotografica.com\\\/blog\\\/#\\\/schema\\\/person\\\/cddd7c18226cc18838d48a720af4a08e\"},\"headline\":\"C\u00f3mo Potenciar la Narrativa Fotogr\u00e1fica con el uso del Color y la Luz\",\"datePublished\":\"2024-09-18T15:01:31+00:00\",\"dateModified\":\"2024-09-18T15:14:03+00:00\",\"mainEntityOfPage\":{\"@id\":\"https:\\\/\\\/manualdetecnicafotografica.com\\\/blog\\\/como-potenciar-la-narrativa-fotografica-con-el-uso-del-color-y-la-luz\\\/\"},\"wordCount\":1358,\"commentCount\":1,\"image\":{\"@id\":\"https:\\\/\\\/manualdetecnicafotografica.com\\\/blog\\\/como-potenciar-la-narrativa-fotografica-con-el-uso-del-color-y-la-luz\\\/#primaryimage\"},\"thumbnailUrl\":\"https:\\\/\\\/manualdetecnicafotografica.com\\\/blog\\\/wp-content\\\/uploads\\\/2024\\\/09\\\/mccurry.jpg\",\"keywords\":[\"color\",\"efectos\",\"fotografos famosos\",\"luz\"],\"articleSection\":[\"Efectos y Color\",\"Narrativa Fotogr\u00e1fica\"],\"inLanguage\":\"es\",\"potentialAction\":[{\"@type\":\"CommentAction\",\"name\":\"Comment\",\"target\":[\"https:\\\/\\\/manualdetecnicafotografica.com\\\/blog\\\/como-potenciar-la-narrativa-fotografica-con-el-uso-del-color-y-la-luz\\\/#respond\"]}]},{\"@type\":\"WebPage\",\"@id\":\"https:\\\/\\\/manualdetecnicafotografica.com\\\/blog\\\/como-potenciar-la-narrativa-fotografica-con-el-uso-del-color-y-la-luz\\\/\",\"url\":\"https:\\\/\\\/manualdetecnicafotografica.com\\\/blog\\\/como-potenciar-la-narrativa-fotografica-con-el-uso-del-color-y-la-luz\\\/\",\"name\":\"C\u00f3mo Potenciar la Narrativa Fotogr\u00e1fica con el uso del Color y la Luz - Iniciaci\u00f3n a la Fotograf\u00eda\",\"isPartOf\":{\"@id\":\"https:\\\/\\\/manualdetecnicafotografica.com\\\/blog\\\/#website\"},\"primaryImageOfPage\":{\"@id\":\"https:\\\/\\\/manualdetecnicafotografica.com\\\/blog\\\/como-potenciar-la-narrativa-fotografica-con-el-uso-del-color-y-la-luz\\\/#primaryimage\"},\"image\":{\"@id\":\"https:\\\/\\\/manualdetecnicafotografica.com\\\/blog\\\/como-potenciar-la-narrativa-fotografica-con-el-uso-del-color-y-la-luz\\\/#primaryimage\"},\"thumbnailUrl\":\"https:\\\/\\\/manualdetecnicafotografica.com\\\/blog\\\/wp-content\\\/uploads\\\/2024\\\/09\\\/mccurry.jpg\",\"datePublished\":\"2024-09-18T15:01:31+00:00\",\"dateModified\":\"2024-09-18T15:14:03+00:00\",\"author\":{\"@id\":\"https:\\\/\\\/manualdetecnicafotografica.com\\\/blog\\\/#\\\/schema\\\/person\\\/cddd7c18226cc18838d48a720af4a08e\"},\"breadcrumb\":{\"@id\":\"https:\\\/\\\/manualdetecnicafotografica.com\\\/blog\\\/como-potenciar-la-narrativa-fotografica-con-el-uso-del-color-y-la-luz\\\/#breadcrumb\"},\"inLanguage\":\"es\",\"potentialAction\":[{\"@type\":\"ReadAction\",\"target\":[\"https:\\\/\\\/manualdetecnicafotografica.com\\\/blog\\\/como-potenciar-la-narrativa-fotografica-con-el-uso-del-color-y-la-luz\\\/\"]}]},{\"@type\":\"ImageObject\",\"inLanguage\":\"es\",\"@id\":\"https:\\\/\\\/manualdetecnicafotografica.com\\\/blog\\\/como-potenciar-la-narrativa-fotografica-con-el-uso-del-color-y-la-luz\\\/#primaryimage\",\"url\":\"https:\\\/\\\/manualdetecnicafotografica.com\\\/blog\\\/wp-content\\\/uploads\\\/2024\\\/09\\\/mccurry.jpg\",\"contentUrl\":\"https:\\\/\\\/manualdetecnicafotografica.com\\\/blog\\\/wp-content\\\/uploads\\\/2024\\\/09\\\/mccurry.jpg\",\"width\":720,\"height\":1080},{\"@type\":\"BreadcrumbList\",\"@id\":\"https:\\\/\\\/manualdetecnicafotografica.com\\\/blog\\\/como-potenciar-la-narrativa-fotografica-con-el-uso-del-color-y-la-luz\\\/#breadcrumb\",\"itemListElement\":[{\"@type\":\"ListItem\",\"position\":1,\"name\":\"Portada\",\"item\":\"https:\\\/\\\/manualdetecnicafotografica.com\\\/blog\\\/\"},{\"@type\":\"ListItem\",\"position\":2,\"name\":\"C\u00f3mo Potenciar la Narrativa Fotogr\u00e1fica con el uso del Color y la Luz\"}]},{\"@type\":\"WebSite\",\"@id\":\"https:\\\/\\\/manualdetecnicafotografica.com\\\/blog\\\/#website\",\"url\":\"https:\\\/\\\/manualdetecnicafotografica.com\\\/blog\\\/\",\"name\":\"Iniciaci\u00f3n a la Fotograf\u00eda\",\"description\":\"Blog de Juan Ignacio Torres\",\"potentialAction\":[{\"@type\":\"SearchAction\",\"target\":{\"@type\":\"EntryPoint\",\"urlTemplate\":\"https:\\\/\\\/manualdetecnicafotografica.com\\\/blog\\\/?s={search_term_string}\"},\"query-input\":{\"@type\":\"PropertyValueSpecification\",\"valueRequired\":true,\"valueName\":\"search_term_string\"}}],\"inLanguage\":\"es\"},{\"@type\":\"Person\",\"@id\":\"https:\\\/\\\/manualdetecnicafotografica.com\\\/blog\\\/#\\\/schema\\\/person\\\/cddd7c18226cc18838d48a720af4a08e\",\"name\":\"Juan Ignacio Torres\",\"image\":{\"@type\":\"ImageObject\",\"inLanguage\":\"es\",\"@id\":\"https:\\\/\\\/secure.gravatar.com\\\/avatar\\\/7556f0bc1c2915ae95a133ed9b370055801457decc58c028c14cfb975acd7528?s=96&d=wavatar&r=g\",\"url\":\"https:\\\/\\\/secure.gravatar.com\\\/avatar\\\/7556f0bc1c2915ae95a133ed9b370055801457decc58c028c14cfb975acd7528?s=96&d=wavatar&r=g\",\"contentUrl\":\"https:\\\/\\\/secure.gravatar.com\\\/avatar\\\/7556f0bc1c2915ae95a133ed9b370055801457decc58c028c14cfb975acd7528?s=96&d=wavatar&r=g\",\"caption\":\"Juan Ignacio Torres\"},\"url\":\"https:\\\/\\\/manualdetecnicafotografica.com\\\/blog\\\/author\\\/jitblog77\\\/\"}]}<\/script>\n<!-- \/ Yoast SEO plugin. -->","yoast_head_json":{"title":"C\u00f3mo Potenciar la Narrativa Fotogr\u00e1fica con el uso del Color y la Luz - Iniciaci\u00f3n a la Fotograf\u00eda","robots":{"index":"index","follow":"follow","max-snippet":"max-snippet:-1","max-image-preview":"max-image-preview:large","max-video-preview":"max-video-preview:-1"},"canonical":"https:\/\/manualdetecnicafotografica.com\/blog\/como-potenciar-la-narrativa-fotografica-con-el-uso-del-color-y-la-luz\/","og_locale":"es_ES","og_type":"article","og_title":"C\u00f3mo Potenciar la Narrativa Fotogr\u00e1fica con el uso del Color y la Luz - Iniciaci\u00f3n a la Fotograf\u00eda","og_description":"Hoy vamos a hablar de dos grandes aliados que juegan un papel crucial en la narrativa fotogr\u00e1fica. No s\u00f3lo gu\u00edan la forma en que el espectador interpreta una imagen, sino que tambi\u00e9n despiertan emociones y ayudan a transmitir mensajes. A lo largo del tiempo, muchos fot\u00f3grafos han utilizado estos elementos para darle m\u00e1s profundidad a [&hellip;]","og_url":"https:\/\/manualdetecnicafotografica.com\/blog\/como-potenciar-la-narrativa-fotografica-con-el-uso-del-color-y-la-luz\/","og_site_name":"Iniciaci\u00f3n a la Fotograf\u00eda","article_published_time":"2024-09-18T15:01:31+00:00","article_modified_time":"2024-09-18T15:14:03+00:00","og_image":[{"width":720,"height":1080,"url":"https:\/\/manualdetecnicafotografica.com\/blog\/wp-content\/uploads\/2024\/09\/mccurry.jpg","type":"image\/jpeg"}],"author":"Juan Ignacio Torres","twitter_card":"summary_large_image","twitter_misc":{"Escrito por":"Juan Ignacio Torres","Tiempo de lectura":"7 minutos"},"schema":{"@context":"https:\/\/schema.org","@graph":[{"@type":"Article","@id":"https:\/\/manualdetecnicafotografica.com\/blog\/como-potenciar-la-narrativa-fotografica-con-el-uso-del-color-y-la-luz\/#article","isPartOf":{"@id":"https:\/\/manualdetecnicafotografica.com\/blog\/como-potenciar-la-narrativa-fotografica-con-el-uso-del-color-y-la-luz\/"},"author":{"name":"Juan Ignacio Torres","@id":"https:\/\/manualdetecnicafotografica.com\/blog\/#\/schema\/person\/cddd7c18226cc18838d48a720af4a08e"},"headline":"C\u00f3mo Potenciar la Narrativa Fotogr\u00e1fica con el uso del Color y la Luz","datePublished":"2024-09-18T15:01:31+00:00","dateModified":"2024-09-18T15:14:03+00:00","mainEntityOfPage":{"@id":"https:\/\/manualdetecnicafotografica.com\/blog\/como-potenciar-la-narrativa-fotografica-con-el-uso-del-color-y-la-luz\/"},"wordCount":1358,"commentCount":1,"image":{"@id":"https:\/\/manualdetecnicafotografica.com\/blog\/como-potenciar-la-narrativa-fotografica-con-el-uso-del-color-y-la-luz\/#primaryimage"},"thumbnailUrl":"https:\/\/manualdetecnicafotografica.com\/blog\/wp-content\/uploads\/2024\/09\/mccurry.jpg","keywords":["color","efectos","fotografos famosos","luz"],"articleSection":["Efectos y Color","Narrativa Fotogr\u00e1fica"],"inLanguage":"es","potentialAction":[{"@type":"CommentAction","name":"Comment","target":["https:\/\/manualdetecnicafotografica.com\/blog\/como-potenciar-la-narrativa-fotografica-con-el-uso-del-color-y-la-luz\/#respond"]}]},{"@type":"WebPage","@id":"https:\/\/manualdetecnicafotografica.com\/blog\/como-potenciar-la-narrativa-fotografica-con-el-uso-del-color-y-la-luz\/","url":"https:\/\/manualdetecnicafotografica.com\/blog\/como-potenciar-la-narrativa-fotografica-con-el-uso-del-color-y-la-luz\/","name":"C\u00f3mo Potenciar la Narrativa Fotogr\u00e1fica con el uso del Color y la Luz - Iniciaci\u00f3n a la Fotograf\u00eda","isPartOf":{"@id":"https:\/\/manualdetecnicafotografica.com\/blog\/#website"},"primaryImageOfPage":{"@id":"https:\/\/manualdetecnicafotografica.com\/blog\/como-potenciar-la-narrativa-fotografica-con-el-uso-del-color-y-la-luz\/#primaryimage"},"image":{"@id":"https:\/\/manualdetecnicafotografica.com\/blog\/como-potenciar-la-narrativa-fotografica-con-el-uso-del-color-y-la-luz\/#primaryimage"},"thumbnailUrl":"https:\/\/manualdetecnicafotografica.com\/blog\/wp-content\/uploads\/2024\/09\/mccurry.jpg","datePublished":"2024-09-18T15:01:31+00:00","dateModified":"2024-09-18T15:14:03+00:00","author":{"@id":"https:\/\/manualdetecnicafotografica.com\/blog\/#\/schema\/person\/cddd7c18226cc18838d48a720af4a08e"},"breadcrumb":{"@id":"https:\/\/manualdetecnicafotografica.com\/blog\/como-potenciar-la-narrativa-fotografica-con-el-uso-del-color-y-la-luz\/#breadcrumb"},"inLanguage":"es","potentialAction":[{"@type":"ReadAction","target":["https:\/\/manualdetecnicafotografica.com\/blog\/como-potenciar-la-narrativa-fotografica-con-el-uso-del-color-y-la-luz\/"]}]},{"@type":"ImageObject","inLanguage":"es","@id":"https:\/\/manualdetecnicafotografica.com\/blog\/como-potenciar-la-narrativa-fotografica-con-el-uso-del-color-y-la-luz\/#primaryimage","url":"https:\/\/manualdetecnicafotografica.com\/blog\/wp-content\/uploads\/2024\/09\/mccurry.jpg","contentUrl":"https:\/\/manualdetecnicafotografica.com\/blog\/wp-content\/uploads\/2024\/09\/mccurry.jpg","width":720,"height":1080},{"@type":"BreadcrumbList","@id":"https:\/\/manualdetecnicafotografica.com\/blog\/como-potenciar-la-narrativa-fotografica-con-el-uso-del-color-y-la-luz\/#breadcrumb","itemListElement":[{"@type":"ListItem","position":1,"name":"Portada","item":"https:\/\/manualdetecnicafotografica.com\/blog\/"},{"@type":"ListItem","position":2,"name":"C\u00f3mo Potenciar la Narrativa Fotogr\u00e1fica con el uso del Color y la Luz"}]},{"@type":"WebSite","@id":"https:\/\/manualdetecnicafotografica.com\/blog\/#website","url":"https:\/\/manualdetecnicafotografica.com\/blog\/","name":"Iniciaci\u00f3n a la Fotograf\u00eda","description":"Blog de Juan Ignacio Torres","potentialAction":[{"@type":"SearchAction","target":{"@type":"EntryPoint","urlTemplate":"https:\/\/manualdetecnicafotografica.com\/blog\/?s={search_term_string}"},"query-input":{"@type":"PropertyValueSpecification","valueRequired":true,"valueName":"search_term_string"}}],"inLanguage":"es"},{"@type":"Person","@id":"https:\/\/manualdetecnicafotografica.com\/blog\/#\/schema\/person\/cddd7c18226cc18838d48a720af4a08e","name":"Juan Ignacio Torres","image":{"@type":"ImageObject","inLanguage":"es","@id":"https:\/\/secure.gravatar.com\/avatar\/7556f0bc1c2915ae95a133ed9b370055801457decc58c028c14cfb975acd7528?s=96&d=wavatar&r=g","url":"https:\/\/secure.gravatar.com\/avatar\/7556f0bc1c2915ae95a133ed9b370055801457decc58c028c14cfb975acd7528?s=96&d=wavatar&r=g","contentUrl":"https:\/\/secure.gravatar.com\/avatar\/7556f0bc1c2915ae95a133ed9b370055801457decc58c028c14cfb975acd7528?s=96&d=wavatar&r=g","caption":"Juan Ignacio Torres"},"url":"https:\/\/manualdetecnicafotografica.com\/blog\/author\/jitblog77\/"}]}},"_links":{"self":[{"href":"https:\/\/manualdetecnicafotografica.com\/blog\/wp-json\/wp\/v2\/posts\/4062","targetHints":{"allow":["GET"]}}],"collection":[{"href":"https:\/\/manualdetecnicafotografica.com\/blog\/wp-json\/wp\/v2\/posts"}],"about":[{"href":"https:\/\/manualdetecnicafotografica.com\/blog\/wp-json\/wp\/v2\/types\/post"}],"author":[{"embeddable":true,"href":"https:\/\/manualdetecnicafotografica.com\/blog\/wp-json\/wp\/v2\/users\/1"}],"replies":[{"embeddable":true,"href":"https:\/\/manualdetecnicafotografica.com\/blog\/wp-json\/wp\/v2\/comments?post=4062"}],"version-history":[{"count":2,"href":"https:\/\/manualdetecnicafotografica.com\/blog\/wp-json\/wp\/v2\/posts\/4062\/revisions"}],"predecessor-version":[{"id":4070,"href":"https:\/\/manualdetecnicafotografica.com\/blog\/wp-json\/wp\/v2\/posts\/4062\/revisions\/4070"}],"wp:featuredmedia":[{"embeddable":true,"href":"https:\/\/manualdetecnicafotografica.com\/blog\/wp-json\/wp\/v2\/media\/4067"}],"wp:attachment":[{"href":"https:\/\/manualdetecnicafotografica.com\/blog\/wp-json\/wp\/v2\/media?parent=4062"}],"wp:term":[{"taxonomy":"category","embeddable":true,"href":"https:\/\/manualdetecnicafotografica.com\/blog\/wp-json\/wp\/v2\/categories?post=4062"},{"taxonomy":"post_tag","embeddable":true,"href":"https:\/\/manualdetecnicafotografica.com\/blog\/wp-json\/wp\/v2\/tags?post=4062"}],"curies":[{"name":"wp","href":"https:\/\/api.w.org\/{rel}","templated":true}]}}