{"id":370,"date":"2016-05-12T19:37:16","date_gmt":"2016-05-12T19:37:16","guid":{"rendered":"http:\/\/manualdetecnicafotografica.com\/blog\/?p=370"},"modified":"2023-04-24T14:18:38","modified_gmt":"2023-04-24T14:18:38","slug":"fotografiando-en-dias-soleados","status":"publish","type":"post","link":"https:\/\/manualdetecnicafotografica.com\/blog\/fotografiando-en-dias-soleados\/","title":{"rendered":"Fotografiando en d\u00edas soleados y capturando la luz perfecta!"},"content":{"rendered":"<p><img loading=\"lazy\" decoding=\"async\" class=\"alignleft wp-image-373 size-medium\" src=\"https:\/\/manualdetecnicafotografica.com\/blog\/wp-content\/uploads\/2016\/05\/paisaje-soleado2-300x187.jpg\" alt=\"paisaje-soleado2\" width=\"300\" height=\"187\" srcset=\"https:\/\/manualdetecnicafotografica.com\/blog\/wp-content\/uploads\/2016\/05\/paisaje-soleado2-300x187.jpg 300w, https:\/\/manualdetecnicafotografica.com\/blog\/wp-content\/uploads\/2016\/05\/paisaje-soleado2.jpg 692w\" sizes=\"auto, (max-width: 300px) 100vw, 300px\" \/>Un d\u00eda de sol radiante puede despertar nuestras ganas de salir a la aventura de buscar nuevas fotograf\u00edas. Pero la <strong>radiaci\u00f3n directa del sol no es una buena aliada del fot\u00f3grafo<\/strong> (recuerda cuando dicen que los mejores d\u00edas para salir con tu c\u00e1mara son los d\u00edas nublados).<\/p>\n<p>Los d\u00edas soleados son dif\u00edciles porque nos encontramos con gran diferencia de contraste en la escena. Partes saturadas de luz, y partes con sombras muy oscuras, generando un efecto visual indeseado.<\/p>\n<p>El problema es mayor si estamos fotografiando al mediod\u00eda (el sol en su punto m\u00e1s alto y generando sombras verticales), o cuando nos encontramos en lugares con nieve o en la playa (aqu\u00ed los escenarios son de colores muy brillantes).<\/p>\n<p>Pues para prepararnos mejor ante este tipo de situaci\u00f3n, es conveniente que tengas en cuenta algunos conceptos\u2026<\/p>\n<h1>Cuidado con la sobreexposici\u00f3n<\/h1>\n<p>La\u00a0sobreexposici\u00f3n\u00a0es la excesiva exposici\u00f3n a la luz del material fotogr\u00e1fico, y es el principal problema en d\u00edas soleados.\u00a0Para evitar la sobreexposici\u00f3n\u00a0deber\u00e1s reducir la cantidad de luz que ingresa a trav\u00e9s del lente, reduciendo la apertura o aumentando la velocidad de obturaci\u00f3n.<\/p>\n<p><strong>No es de sorprender si tuvieras que disparar con velocidades tales como 1\/1000 (eso es una milifracci\u00f3n de segundo) o 1\/1500.\u00a0<\/strong>Esto es perfectamente normal en d\u00edas muy brillantes y sobre todo en los peores horarios, lo cual me da pie para decirte que\u2026<\/p>\n<h1>Evita el mediod\u00eda<\/h1>\n<p>Aparte de ser el horario de mayor intensidad del sol, es el momento en el cual \u00e9ste se encuentra por encima de nuestras cabezas y produce fuertes sombras verticales que son poco deseables especialmente en retratos.<\/p>\n<figure id=\"attachment_375\" aria-describedby=\"caption-attachment-375\" style=\"width: 360px\" class=\"wp-caption aligncenter\"><img loading=\"lazy\" decoding=\"async\" class=\"size-full wp-image-375\" src=\"https:\/\/manualdetecnicafotografica.com\/blog\/wp-content\/uploads\/2016\/05\/sol-directo-retrato.jpg\" alt=\"Mujer retrato con sol del mediod\u00eda\" width=\"360\" height=\"240\" srcset=\"https:\/\/manualdetecnicafotografica.com\/blog\/wp-content\/uploads\/2016\/05\/sol-directo-retrato.jpg 360w, https:\/\/manualdetecnicafotografica.com\/blog\/wp-content\/uploads\/2016\/05\/sol-directo-retrato-300x200.jpg 300w\" sizes=\"auto, (max-width: 360px) 100vw, 360px\" \/><figcaption id=\"caption-attachment-375\" class=\"wp-caption-text\">Retrato con luz al mediod\u00eda. Observa las sombras en su rostro.<\/figcaption><\/figure>\n<p>Por eso, si tienes la posibilidad de fotografiar m\u00e1s cerca del amanecer o al atardecer, obtendr\u00e1s una ventaja. En la mayor\u00eda de los casos, <strong>la luz lateral luce mejor en las personas y objetos<\/strong> (por eso son tan lindas las fotos en los atardeceres).<\/p>\n<p>Sea como sea, si ya est\u00e1s en campa\u00f1a, no dejes que el sol detenga tu aventura fotogr\u00e1fica. Todav\u00eda hay m\u00e1s por aprender&#8230;<\/p>\n<h1>Utiliza flash de relleno<\/h1>\n<p>El flash de relleno te servir\u00e1 para <strong>contrarrestar esas sombras duras<\/strong> de las que hablamos antes. Si est\u00e1s fotografiando desde cerca, el flash integrado de tu c\u00e1mara har\u00e1 muy bien el trabajo.<\/p>\n<figure id=\"attachment_378\" aria-describedby=\"caption-attachment-378\" style=\"width: 360px\" class=\"wp-caption aligncenter\"><img loading=\"lazy\" decoding=\"async\" class=\"wp-image-378 size-full\" src=\"https:\/\/manualdetecnicafotografica.com\/blog\/wp-content\/uploads\/2016\/05\/mujer-con-flash-relleno.jpg\" alt=\"mujer-con-flash-relleno\" width=\"360\" height=\"240\" srcset=\"https:\/\/manualdetecnicafotografica.com\/blog\/wp-content\/uploads\/2016\/05\/mujer-con-flash-relleno.jpg 360w, https:\/\/manualdetecnicafotografica.com\/blog\/wp-content\/uploads\/2016\/05\/mujer-con-flash-relleno-300x200.jpg 300w\" sizes=\"auto, (max-width: 360px) 100vw, 360px\" \/><figcaption id=\"caption-attachment-378\" class=\"wp-caption-text\">Retrato al mediod\u00eda utilizando flash de relleno para eliminar sombras duras.<\/figcaption><\/figure>\n<p>S\u00f3lo aseg\u00farate de seleccionar el modo \u201cflash de relleno\u201d para obtener una iluminaci\u00f3n adecuada. Luego, ajusta la intensidad del flash de acuerdo a la necesidad de tu foto (lo m\u00e1s probable es que te equivoques varias veces al principio, hasta que aprendas a utilizarlo).<\/p>\n<h1>El\u00a0difusor<\/h1>\n<p>Un difusor es un elemento que te permite filtrar los intensos rayos solares para que no golpeen tan duro sobre el\u00a0sujeto a fotografiar. Puntualmente, lo que los difusores hacen es difuminar la luz para obtener una iluminaci\u00f3n m\u00e1s equilibrada.<\/p>\n<p><img loading=\"lazy\" decoding=\"async\" class=\"size-full wp-image-376 aligncenter\" src=\"https:\/\/manualdetecnicafotografica.com\/blog\/wp-content\/uploads\/2016\/05\/usando-difusor.jpg\" alt=\"usando-difusor\" width=\"478\" height=\"369\" srcset=\"https:\/\/manualdetecnicafotografica.com\/blog\/wp-content\/uploads\/2016\/05\/usando-difusor.jpg 478w, https:\/\/manualdetecnicafotografica.com\/blog\/wp-content\/uploads\/2016\/05\/usando-difusor-300x232.jpg 300w\" sizes=\"auto, (max-width: 478px) 100vw, 478px\" \/><\/p>\n<p>Piensa en el difusor como en una capa fina de nubes. Cuando hay nubes entre el sol y t\u00fa, <strong>la luz es m\u00e1s equilibrada<\/strong> y es m\u00e1s f\u00e1cil lograr buena iluminaci\u00f3n sin sombras y contrastes muy fuertes.<\/p>\n<p>Puedes comprar difusores profesionales en cualquier tienda de fotograf\u00eda, sin embargo mucha gente los hace de manera casera con cualquier material blanco que tengan al alcance de la mano. Por ejemplo, un marco de madera y una s\u00e1bana blanca estirada sobre \u00e9l.<\/p>\n<h2>Acci\u00f3n<\/h2>\n<p>Los d\u00edas de sol intenso son especiales para fotografiar acci\u00f3n. \u00bfPor qu\u00e9? Simplemente porque al utilizar velocidades de obturaci\u00f3n tan altas (1\/1000 por ejemplo) puedes congelar cualquier movimiento, y evitas fotos borrosas.<\/p>\n<p><img loading=\"lazy\" decoding=\"async\" class=\"size-full wp-image-381 aligncenter\" src=\"https:\/\/manualdetecnicafotografica.com\/blog\/wp-content\/uploads\/2016\/05\/bicicleta-en-dia-soleado.jpg\" alt=\"bicicleta-en-dia-soleado\" width=\"615\" height=\"346\" srcset=\"https:\/\/manualdetecnicafotografica.com\/blog\/wp-content\/uploads\/2016\/05\/bicicleta-en-dia-soleado.jpg 615w, https:\/\/manualdetecnicafotografica.com\/blog\/wp-content\/uploads\/2016\/05\/bicicleta-en-dia-soleado-300x169.jpg 300w\" sizes=\"auto, (max-width: 615px) 100vw, 615px\" \/><\/p>\n<h1>Parasol y filtros<\/h1>\n<p><img loading=\"lazy\" decoding=\"async\" class=\"size-full wp-image-382 alignleft\" src=\"https:\/\/manualdetecnicafotografica.com\/blog\/wp-content\/uploads\/2016\/05\/parasol.jpeg\" alt=\"parasol\" width=\"180\" height=\"160\" \/>Para evitar que los destellos del sol produzcan efectos como reflejos, manchas o halos de luz indeseados en tu captura, escoge un lugar que permita que tu c\u00e1mara est\u00e9 protegida del sol o utiliza un parasol.<\/p>\n<p>Adem\u00e1s de los parasoles, en el mercado existen gran variedad de filtros UV y polarizadores capaces de evitar que los destellos de luz solar arruinen tus fotograf\u00edas y de reducir la intensidad lum\u00ednica.<\/p>\n<p>El filtro polarizador suele ser una muy buena herramienta para dias soleados. Este filtro reduce los reflejos, pero sobre todo te ayuda a reducir la cantidad de luz que ingresa al lente, en caso de que desees usar velocidades de obturaci\u00f3n m\u00e1s lentas y aperturas m\u00e1s grandes (F\/4 por ejemplo).<\/p>\n<p><img loading=\"lazy\" decoding=\"async\" class=\"size-full wp-image-383 aligncenter\" src=\"https:\/\/manualdetecnicafotografica.com\/blog\/wp-content\/uploads\/2016\/05\/ejemplo-filtro-polarizador.jpg\" alt=\"ejemplo-filtro-polarizador\" width=\"480\" height=\"320\" srcset=\"https:\/\/manualdetecnicafotografica.com\/blog\/wp-content\/uploads\/2016\/05\/ejemplo-filtro-polarizador.jpg 480w, https:\/\/manualdetecnicafotografica.com\/blog\/wp-content\/uploads\/2016\/05\/ejemplo-filtro-polarizador-300x200.jpg 300w\" sizes=\"auto, (max-width: 480px) 100vw, 480px\" \/><\/p>\n<p>Adem\u00e1s, este filtro tienen la particularidad de trabajar muy bien con los cielos. Te permite acentuar cielos azules, sin perder luminosidad sobre el firmamento.<\/p>\n<p>As\u00ed que ya sabes a donde apuntar en los d\u00edas soleados. No lo olvides\u2026<\/p>\n<p><em>Y a ti te gusta o necesitas fotografiar en d\u00edas soleados? Cu\u00e9ntame tu experiencia debajo<\/em><\/p>\n<p><strong><em>Juan Ignacio Torres<\/em><\/strong><\/p>\n","protected":false},"excerpt":{"rendered":"<p>Un d\u00eda de sol radiante puede despertar nuestras ganas de salir a la aventura de buscar nuevas fotograf\u00edas. Pero la radiaci\u00f3n directa del sol no es una buena aliada del fot\u00f3grafo (recuerda cuando dicen que los mejores d\u00edas para salir con tu c\u00e1mara son los d\u00edas nublados). Los d\u00edas soleados son dif\u00edciles porque nos encontramos [&hellip;]<\/p>\n","protected":false},"author":1,"featured_media":379,"comment_status":"open","ping_status":"open","sticky":false,"template":"","format":"standard","meta":{"_genesis_hide_title":false,"_genesis_hide_breadcrumbs":false,"_genesis_hide_singular_image":false,"_genesis_hide_footer_widgets":false,"_genesis_custom_body_class":"","_genesis_custom_post_class":"","_genesis_layout":"","_glsr_average":0,"_glsr_ranking":0,"_glsr_reviews":0,"footnotes":""},"categories":[46],"tags":[47,48,49,50],"class_list":{"0":"post-370","1":"post","2":"type-post","3":"status-publish","4":"format-standard","5":"has-post-thumbnail","7":"category-exposicion","8":"tag-fotografiar-al-mediodia","9":"tag-fotografiar-con-sol","10":"tag-sobreexposicion","11":"tag-sombras","12":"entry"},"yoast_head":"<!-- This site is optimized with the Yoast SEO plugin v27.4 - https:\/\/yoast.com\/product\/yoast-seo-wordpress\/ -->\n<title>Fotografiando en d\u00edas soleados y capturando la luz perfecta! - Iniciaci\u00f3n a la Fotograf\u00eda<\/title>\n<meta name=\"description\" content=\"En d\u00edas soleados tenemos el problema de sombras duras y contrastes muy marcados. Por eso debemos tomar algunas precauciones para lograr buenas tomas.\" \/>\n<meta name=\"robots\" content=\"index, follow, max-snippet:-1, max-image-preview:large, max-video-preview:-1\" \/>\n<link rel=\"canonical\" href=\"https:\/\/manualdetecnicafotografica.com\/blog\/fotografiando-en-dias-soleados\/\" \/>\n<meta property=\"og:locale\" content=\"es_ES\" \/>\n<meta property=\"og:type\" content=\"article\" \/>\n<meta property=\"og:title\" content=\"Fotografiando en d\u00edas soleados y capturando la luz perfecta! - Iniciaci\u00f3n a la Fotograf\u00eda\" \/>\n<meta property=\"og:description\" content=\"En d\u00edas soleados tenemos el problema de sombras duras y contrastes muy marcados. Por eso debemos tomar algunas precauciones para lograr buenas tomas.\" \/>\n<meta property=\"og:url\" content=\"https:\/\/manualdetecnicafotografica.com\/blog\/fotografiando-en-dias-soleados\/\" \/>\n<meta property=\"og:site_name\" content=\"Iniciaci\u00f3n a la Fotograf\u00eda\" \/>\n<meta property=\"article:published_time\" content=\"2016-05-12T19:37:16+00:00\" \/>\n<meta property=\"article:modified_time\" content=\"2023-04-24T14:18:38+00:00\" \/>\n<meta property=\"og:image\" content=\"https:\/\/manualdetecnicafotografica.com\/blog\/wp-content\/uploads\/2016\/05\/paisaje-soleado.jpg\" \/>\n\t<meta property=\"og:image:width\" content=\"941\" \/>\n\t<meta property=\"og:image:height\" content=\"405\" \/>\n\t<meta property=\"og:image:type\" content=\"image\/jpeg\" \/>\n<meta name=\"author\" content=\"Juan Ignacio Torres\" \/>\n<meta name=\"twitter:card\" content=\"summary_large_image\" \/>\n<meta name=\"twitter:label1\" content=\"Escrito por\" \/>\n\t<meta name=\"twitter:data1\" content=\"Juan Ignacio Torres\" \/>\n\t<meta name=\"twitter:label2\" content=\"Tiempo de lectura\" \/>\n\t<meta name=\"twitter:data2\" content=\"5 minutos\" \/>\n<script type=\"application\/ld+json\" class=\"yoast-schema-graph\">{\"@context\":\"https:\\\/\\\/schema.org\",\"@graph\":[{\"@type\":\"Article\",\"@id\":\"https:\\\/\\\/manualdetecnicafotografica.com\\\/blog\\\/fotografiando-en-dias-soleados\\\/#article\",\"isPartOf\":{\"@id\":\"https:\\\/\\\/manualdetecnicafotografica.com\\\/blog\\\/fotografiando-en-dias-soleados\\\/\"},\"author\":{\"name\":\"Juan Ignacio Torres\",\"@id\":\"https:\\\/\\\/manualdetecnicafotografica.com\\\/blog\\\/#\\\/schema\\\/person\\\/cddd7c18226cc18838d48a720af4a08e\"},\"headline\":\"Fotografiando en d\u00edas soleados y capturando la luz perfecta!\",\"datePublished\":\"2016-05-12T19:37:16+00:00\",\"dateModified\":\"2023-04-24T14:18:38+00:00\",\"mainEntityOfPage\":{\"@id\":\"https:\\\/\\\/manualdetecnicafotografica.com\\\/blog\\\/fotografiando-en-dias-soleados\\\/\"},\"wordCount\":851,\"commentCount\":193,\"image\":{\"@id\":\"https:\\\/\\\/manualdetecnicafotografica.com\\\/blog\\\/fotografiando-en-dias-soleados\\\/#primaryimage\"},\"thumbnailUrl\":\"https:\\\/\\\/manualdetecnicafotografica.com\\\/blog\\\/wp-content\\\/uploads\\\/2016\\\/05\\\/paisaje-soleado.jpg\",\"keywords\":[\"fotografiar al mediodia\",\"fotografiar con sol\",\"sobreexposicion\",\"sombras\"],\"articleSection\":[\"Exposici\u00f3n\"],\"inLanguage\":\"es\",\"potentialAction\":[{\"@type\":\"CommentAction\",\"name\":\"Comment\",\"target\":[\"https:\\\/\\\/manualdetecnicafotografica.com\\\/blog\\\/fotografiando-en-dias-soleados\\\/#respond\"]}]},{\"@type\":\"WebPage\",\"@id\":\"https:\\\/\\\/manualdetecnicafotografica.com\\\/blog\\\/fotografiando-en-dias-soleados\\\/\",\"url\":\"https:\\\/\\\/manualdetecnicafotografica.com\\\/blog\\\/fotografiando-en-dias-soleados\\\/\",\"name\":\"Fotografiando en d\u00edas soleados y capturando la luz perfecta! - Iniciaci\u00f3n a la Fotograf\u00eda\",\"isPartOf\":{\"@id\":\"https:\\\/\\\/manualdetecnicafotografica.com\\\/blog\\\/#website\"},\"primaryImageOfPage\":{\"@id\":\"https:\\\/\\\/manualdetecnicafotografica.com\\\/blog\\\/fotografiando-en-dias-soleados\\\/#primaryimage\"},\"image\":{\"@id\":\"https:\\\/\\\/manualdetecnicafotografica.com\\\/blog\\\/fotografiando-en-dias-soleados\\\/#primaryimage\"},\"thumbnailUrl\":\"https:\\\/\\\/manualdetecnicafotografica.com\\\/blog\\\/wp-content\\\/uploads\\\/2016\\\/05\\\/paisaje-soleado.jpg\",\"datePublished\":\"2016-05-12T19:37:16+00:00\",\"dateModified\":\"2023-04-24T14:18:38+00:00\",\"author\":{\"@id\":\"https:\\\/\\\/manualdetecnicafotografica.com\\\/blog\\\/#\\\/schema\\\/person\\\/cddd7c18226cc18838d48a720af4a08e\"},\"description\":\"En d\u00edas soleados tenemos el problema de sombras duras y contrastes muy marcados. Por eso debemos tomar algunas precauciones para lograr buenas tomas.\",\"breadcrumb\":{\"@id\":\"https:\\\/\\\/manualdetecnicafotografica.com\\\/blog\\\/fotografiando-en-dias-soleados\\\/#breadcrumb\"},\"inLanguage\":\"es\",\"potentialAction\":[{\"@type\":\"ReadAction\",\"target\":[\"https:\\\/\\\/manualdetecnicafotografica.com\\\/blog\\\/fotografiando-en-dias-soleados\\\/\"]}]},{\"@type\":\"ImageObject\",\"inLanguage\":\"es\",\"@id\":\"https:\\\/\\\/manualdetecnicafotografica.com\\\/blog\\\/fotografiando-en-dias-soleados\\\/#primaryimage\",\"url\":\"https:\\\/\\\/manualdetecnicafotografica.com\\\/blog\\\/wp-content\\\/uploads\\\/2016\\\/05\\\/paisaje-soleado.jpg\",\"contentUrl\":\"https:\\\/\\\/manualdetecnicafotografica.com\\\/blog\\\/wp-content\\\/uploads\\\/2016\\\/05\\\/paisaje-soleado.jpg\",\"width\":941,\"height\":405},{\"@type\":\"BreadcrumbList\",\"@id\":\"https:\\\/\\\/manualdetecnicafotografica.com\\\/blog\\\/fotografiando-en-dias-soleados\\\/#breadcrumb\",\"itemListElement\":[{\"@type\":\"ListItem\",\"position\":1,\"name\":\"Portada\",\"item\":\"https:\\\/\\\/manualdetecnicafotografica.com\\\/blog\\\/\"},{\"@type\":\"ListItem\",\"position\":2,\"name\":\"Fotografiando en d\u00edas soleados y capturando la luz perfecta!\"}]},{\"@type\":\"WebSite\",\"@id\":\"https:\\\/\\\/manualdetecnicafotografica.com\\\/blog\\\/#website\",\"url\":\"https:\\\/\\\/manualdetecnicafotografica.com\\\/blog\\\/\",\"name\":\"Iniciaci\u00f3n a la Fotograf\u00eda\",\"description\":\"Blog de Juan Ignacio Torres\",\"potentialAction\":[{\"@type\":\"SearchAction\",\"target\":{\"@type\":\"EntryPoint\",\"urlTemplate\":\"https:\\\/\\\/manualdetecnicafotografica.com\\\/blog\\\/?s={search_term_string}\"},\"query-input\":{\"@type\":\"PropertyValueSpecification\",\"valueRequired\":true,\"valueName\":\"search_term_string\"}}],\"inLanguage\":\"es\"},{\"@type\":\"Person\",\"@id\":\"https:\\\/\\\/manualdetecnicafotografica.com\\\/blog\\\/#\\\/schema\\\/person\\\/cddd7c18226cc18838d48a720af4a08e\",\"name\":\"Juan Ignacio Torres\",\"image\":{\"@type\":\"ImageObject\",\"inLanguage\":\"es\",\"@id\":\"https:\\\/\\\/secure.gravatar.com\\\/avatar\\\/7556f0bc1c2915ae95a133ed9b370055801457decc58c028c14cfb975acd7528?s=96&d=wavatar&r=g\",\"url\":\"https:\\\/\\\/secure.gravatar.com\\\/avatar\\\/7556f0bc1c2915ae95a133ed9b370055801457decc58c028c14cfb975acd7528?s=96&d=wavatar&r=g\",\"contentUrl\":\"https:\\\/\\\/secure.gravatar.com\\\/avatar\\\/7556f0bc1c2915ae95a133ed9b370055801457decc58c028c14cfb975acd7528?s=96&d=wavatar&r=g\",\"caption\":\"Juan Ignacio Torres\"},\"url\":\"https:\\\/\\\/manualdetecnicafotografica.com\\\/blog\\\/author\\\/jitblog77\\\/\"}]}<\/script>\n<!-- \/ Yoast SEO plugin. -->","yoast_head_json":{"title":"Fotografiando en d\u00edas soleados y capturando la luz perfecta! - Iniciaci\u00f3n a la Fotograf\u00eda","description":"En d\u00edas soleados tenemos el problema de sombras duras y contrastes muy marcados. Por eso debemos tomar algunas precauciones para lograr buenas tomas.","robots":{"index":"index","follow":"follow","max-snippet":"max-snippet:-1","max-image-preview":"max-image-preview:large","max-video-preview":"max-video-preview:-1"},"canonical":"https:\/\/manualdetecnicafotografica.com\/blog\/fotografiando-en-dias-soleados\/","og_locale":"es_ES","og_type":"article","og_title":"Fotografiando en d\u00edas soleados y capturando la luz perfecta! - Iniciaci\u00f3n a la Fotograf\u00eda","og_description":"En d\u00edas soleados tenemos el problema de sombras duras y contrastes muy marcados. Por eso debemos tomar algunas precauciones para lograr buenas tomas.","og_url":"https:\/\/manualdetecnicafotografica.com\/blog\/fotografiando-en-dias-soleados\/","og_site_name":"Iniciaci\u00f3n a la Fotograf\u00eda","article_published_time":"2016-05-12T19:37:16+00:00","article_modified_time":"2023-04-24T14:18:38+00:00","og_image":[{"width":941,"height":405,"url":"https:\/\/manualdetecnicafotografica.com\/blog\/wp-content\/uploads\/2016\/05\/paisaje-soleado.jpg","type":"image\/jpeg"}],"author":"Juan Ignacio Torres","twitter_card":"summary_large_image","twitter_misc":{"Escrito por":"Juan Ignacio Torres","Tiempo de lectura":"5 minutos"},"schema":{"@context":"https:\/\/schema.org","@graph":[{"@type":"Article","@id":"https:\/\/manualdetecnicafotografica.com\/blog\/fotografiando-en-dias-soleados\/#article","isPartOf":{"@id":"https:\/\/manualdetecnicafotografica.com\/blog\/fotografiando-en-dias-soleados\/"},"author":{"name":"Juan Ignacio Torres","@id":"https:\/\/manualdetecnicafotografica.com\/blog\/#\/schema\/person\/cddd7c18226cc18838d48a720af4a08e"},"headline":"Fotografiando en d\u00edas soleados y capturando la luz perfecta!","datePublished":"2016-05-12T19:37:16+00:00","dateModified":"2023-04-24T14:18:38+00:00","mainEntityOfPage":{"@id":"https:\/\/manualdetecnicafotografica.com\/blog\/fotografiando-en-dias-soleados\/"},"wordCount":851,"commentCount":193,"image":{"@id":"https:\/\/manualdetecnicafotografica.com\/blog\/fotografiando-en-dias-soleados\/#primaryimage"},"thumbnailUrl":"https:\/\/manualdetecnicafotografica.com\/blog\/wp-content\/uploads\/2016\/05\/paisaje-soleado.jpg","keywords":["fotografiar al mediodia","fotografiar con sol","sobreexposicion","sombras"],"articleSection":["Exposici\u00f3n"],"inLanguage":"es","potentialAction":[{"@type":"CommentAction","name":"Comment","target":["https:\/\/manualdetecnicafotografica.com\/blog\/fotografiando-en-dias-soleados\/#respond"]}]},{"@type":"WebPage","@id":"https:\/\/manualdetecnicafotografica.com\/blog\/fotografiando-en-dias-soleados\/","url":"https:\/\/manualdetecnicafotografica.com\/blog\/fotografiando-en-dias-soleados\/","name":"Fotografiando en d\u00edas soleados y capturando la luz perfecta! - Iniciaci\u00f3n a la Fotograf\u00eda","isPartOf":{"@id":"https:\/\/manualdetecnicafotografica.com\/blog\/#website"},"primaryImageOfPage":{"@id":"https:\/\/manualdetecnicafotografica.com\/blog\/fotografiando-en-dias-soleados\/#primaryimage"},"image":{"@id":"https:\/\/manualdetecnicafotografica.com\/blog\/fotografiando-en-dias-soleados\/#primaryimage"},"thumbnailUrl":"https:\/\/manualdetecnicafotografica.com\/blog\/wp-content\/uploads\/2016\/05\/paisaje-soleado.jpg","datePublished":"2016-05-12T19:37:16+00:00","dateModified":"2023-04-24T14:18:38+00:00","author":{"@id":"https:\/\/manualdetecnicafotografica.com\/blog\/#\/schema\/person\/cddd7c18226cc18838d48a720af4a08e"},"description":"En d\u00edas soleados tenemos el problema de sombras duras y contrastes muy marcados. Por eso debemos tomar algunas precauciones para lograr buenas tomas.","breadcrumb":{"@id":"https:\/\/manualdetecnicafotografica.com\/blog\/fotografiando-en-dias-soleados\/#breadcrumb"},"inLanguage":"es","potentialAction":[{"@type":"ReadAction","target":["https:\/\/manualdetecnicafotografica.com\/blog\/fotografiando-en-dias-soleados\/"]}]},{"@type":"ImageObject","inLanguage":"es","@id":"https:\/\/manualdetecnicafotografica.com\/blog\/fotografiando-en-dias-soleados\/#primaryimage","url":"https:\/\/manualdetecnicafotografica.com\/blog\/wp-content\/uploads\/2016\/05\/paisaje-soleado.jpg","contentUrl":"https:\/\/manualdetecnicafotografica.com\/blog\/wp-content\/uploads\/2016\/05\/paisaje-soleado.jpg","width":941,"height":405},{"@type":"BreadcrumbList","@id":"https:\/\/manualdetecnicafotografica.com\/blog\/fotografiando-en-dias-soleados\/#breadcrumb","itemListElement":[{"@type":"ListItem","position":1,"name":"Portada","item":"https:\/\/manualdetecnicafotografica.com\/blog\/"},{"@type":"ListItem","position":2,"name":"Fotografiando en d\u00edas soleados y capturando la luz perfecta!"}]},{"@type":"WebSite","@id":"https:\/\/manualdetecnicafotografica.com\/blog\/#website","url":"https:\/\/manualdetecnicafotografica.com\/blog\/","name":"Iniciaci\u00f3n a la Fotograf\u00eda","description":"Blog de Juan Ignacio Torres","potentialAction":[{"@type":"SearchAction","target":{"@type":"EntryPoint","urlTemplate":"https:\/\/manualdetecnicafotografica.com\/blog\/?s={search_term_string}"},"query-input":{"@type":"PropertyValueSpecification","valueRequired":true,"valueName":"search_term_string"}}],"inLanguage":"es"},{"@type":"Person","@id":"https:\/\/manualdetecnicafotografica.com\/blog\/#\/schema\/person\/cddd7c18226cc18838d48a720af4a08e","name":"Juan Ignacio Torres","image":{"@type":"ImageObject","inLanguage":"es","@id":"https:\/\/secure.gravatar.com\/avatar\/7556f0bc1c2915ae95a133ed9b370055801457decc58c028c14cfb975acd7528?s=96&d=wavatar&r=g","url":"https:\/\/secure.gravatar.com\/avatar\/7556f0bc1c2915ae95a133ed9b370055801457decc58c028c14cfb975acd7528?s=96&d=wavatar&r=g","contentUrl":"https:\/\/secure.gravatar.com\/avatar\/7556f0bc1c2915ae95a133ed9b370055801457decc58c028c14cfb975acd7528?s=96&d=wavatar&r=g","caption":"Juan Ignacio Torres"},"url":"https:\/\/manualdetecnicafotografica.com\/blog\/author\/jitblog77\/"}]}},"_links":{"self":[{"href":"https:\/\/manualdetecnicafotografica.com\/blog\/wp-json\/wp\/v2\/posts\/370","targetHints":{"allow":["GET"]}}],"collection":[{"href":"https:\/\/manualdetecnicafotografica.com\/blog\/wp-json\/wp\/v2\/posts"}],"about":[{"href":"https:\/\/manualdetecnicafotografica.com\/blog\/wp-json\/wp\/v2\/types\/post"}],"author":[{"embeddable":true,"href":"https:\/\/manualdetecnicafotografica.com\/blog\/wp-json\/wp\/v2\/users\/1"}],"replies":[{"embeddable":true,"href":"https:\/\/manualdetecnicafotografica.com\/blog\/wp-json\/wp\/v2\/comments?post=370"}],"version-history":[{"count":4,"href":"https:\/\/manualdetecnicafotografica.com\/blog\/wp-json\/wp\/v2\/posts\/370\/revisions"}],"predecessor-version":[{"id":3068,"href":"https:\/\/manualdetecnicafotografica.com\/blog\/wp-json\/wp\/v2\/posts\/370\/revisions\/3068"}],"wp:featuredmedia":[{"embeddable":true,"href":"https:\/\/manualdetecnicafotografica.com\/blog\/wp-json\/wp\/v2\/media\/379"}],"wp:attachment":[{"href":"https:\/\/manualdetecnicafotografica.com\/blog\/wp-json\/wp\/v2\/media?parent=370"}],"wp:term":[{"taxonomy":"category","embeddable":true,"href":"https:\/\/manualdetecnicafotografica.com\/blog\/wp-json\/wp\/v2\/categories?post=370"},{"taxonomy":"post_tag","embeddable":true,"href":"https:\/\/manualdetecnicafotografica.com\/blog\/wp-json\/wp\/v2\/tags?post=370"}],"curies":[{"name":"wp","href":"https:\/\/api.w.org\/{rel}","templated":true}]}}