{"id":3652,"date":"2024-07-05T12:51:38","date_gmt":"2024-07-05T15:51:38","guid":{"rendered":"https:\/\/manualdetecnicafotografica.com\/blog\/?p=3652"},"modified":"2024-07-05T12:51:40","modified_gmt":"2024-07-05T15:51:40","slug":"descubre-el-poder-de-la-narrativa-fotografica","status":"publish","type":"post","link":"https:\/\/manualdetecnicafotografica.com\/blog\/descubre-el-poder-de-la-narrativa-fotografica\/","title":{"rendered":"Descubre el poder de la Narrativa Fotogr\u00e1fica"},"content":{"rendered":"<p>\u00bfRecuerdas alguna fotograf\u00eda que hayas visto s\u00f3lo una vez en tu vida y que haya quedado grabada para siempre en tu memoria? Es probable que fuera una imagen con una calidad t\u00e9cnica y composici\u00f3n excepcionales, pero rara vez son esas las razones por las cuales perdura en nuestra memoria. Las im\u00e1genes que suelen tener un impacto duradero son aquellas que tienen algo para contar.<\/p>\n<p>En este art\u00edculo exploraremos qu\u00e9 es la Narrativa Fotogr\u00e1fica, por qu\u00e9 es importante y ofreceremos consejos pr\u00e1cticos para enriquecer tus fotograf\u00edas.<\/p>\n<h2>\u00bfQu\u00e9 es la Narrativa Fotogr\u00e1fica?<\/h2>\n<p>La narrativa fotogr\u00e1fica va m\u00e1s all\u00e1 de simplemente tomar fotos; se trata de contar una historia a trav\u00e9s de las im\u00e1genes. Consiste en seleccionar y organizar elementos visuales para transmitir un mensaje o una emoci\u00f3n espec\u00edfica al espectador. Esto implica pensar no s\u00f3lo en la composici\u00f3n y la t\u00e9cnica, sino tambi\u00e9n en el contexto, el momento capturado y la conexi\u00f3n emocional que la imagen puede generar.<\/p>\n<p>Una fotograf\u00eda, a diferencia de un v\u00eddeo o un texto que var\u00edan en duraci\u00f3n y extensi\u00f3n, captura s\u00f3lo un momento \u00fanico. No obstante, esto no impide capturar todo lo que sucede en una mil\u00e9sima de segundo en una sola imagen. Aunque es desafiante, lograr que una imagen est\u00e1tica revele todos los detalles no es imposible. Este es el arte que transforma una simple fotograf\u00eda en una narrativa, fascinante y singular.<\/p>\n<h2>Importancia de la Narrativa Fotogr\u00e1fica<\/h2>\n<p>La narrativa es una herramienta \u00fatil para aprender independientemente del tipo de fotograf\u00eda que te interese ya que podr\u00e1s aplicarla en cualquier estilo: fotograf\u00eda de comida, de bodas, fotoperiodismo, fotograf\u00eda de viajes o fotograf\u00eda comercial.<\/p>\n<figure id=\"attachment_3654\" aria-describedby=\"caption-attachment-3654\" style=\"width: 800px\" class=\"wp-caption alignnone\"><img loading=\"lazy\" decoding=\"async\" class=\"size-full wp-image-3654\" src=\"https:\/\/manualdetecnicafotografica.com\/blog\/wp-content\/uploads\/2024\/07\/1.jpeg\" alt=\"\" width=\"800\" height=\"532\" srcset=\"https:\/\/manualdetecnicafotografica.com\/blog\/wp-content\/uploads\/2024\/07\/1.jpeg 800w, https:\/\/manualdetecnicafotografica.com\/blog\/wp-content\/uploads\/2024\/07\/1-300x200.jpeg 300w, https:\/\/manualdetecnicafotografica.com\/blog\/wp-content\/uploads\/2024\/07\/1-768x511.jpeg 768w, https:\/\/manualdetecnicafotografica.com\/blog\/wp-content\/uploads\/2024\/07\/1-272x182.jpeg 272w\" sizes=\"auto, (max-width: 800px) 100vw, 800px\" \/><figcaption id=\"caption-attachment-3654\" class=\"wp-caption-text\">En esta toma de fotorreportaje, el uso de la luz genera una atm\u00f3sfera particular que aporta al contexto de los monjes.<\/figcaption><\/figure>\n<p>Una fotograf\u00eda bien narrada puede evocar recuerdos, transmitir emociones profundas y capturar la esencia de un momento \u00fanico. Para las personas que desean compartir sus experiencias y perspectivas a trav\u00e9s de la fotograf\u00eda, dominar la narrativa fotogr\u00e1fica puede ser una manera poderosa de comunicarse con los dem\u00e1s y dejar un legado visual.<\/p>\n<p>A veces, el impacto visual o la belleza de una fotograf\u00eda es suficiente para darle significado al espectador. A veces, la t\u00e9cnica que utiliza el fot\u00f3grafo es suficiente para hacernos reflexionar. Pero muchas fotograf\u00edas que no tienen nada detr\u00e1s, excepto el deseo de ser bellas o impactantes, pueden mejorar a\u00fan m\u00e1s con el uso de la narrativa.<\/p>\n<p>A continuaci\u00f3n, te presentamos seis consejos pr\u00e1cticos para integrar la Narrativa Fotogr\u00e1fica como una herramienta esencial y perfeccionar tu expresi\u00f3n visual:<\/p>\n<h3>1. Encuentra tu historia<\/h3>\n<p>Antes de tomar una fotograf\u00eda, piensa detenidamente en qu\u00e9 historia deseas contar con ella. \u00bfCu\u00e1l es el mensaje que quieres transmitir? Identifica el tema principal y enf\u00f3cate en capturar elementos visuales que refuercen esa narrativa emocional o informativa. La fotograf\u00eda es m\u00e1s que s\u00f3lo una imagen; es una forma de comunicar y conectar con el espectador a trav\u00e9s de una historia visualmente expresiva y relevante.<\/p>\n<figure id=\"attachment_3655\" aria-describedby=\"caption-attachment-3655\" style=\"width: 800px\" class=\"wp-caption alignnone\"><img loading=\"lazy\" decoding=\"async\" class=\"wp-image-3655 size-full\" src=\"https:\/\/manualdetecnicafotografica.com\/blog\/wp-content\/uploads\/2024\/07\/2.jpg\" alt=\"\" width=\"800\" height=\"533\" srcset=\"https:\/\/manualdetecnicafotografica.com\/blog\/wp-content\/uploads\/2024\/07\/2.jpg 800w, https:\/\/manualdetecnicafotografica.com\/blog\/wp-content\/uploads\/2024\/07\/2-300x200.jpg 300w, https:\/\/manualdetecnicafotografica.com\/blog\/wp-content\/uploads\/2024\/07\/2-768x512.jpg 768w, https:\/\/manualdetecnicafotografica.com\/blog\/wp-content\/uploads\/2024\/07\/2-272x182.jpg 272w\" sizes=\"auto, (max-width: 800px) 100vw, 800px\" \/><figcaption id=\"caption-attachment-3655\" class=\"wp-caption-text\">En esta toma documental, adem\u00e1s de ver tres mujeres trabajando, podemos reconstruir una peque\u00f1a historia: son mujeres asi\u00e1ticas que se dedican a la artesan\u00eda con gran dedicaci\u00f3n.<\/figcaption><\/figure>\n<h3>2. Crea composiciones significativas<\/h3>\n<p>La composici\u00f3n es fundamental en la Narrativa Fotogr\u00e1fica. Utiliza t\u00e9cnicas como la regla de los tercios, l\u00edneas de gu\u00eda y el uso estrat\u00e9gico del espacio negativo para crear im\u00e1genes equilibradas y est\u00e9ticamente atractivas. Experimenta con diversos \u00e1ngulos y perspectivas para destacar el mensaje o la emoci\u00f3n central de tu historia. Recuerda que la composici\u00f3n adecuada puede transformar una imagen ordinaria en una historia visualmente cautivadora y memorable.<\/p>\n<figure id=\"attachment_3656\" aria-describedby=\"caption-attachment-3656\" style=\"width: 800px\" class=\"wp-caption alignnone\"><img loading=\"lazy\" decoding=\"async\" class=\"size-full wp-image-3656\" src=\"https:\/\/manualdetecnicafotografica.com\/blog\/wp-content\/uploads\/2024\/07\/3.jpeg\" alt=\"\" width=\"800\" height=\"533\" srcset=\"https:\/\/manualdetecnicafotografica.com\/blog\/wp-content\/uploads\/2024\/07\/3.jpeg 800w, https:\/\/manualdetecnicafotografica.com\/blog\/wp-content\/uploads\/2024\/07\/3-300x200.jpeg 300w, https:\/\/manualdetecnicafotografica.com\/blog\/wp-content\/uploads\/2024\/07\/3-768x512.jpeg 768w, https:\/\/manualdetecnicafotografica.com\/blog\/wp-content\/uploads\/2024\/07\/3-272x182.jpeg 272w\" sizes=\"auto, (max-width: 800px) 100vw, 800px\" \/><figcaption id=\"caption-attachment-3656\" class=\"wp-caption-text\">En esta composici\u00f3n la decisi\u00f3n de superponer al transe\u00fante con el trabajador sin ning\u00fan tipo de contacto visual, nos puede hablar de que quienes pasan muchas veces ignoran a quienes trabajan en la calle.<\/figcaption><\/figure>\n<p><span style=\"font-size: 16px;\">3. Captura momentos aut\u00e9nticos<\/span>Las mejores historias fotogr\u00e1ficas emergen de momentos aut\u00e9nticos y genuinos. Observa cuidadosamente tu entorno y s\u00e9 paciente para capturar esos instantes \u00fanicos llenos de emociones y significados profundos. La autenticidad en una imagen puede resonar poderosamente con los espectadores, transmitiendo la esencia misma del momento capturado. No temas esperar el momento adecuado y aprovechar las emociones naturales que surgen espont\u00e1neamente.<\/p>\n<figure id=\"attachment_3657\" aria-describedby=\"caption-attachment-3657\" style=\"width: 800px\" class=\"wp-caption alignnone\"><img loading=\"lazy\" decoding=\"async\" class=\"wp-image-3657 size-full\" src=\"https:\/\/manualdetecnicafotografica.com\/blog\/wp-content\/uploads\/2024\/07\/4.jpeg\" alt=\"\" width=\"800\" height=\"534\" srcset=\"https:\/\/manualdetecnicafotografica.com\/blog\/wp-content\/uploads\/2024\/07\/4.jpeg 800w, https:\/\/manualdetecnicafotografica.com\/blog\/wp-content\/uploads\/2024\/07\/4-300x200.jpeg 300w, https:\/\/manualdetecnicafotografica.com\/blog\/wp-content\/uploads\/2024\/07\/4-768x513.jpeg 768w, https:\/\/manualdetecnicafotografica.com\/blog\/wp-content\/uploads\/2024\/07\/4-272x182.jpeg 272w\" sizes=\"auto, (max-width: 800px) 100vw, 800px\" \/><figcaption id=\"caption-attachment-3657\" class=\"wp-caption-text\">En esta fotograf\u00eda el instante narra por s\u00ed solo. La complicidad en el juego de estas dos ni\u00f1as que pueden ser amigas o hermanas, nos habla de un v\u00ednculo cercano y amistoso.<\/figcaption><\/figure>\n<h3>4. Utiliza la luz de manera creativa<\/h3>\n<p>La luz desempe\u00f1a un papel crucial en la fotograf\u00eda, moldeando la atm\u00f3sfera y destacando los detalles esenciales de tu historia visual. Aprende a aprovechar tanto la luz natural como la artificial de manera creativa para crear diferentes matices y contrastes en tus fotograf\u00edas. Experimenta con t\u00e9cnicas de iluminaci\u00f3n lateral, luz dorada al atardecer o luz azulada en ambientes nocturnos para agregar profundidad y dramatismo a tus im\u00e1genes, elevando as\u00ed su impacto visual y narrativo.<\/p>\n<figure id=\"attachment_3658\" aria-describedby=\"caption-attachment-3658\" style=\"width: 800px\" class=\"wp-caption alignnone\"><img loading=\"lazy\" decoding=\"async\" class=\"wp-image-3658 size-full\" src=\"https:\/\/manualdetecnicafotografica.com\/blog\/wp-content\/uploads\/2024\/07\/5.jpg\" alt=\"\" width=\"800\" height=\"533\" srcset=\"https:\/\/manualdetecnicafotografica.com\/blog\/wp-content\/uploads\/2024\/07\/5.jpg 800w, https:\/\/manualdetecnicafotografica.com\/blog\/wp-content\/uploads\/2024\/07\/5-300x200.jpg 300w, https:\/\/manualdetecnicafotografica.com\/blog\/wp-content\/uploads\/2024\/07\/5-768x512.jpg 768w, https:\/\/manualdetecnicafotografica.com\/blog\/wp-content\/uploads\/2024\/07\/5-272x182.jpg 272w\" sizes=\"auto, (max-width: 800px) 100vw, 800px\" \/><figcaption id=\"caption-attachment-3658\" class=\"wp-caption-text\">Una fotograf\u00eda con alto ratio de contraste puede aportar dramatismo a un retrato desnudo.<\/figcaption><\/figure>\n<h3>5. S\u00e9 selectivo con tus fotos<\/h3>\n<p>No todas las fotograf\u00edas cuentan una historia efectiva. Dedica tiempo a revisar y editar cuidadosamente tus im\u00e1genes para seleccionar aquellas que mejor comunican tu mensaje o evocan la emoci\u00f3n deseada. Elimina las fotos que puedan distraer o no contribuir al relato que intentas construir. La edici\u00f3n selectiva es una habilidad fundamental que te permitir\u00e1 mejorar la cohesi\u00f3n y la fuerza narrativa de tu trabajo fotogr\u00e1fico.<\/p>\n<figure id=\"attachment_3659\" aria-describedby=\"caption-attachment-3659\" style=\"width: 800px\" class=\"wp-caption alignnone\"><img loading=\"lazy\" decoding=\"async\" class=\"wp-image-3659 size-full\" src=\"https:\/\/manualdetecnicafotografica.com\/blog\/wp-content\/uploads\/2024\/07\/6.jpg\" alt=\"\" width=\"800\" height=\"1200\" srcset=\"https:\/\/manualdetecnicafotografica.com\/blog\/wp-content\/uploads\/2024\/07\/6.jpg 800w, https:\/\/manualdetecnicafotografica.com\/blog\/wp-content\/uploads\/2024\/07\/6-200x300.jpg 200w, https:\/\/manualdetecnicafotografica.com\/blog\/wp-content\/uploads\/2024\/07\/6-683x1024.jpg 683w, https:\/\/manualdetecnicafotografica.com\/blog\/wp-content\/uploads\/2024\/07\/6-768x1152.jpg 768w\" sizes=\"auto, (max-width: 800px) 100vw, 800px\" \/><figcaption id=\"caption-attachment-3659\" class=\"wp-caption-text\">Si tuvi\u00e9ramos al personaje de este retrato mirando a c\u00e1mara, seguramente el mensaje ser\u00eda otro y no tendr\u00eda que ver con la contemplaci\u00f3n de un paisaje natural.<\/figcaption><\/figure>\n<h3>6. Aprende de los dem\u00e1s y experimenta<\/h3>\n<p>Observa y estudia el trabajo de otros fot\u00f3grafos para inspirarte y aprender nuevas t\u00e9cnicas narrativas. Participa activamente en talleres de fotograf\u00eda, \u00fanete a comunidades en l\u00ednea o escuelas donde puedas compartir tus fotos y recibir retroalimentaci\u00f3n constructiva. La colaboraci\u00f3n y el intercambio de ideas con otros apasionados por la fotograf\u00eda te permitir\u00e1 expandir tu perspectiva y mejorar continuamente tus habilidades narrativas y t\u00e9cnicas.<\/p>\n<figure id=\"attachment_3660\" aria-describedby=\"caption-attachment-3660\" style=\"width: 800px\" class=\"wp-caption alignnone\"><img loading=\"lazy\" decoding=\"async\" class=\"wp-image-3660 size-full\" src=\"https:\/\/manualdetecnicafotografica.com\/blog\/wp-content\/uploads\/2024\/07\/7.jpg\" alt=\"\" width=\"800\" height=\"533\" srcset=\"https:\/\/manualdetecnicafotografica.com\/blog\/wp-content\/uploads\/2024\/07\/7.jpg 800w, https:\/\/manualdetecnicafotografica.com\/blog\/wp-content\/uploads\/2024\/07\/7-300x200.jpg 300w, https:\/\/manualdetecnicafotografica.com\/blog\/wp-content\/uploads\/2024\/07\/7-768x512.jpg 768w, https:\/\/manualdetecnicafotografica.com\/blog\/wp-content\/uploads\/2024\/07\/7-272x182.jpg 272w\" sizes=\"auto, (max-width: 800px) 100vw, 800px\" \/><figcaption id=\"caption-attachment-3660\" class=\"wp-caption-text\">Las salidas fotogr\u00e1ficas son ideales para poner en pr\u00e1ctica lo aprendido y compartir conocimiento con otros.<\/figcaption><\/figure>\n<p>La Narrativa Fotogr\u00e1fica es una habilidad incre\u00edblemente enriquecedora y accesible para todos aquellos que est\u00e9n dispuestos a invertir tiempo y esfuerzo en su desarrollo. Con pr\u00e1ctica constante y un poco de paciencia, puedes ampliar tus habilidades fotogr\u00e1ficas para capturar no solo im\u00e1genes bonitas, sino tambi\u00e9n historias visuales aut\u00e9nticas.<\/p>\n<p>Los consejos pr\u00e1cticos que ofrecemos aqu\u00ed son fundamentales para comenzar a explorar y perfeccionar tu habilidad en el arte de contar historias a trav\u00e9s de la fotograf\u00eda. Desde aprender t\u00e9cnicas de composici\u00f3n hasta experimentar con la luz y elegir los momentos adecuados, cada aspecto contribuye a enriquecer la narrativa visual que puedes crear.<\/p>\n<p>Adem\u00e1s, recuerda que la verdadera magia de la fotograf\u00eda est\u00e1 en disfrutar del proceso creativo y permitir que cada foto cuente su propia historia, transmitiendo emociones \u00fanicas que conectar\u00e1n profundamente con quienes las vean.<\/p>\n<p>Espero que hayas disfrutado del art\u00edculo de hoy y que los consejos te inspiren a crear im\u00e1genes que adem\u00e1s de ser visualmente atractivas, sean tambi\u00e9n emocionalmente poderosas. \u00bfQu\u00e9 te han parecido estos consejos? \u00a1D\u00e9janos tus comentarios debajo para saber tu opini\u00f3n! Adem\u00e1s, te invito a seguirn en contacto a trav\u00e9s de nuestras redes sociales.<\/p>\n","protected":false},"excerpt":{"rendered":"<p>\u00bfRecuerdas alguna fotograf\u00eda que hayas visto s\u00f3lo una vez en tu vida y que haya quedado grabada para siempre en tu memoria? Es probable que fuera una imagen con una calidad t\u00e9cnica y composici\u00f3n excepcionales, pero rara vez son esas las razones por las cuales perdura en nuestra memoria. Las im\u00e1genes que suelen tener un [&hellip;]<\/p>\n","protected":false},"author":1,"featured_media":3657,"comment_status":"open","ping_status":"open","sticky":false,"template":"","format":"standard","meta":{"_genesis_hide_title":false,"_genesis_hide_breadcrumbs":false,"_genesis_hide_singular_image":false,"_genesis_hide_footer_widgets":false,"_genesis_custom_body_class":"","_genesis_custom_post_class":"","_genesis_layout":"","_glsr_average":0,"_glsr_ranking":0,"_glsr_reviews":0,"footnotes":""},"categories":[51,411],"tags":[257,413,195,414,412],"class_list":{"0":"post-3652","1":"post","2":"type-post","3":"status-publish","4":"format-standard","5":"has-post-thumbnail","7":"category-composicion","8":"category-narrativa-fotografica","9":"tag-aprende-fotografia","10":"tag-cuenta-tu-historia","11":"tag-fotografia","12":"tag-iniciacion-fotografia","13":"tag-narrativa-fotografica","14":"entry"},"yoast_head":"<!-- This site is optimized with the Yoast SEO plugin v27.4 - https:\/\/yoast.com\/product\/yoast-seo-wordpress\/ -->\n<title>Descubre el poder de la Narrativa Fotogr\u00e1fica - Iniciaci\u00f3n a la Fotograf\u00eda<\/title>\n<meta name=\"robots\" content=\"index, follow, max-snippet:-1, max-image-preview:large, max-video-preview:-1\" \/>\n<link rel=\"canonical\" href=\"https:\/\/manualdetecnicafotografica.com\/blog\/descubre-el-poder-de-la-narrativa-fotografica\/\" \/>\n<meta property=\"og:locale\" content=\"es_ES\" \/>\n<meta property=\"og:type\" content=\"article\" \/>\n<meta property=\"og:title\" content=\"Descubre el poder de la Narrativa Fotogr\u00e1fica - Iniciaci\u00f3n a la Fotograf\u00eda\" \/>\n<meta property=\"og:description\" content=\"\u00bfRecuerdas alguna fotograf\u00eda que hayas visto s\u00f3lo una vez en tu vida y que haya quedado grabada para siempre en tu memoria? Es probable que fuera una imagen con una calidad t\u00e9cnica y composici\u00f3n excepcionales, pero rara vez son esas las razones por las cuales perdura en nuestra memoria. Las im\u00e1genes que suelen tener un [&hellip;]\" \/>\n<meta property=\"og:url\" content=\"https:\/\/manualdetecnicafotografica.com\/blog\/descubre-el-poder-de-la-narrativa-fotografica\/\" \/>\n<meta property=\"og:site_name\" content=\"Iniciaci\u00f3n a la Fotograf\u00eda\" \/>\n<meta property=\"article:published_time\" content=\"2024-07-05T15:51:38+00:00\" \/>\n<meta property=\"article:modified_time\" content=\"2024-07-05T15:51:40+00:00\" \/>\n<meta property=\"og:image\" content=\"https:\/\/manualdetecnicafotografica.com\/blog\/wp-content\/uploads\/2024\/07\/4.jpeg\" \/>\n\t<meta property=\"og:image:width\" content=\"800\" \/>\n\t<meta property=\"og:image:height\" content=\"534\" \/>\n\t<meta property=\"og:image:type\" content=\"image\/jpeg\" \/>\n<meta name=\"author\" content=\"Juan Ignacio Torres\" \/>\n<meta name=\"twitter:card\" content=\"summary_large_image\" \/>\n<meta name=\"twitter:label1\" content=\"Escrito por\" \/>\n\t<meta name=\"twitter:data1\" content=\"Juan Ignacio Torres\" \/>\n\t<meta name=\"twitter:label2\" content=\"Tiempo de lectura\" \/>\n\t<meta name=\"twitter:data2\" content=\"8 minutos\" \/>\n<script type=\"application\/ld+json\" class=\"yoast-schema-graph\">{\"@context\":\"https:\\\/\\\/schema.org\",\"@graph\":[{\"@type\":\"Article\",\"@id\":\"https:\\\/\\\/manualdetecnicafotografica.com\\\/blog\\\/descubre-el-poder-de-la-narrativa-fotografica\\\/#article\",\"isPartOf\":{\"@id\":\"https:\\\/\\\/manualdetecnicafotografica.com\\\/blog\\\/descubre-el-poder-de-la-narrativa-fotografica\\\/\"},\"author\":{\"name\":\"Juan Ignacio Torres\",\"@id\":\"https:\\\/\\\/manualdetecnicafotografica.com\\\/blog\\\/#\\\/schema\\\/person\\\/cddd7c18226cc18838d48a720af4a08e\"},\"headline\":\"Descubre el poder de la Narrativa Fotogr\u00e1fica\",\"datePublished\":\"2024-07-05T15:51:38+00:00\",\"dateModified\":\"2024-07-05T15:51:40+00:00\",\"mainEntityOfPage\":{\"@id\":\"https:\\\/\\\/manualdetecnicafotografica.com\\\/blog\\\/descubre-el-poder-de-la-narrativa-fotografica\\\/\"},\"wordCount\":1372,\"commentCount\":5,\"image\":{\"@id\":\"https:\\\/\\\/manualdetecnicafotografica.com\\\/blog\\\/descubre-el-poder-de-la-narrativa-fotografica\\\/#primaryimage\"},\"thumbnailUrl\":\"https:\\\/\\\/manualdetecnicafotografica.com\\\/blog\\\/wp-content\\\/uploads\\\/2024\\\/07\\\/4.jpeg\",\"keywords\":[\"aprende fotografia\",\"Cuenta Tu Historia\",\"fotografia\",\"iniciacion fotografia\",\"Narrativa Fotogr\u00e1fica\"],\"articleSection\":[\"Composici\u00f3n\",\"Narrativa Fotogr\u00e1fica\"],\"inLanguage\":\"es\",\"potentialAction\":[{\"@type\":\"CommentAction\",\"name\":\"Comment\",\"target\":[\"https:\\\/\\\/manualdetecnicafotografica.com\\\/blog\\\/descubre-el-poder-de-la-narrativa-fotografica\\\/#respond\"]}]},{\"@type\":\"WebPage\",\"@id\":\"https:\\\/\\\/manualdetecnicafotografica.com\\\/blog\\\/descubre-el-poder-de-la-narrativa-fotografica\\\/\",\"url\":\"https:\\\/\\\/manualdetecnicafotografica.com\\\/blog\\\/descubre-el-poder-de-la-narrativa-fotografica\\\/\",\"name\":\"Descubre el poder de la Narrativa Fotogr\u00e1fica - Iniciaci\u00f3n a la Fotograf\u00eda\",\"isPartOf\":{\"@id\":\"https:\\\/\\\/manualdetecnicafotografica.com\\\/blog\\\/#website\"},\"primaryImageOfPage\":{\"@id\":\"https:\\\/\\\/manualdetecnicafotografica.com\\\/blog\\\/descubre-el-poder-de-la-narrativa-fotografica\\\/#primaryimage\"},\"image\":{\"@id\":\"https:\\\/\\\/manualdetecnicafotografica.com\\\/blog\\\/descubre-el-poder-de-la-narrativa-fotografica\\\/#primaryimage\"},\"thumbnailUrl\":\"https:\\\/\\\/manualdetecnicafotografica.com\\\/blog\\\/wp-content\\\/uploads\\\/2024\\\/07\\\/4.jpeg\",\"datePublished\":\"2024-07-05T15:51:38+00:00\",\"dateModified\":\"2024-07-05T15:51:40+00:00\",\"author\":{\"@id\":\"https:\\\/\\\/manualdetecnicafotografica.com\\\/blog\\\/#\\\/schema\\\/person\\\/cddd7c18226cc18838d48a720af4a08e\"},\"breadcrumb\":{\"@id\":\"https:\\\/\\\/manualdetecnicafotografica.com\\\/blog\\\/descubre-el-poder-de-la-narrativa-fotografica\\\/#breadcrumb\"},\"inLanguage\":\"es\",\"potentialAction\":[{\"@type\":\"ReadAction\",\"target\":[\"https:\\\/\\\/manualdetecnicafotografica.com\\\/blog\\\/descubre-el-poder-de-la-narrativa-fotografica\\\/\"]}]},{\"@type\":\"ImageObject\",\"inLanguage\":\"es\",\"@id\":\"https:\\\/\\\/manualdetecnicafotografica.com\\\/blog\\\/descubre-el-poder-de-la-narrativa-fotografica\\\/#primaryimage\",\"url\":\"https:\\\/\\\/manualdetecnicafotografica.com\\\/blog\\\/wp-content\\\/uploads\\\/2024\\\/07\\\/4.jpeg\",\"contentUrl\":\"https:\\\/\\\/manualdetecnicafotografica.com\\\/blog\\\/wp-content\\\/uploads\\\/2024\\\/07\\\/4.jpeg\",\"width\":800,\"height\":534},{\"@type\":\"BreadcrumbList\",\"@id\":\"https:\\\/\\\/manualdetecnicafotografica.com\\\/blog\\\/descubre-el-poder-de-la-narrativa-fotografica\\\/#breadcrumb\",\"itemListElement\":[{\"@type\":\"ListItem\",\"position\":1,\"name\":\"Portada\",\"item\":\"https:\\\/\\\/manualdetecnicafotografica.com\\\/blog\\\/\"},{\"@type\":\"ListItem\",\"position\":2,\"name\":\"Descubre el poder de la Narrativa Fotogr\u00e1fica\"}]},{\"@type\":\"WebSite\",\"@id\":\"https:\\\/\\\/manualdetecnicafotografica.com\\\/blog\\\/#website\",\"url\":\"https:\\\/\\\/manualdetecnicafotografica.com\\\/blog\\\/\",\"name\":\"Iniciaci\u00f3n a la Fotograf\u00eda\",\"description\":\"Blog de Juan Ignacio Torres\",\"potentialAction\":[{\"@type\":\"SearchAction\",\"target\":{\"@type\":\"EntryPoint\",\"urlTemplate\":\"https:\\\/\\\/manualdetecnicafotografica.com\\\/blog\\\/?s={search_term_string}\"},\"query-input\":{\"@type\":\"PropertyValueSpecification\",\"valueRequired\":true,\"valueName\":\"search_term_string\"}}],\"inLanguage\":\"es\"},{\"@type\":\"Person\",\"@id\":\"https:\\\/\\\/manualdetecnicafotografica.com\\\/blog\\\/#\\\/schema\\\/person\\\/cddd7c18226cc18838d48a720af4a08e\",\"name\":\"Juan Ignacio Torres\",\"image\":{\"@type\":\"ImageObject\",\"inLanguage\":\"es\",\"@id\":\"https:\\\/\\\/secure.gravatar.com\\\/avatar\\\/7556f0bc1c2915ae95a133ed9b370055801457decc58c028c14cfb975acd7528?s=96&d=wavatar&r=g\",\"url\":\"https:\\\/\\\/secure.gravatar.com\\\/avatar\\\/7556f0bc1c2915ae95a133ed9b370055801457decc58c028c14cfb975acd7528?s=96&d=wavatar&r=g\",\"contentUrl\":\"https:\\\/\\\/secure.gravatar.com\\\/avatar\\\/7556f0bc1c2915ae95a133ed9b370055801457decc58c028c14cfb975acd7528?s=96&d=wavatar&r=g\",\"caption\":\"Juan Ignacio Torres\"},\"url\":\"https:\\\/\\\/manualdetecnicafotografica.com\\\/blog\\\/author\\\/jitblog77\\\/\"}]}<\/script>\n<!-- \/ Yoast SEO plugin. -->","yoast_head_json":{"title":"Descubre el poder de la Narrativa Fotogr\u00e1fica - Iniciaci\u00f3n a la Fotograf\u00eda","robots":{"index":"index","follow":"follow","max-snippet":"max-snippet:-1","max-image-preview":"max-image-preview:large","max-video-preview":"max-video-preview:-1"},"canonical":"https:\/\/manualdetecnicafotografica.com\/blog\/descubre-el-poder-de-la-narrativa-fotografica\/","og_locale":"es_ES","og_type":"article","og_title":"Descubre el poder de la Narrativa Fotogr\u00e1fica - Iniciaci\u00f3n a la Fotograf\u00eda","og_description":"\u00bfRecuerdas alguna fotograf\u00eda que hayas visto s\u00f3lo una vez en tu vida y que haya quedado grabada para siempre en tu memoria? Es probable que fuera una imagen con una calidad t\u00e9cnica y composici\u00f3n excepcionales, pero rara vez son esas las razones por las cuales perdura en nuestra memoria. Las im\u00e1genes que suelen tener un [&hellip;]","og_url":"https:\/\/manualdetecnicafotografica.com\/blog\/descubre-el-poder-de-la-narrativa-fotografica\/","og_site_name":"Iniciaci\u00f3n a la Fotograf\u00eda","article_published_time":"2024-07-05T15:51:38+00:00","article_modified_time":"2024-07-05T15:51:40+00:00","og_image":[{"width":800,"height":534,"url":"https:\/\/manualdetecnicafotografica.com\/blog\/wp-content\/uploads\/2024\/07\/4.jpeg","type":"image\/jpeg"}],"author":"Juan Ignacio Torres","twitter_card":"summary_large_image","twitter_misc":{"Escrito por":"Juan Ignacio Torres","Tiempo de lectura":"8 minutos"},"schema":{"@context":"https:\/\/schema.org","@graph":[{"@type":"Article","@id":"https:\/\/manualdetecnicafotografica.com\/blog\/descubre-el-poder-de-la-narrativa-fotografica\/#article","isPartOf":{"@id":"https:\/\/manualdetecnicafotografica.com\/blog\/descubre-el-poder-de-la-narrativa-fotografica\/"},"author":{"name":"Juan Ignacio Torres","@id":"https:\/\/manualdetecnicafotografica.com\/blog\/#\/schema\/person\/cddd7c18226cc18838d48a720af4a08e"},"headline":"Descubre el poder de la Narrativa Fotogr\u00e1fica","datePublished":"2024-07-05T15:51:38+00:00","dateModified":"2024-07-05T15:51:40+00:00","mainEntityOfPage":{"@id":"https:\/\/manualdetecnicafotografica.com\/blog\/descubre-el-poder-de-la-narrativa-fotografica\/"},"wordCount":1372,"commentCount":5,"image":{"@id":"https:\/\/manualdetecnicafotografica.com\/blog\/descubre-el-poder-de-la-narrativa-fotografica\/#primaryimage"},"thumbnailUrl":"https:\/\/manualdetecnicafotografica.com\/blog\/wp-content\/uploads\/2024\/07\/4.jpeg","keywords":["aprende fotografia","Cuenta Tu Historia","fotografia","iniciacion fotografia","Narrativa Fotogr\u00e1fica"],"articleSection":["Composici\u00f3n","Narrativa Fotogr\u00e1fica"],"inLanguage":"es","potentialAction":[{"@type":"CommentAction","name":"Comment","target":["https:\/\/manualdetecnicafotografica.com\/blog\/descubre-el-poder-de-la-narrativa-fotografica\/#respond"]}]},{"@type":"WebPage","@id":"https:\/\/manualdetecnicafotografica.com\/blog\/descubre-el-poder-de-la-narrativa-fotografica\/","url":"https:\/\/manualdetecnicafotografica.com\/blog\/descubre-el-poder-de-la-narrativa-fotografica\/","name":"Descubre el poder de la Narrativa Fotogr\u00e1fica - Iniciaci\u00f3n a la Fotograf\u00eda","isPartOf":{"@id":"https:\/\/manualdetecnicafotografica.com\/blog\/#website"},"primaryImageOfPage":{"@id":"https:\/\/manualdetecnicafotografica.com\/blog\/descubre-el-poder-de-la-narrativa-fotografica\/#primaryimage"},"image":{"@id":"https:\/\/manualdetecnicafotografica.com\/blog\/descubre-el-poder-de-la-narrativa-fotografica\/#primaryimage"},"thumbnailUrl":"https:\/\/manualdetecnicafotografica.com\/blog\/wp-content\/uploads\/2024\/07\/4.jpeg","datePublished":"2024-07-05T15:51:38+00:00","dateModified":"2024-07-05T15:51:40+00:00","author":{"@id":"https:\/\/manualdetecnicafotografica.com\/blog\/#\/schema\/person\/cddd7c18226cc18838d48a720af4a08e"},"breadcrumb":{"@id":"https:\/\/manualdetecnicafotografica.com\/blog\/descubre-el-poder-de-la-narrativa-fotografica\/#breadcrumb"},"inLanguage":"es","potentialAction":[{"@type":"ReadAction","target":["https:\/\/manualdetecnicafotografica.com\/blog\/descubre-el-poder-de-la-narrativa-fotografica\/"]}]},{"@type":"ImageObject","inLanguage":"es","@id":"https:\/\/manualdetecnicafotografica.com\/blog\/descubre-el-poder-de-la-narrativa-fotografica\/#primaryimage","url":"https:\/\/manualdetecnicafotografica.com\/blog\/wp-content\/uploads\/2024\/07\/4.jpeg","contentUrl":"https:\/\/manualdetecnicafotografica.com\/blog\/wp-content\/uploads\/2024\/07\/4.jpeg","width":800,"height":534},{"@type":"BreadcrumbList","@id":"https:\/\/manualdetecnicafotografica.com\/blog\/descubre-el-poder-de-la-narrativa-fotografica\/#breadcrumb","itemListElement":[{"@type":"ListItem","position":1,"name":"Portada","item":"https:\/\/manualdetecnicafotografica.com\/blog\/"},{"@type":"ListItem","position":2,"name":"Descubre el poder de la Narrativa Fotogr\u00e1fica"}]},{"@type":"WebSite","@id":"https:\/\/manualdetecnicafotografica.com\/blog\/#website","url":"https:\/\/manualdetecnicafotografica.com\/blog\/","name":"Iniciaci\u00f3n a la Fotograf\u00eda","description":"Blog de Juan Ignacio Torres","potentialAction":[{"@type":"SearchAction","target":{"@type":"EntryPoint","urlTemplate":"https:\/\/manualdetecnicafotografica.com\/blog\/?s={search_term_string}"},"query-input":{"@type":"PropertyValueSpecification","valueRequired":true,"valueName":"search_term_string"}}],"inLanguage":"es"},{"@type":"Person","@id":"https:\/\/manualdetecnicafotografica.com\/blog\/#\/schema\/person\/cddd7c18226cc18838d48a720af4a08e","name":"Juan Ignacio Torres","image":{"@type":"ImageObject","inLanguage":"es","@id":"https:\/\/secure.gravatar.com\/avatar\/7556f0bc1c2915ae95a133ed9b370055801457decc58c028c14cfb975acd7528?s=96&d=wavatar&r=g","url":"https:\/\/secure.gravatar.com\/avatar\/7556f0bc1c2915ae95a133ed9b370055801457decc58c028c14cfb975acd7528?s=96&d=wavatar&r=g","contentUrl":"https:\/\/secure.gravatar.com\/avatar\/7556f0bc1c2915ae95a133ed9b370055801457decc58c028c14cfb975acd7528?s=96&d=wavatar&r=g","caption":"Juan Ignacio Torres"},"url":"https:\/\/manualdetecnicafotografica.com\/blog\/author\/jitblog77\/"}]}},"_links":{"self":[{"href":"https:\/\/manualdetecnicafotografica.com\/blog\/wp-json\/wp\/v2\/posts\/3652","targetHints":{"allow":["GET"]}}],"collection":[{"href":"https:\/\/manualdetecnicafotografica.com\/blog\/wp-json\/wp\/v2\/posts"}],"about":[{"href":"https:\/\/manualdetecnicafotografica.com\/blog\/wp-json\/wp\/v2\/types\/post"}],"author":[{"embeddable":true,"href":"https:\/\/manualdetecnicafotografica.com\/blog\/wp-json\/wp\/v2\/users\/1"}],"replies":[{"embeddable":true,"href":"https:\/\/manualdetecnicafotografica.com\/blog\/wp-json\/wp\/v2\/comments?post=3652"}],"version-history":[{"count":1,"href":"https:\/\/manualdetecnicafotografica.com\/blog\/wp-json\/wp\/v2\/posts\/3652\/revisions"}],"predecessor-version":[{"id":3661,"href":"https:\/\/manualdetecnicafotografica.com\/blog\/wp-json\/wp\/v2\/posts\/3652\/revisions\/3661"}],"wp:featuredmedia":[{"embeddable":true,"href":"https:\/\/manualdetecnicafotografica.com\/blog\/wp-json\/wp\/v2\/media\/3657"}],"wp:attachment":[{"href":"https:\/\/manualdetecnicafotografica.com\/blog\/wp-json\/wp\/v2\/media?parent=3652"}],"wp:term":[{"taxonomy":"category","embeddable":true,"href":"https:\/\/manualdetecnicafotografica.com\/blog\/wp-json\/wp\/v2\/categories?post=3652"},{"taxonomy":"post_tag","embeddable":true,"href":"https:\/\/manualdetecnicafotografica.com\/blog\/wp-json\/wp\/v2\/tags?post=3652"}],"curies":[{"name":"wp","href":"https:\/\/api.w.org\/{rel}","templated":true}]}}