{"id":3338,"date":"2024-04-22T16:29:28","date_gmt":"2024-04-22T16:29:28","guid":{"rendered":"https:\/\/manualdetecnicafotografica.com\/blog\/?p=3338"},"modified":"2024-04-22T16:29:28","modified_gmt":"2024-04-22T16:29:28","slug":"fotos-de-recien-nacidos-como-fotografiar-bebes-en-casa-profesionalmente","status":"publish","type":"post","link":"https:\/\/manualdetecnicafotografica.com\/blog\/fotos-de-recien-nacidos-como-fotografiar-bebes-en-casa-profesionalmente\/","title":{"rendered":"Fotos de reci\u00e9n nacidos: C\u00f3mo fotografiar beb\u00e9s en casa profesionalmente"},"content":{"rendered":"<p>Con los beb\u00e9s una cosa es segura: que crecen incre\u00edblemente r\u00e1pido y antes de que te des cuenta te habr\u00e1s perdido esa hermosa etapa y la posibilidad de capturar esa etapa tan m\u00e1gica y \u00fanica!<\/p>\n<p><img loading=\"lazy\" decoding=\"async\" class=\"size-full wp-image-3341 alignleft\" src=\"https:\/\/manualdetecnicafotografica.com\/blog\/wp-content\/uploads\/2024\/04\/fotos-de-bebes-fotografiando-recien-nacidos-6.jpg\" alt=\"\" width=\"640\" height=\"394\" srcset=\"https:\/\/manualdetecnicafotografica.com\/blog\/wp-content\/uploads\/2024\/04\/fotos-de-bebes-fotografiando-recien-nacidos-6.jpg 640w, https:\/\/manualdetecnicafotografica.com\/blog\/wp-content\/uploads\/2024\/04\/fotos-de-bebes-fotografiando-recien-nacidos-6-300x185.jpg 300w\" sizes=\"auto, (max-width: 640px) 100vw, 640px\" \/><\/p>\n<p>Capturar esos momentos ef\u00edmeros y tiernos es algo que puedes atesorar para siempre y no tienes que ir a un estudio de fotograf\u00eda super costoso para obtener im\u00e1genes de aspecto profesional.<\/p>\n<p>Ha continuaci\u00f3n te dar\u00e9 una serie de pautas y las mejores ideas para que puedas atesorar estos hermosos recuerdos e impresionar con tus fotos a cualquiera.<\/p>\n<h1>La mejor iluminaci\u00f3n para tu beb\u00e9<\/h1>\n<p>Para obtener ese aspecto brillante y angelical por el que son conocidas las fotos de beb\u00e9s, elige un lugar de disparo que tenga mucha luz natural.<\/p>\n<p>Elige la habitaci\u00f3n de tu casa que reciba m\u00e1s luz solar y convi\u00e9rtela en tu estudio de fotos. Si est\u00e1s pensando en fotografiar al nivel del suelo, recomiendo encontrar un lugar donde ingrese la luz hasta el mism\u00edsimo lugar donde se encuentra el beb\u00e9.<\/p>\n<p><img loading=\"lazy\" decoding=\"async\" class=\"alignnone size-full wp-image-3347\" src=\"https:\/\/manualdetecnicafotografica.com\/blog\/wp-content\/uploads\/2024\/04\/fotos-de-bebes-fotografiando-recien-nacidos-8.jpg\" alt=\"\" width=\"640\" height=\"427\" srcset=\"https:\/\/manualdetecnicafotografica.com\/blog\/wp-content\/uploads\/2024\/04\/fotos-de-bebes-fotografiando-recien-nacidos-8.jpg 640w, https:\/\/manualdetecnicafotografica.com\/blog\/wp-content\/uploads\/2024\/04\/fotos-de-bebes-fotografiando-recien-nacidos-8-300x200.jpg 300w, https:\/\/manualdetecnicafotografica.com\/blog\/wp-content\/uploads\/2024\/04\/fotos-de-bebes-fotografiando-recien-nacidos-8-272x182.jpg 272w\" sizes=\"auto, (max-width: 640px) 100vw, 640px\" \/><\/p>\n<p>Esto no significa que la luz solar debe incidir directamente sobre el beb\u00e9, todo lo contrario. Simplemente necesitas buena iluminaci\u00f3n pero difuminarla con una cortina en el caso de que sea demasiado dura y directa.<\/p>\n<h1>El momento para fotografiar reci\u00e9n nacidos<\/h1>\n<p>Considera el momento del d\u00eda cu\u00e1ndo tu beb\u00e9 suele estar m\u00e1s feliz (despu\u00e9s de una comida, tal vez) y haz las fotos en esos momentos. Tambi\u00e9n ten en cuenta que algunos reci\u00e9n nacidos ser\u00e1n m\u00e1s f\u00e1ciles de fotografiar cuando est\u00e9n dormidos, as\u00ed que intenta coordinar la sesi\u00f3n de fotos para estos momentos.<br \/>\nLa idea es que las condiciones sean ideales, tanto de iluminaci\u00f3n como de confort para el beb\u00e9.<\/p>\n<p><img loading=\"lazy\" decoding=\"async\" class=\"alignnone size-full wp-image-3351\" src=\"https:\/\/manualdetecnicafotografica.com\/blog\/wp-content\/uploads\/2024\/04\/bebe.jpg\" alt=\"\" width=\"640\" height=\"960\" srcset=\"https:\/\/manualdetecnicafotografica.com\/blog\/wp-content\/uploads\/2024\/04\/bebe.jpg 640w, https:\/\/manualdetecnicafotografica.com\/blog\/wp-content\/uploads\/2024\/04\/bebe-200x300.jpg 200w\" sizes=\"auto, (max-width: 640px) 100vw, 640px\" \/><\/p>\n<h1>Accesorios<\/h1>\n<p>Para preparar la est\u00e9tica de la foto y hacer lucir al protagonista de la foto elige accesorios y trajes de color neutro y tono similar para que no distraigan la atenci\u00f3n de tu beb\u00e9.<\/p>\n<p>Elegir colores claros ayuda con la iluminaci\u00f3n de la imagen, ya que estos reflejan la luz en lugar de absorberla. Pero por sobre toda las cosas los colores claros dan sensaci\u00f3n de suavidad, ternura y calma (todo lo que se suele desear transmitir en este tipo de fotograf\u00eda).<\/p>\n<p>Estos colores neutros (suaves, pasteles) tambi\u00e9n te permitir\u00e1n agregar inter\u00e9s visual utilizando un accesorio extra que se destaque, por ejemplo uno con textura, como una manta tejida, o bien un objeto de color contrastante (como un juguete especial).<\/p>\n<h1>Configura de la c\u00e1mara<\/h1>\n<p>La fotograf\u00eda de reci\u00e9n nacidos debe tener un \u00e1rea n\u00edtida, enfocada, y con un fondo suave y desenfocado.<\/p>\n<p>Si est\u00e1s usando una c\u00e1mara r\u00e9flex digital, abre tu apertura al m\u00e1ximo (aj\u00fastala al n\u00famero m\u00e1s peque\u00f1o) para obtener un fondo suave y desenfocado. Comb\u00ednalo con un objetivo de retrato (alrededor de 85 mm). Ac\u00e9rcate y enfoca los ojos de tu beb\u00e9.<\/p>\n<p>Utiliza una velocidad de obturaci\u00f3n r\u00e1pida de al menos 1\/160 s para beb\u00e9s tranquilos, y de 1\/250 s o m\u00e1s r\u00e1pido para beb\u00e9s activos para congelar el movimiento.<\/p>\n<p>Una apertura amplia como f\/2.8 crea un fondo difuminado, pero si tienes problema logrando enfocar exactamente donde deseas, un f\/4 m\u00e1s estrecho es m\u00e1s f\u00e1cil de capturar y mantener n\u00edtido al beb\u00e9.<\/p>\n<p>Equilibra la exposici\u00f3n con el ISO m\u00e1s bajo que te permita la velocidad de obturaci\u00f3n r\u00e1pida que utilizas. Si la foto est\u00e1 demasiado clara u oscura, ajusta el ISO o utiliza la compensaci\u00f3n de exposici\u00f3n.<\/p>\n<p><img loading=\"lazy\" decoding=\"async\" class=\"alignnone size-full wp-image-3340\" src=\"https:\/\/manualdetecnicafotografica.com\/blog\/wp-content\/uploads\/2024\/04\/fotos-de-bebes-fotografiando-recien-nacidos-1.jpg\" alt=\"\" width=\"640\" height=\"427\" srcset=\"https:\/\/manualdetecnicafotografica.com\/blog\/wp-content\/uploads\/2024\/04\/fotos-de-bebes-fotografiando-recien-nacidos-1.jpg 640w, https:\/\/manualdetecnicafotografica.com\/blog\/wp-content\/uploads\/2024\/04\/fotos-de-bebes-fotografiando-recien-nacidos-1-300x200.jpg 300w, https:\/\/manualdetecnicafotografica.com\/blog\/wp-content\/uploads\/2024\/04\/fotos-de-bebes-fotografiando-recien-nacidos-1-272x182.jpg 272w\" sizes=\"auto, (max-width: 640px) 100vw, 640px\" \/><\/p>\n<h1>Equipo fotogr\u00e1fico<\/h1>\n<p>Una buena c\u00e1mara para fotograf\u00eda de reci\u00e9n nacidos es siempre una DSLR con un sensor de resoluci\u00f3n de rango medio, que rinde bien en luz natural y tiene un obturador silencioso. Las c\u00e1maras con buen rendimiento con ISO alto son importantes para la fotograf\u00eda con luz natural.<\/p>\n<p>No obstante, lo principal es contar con un objetivo de apertura amplia como f\/1.8 o f\/2.8 que realmente te va a ayudar para lograr la profundidad de campo que se suele utilizar en este tipo de fotograf\u00eda.<\/p>\n<h1>Preparaci\u00f3n<\/h1>\n<p>Te recomiendo ajustar tu c\u00e1mara antes de colocar al beb\u00e9 para la foto. Esto te ahorrar\u00e1 tiempo ya que estar\u00e1s listo inmediatamente para disparar y tendr\u00e1s mayor tiempo para tu sesi\u00f3n de fotos antes de comenzar a \u201cperturbar\u201d la rutina del beb\u00e9.<\/p>\n<p>Tambi\u00e9n resulta \u00fatil tener listos atuendos y accesorios de beb\u00e9 de repuesto en caso de que ocurra un accidente y se necesite cambiarlos de ropa, o si deseas cambiar su atuendo simplemente para un estilo y est\u00e9tica de fotos diferente.<\/p>\n<h1>Fotografiando<\/h1>\n<p>Muy importante es que el lugar donde colocar\u00e1s al beb\u00e9 reciba buena iluminaci\u00f3n y lo planees con antelaci\u00f3n. Incluso que seas consciente c\u00f3mo impactara la luz en su cuerpo en la posici\u00f3n que piensas ponerlo. Puedes hacer pruebas previamente para estar confiado y seguro a la hora de realizar las fotos.<\/p>\n<p>Hacer que alguien sostenga al beb\u00e9 es un truco especialmente bueno para los reci\u00e9n nacidos ya que les encanta que los sostengan y dif\u00edcilmente se perturben en esta posici\u00f3n. Es bastante f\u00e1cil mantener a la persona que sostiene fuera de la foto, y el beb\u00e9 estar\u00e1 menos irritable que si lo acuestas por si mismo.<\/p>\n<p>Siempre mant\u00e9n la correa de tu c\u00e1mara puesta por seguridad. Inclina tu toma de manera que est\u00e9s fotografiando desde la nariz del beb\u00e9 hacia abajo en lugar de hacia arriba, porque eso no suele quedar bien. En general, ponerte a su altura para establecer contacto visual es uno de los puntos de partida m\u00e1s efectivos.<\/p>\n<h1>Cerrando<\/h1>\n<p>La fotograf\u00eda de reci\u00e9n nacidos es un campo desafiante pero gratificante. Los mejores fot\u00f3grafos de beb\u00e9s capturan las personalidades \u00fanicas de sus diminutos sujetos con configuraciones creativas y accesorios.<\/p>\n<p>Claro est\u00e1 que con la pr\u00e1ctica comenzaras a desarrollar cada vez mas habilidad y flexibilidad para obtener la toma perfecta antes de que el beb\u00e9 tenga hambre o se canse.<\/p>\n<p>Ya seas un fot\u00f3grafo profesional o simplemente est\u00e9s buscando ideas, aqu\u00ed te dejo varias para observar los \u00e1ngulos, la iluminaci\u00f3n utilizada, los colores y combinaci\u00f3n de elementos.<\/p>\n<p><img loading=\"lazy\" decoding=\"async\" class=\"alignnone size-full wp-image-3350\" src=\"https:\/\/manualdetecnicafotografica.com\/blog\/wp-content\/uploads\/2024\/04\/fotos-de-bebes-fotografiando-recien-nacidos-9.jpg\" alt=\"\" width=\"640\" height=\"427\" srcset=\"https:\/\/manualdetecnicafotografica.com\/blog\/wp-content\/uploads\/2024\/04\/fotos-de-bebes-fotografiando-recien-nacidos-9.jpg 640w, https:\/\/manualdetecnicafotografica.com\/blog\/wp-content\/uploads\/2024\/04\/fotos-de-bebes-fotografiando-recien-nacidos-9-300x200.jpg 300w, https:\/\/manualdetecnicafotografica.com\/blog\/wp-content\/uploads\/2024\/04\/fotos-de-bebes-fotografiando-recien-nacidos-9-272x182.jpg 272w\" sizes=\"auto, (max-width: 640px) 100vw, 640px\" \/> <img loading=\"lazy\" decoding=\"async\" class=\"alignnone size-full wp-image-3349\" src=\"https:\/\/manualdetecnicafotografica.com\/blog\/wp-content\/uploads\/2024\/04\/fotos-de-bebes-fotografiando-recien-nacidos-2.jpg\" alt=\"\" width=\"640\" height=\"427\" srcset=\"https:\/\/manualdetecnicafotografica.com\/blog\/wp-content\/uploads\/2024\/04\/fotos-de-bebes-fotografiando-recien-nacidos-2.jpg 640w, https:\/\/manualdetecnicafotografica.com\/blog\/wp-content\/uploads\/2024\/04\/fotos-de-bebes-fotografiando-recien-nacidos-2-300x200.jpg 300w, https:\/\/manualdetecnicafotografica.com\/blog\/wp-content\/uploads\/2024\/04\/fotos-de-bebes-fotografiando-recien-nacidos-2-272x182.jpg 272w\" sizes=\"auto, (max-width: 640px) 100vw, 640px\" \/> <img loading=\"lazy\" decoding=\"async\" class=\"alignnone size-full wp-image-3348\" src=\"https:\/\/manualdetecnicafotografica.com\/blog\/wp-content\/uploads\/2024\/04\/fotos-de-bebes-fotografiando-recien-nacidos-12.jpg\" alt=\"\" width=\"640\" height=\"427\" srcset=\"https:\/\/manualdetecnicafotografica.com\/blog\/wp-content\/uploads\/2024\/04\/fotos-de-bebes-fotografiando-recien-nacidos-12.jpg 640w, https:\/\/manualdetecnicafotografica.com\/blog\/wp-content\/uploads\/2024\/04\/fotos-de-bebes-fotografiando-recien-nacidos-12-300x200.jpg 300w, https:\/\/manualdetecnicafotografica.com\/blog\/wp-content\/uploads\/2024\/04\/fotos-de-bebes-fotografiando-recien-nacidos-12-272x182.jpg 272w\" sizes=\"auto, (max-width: 640px) 100vw, 640px\" \/> <img loading=\"lazy\" decoding=\"async\" class=\"alignnone size-full wp-image-3346\" src=\"https:\/\/manualdetecnicafotografica.com\/blog\/wp-content\/uploads\/2024\/04\/fotos-de-bebes-fotografiando-recien-nacidos-5.jpg\" alt=\"\" width=\"640\" height=\"427\" srcset=\"https:\/\/manualdetecnicafotografica.com\/blog\/wp-content\/uploads\/2024\/04\/fotos-de-bebes-fotografiando-recien-nacidos-5.jpg 640w, https:\/\/manualdetecnicafotografica.com\/blog\/wp-content\/uploads\/2024\/04\/fotos-de-bebes-fotografiando-recien-nacidos-5-300x200.jpg 300w, https:\/\/manualdetecnicafotografica.com\/blog\/wp-content\/uploads\/2024\/04\/fotos-de-bebes-fotografiando-recien-nacidos-5-272x182.jpg 272w\" sizes=\"auto, (max-width: 640px) 100vw, 640px\" \/> <img loading=\"lazy\" decoding=\"async\" class=\"alignnone size-full wp-image-3345\" src=\"https:\/\/manualdetecnicafotografica.com\/blog\/wp-content\/uploads\/2024\/04\/fotos-de-bebes-fotografiando-recien-nacidos-4.jpg\" alt=\"\" width=\"640\" height=\"427\" srcset=\"https:\/\/manualdetecnicafotografica.com\/blog\/wp-content\/uploads\/2024\/04\/fotos-de-bebes-fotografiando-recien-nacidos-4.jpg 640w, https:\/\/manualdetecnicafotografica.com\/blog\/wp-content\/uploads\/2024\/04\/fotos-de-bebes-fotografiando-recien-nacidos-4-300x200.jpg 300w, https:\/\/manualdetecnicafotografica.com\/blog\/wp-content\/uploads\/2024\/04\/fotos-de-bebes-fotografiando-recien-nacidos-4-272x182.jpg 272w\" sizes=\"auto, (max-width: 640px) 100vw, 640px\" \/> <img loading=\"lazy\" decoding=\"async\" class=\"alignnone size-full wp-image-3344\" src=\"https:\/\/manualdetecnicafotografica.com\/blog\/wp-content\/uploads\/2024\/04\/fotos-de-bebes-fotografiando-recien-nacidos-11.jpg\" alt=\"\" width=\"640\" height=\"960\" srcset=\"https:\/\/manualdetecnicafotografica.com\/blog\/wp-content\/uploads\/2024\/04\/fotos-de-bebes-fotografiando-recien-nacidos-11.jpg 640w, https:\/\/manualdetecnicafotografica.com\/blog\/wp-content\/uploads\/2024\/04\/fotos-de-bebes-fotografiando-recien-nacidos-11-200x300.jpg 200w\" sizes=\"auto, (max-width: 640px) 100vw, 640px\" \/> <img loading=\"lazy\" decoding=\"async\" class=\"alignnone size-full wp-image-3343\" src=\"https:\/\/manualdetecnicafotografica.com\/blog\/wp-content\/uploads\/2024\/04\/fotos-de-bebes-fotografiando-recien-nacidos-3.jpg\" alt=\"\" width=\"640\" height=\"427\" srcset=\"https:\/\/manualdetecnicafotografica.com\/blog\/wp-content\/uploads\/2024\/04\/fotos-de-bebes-fotografiando-recien-nacidos-3.jpg 640w, https:\/\/manualdetecnicafotografica.com\/blog\/wp-content\/uploads\/2024\/04\/fotos-de-bebes-fotografiando-recien-nacidos-3-300x200.jpg 300w, https:\/\/manualdetecnicafotografica.com\/blog\/wp-content\/uploads\/2024\/04\/fotos-de-bebes-fotografiando-recien-nacidos-3-272x182.jpg 272w\" sizes=\"auto, (max-width: 640px) 100vw, 640px\" \/> <img loading=\"lazy\" decoding=\"async\" class=\"alignnone size-full wp-image-3342\" src=\"https:\/\/manualdetecnicafotografica.com\/blog\/wp-content\/uploads\/2024\/04\/fotos-de-bebes-fotografiando-recien-nacidos-10.jpg\" alt=\"\" width=\"640\" height=\"427\" srcset=\"https:\/\/manualdetecnicafotografica.com\/blog\/wp-content\/uploads\/2024\/04\/fotos-de-bebes-fotografiando-recien-nacidos-10.jpg 640w, https:\/\/manualdetecnicafotografica.com\/blog\/wp-content\/uploads\/2024\/04\/fotos-de-bebes-fotografiando-recien-nacidos-10-300x200.jpg 300w, https:\/\/manualdetecnicafotografica.com\/blog\/wp-content\/uploads\/2024\/04\/fotos-de-bebes-fotografiando-recien-nacidos-10-272x182.jpg 272w\" sizes=\"auto, (max-width: 640px) 100vw, 640px\" \/> \u00a0<img loading=\"lazy\" decoding=\"async\" class=\"alignnone size-full wp-image-3339\" src=\"https:\/\/manualdetecnicafotografica.com\/blog\/wp-content\/uploads\/2024\/04\/fotos-de-bebes-fotografiando-recien-nacidos-7.jpg\" alt=\"\" width=\"640\" height=\"427\" srcset=\"https:\/\/manualdetecnicafotografica.com\/blog\/wp-content\/uploads\/2024\/04\/fotos-de-bebes-fotografiando-recien-nacidos-7.jpg 640w, https:\/\/manualdetecnicafotografica.com\/blog\/wp-content\/uploads\/2024\/04\/fotos-de-bebes-fotografiando-recien-nacidos-7-300x200.jpg 300w, https:\/\/manualdetecnicafotografica.com\/blog\/wp-content\/uploads\/2024\/04\/fotos-de-bebes-fotografiando-recien-nacidos-7-272x182.jpg 272w\" sizes=\"auto, (max-width: 640px) 100vw, 640px\" \/><\/p>\n<p>&nbsp;<\/p>\n","protected":false},"excerpt":{"rendered":"<p>Con los beb\u00e9s una cosa es segura: que crecen incre\u00edblemente r\u00e1pido y antes de que te des cuenta te habr\u00e1s perdido esa hermosa etapa y la posibilidad de capturar esa etapa tan m\u00e1gica y \u00fanica! Capturar esos momentos ef\u00edmeros y tiernos es algo que puedes atesorar para siempre y no tienes que ir a un [&hellip;]<\/p>\n","protected":false},"author":1,"featured_media":3340,"comment_status":"open","ping_status":"open","sticky":false,"template":"","format":"standard","meta":{"_genesis_hide_title":false,"_genesis_hide_breadcrumbs":false,"_genesis_hide_singular_image":false,"_genesis_hide_footer_widgets":false,"_genesis_custom_body_class":"","_genesis_custom_post_class":"","_genesis_layout":"","_glsr_average":0,"_glsr_ranking":0,"_glsr_reviews":0,"footnotes":""},"categories":[403],"tags":[405,409,407,404,410,406,408],"class_list":{"0":"post-3338","1":"post","2":"type-post","3":"status-publish","4":"format-standard","5":"has-post-thumbnail","7":"category-trucos-y-tips","8":"tag-bebes","9":"tag-casa","10":"tag-fotografiar","11":"tag-fotos","12":"tag-profesional","13":"tag-recien-nacido","14":"tag-sesion","15":"entry"},"yoast_head":"<!-- This site is optimized with the Yoast SEO plugin v27.4 - https:\/\/yoast.com\/product\/yoast-seo-wordpress\/ -->\n<title>Fotos de reci\u00e9n nacidos: C\u00f3mo fotografiar beb\u00e9s en casa profesionalmente - Iniciaci\u00f3n a la Fotograf\u00eda<\/title>\n<meta name=\"robots\" content=\"index, follow, max-snippet:-1, max-image-preview:large, max-video-preview:-1\" \/>\n<link rel=\"canonical\" href=\"https:\/\/manualdetecnicafotografica.com\/blog\/fotos-de-recien-nacidos-como-fotografiar-bebes-en-casa-profesionalmente\/\" \/>\n<meta property=\"og:locale\" content=\"es_ES\" \/>\n<meta property=\"og:type\" content=\"article\" \/>\n<meta property=\"og:title\" content=\"Fotos de reci\u00e9n nacidos: C\u00f3mo fotografiar beb\u00e9s en casa profesionalmente - Iniciaci\u00f3n a la Fotograf\u00eda\" \/>\n<meta property=\"og:description\" content=\"Con los beb\u00e9s una cosa es segura: que crecen incre\u00edblemente r\u00e1pido y antes de que te des cuenta te habr\u00e1s perdido esa hermosa etapa y la posibilidad de capturar esa etapa tan m\u00e1gica y \u00fanica! Capturar esos momentos ef\u00edmeros y tiernos es algo que puedes atesorar para siempre y no tienes que ir a un [&hellip;]\" \/>\n<meta property=\"og:url\" content=\"https:\/\/manualdetecnicafotografica.com\/blog\/fotos-de-recien-nacidos-como-fotografiar-bebes-en-casa-profesionalmente\/\" \/>\n<meta property=\"og:site_name\" content=\"Iniciaci\u00f3n a la Fotograf\u00eda\" \/>\n<meta property=\"article:published_time\" content=\"2024-04-22T16:29:28+00:00\" \/>\n<meta property=\"og:image\" content=\"https:\/\/manualdetecnicafotografica.com\/blog\/wp-content\/uploads\/2024\/04\/fotos-de-bebes-fotografiando-recien-nacidos-1.jpg\" \/>\n\t<meta property=\"og:image:width\" content=\"640\" \/>\n\t<meta property=\"og:image:height\" content=\"427\" \/>\n\t<meta property=\"og:image:type\" content=\"image\/jpeg\" \/>\n<meta name=\"author\" content=\"Juan Ignacio Torres\" \/>\n<meta name=\"twitter:card\" content=\"summary_large_image\" \/>\n<meta name=\"twitter:label1\" content=\"Escrito por\" \/>\n\t<meta name=\"twitter:data1\" content=\"Juan Ignacio Torres\" \/>\n\t<meta name=\"twitter:label2\" content=\"Tiempo de lectura\" \/>\n\t<meta name=\"twitter:data2\" content=\"8 minutos\" \/>\n<script type=\"application\/ld+json\" class=\"yoast-schema-graph\">{\"@context\":\"https:\\\/\\\/schema.org\",\"@graph\":[{\"@type\":\"Article\",\"@id\":\"https:\\\/\\\/manualdetecnicafotografica.com\\\/blog\\\/fotos-de-recien-nacidos-como-fotografiar-bebes-en-casa-profesionalmente\\\/#article\",\"isPartOf\":{\"@id\":\"https:\\\/\\\/manualdetecnicafotografica.com\\\/blog\\\/fotos-de-recien-nacidos-como-fotografiar-bebes-en-casa-profesionalmente\\\/\"},\"author\":{\"name\":\"Juan Ignacio Torres\",\"@id\":\"https:\\\/\\\/manualdetecnicafotografica.com\\\/blog\\\/#\\\/schema\\\/person\\\/cddd7c18226cc18838d48a720af4a08e\"},\"headline\":\"Fotos de reci\u00e9n nacidos: C\u00f3mo fotografiar beb\u00e9s en casa profesionalmente\",\"datePublished\":\"2024-04-22T16:29:28+00:00\",\"mainEntityOfPage\":{\"@id\":\"https:\\\/\\\/manualdetecnicafotografica.com\\\/blog\\\/fotos-de-recien-nacidos-como-fotografiar-bebes-en-casa-profesionalmente\\\/\"},\"wordCount\":1092,\"commentCount\":5,\"image\":{\"@id\":\"https:\\\/\\\/manualdetecnicafotografica.com\\\/blog\\\/fotos-de-recien-nacidos-como-fotografiar-bebes-en-casa-profesionalmente\\\/#primaryimage\"},\"thumbnailUrl\":\"https:\\\/\\\/manualdetecnicafotografica.com\\\/blog\\\/wp-content\\\/uploads\\\/2024\\\/04\\\/fotos-de-bebes-fotografiando-recien-nacidos-1.jpg\",\"keywords\":[\"bebes\",\"casa\",\"fotografiar\",\"fotos\",\"profesional\",\"recien nacido\",\"sesion\"],\"articleSection\":[\"Trucos y Tips\"],\"inLanguage\":\"es\",\"potentialAction\":[{\"@type\":\"CommentAction\",\"name\":\"Comment\",\"target\":[\"https:\\\/\\\/manualdetecnicafotografica.com\\\/blog\\\/fotos-de-recien-nacidos-como-fotografiar-bebes-en-casa-profesionalmente\\\/#respond\"]}]},{\"@type\":\"WebPage\",\"@id\":\"https:\\\/\\\/manualdetecnicafotografica.com\\\/blog\\\/fotos-de-recien-nacidos-como-fotografiar-bebes-en-casa-profesionalmente\\\/\",\"url\":\"https:\\\/\\\/manualdetecnicafotografica.com\\\/blog\\\/fotos-de-recien-nacidos-como-fotografiar-bebes-en-casa-profesionalmente\\\/\",\"name\":\"Fotos de reci\u00e9n nacidos: C\u00f3mo fotografiar beb\u00e9s en casa profesionalmente - Iniciaci\u00f3n a la Fotograf\u00eda\",\"isPartOf\":{\"@id\":\"https:\\\/\\\/manualdetecnicafotografica.com\\\/blog\\\/#website\"},\"primaryImageOfPage\":{\"@id\":\"https:\\\/\\\/manualdetecnicafotografica.com\\\/blog\\\/fotos-de-recien-nacidos-como-fotografiar-bebes-en-casa-profesionalmente\\\/#primaryimage\"},\"image\":{\"@id\":\"https:\\\/\\\/manualdetecnicafotografica.com\\\/blog\\\/fotos-de-recien-nacidos-como-fotografiar-bebes-en-casa-profesionalmente\\\/#primaryimage\"},\"thumbnailUrl\":\"https:\\\/\\\/manualdetecnicafotografica.com\\\/blog\\\/wp-content\\\/uploads\\\/2024\\\/04\\\/fotos-de-bebes-fotografiando-recien-nacidos-1.jpg\",\"datePublished\":\"2024-04-22T16:29:28+00:00\",\"author\":{\"@id\":\"https:\\\/\\\/manualdetecnicafotografica.com\\\/blog\\\/#\\\/schema\\\/person\\\/cddd7c18226cc18838d48a720af4a08e\"},\"breadcrumb\":{\"@id\":\"https:\\\/\\\/manualdetecnicafotografica.com\\\/blog\\\/fotos-de-recien-nacidos-como-fotografiar-bebes-en-casa-profesionalmente\\\/#breadcrumb\"},\"inLanguage\":\"es\",\"potentialAction\":[{\"@type\":\"ReadAction\",\"target\":[\"https:\\\/\\\/manualdetecnicafotografica.com\\\/blog\\\/fotos-de-recien-nacidos-como-fotografiar-bebes-en-casa-profesionalmente\\\/\"]}]},{\"@type\":\"ImageObject\",\"inLanguage\":\"es\",\"@id\":\"https:\\\/\\\/manualdetecnicafotografica.com\\\/blog\\\/fotos-de-recien-nacidos-como-fotografiar-bebes-en-casa-profesionalmente\\\/#primaryimage\",\"url\":\"https:\\\/\\\/manualdetecnicafotografica.com\\\/blog\\\/wp-content\\\/uploads\\\/2024\\\/04\\\/fotos-de-bebes-fotografiando-recien-nacidos-1.jpg\",\"contentUrl\":\"https:\\\/\\\/manualdetecnicafotografica.com\\\/blog\\\/wp-content\\\/uploads\\\/2024\\\/04\\\/fotos-de-bebes-fotografiando-recien-nacidos-1.jpg\",\"width\":640,\"height\":427},{\"@type\":\"BreadcrumbList\",\"@id\":\"https:\\\/\\\/manualdetecnicafotografica.com\\\/blog\\\/fotos-de-recien-nacidos-como-fotografiar-bebes-en-casa-profesionalmente\\\/#breadcrumb\",\"itemListElement\":[{\"@type\":\"ListItem\",\"position\":1,\"name\":\"Portada\",\"item\":\"https:\\\/\\\/manualdetecnicafotografica.com\\\/blog\\\/\"},{\"@type\":\"ListItem\",\"position\":2,\"name\":\"Fotos de reci\u00e9n nacidos: C\u00f3mo fotografiar beb\u00e9s en casa profesionalmente\"}]},{\"@type\":\"WebSite\",\"@id\":\"https:\\\/\\\/manualdetecnicafotografica.com\\\/blog\\\/#website\",\"url\":\"https:\\\/\\\/manualdetecnicafotografica.com\\\/blog\\\/\",\"name\":\"Iniciaci\u00f3n a la Fotograf\u00eda\",\"description\":\"Blog de Juan Ignacio Torres\",\"potentialAction\":[{\"@type\":\"SearchAction\",\"target\":{\"@type\":\"EntryPoint\",\"urlTemplate\":\"https:\\\/\\\/manualdetecnicafotografica.com\\\/blog\\\/?s={search_term_string}\"},\"query-input\":{\"@type\":\"PropertyValueSpecification\",\"valueRequired\":true,\"valueName\":\"search_term_string\"}}],\"inLanguage\":\"es\"},{\"@type\":\"Person\",\"@id\":\"https:\\\/\\\/manualdetecnicafotografica.com\\\/blog\\\/#\\\/schema\\\/person\\\/cddd7c18226cc18838d48a720af4a08e\",\"name\":\"Juan Ignacio Torres\",\"image\":{\"@type\":\"ImageObject\",\"inLanguage\":\"es\",\"@id\":\"https:\\\/\\\/secure.gravatar.com\\\/avatar\\\/7556f0bc1c2915ae95a133ed9b370055801457decc58c028c14cfb975acd7528?s=96&d=wavatar&r=g\",\"url\":\"https:\\\/\\\/secure.gravatar.com\\\/avatar\\\/7556f0bc1c2915ae95a133ed9b370055801457decc58c028c14cfb975acd7528?s=96&d=wavatar&r=g\",\"contentUrl\":\"https:\\\/\\\/secure.gravatar.com\\\/avatar\\\/7556f0bc1c2915ae95a133ed9b370055801457decc58c028c14cfb975acd7528?s=96&d=wavatar&r=g\",\"caption\":\"Juan Ignacio Torres\"},\"url\":\"https:\\\/\\\/manualdetecnicafotografica.com\\\/blog\\\/author\\\/jitblog77\\\/\"}]}<\/script>\n<!-- \/ Yoast SEO plugin. -->","yoast_head_json":{"title":"Fotos de reci\u00e9n nacidos: C\u00f3mo fotografiar beb\u00e9s en casa profesionalmente - Iniciaci\u00f3n a la Fotograf\u00eda","robots":{"index":"index","follow":"follow","max-snippet":"max-snippet:-1","max-image-preview":"max-image-preview:large","max-video-preview":"max-video-preview:-1"},"canonical":"https:\/\/manualdetecnicafotografica.com\/blog\/fotos-de-recien-nacidos-como-fotografiar-bebes-en-casa-profesionalmente\/","og_locale":"es_ES","og_type":"article","og_title":"Fotos de reci\u00e9n nacidos: C\u00f3mo fotografiar beb\u00e9s en casa profesionalmente - Iniciaci\u00f3n a la Fotograf\u00eda","og_description":"Con los beb\u00e9s una cosa es segura: que crecen incre\u00edblemente r\u00e1pido y antes de que te des cuenta te habr\u00e1s perdido esa hermosa etapa y la posibilidad de capturar esa etapa tan m\u00e1gica y \u00fanica! Capturar esos momentos ef\u00edmeros y tiernos es algo que puedes atesorar para siempre y no tienes que ir a un [&hellip;]","og_url":"https:\/\/manualdetecnicafotografica.com\/blog\/fotos-de-recien-nacidos-como-fotografiar-bebes-en-casa-profesionalmente\/","og_site_name":"Iniciaci\u00f3n a la Fotograf\u00eda","article_published_time":"2024-04-22T16:29:28+00:00","og_image":[{"width":640,"height":427,"url":"https:\/\/manualdetecnicafotografica.com\/blog\/wp-content\/uploads\/2024\/04\/fotos-de-bebes-fotografiando-recien-nacidos-1.jpg","type":"image\/jpeg"}],"author":"Juan Ignacio Torres","twitter_card":"summary_large_image","twitter_misc":{"Escrito por":"Juan Ignacio Torres","Tiempo de lectura":"8 minutos"},"schema":{"@context":"https:\/\/schema.org","@graph":[{"@type":"Article","@id":"https:\/\/manualdetecnicafotografica.com\/blog\/fotos-de-recien-nacidos-como-fotografiar-bebes-en-casa-profesionalmente\/#article","isPartOf":{"@id":"https:\/\/manualdetecnicafotografica.com\/blog\/fotos-de-recien-nacidos-como-fotografiar-bebes-en-casa-profesionalmente\/"},"author":{"name":"Juan Ignacio Torres","@id":"https:\/\/manualdetecnicafotografica.com\/blog\/#\/schema\/person\/cddd7c18226cc18838d48a720af4a08e"},"headline":"Fotos de reci\u00e9n nacidos: C\u00f3mo fotografiar beb\u00e9s en casa profesionalmente","datePublished":"2024-04-22T16:29:28+00:00","mainEntityOfPage":{"@id":"https:\/\/manualdetecnicafotografica.com\/blog\/fotos-de-recien-nacidos-como-fotografiar-bebes-en-casa-profesionalmente\/"},"wordCount":1092,"commentCount":5,"image":{"@id":"https:\/\/manualdetecnicafotografica.com\/blog\/fotos-de-recien-nacidos-como-fotografiar-bebes-en-casa-profesionalmente\/#primaryimage"},"thumbnailUrl":"https:\/\/manualdetecnicafotografica.com\/blog\/wp-content\/uploads\/2024\/04\/fotos-de-bebes-fotografiando-recien-nacidos-1.jpg","keywords":["bebes","casa","fotografiar","fotos","profesional","recien nacido","sesion"],"articleSection":["Trucos y Tips"],"inLanguage":"es","potentialAction":[{"@type":"CommentAction","name":"Comment","target":["https:\/\/manualdetecnicafotografica.com\/blog\/fotos-de-recien-nacidos-como-fotografiar-bebes-en-casa-profesionalmente\/#respond"]}]},{"@type":"WebPage","@id":"https:\/\/manualdetecnicafotografica.com\/blog\/fotos-de-recien-nacidos-como-fotografiar-bebes-en-casa-profesionalmente\/","url":"https:\/\/manualdetecnicafotografica.com\/blog\/fotos-de-recien-nacidos-como-fotografiar-bebes-en-casa-profesionalmente\/","name":"Fotos de reci\u00e9n nacidos: C\u00f3mo fotografiar beb\u00e9s en casa profesionalmente - Iniciaci\u00f3n a la Fotograf\u00eda","isPartOf":{"@id":"https:\/\/manualdetecnicafotografica.com\/blog\/#website"},"primaryImageOfPage":{"@id":"https:\/\/manualdetecnicafotografica.com\/blog\/fotos-de-recien-nacidos-como-fotografiar-bebes-en-casa-profesionalmente\/#primaryimage"},"image":{"@id":"https:\/\/manualdetecnicafotografica.com\/blog\/fotos-de-recien-nacidos-como-fotografiar-bebes-en-casa-profesionalmente\/#primaryimage"},"thumbnailUrl":"https:\/\/manualdetecnicafotografica.com\/blog\/wp-content\/uploads\/2024\/04\/fotos-de-bebes-fotografiando-recien-nacidos-1.jpg","datePublished":"2024-04-22T16:29:28+00:00","author":{"@id":"https:\/\/manualdetecnicafotografica.com\/blog\/#\/schema\/person\/cddd7c18226cc18838d48a720af4a08e"},"breadcrumb":{"@id":"https:\/\/manualdetecnicafotografica.com\/blog\/fotos-de-recien-nacidos-como-fotografiar-bebes-en-casa-profesionalmente\/#breadcrumb"},"inLanguage":"es","potentialAction":[{"@type":"ReadAction","target":["https:\/\/manualdetecnicafotografica.com\/blog\/fotos-de-recien-nacidos-como-fotografiar-bebes-en-casa-profesionalmente\/"]}]},{"@type":"ImageObject","inLanguage":"es","@id":"https:\/\/manualdetecnicafotografica.com\/blog\/fotos-de-recien-nacidos-como-fotografiar-bebes-en-casa-profesionalmente\/#primaryimage","url":"https:\/\/manualdetecnicafotografica.com\/blog\/wp-content\/uploads\/2024\/04\/fotos-de-bebes-fotografiando-recien-nacidos-1.jpg","contentUrl":"https:\/\/manualdetecnicafotografica.com\/blog\/wp-content\/uploads\/2024\/04\/fotos-de-bebes-fotografiando-recien-nacidos-1.jpg","width":640,"height":427},{"@type":"BreadcrumbList","@id":"https:\/\/manualdetecnicafotografica.com\/blog\/fotos-de-recien-nacidos-como-fotografiar-bebes-en-casa-profesionalmente\/#breadcrumb","itemListElement":[{"@type":"ListItem","position":1,"name":"Portada","item":"https:\/\/manualdetecnicafotografica.com\/blog\/"},{"@type":"ListItem","position":2,"name":"Fotos de reci\u00e9n nacidos: C\u00f3mo fotografiar beb\u00e9s en casa profesionalmente"}]},{"@type":"WebSite","@id":"https:\/\/manualdetecnicafotografica.com\/blog\/#website","url":"https:\/\/manualdetecnicafotografica.com\/blog\/","name":"Iniciaci\u00f3n a la Fotograf\u00eda","description":"Blog de Juan Ignacio Torres","potentialAction":[{"@type":"SearchAction","target":{"@type":"EntryPoint","urlTemplate":"https:\/\/manualdetecnicafotografica.com\/blog\/?s={search_term_string}"},"query-input":{"@type":"PropertyValueSpecification","valueRequired":true,"valueName":"search_term_string"}}],"inLanguage":"es"},{"@type":"Person","@id":"https:\/\/manualdetecnicafotografica.com\/blog\/#\/schema\/person\/cddd7c18226cc18838d48a720af4a08e","name":"Juan Ignacio Torres","image":{"@type":"ImageObject","inLanguage":"es","@id":"https:\/\/secure.gravatar.com\/avatar\/7556f0bc1c2915ae95a133ed9b370055801457decc58c028c14cfb975acd7528?s=96&d=wavatar&r=g","url":"https:\/\/secure.gravatar.com\/avatar\/7556f0bc1c2915ae95a133ed9b370055801457decc58c028c14cfb975acd7528?s=96&d=wavatar&r=g","contentUrl":"https:\/\/secure.gravatar.com\/avatar\/7556f0bc1c2915ae95a133ed9b370055801457decc58c028c14cfb975acd7528?s=96&d=wavatar&r=g","caption":"Juan Ignacio Torres"},"url":"https:\/\/manualdetecnicafotografica.com\/blog\/author\/jitblog77\/"}]}},"_links":{"self":[{"href":"https:\/\/manualdetecnicafotografica.com\/blog\/wp-json\/wp\/v2\/posts\/3338","targetHints":{"allow":["GET"]}}],"collection":[{"href":"https:\/\/manualdetecnicafotografica.com\/blog\/wp-json\/wp\/v2\/posts"}],"about":[{"href":"https:\/\/manualdetecnicafotografica.com\/blog\/wp-json\/wp\/v2\/types\/post"}],"author":[{"embeddable":true,"href":"https:\/\/manualdetecnicafotografica.com\/blog\/wp-json\/wp\/v2\/users\/1"}],"replies":[{"embeddable":true,"href":"https:\/\/manualdetecnicafotografica.com\/blog\/wp-json\/wp\/v2\/comments?post=3338"}],"version-history":[{"count":1,"href":"https:\/\/manualdetecnicafotografica.com\/blog\/wp-json\/wp\/v2\/posts\/3338\/revisions"}],"predecessor-version":[{"id":3352,"href":"https:\/\/manualdetecnicafotografica.com\/blog\/wp-json\/wp\/v2\/posts\/3338\/revisions\/3352"}],"wp:featuredmedia":[{"embeddable":true,"href":"https:\/\/manualdetecnicafotografica.com\/blog\/wp-json\/wp\/v2\/media\/3340"}],"wp:attachment":[{"href":"https:\/\/manualdetecnicafotografica.com\/blog\/wp-json\/wp\/v2\/media?parent=3338"}],"wp:term":[{"taxonomy":"category","embeddable":true,"href":"https:\/\/manualdetecnicafotografica.com\/blog\/wp-json\/wp\/v2\/categories?post=3338"},{"taxonomy":"post_tag","embeddable":true,"href":"https:\/\/manualdetecnicafotografica.com\/blog\/wp-json\/wp\/v2\/tags?post=3338"}],"curies":[{"name":"wp","href":"https:\/\/api.w.org\/{rel}","templated":true}]}}