{"id":3106,"date":"2023-08-16T12:07:17","date_gmt":"2023-08-16T12:07:17","guid":{"rendered":"https:\/\/manualdetecnicafotografica.com\/blog\/?p=3106"},"modified":"2023-08-23T16:55:40","modified_gmt":"2023-08-23T16:55:40","slug":"galeria-virtual-celebrando-el-dia-del-fotografo-2023","status":"publish","type":"post","link":"https:\/\/manualdetecnicafotografica.com\/blog\/galeria-virtual-celebrando-el-dia-del-fotografo-2023\/","title":{"rendered":"Galer\u00eda Virtual Celebrando el D\u00eda del Fot\u00f3grafo 2023"},"content":{"rendered":"<p><span><img decoding=\"async\" alt=\"\" data-id=\"3196\" width=\"697\" data-init-width=\"834\" height=\"247\" data-init-height=\"296\" title=\"dia-fotografia\" loading=\"lazy\" src=\"https:\/\/manualdetecnicafotografica.com\/blog\/wp-content\/uploads\/2023\/08\/dia-fotografia.png\" data-width=\"697\" data-height=\"247\"><\/span><\/p>\n<p dir=\"ltr\">\u00a1Bienvenidos a nuestra <strong>Galer\u00eda Especial en honor al D\u00eda del Fot\u00f3grafo<\/strong>! Estoy encantado de publicar esta colecci\u00f3n \u00fanica de fotos inspiradoras que mi incre\u00edble comunidad de lectores ha creado para celebrar esta ocasi\u00f3n especial.<\/p>\n<p dir=\"ltr\">Cada imagen es una ventana a su mundo personal&#8230; y detr\u00e1s de ella hay un fot\u00f3grafo en constante aprendizaje viviendo su propia y \u00fanica experiencia.&nbsp;<\/p>\n<p dir=\"ltr\">Adem\u00e1s de disfrutar de esta maravillosa galer\u00eda, te recuerdo que <strong>el D\u00eda del Fot\u00f3grafo est\u00e1 a la vuelta de la esquina.<\/strong> Y como parte de nuestra celebraci\u00f3n, te enviar\u00e9 acceso a una bonificaci\u00f3n especial en uno de mis libros que hayas seleccionado. Exclusivo para lectores por 48hs \u00fanicamente.<\/p>\n<p dir=\"ltr\">Gracias por ser parte de esta comunidad apasionada por la fotograf\u00eda. Espero que esta galer\u00eda te inspire a seguir explorando y creando. \u00a1Feliz D\u00eda del Fot\u00f3grafo!<\/p>\n<p dir=\"ltr\">Por \u00faltimo, ser\u00eda muy importante para mi y para todos que dejes tu comentario al pasar por esta galer\u00eda. S\u00e9 parte de esta celebraci\u00f3n dejando tu comentario debajo!<\/p>\n<p><span><img decoding=\"async\" alt=\"\" data-id=\"3250\" width=\"680\" data-init-width=\"800\" height=\"453\" data-init-height=\"533\" title=\"88_Galeria-Dia-Fotografia-Juan-Ignacio-Torres\" loading=\"lazy\" src=\"https:\/\/manualdetecnicafotografica.com\/blog\/wp-content\/uploads\/2023\/08\/88_Galeria-Dia-Fotografia-Juan-Ignacio-Torres.jpg\" data-width=\"680\" data-height=\"453\"><\/span><\/p>\n<p style=\"\"><em><em><strong>Marcos Silva &#8211; S\u00e3o Paulo <\/strong>&#8211; Esta foto fue tomada en Par\u00eds durante un viaje de vacaciones inolvidable. Adem\u00e1s de los hermosos recuerdos que me trae de este viaje, la toma meconmueve porque pone en evidencia un tema tan necesario cuanto urgente, que es la Paz entre los pueblos.<\/em><\/em><\/p>\n<p><span><img decoding=\"async\" alt=\"\" data-id=\"3242\" width=\"680\" data-init-width=\"800\" height=\"453\" data-init-height=\"533\" title=\"89_Galeria-Dia-Fotografia-Juan-Ignacio-Torres\" loading=\"lazy\" src=\"https:\/\/manualdetecnicafotografica.com\/blog\/wp-content\/uploads\/2023\/08\/89_Galeria-Dia-Fotografia-Juan-Ignacio-Torres.jpg\" data-width=\"680\" data-height=\"453\"><\/span><\/p>\n<p style=\"\"><em><em><strong>Nestor <\/strong>&#8211; Navegando a Puerto Blest<\/em><\/em><\/p>\n<p><span><img decoding=\"async\" alt=\"\" data-id=\"3254\" width=\"679\" data-init-width=\"686\" height=\"872\" data-init-height=\"881\" title=\"90_Galeria-Dia-Fotografia-Juan-Ignacio-Torres\" loading=\"lazy\" src=\"https:\/\/manualdetecnicafotografica.com\/blog\/wp-content\/uploads\/2023\/08\/90_Galeria-Dia-Fotografia-Juan-Ignacio-Torres.jpg\" data-width=\"679\" data-height=\"872\" style=\"\"><\/span><\/p>\n<p style=\"\"><em><em><strong>Luis<\/strong> &#8211; Puente de Segovia, Madrid<\/em><\/em><\/p>\n<p><span><img decoding=\"async\" alt=\"\" data-id=\"3255\" width=\"679\" data-init-width=\"800\" height=\"452\" data-init-height=\"533\" title=\"91_Galeria-Dia-Fotografia-Juan-Ignacio-Torres\" loading=\"lazy\" src=\"https:\/\/manualdetecnicafotografica.com\/blog\/wp-content\/uploads\/2023\/08\/91_Galeria-Dia-Fotografia-Juan-Ignacio-Torres.jpeg\" data-width=\"679\" data-height=\"452\"><\/span><\/p>\n<p><strong>Sabina Estupi\u00f1\u00e1n<\/strong> &#8211; Islas Gal\u00e1pagos \u2013 Ecuador &#8211; Mi historia detr\u00e1s de esta fotograf\u00eda a la que he titulado \u201cEl guante del Naturalista\u201d narra el d\u00eda a d\u00eda en que las diferentes especies luchan por su supervivencia en un ambiente completamente inh\u00f3spito y pr\u00edstino.<\/p>\n<p><span><img decoding=\"async\" alt=\"\" data-id=\"3256\" width=\"679\" data-init-width=\"800\" height=\"452\" data-init-height=\"533\" title=\"92_Galeria-Dia-Fotografia-Juan-Ignacio-Torres\" loading=\"lazy\" src=\"https:\/\/manualdetecnicafotografica.com\/blog\/wp-content\/uploads\/2023\/08\/92_Galeria-Dia-Fotografia-Juan-Ignacio-Torres.jpg\" data-width=\"679\" data-height=\"452\"><\/span><\/p>\n<p style=\"\"><em><em><strong>Jackie &#8211; <\/strong>A Cuncheira de Sof\u00e1n &#8211; Imagen captada durante un concierto de Adhara &amp; Ritman, en Muros.<\/em><\/em><\/p>\n<p><span><img decoding=\"async\" alt=\"\" data-id=\"3249\" width=\"680\" data-init-width=\"800\" height=\"453\" data-init-height=\"533\" title=\"87_Galeria-Dia-Fotografia-Juan-Ignacio-Torres\" loading=\"lazy\" src=\"https:\/\/manualdetecnicafotografica.com\/blog\/wp-content\/uploads\/2023\/08\/87_Galeria-Dia-Fotografia-Juan-Ignacio-Torres.jpg\" data-width=\"680\" data-height=\"453\"><\/span><\/p>\n<p style=\"\"><em><em><strong>Francisco J. Garc\u00eda LABRELEC &#8211;&nbsp;&nbsp;<\/strong>Lago de la Casa de Campo, Madrid. Mayo 2023.<\/em><\/em><\/p>\n<p><span><img decoding=\"async\" alt=\"\" data-id=\"3248\" width=\"640\" data-init-width=\"640\" height=\"427\" data-init-height=\"427\" title=\"86_Galeria-Dia-Fotografia-Juan-Ignacio-Torres\" loading=\"lazy\" src=\"https:\/\/manualdetecnicafotografica.com\/blog\/wp-content\/uploads\/2023\/08\/86_Galeria-Dia-Fotografia-Juan-Ignacio-Torres.jpeg\" data-width=\"640\" data-height=\"427\"><\/span><\/p>\n<p style=\"\"><em><em><strong>Carlos Vizcaino &#8211;&nbsp;<\/strong>Costa Rica, San Jos\u00e9. Rel\u00e1mpago en Playa Drake, ,momento \u00fanico<\/em><\/em><\/p>\n<p><span><img decoding=\"async\" alt=\"\" data-id=\"3247\" width=\"680\" data-init-width=\"800\" height=\"1020\" data-init-height=\"1200\" title=\"85_Galeria-Dia-Fotografia-Juan-Ignacio-Torres\" loading=\"lazy\" src=\"https:\/\/manualdetecnicafotografica.com\/blog\/wp-content\/uploads\/2023\/08\/85_Galeria-Dia-Fotografia-Juan-Ignacio-Torres.jpg\" data-width=\"680\" data-height=\"1020\"><\/span><\/p>\n<p style=\"\"><em><em><strong>Carolina Blanco &#8211; <\/strong>Murcia (Espa\u00f1a) &#8211; Estrenando con mis modelazos el regalo nuevo, al fin ten\u00eda mi objetivo fijo!!!<\/em><\/em><\/p>\n<p><span><img decoding=\"async\" alt=\"\" data-id=\"3246\" width=\"680\" data-init-width=\"800\" height=\"1354\" data-init-height=\"1593\" title=\"84_Galeria-Dia-Fotografia-Juan-Ignacio-Torres\" loading=\"lazy\" src=\"https:\/\/manualdetecnicafotografica.com\/blog\/wp-content\/uploads\/2023\/08\/84_Galeria-Dia-Fotografia-Juan-Ignacio-Torres.jpg\" data-width=\"680\" data-height=\"1354\"><\/span><\/p>\n<p style=\"\"><em><em><strong>Jairo Torres &#8211;&nbsp;<\/strong>Santo Domingo, Rep\u00fablica DominicanaVendedor de semillas de cajuil en el peaje de salida de la ciudad hacia el este del pa\u00eds.<\/em><\/em><\/p>\n<p><span><img decoding=\"async\" alt=\"\" data-id=\"3245\" width=\"679\" data-init-width=\"800\" height=\"509\" data-init-height=\"600\" title=\"83_Galeria-Dia-Fotografia-Juan-Ignacio-Torres\" loading=\"lazy\" src=\"https:\/\/manualdetecnicafotografica.com\/blog\/wp-content\/uploads\/2023\/08\/83_Galeria-Dia-Fotografia-Juan-Ignacio-Torres.jpg\" data-width=\"679\" data-height=\"509\"><\/span><\/p>\n<p style=\"\"><em><em><strong>Monse<\/strong>. &#8211; Mejillones costa de Galicia.<\/em><\/em><\/p>\n<p><span><img decoding=\"async\" alt=\"\" data-id=\"3244\" width=\"679\" data-init-width=\"717\" height=\"809\" data-init-height=\"854\" title=\"82_Galeria-Dia-Fotografia-Juan-Ignacio-Torres\" loading=\"lazy\" src=\"https:\/\/manualdetecnicafotografica.com\/blog\/wp-content\/uploads\/2023\/08\/82_Galeria-Dia-Fotografia-Juan-Ignacio-Torres.jpeg\" data-width=\"679\" data-height=\"809\"><\/span><\/p>\n<p style=\"\"><em><em><strong>Marbella Tabasco &#8211;&nbsp;<\/strong>M\u00e9xico &#8211; <\/em><\/em><em><em>Solo mira atu alrededor observa sonr\u00ede calla&#8230;toca siente lo que t\u00fa coraz\u00f3n dice Hay momentos maravillosos que quedan plasmados para despu\u00e9s sonre\u00edr&#8230;&#8230;<\/em><\/em><\/p>\n<p><span><img decoding=\"async\" alt=\"\" data-id=\"3243\" width=\"679\" data-init-width=\"800\" height=\"509\" data-init-height=\"600\" title=\"81_Galeria-Dia-Fotografia-Juan-Ignacio-Torres\" loading=\"lazy\" src=\"https:\/\/manualdetecnicafotografica.com\/blog\/wp-content\/uploads\/2023\/08\/81_Galeria-Dia-Fotografia-Juan-Ignacio-Torres.jpg\" data-width=\"679\" data-height=\"509\"><\/span><\/p>\n<p style=\"\"><em><em><strong>Marianne <\/strong>&#8211; Se avecina una tormenta en el Museo del Carruaje, Villa Ciudad Parque, C\u00f3rdoba, Argentina.<\/em><\/em><\/p>\n<p><span><img decoding=\"async\" alt=\"\" data-id=\"3230\" width=\"680\" data-init-width=\"800\" height=\"680\" data-init-height=\"800\" title=\"80_Galeria-Dia-Fotografia-Juan-Ignacio-Torres\" loading=\"lazy\" src=\"https:\/\/manualdetecnicafotografica.com\/blog\/wp-content\/uploads\/2023\/08\/80_Galeria-Dia-Fotografia-Juan-Ignacio-Torres.jpg\" data-width=\"680\" data-height=\"680\"><\/span><\/p>\n<p style=\"\"><em><em><strong>Luis &#8211; <\/strong>Un d\u00eda en el para\u00edso&#8230;<\/em><\/em><\/p>\n<p><span><img decoding=\"async\" alt=\"\" data-id=\"3232\" width=\"680\" data-init-width=\"800\" height=\"453\" data-init-height=\"533\" title=\"79_Galeria-Dia-Fotografia-Juan-Ignacio-Torres\" loading=\"lazy\" src=\"https:\/\/manualdetecnicafotografica.com\/blog\/wp-content\/uploads\/2023\/08\/79_Galeria-Dia-Fotografia-Juan-Ignacio-Torres.jpg\" data-width=\"680\" data-height=\"453\"><\/span><\/p>\n<p style=\"\"><em><em>Esta foto es la monta\u00f1a Cayambe en Ecuador.<\/em><\/em><\/p>\n<p><span><img decoding=\"async\" alt=\"\" data-id=\"3231\" width=\"600\" data-init-width=\"600\" height=\"988\" data-init-height=\"988\" title=\"78_Galeria-Dia-Fotografia-Juan-Ignacio-Torres\" loading=\"lazy\" src=\"https:\/\/manualdetecnicafotografica.com\/blog\/wp-content\/uploads\/2023\/08\/78_Galeria-Dia-Fotografia-Juan-Ignacio-Torres.jpg\" data-width=\"600\" data-height=\"988\" style=\"\"><\/span><\/p>\n<p style=\"\"><em><em><strong>Franco L\u00f3pez <\/strong>&#8211; Lima, Per\u00fa &#8211; Una muestra de la ciudadela de Machu Picchu en la ciudad del Cusco&#8230;espero vengan a visitarla<strong><\/strong><\/em><\/em><\/p>\n<p><span><img decoding=\"async\" alt=\"\" data-id=\"3233\" width=\"680\" data-init-width=\"800\" height=\"680\" data-init-height=\"800\" title=\"77_Galeria-Dia-Fotografia-Juan-Ignacio-Torres\" loading=\"lazy\" src=\"https:\/\/manualdetecnicafotografica.com\/blog\/wp-content\/uploads\/2023\/08\/77_Galeria-Dia-Fotografia-Juan-Ignacio-Torres.jpg\" data-width=\"680\" data-height=\"680\"><\/span><\/p>\n<p style=\"\"><em><em><strong>Maria del Socorro<\/strong><\/em><\/em><\/p>\n<p><span><img decoding=\"async\" alt=\"\" data-id=\"3234\" width=\"680\" data-init-width=\"733\" height=\"606\" data-init-height=\"653\" title=\"76_Galeria-Dia-Fotografia-Juan-Ignacio-Torres\" loading=\"lazy\" src=\"https:\/\/manualdetecnicafotografica.com\/blog\/wp-content\/uploads\/2023\/08\/76_Galeria-Dia-Fotografia-Juan-Ignacio-Torres.jpg\" data-width=\"680\" data-height=\"606\"><\/span><\/p>\n<p style=\"\"><em><em><strong>Maria Luisa<\/strong><\/em><\/em><\/p>\n<p><span><img decoding=\"async\" alt=\"\" data-id=\"3235\" width=\"680\" data-init-width=\"800\" height=\"424\" data-init-height=\"499\" title=\"75_Galeria-Dia-Fotografia-Juan-Ignacio-Torres\" loading=\"lazy\" src=\"https:\/\/manualdetecnicafotografica.com\/blog\/wp-content\/uploads\/2023\/08\/75_Galeria-Dia-Fotografia-Juan-Ignacio-Torres.jpg\" data-width=\"680\" data-height=\"424\"><\/span><\/p>\n<p style=\"\"><em><em><strong>Carmen P\u00e9rez Pi\u00f1a<\/strong> &#8211; Esta foto la hice un d\u00eda de mucho viento paseando por Par\u00eds.<\/em><\/em><\/p>\n<p><span><img decoding=\"async\" alt=\"\" data-id=\"3236\" width=\"680\" data-init-width=\"800\" height=\"445\" data-init-height=\"524\" title=\"74_Galeria-Dia-Fotografia-Juan-Ignacio-Torres\" loading=\"lazy\" src=\"https:\/\/manualdetecnicafotografica.com\/blog\/wp-content\/uploads\/2023\/08\/74_Galeria-Dia-Fotografia-Juan-Ignacio-Torres.jpg\" data-width=\"680\" data-height=\"445\"><\/span><\/p>\n<p style=\"\"><em><em><strong>Liliana Fabre <\/strong>&#8211; Chascom\u00fas, Buenos Aires, Argentina &#8211; Disfrutando del atardecer, en la Laguna de Chascom\u00fas.<\/em><\/em><\/p>\n<p><span><img decoding=\"async\" alt=\"\" data-id=\"3237\" width=\"680\" data-init-width=\"800\" height=\"453\" data-init-height=\"533\" title=\"73_Galeria-Dia-Fotografia-Juan-Ignacio-Torres\" loading=\"lazy\" src=\"https:\/\/manualdetecnicafotografica.com\/blog\/wp-content\/uploads\/2023\/08\/73_Galeria-Dia-Fotografia-Juan-Ignacio-Torres.jpg\" data-width=\"680\" data-height=\"453\"><\/span><\/p>\n<p style=\"\"><em><em><strong>Milton Pe\u00f1aranda Vega<\/strong> &#8211; Bucaramanga, Colombia &#8211; Foto tomada en el sector del Laguito de la ciudad de Cartagena Colombia en mis ultimas vacaciones hace unos 10 meses<\/em><\/em><\/p>\n<p><span><img decoding=\"async\" alt=\"\" data-id=\"3238\" width=\"680\" data-init-width=\"800\" height=\"453\" data-init-height=\"533\" title=\"72_Galeria-Dia-Fotografia-Juan-Ignacio-Torres\" loading=\"lazy\" src=\"https:\/\/manualdetecnicafotografica.com\/blog\/wp-content\/uploads\/2023\/08\/72_Galeria-Dia-Fotografia-Juan-Ignacio-Torres.jpg\" data-width=\"680\" data-height=\"453\"><\/span><\/p>\n<p style=\"\"><em><em><strong>Antonio<\/strong><\/em><\/em><\/p>\n<p><span><img decoding=\"async\" alt=\"\" data-id=\"3239\" width=\"680\" data-init-width=\"800\" height=\"906\" data-init-height=\"1066\" title=\"71_Galeria-Dia-Fotografia-Juan-Ignacio-Torres\" loading=\"lazy\" src=\"https:\/\/manualdetecnicafotografica.com\/blog\/wp-content\/uploads\/2023\/08\/71_Galeria-Dia-Fotografia-Juan-Ignacio-Torres.jpg\" data-width=\"680\" data-height=\"906\"><\/span><\/p>\n<p style=\"\"><em><em><strong>Cecilia <\/strong>&#8211; Vacaciones en el campo en Chill\u00e1n sur de Chile, me encanta la belleza del paisaje y los colores del atardecer.<\/em><\/em><\/p>\n<p><span><img decoding=\"async\" alt=\"\" data-id=\"3221\" width=\"680\" data-init-width=\"800\" height=\"510\" data-init-height=\"600\" title=\"70_Galeria-Dia-Fotografia-Juan-Ignacio-Torres\" loading=\"lazy\" src=\"https:\/\/manualdetecnicafotografica.com\/blog\/wp-content\/uploads\/2023\/08\/70_Galeria-Dia-Fotografia-Juan-Ignacio-Torres.jpg\" data-width=\"680\" data-height=\"510\"><\/span><\/p>\n<p style=\"\"><em><em><strong>Dr. Jose de J. Martinez B.&nbsp;<\/strong>&#8211; Cascadas de Agua Azul, Chiapas, M\u00e9xico.<\/em><\/em><\/p>\n<p><span><img decoding=\"async\" alt=\"\" data-id=\"3222\" width=\"640\" data-init-width=\"640\" height=\"480\" data-init-height=\"480\" title=\"69_Galeria-Dia-Fotografia-Juan-Ignacio-Torres\" loading=\"lazy\" src=\"https:\/\/manualdetecnicafotografica.com\/blog\/wp-content\/uploads\/2023\/08\/69_Galeria-Dia-Fotografia-Juan-Ignacio-Torres.jpg\" data-width=\"640\" data-height=\"480\"><\/span><\/p>\n<p style=\"\"><em><em><strong>Stela <\/strong>&#8211; Comparto este arbol tipico de mi pais Paraguay. Se llama LAPACHO y hay con flores amarillas, blancas, rosadas y violaceas. Es bellisimo!!<\/em><\/em><\/p>\n<p><span><img decoding=\"async\" alt=\"\" data-id=\"3223\" width=\"680\" data-init-width=\"800\" height=\"908\" data-init-height=\"1068\" title=\"68_Galeria-Dia-Fotografia-Juan-Ignacio-Torres\" loading=\"lazy\" src=\"https:\/\/manualdetecnicafotografica.com\/blog\/wp-content\/uploads\/2023\/08\/68_Galeria-Dia-Fotografia-Juan-Ignacio-Torres.jpeg\" data-width=\"680\" data-height=\"908\"><\/span><\/p>\n<p style=\"\"><em><em><strong>Adriana Viveiros &#8211;<\/strong> S\u00e3o Paulo, Brasil &#8211; Sobre as nuvens<\/em><\/em><\/p>\n<p><span><img decoding=\"async\" alt=\"\" data-id=\"3224\" width=\"680\" data-init-width=\"800\" height=\"906\" data-init-height=\"1066\" title=\"67_Galeria-Dia-Fotografia-Juan-Ignacio-Torres\" loading=\"lazy\" src=\"https:\/\/manualdetecnicafotografica.com\/blog\/wp-content\/uploads\/2023\/08\/67_Galeria-Dia-Fotografia-Juan-Ignacio-Torres.jpg\" data-width=\"680\" data-height=\"906\"><\/span><\/p>\n<p style=\"\"><em><em><strong>Alberto Letelier <\/strong>&#8211; Chile &#8211; Paisaje<\/em><\/em><\/p>\n<p><span><img decoding=\"async\" alt=\"\" data-id=\"3225\" width=\"680\" data-init-width=\"800\" height=\"469\" data-init-height=\"552\" title=\"66_Galeria-Dia-Fotografia-Juan-Ignacio-Torres\" loading=\"lazy\" src=\"https:\/\/manualdetecnicafotografica.com\/blog\/wp-content\/uploads\/2023\/08\/66_Galeria-Dia-Fotografia-Juan-Ignacio-Torres.jpg\" data-width=\"680\" data-height=\"469\"><\/span><\/p>\n<p style=\"\"><em><em><strong>Martin Lopez <\/strong>&#8211; Es parte de una planta que popularmente se llama \u00abCola de Caballo\u00bb (Equisetum giganteum). Vive en un humedal de monta\u00f1a en la ciudad de San Crist\u00f3bal de Las Casas. Es un indicador de la salud de un humedal, su desaparici\u00f3n ser\u00e1 una muestra de la estupidez humana y de la cultura del cemento que sigue invadiendo.<\/em><\/em><\/p>\n<p><span><img decoding=\"async\" alt=\"\" data-id=\"3226\" width=\"680\" data-init-width=\"800\" height=\"906\" data-init-height=\"1066\" title=\"65_Galeria-Dia-Fotografia-Juan-Ignacio-Torres\" loading=\"lazy\" src=\"https:\/\/manualdetecnicafotografica.com\/blog\/wp-content\/uploads\/2023\/08\/65_Galeria-Dia-Fotografia-Juan-Ignacio-Torres.jpg\" data-width=\"680\" data-height=\"906\"><\/span><\/p>\n<p style=\"\"><em><em><strong>Francesc Xavier. <\/strong>Barcelona. Jardines de cactus o plantas crasas Mossen Costa Llobera. En la foto Aloe ferox en floraci\u00f3n. Un jard\u00edn con una exposici\u00f3n espectacular de plantas peculiares.<\/em><\/em><\/p>\n<p><span><img decoding=\"async\" alt=\"\" data-id=\"3227\" width=\"680\" data-init-width=\"733\" height=\"606\" data-init-height=\"653\" title=\"64_Galeria-Dia-Fotografia-Juan-Ignacio-Torres\" loading=\"lazy\" src=\"https:\/\/manualdetecnicafotografica.com\/blog\/wp-content\/uploads\/2023\/08\/64_Galeria-Dia-Fotografia-Juan-Ignacio-Torres.jpg\" data-width=\"680\" data-height=\"606\"><\/span><\/p>\n<p style=\"\"><em><em><strong>Maria Luisa<\/strong><\/em><\/em><\/p>\n<p><span><img decoding=\"async\" alt=\"\" data-id=\"3228\" width=\"680\" data-init-width=\"800\" height=\"825\" data-init-height=\"971\" title=\"63_Galeria-Dia-Fotografia-Juan-Ignacio-Torres\" loading=\"lazy\" src=\"https:\/\/manualdetecnicafotografica.com\/blog\/wp-content\/uploads\/2023\/08\/63_Galeria-Dia-Fotografia-Juan-Ignacio-Torres.jpg\" data-width=\"680\" data-height=\"825\"><\/span><\/p>\n<p style=\"\"><em><em><strong>Gutibis Palencia <\/strong>&#8211; Despu\u00e9s de varios intentos consegu\u00ed escapar de los reflejos en un local p\u00fablico para fotografiar este precioso bodeg\u00f3n.<\/em><\/em><\/p>\n<p><span><img decoding=\"async\" alt=\"\" data-id=\"3229\" width=\"680\" data-init-width=\"800\" height=\"453\" data-init-height=\"533\" title=\"62_Galeria-Dia-Fotografia-Juan-Ignacio-Torres\" loading=\"lazy\" src=\"https:\/\/manualdetecnicafotografica.com\/blog\/wp-content\/uploads\/2023\/08\/62_Galeria-Dia-Fotografia-Juan-Ignacio-Torres.jpg\" data-width=\"680\" data-height=\"453\"><\/span><\/p>\n<p style=\"\"><em><em><strong>Carlos Enrique Godoy Lastra <\/strong>&#8211; Se trata del interior del reloj de la torre de la Legislatura del Gobierno de la Ciudad de Buenos Aires, Rep. Argentina<\/em><\/em><\/p>\n<p><span><img decoding=\"async\" alt=\"\" data-id=\"3198\" width=\"559\" data-init-width=\"800\" height=\"419\" data-init-height=\"600\" title=\"61_Galeria-Dia-Fotografia-Juan-Ignacio-Torres\" loading=\"lazy\" src=\"https:\/\/manualdetecnicafotografica.com\/blog\/wp-content\/uploads\/2023\/08\/61_Galeria-Dia-Fotografia-Juan-Ignacio-Torres.jpg\" data-width=\"559\" data-height=\"419\" style=\"\"><\/span><\/p>\n<p style=\"\"><em><em><strong>Jose Antonio<\/strong><\/em><\/em><\/p>\n<p><span><img decoding=\"async\" alt=\"\" data-id=\"3200\" width=\"559\" data-init-width=\"800\" height=\"838\" data-init-height=\"1199\" title=\"59_Galeria-Dia-Fotografia-Juan-Ignacio-Torres\" loading=\"lazy\" src=\"https:\/\/manualdetecnicafotografica.com\/blog\/wp-content\/uploads\/2023\/08\/59_Galeria-Dia-Fotografia-Juan-Ignacio-Torres.jpeg\" data-width=\"559\" data-height=\"838\" style=\"\"><\/span><\/p>\n<p style=\"\"><em><em><strong>Andrea <\/strong>&#8211; Argentina &#8211; \u00abRodeada por majestuosas monta\u00f1as cubiertas de nieve, la laguna Esmeralda brilla bajo el suave resplandor del sol, revelando sus tonos turquesa m\u00e1s cautivadores\u00bb<\/em><\/em><\/p>\n<p><span><img decoding=\"async\" alt=\"\" data-id=\"3202\" width=\"559\" data-init-width=\"800\" height=\"745\" data-init-height=\"1066\" title=\"58_Galeria-Dia-Fotografia-Juan-Ignacio-Torres\" loading=\"lazy\" src=\"https:\/\/manualdetecnicafotografica.com\/blog\/wp-content\/uploads\/2023\/08\/58_Galeria-Dia-Fotografia-Juan-Ignacio-Torres.jpeg\" data-width=\"559\" data-height=\"745\" style=\"\"><\/span><\/p>\n<p style=\"\"><em><em><strong>Jos\u00e9 Luis R\u00edos <\/strong>&#8211; Don Goyo 6:30 am desde Lomas de Cocoyoc, Morelos. Domingo 12 de agosto<\/em><\/em><\/p>\n<p><span><img decoding=\"async\" alt=\"\" data-id=\"3201\" width=\"559\" data-init-width=\"800\" height=\"745\" data-init-height=\"1066\" title=\"57_Galeria-Dia-Fotografia-Juan-Ignacio-Torres\" loading=\"lazy\" src=\"https:\/\/manualdetecnicafotografica.com\/blog\/wp-content\/uploads\/2023\/08\/57_Galeria-Dia-Fotografia-Juan-Ignacio-Torres.jpg\" data-width=\"559\" data-height=\"745\" style=\"\"><\/span><\/p>\n<p style=\"\"><em><em><strong>Monse V.Garcia <\/strong>&#8211; Desde Galicia esta bonita imagen, Portomarin,uno de los tantos pueblos con encanto que te encontrar\u00e1s en el Camino de Santiago<\/em><\/em><\/p>\n<p><span><img decoding=\"async\" alt=\"\" data-id=\"3203\" width=\"559\" data-init-width=\"800\" height=\"755\" data-init-height=\"1081\" title=\"56_Galeria-Dia-Fotografia-Juan-Ignacio-Torres\" loading=\"lazy\" src=\"https:\/\/manualdetecnicafotografica.com\/blog\/wp-content\/uploads\/2023\/08\/56_Galeria-Dia-Fotografia-Juan-Ignacio-Torres.jpg\" data-width=\"559\" data-height=\"755\" style=\"\"><\/span><\/p>\n<p style=\"\"><em><em><strong>Juan Carlos <\/strong>&#8211; Costa Rica. Esta foto siempre me ha gustado se la tome a una ni\u00f1a. La titul\u00e9 la ni\u00f1a y su omito de peluche.<\/em><\/em><\/p>\n<p><span><img decoding=\"async\" alt=\"\" data-id=\"3204\" width=\"559\" data-init-width=\"800\" height=\"371\" data-init-height=\"531\" title=\"55_Galeria-Dia-Fotografia-Juan-Ignacio-Torres\" loading=\"lazy\" src=\"https:\/\/manualdetecnicafotografica.com\/blog\/wp-content\/uploads\/2023\/08\/55_Galeria-Dia-Fotografia-Juan-Ignacio-Torres.jpg\" data-width=\"559\" data-height=\"371\" style=\"\"><\/span><\/p>\n<p style=\"\"><em><em><strong>Alicia Di Florio <\/strong>&#8211; Ciudad de Rojas, pcia. de Buenos Aires. &#8211; La foto del ni\u00f1o es uno de mis nietos,cuando son m\u00e1s chiquitos suelen tener expresiones m\u00e1s espont\u00e1neas.<\/em><\/em><\/p>\n<p><span><img decoding=\"async\" alt=\"\" data-id=\"3206\" width=\"559\" data-init-width=\"480\" height=\"745\" data-init-height=\"640\" title=\"54_Galeria-Dia-Fotografia-Juan-Ignacio-Torres\" loading=\"lazy\" src=\"https:\/\/manualdetecnicafotografica.com\/blog\/wp-content\/uploads\/2023\/08\/54_Galeria-Dia-Fotografia-Juan-Ignacio-Torres.jpeg\" data-width=\"559\" data-height=\"745\" style=\"\"><\/span><\/p>\n<p style=\"\"><em><em><strong>Elena <\/strong>&#8211; De mi balcon en Santiago de Chile<\/em><\/em><\/p>\n<p><span><img decoding=\"async\" alt=\"\" data-id=\"3205\" width=\"559\" data-init-width=\"741\" height=\"358\" data-init-height=\"474\" title=\"53_Galeria-Dia-Fotografia-Juan-Ignacio-Torres\" loading=\"lazy\" src=\"https:\/\/manualdetecnicafotografica.com\/blog\/wp-content\/uploads\/2023\/08\/53_Galeria-Dia-Fotografia-Juan-Ignacio-Torres.jpg\" data-width=\"559\" data-height=\"358\" style=\"\"><\/span><\/p>\n<p style=\"\"><em><em><strong>Lourdes Cajigal <\/strong>&#8211; Salinas 2023 &#8211; La naturaleza tambi\u00e9n se transforma&#8230;cuando la tierra precisa de agua, y se produce la magia al observar tal belleza y registrarla en una fotograf\u00eda&#8230;<\/em><\/em><\/p>\n<p><span><img decoding=\"async\" alt=\"\" data-id=\"3207\" width=\"559\" data-init-width=\"800\" height=\"419\" data-init-height=\"600\" title=\"52_Galeria-Dia-Fotografia-Juan-Ignacio-Torres\" loading=\"lazy\" src=\"https:\/\/manualdetecnicafotografica.com\/blog\/wp-content\/uploads\/2023\/08\/52_Galeria-Dia-Fotografia-Juan-Ignacio-Torres.jpg\" data-width=\"559\" data-height=\"419\" style=\"\"><\/span><\/p>\n<p style=\"\"><em><em><strong>Javier <\/strong>&#8211; En Uruguay arroyo pando , desembocadura al oc\u00e9ano bote de pesca&nbsp;<\/em><\/em><\/p>\n<p><span><img decoding=\"async\" alt=\"\" data-id=\"3210\" width=\"559\" data-init-width=\"800\" height=\"419\" data-init-height=\"600\" title=\"49_Galeria-Dia-Fotografia-Juan-Ignacio-Torres\" loading=\"lazy\" src=\"https:\/\/manualdetecnicafotografica.com\/blog\/wp-content\/uploads\/2023\/08\/49_Galeria-Dia-Fotografia-Juan-Ignacio-Torres.jpg\" data-width=\"559\" data-height=\"419\" style=\"\"><\/span><\/p>\n<p style=\"\"><em><em><strong>Mertxemhop <\/strong>&#8211; Lagran, Espa\u00f1a, hora del desayuno.<\/em><\/em><\/p>\n<p><span><img decoding=\"async\" alt=\"\" data-id=\"3209\" width=\"559\" data-init-width=\"800\" height=\"372\" data-init-height=\"533\" title=\"50_Galeria-Dia-Fotografia-Juan-Ignacio-Torres\" loading=\"lazy\" src=\"https:\/\/manualdetecnicafotografica.com\/blog\/wp-content\/uploads\/2023\/08\/50_Galeria-Dia-Fotografia-Juan-Ignacio-Torres.jpg\" data-width=\"559\" data-height=\"372\" style=\"\"><\/span><\/p>\n<p style=\"\"><em><em><strong>Luiz <\/strong>&#8211; <em><em>&#8211; S\u00e3o Paulo &#8211; Brazil. &#8211;&nbsp;<\/em><\/em>Estava nesse parque, garoto sai correndo e vai direto para o lago suspenso e d\u00e1 uma tapa na \u00e1gua, m\u00e3e do menino j\u00e1 corre e o pega, tudo muito r\u00e1pido. Registro feito no Instituto Butantan <\/em><\/em><\/p>\n<p><span><img decoding=\"async\" alt=\"\" data-id=\"3208\" width=\"559\" data-init-width=\"800\" height=\"372\" data-init-height=\"533\" title=\"51_Galeria-Dia-Fotografia-Juan-Ignacio-Torres\" loading=\"lazy\" src=\"https:\/\/manualdetecnicafotografica.com\/blog\/wp-content\/uploads\/2023\/08\/51_Galeria-Dia-Fotografia-Juan-Ignacio-Torres.jpg\" data-width=\"559\" data-height=\"372\" style=\"\"><\/span><\/p>\n<p style=\"\"><em><em><strong>Melanio<\/strong><\/em><\/em><\/p>\n<p><span><img decoding=\"async\" alt=\"\" data-id=\"3214\" width=\"559\" data-init-width=\"800\" height=\"372\" data-init-height=\"533\" title=\"46_Galeria-Dia-Fotografia-Juan-Ignacio-Torres\" loading=\"lazy\" src=\"https:\/\/manualdetecnicafotografica.com\/blog\/wp-content\/uploads\/2023\/08\/46_Galeria-Dia-Fotografia-Juan-Ignacio-Torres.jpg\" data-width=\"559\" data-height=\"372\" style=\"\"><\/span><\/p>\n<p style=\"\"><em><em><strong>Omar <\/strong>&#8211; Buenos Aires &#8211; Con una Eos t3, lente 50:1:8 ANALOGO, Canon Japan, jugu\u00e9 con las Asa y utilice un poco de Photoshop.<\/em><\/em><\/p>\n<p><span><img decoding=\"async\" alt=\"\" data-id=\"3212\" width=\"559\" data-init-width=\"800\" height=\"370\" data-init-height=\"529\" title=\"47_Galeria-Dia-Fotografia-Juan-Ignacio-Torres\" loading=\"lazy\" src=\"https:\/\/manualdetecnicafotografica.com\/blog\/wp-content\/uploads\/2023\/08\/47_Galeria-Dia-Fotografia-Juan-Ignacio-Torres.jpg\" data-width=\"559\" data-height=\"370\" style=\"\"><\/span><\/p>\n<p style=\"\"><em><em><strong>Sergio &#8211; <\/strong>Rio de Janeiro &#8211; Esta Foto Foi Feita na Av.Paulista Eu Estava No Caminho do Museu do Masp e Este Artista de Rua Estava Fazendo Seu Trabalho, Quando Parei e Fiquei Observando Por Um Instante Ele Me Olhou Nos Olhos e Me Autorizou FotoGrafar, N\u00e3o Falamos Nenhuma Palavra Um Para Com o Outro, Quando Terminei de Fazer As Fotos Ele S\u00f3 Me Pediu Para Ver, Foi Gratificante Ver A Felicidade No Olhar de Ver Seu Trabalho Reconhecido, Falei para ele que Iria Entregar Uma Foto Para Ele e No Dia Seguinte Fui At\u00e9 A Av. Paulista S\u00f3 Para Entregar a Foto Devidamente Emoldurada Para Ele, Foi o Melhor Abra\u00e7o Que J\u00e1 Recebi, Agrade\u00e7o a Deus Por Me Proporcionar Esta Experi\u00eancia! <strong>Nota: <\/strong>Agradeceriamos a Sergio traducirnos esta descripci\u00f3n en los comentarios!<\/em><\/em><\/p>\n<p><span><img decoding=\"async\" alt=\"\" data-id=\"3211\" width=\"559\" data-init-width=\"800\" height=\"774\" data-init-height=\"1108\" title=\"48_Galeria-Dia-Fotografia-Juan-Ignacio-Torres\" loading=\"lazy\" src=\"https:\/\/manualdetecnicafotografica.com\/blog\/wp-content\/uploads\/2023\/08\/48_Galeria-Dia-Fotografia-Juan-Ignacio-Torres.jpg\" data-width=\"559\" data-height=\"774\" style=\"\"><\/span><\/p>\n<p style=\"\"><em><em><strong>Luis Alberto Inzunza <\/strong>&#8211; Santiago, Chile. \u00abColor de Frutas\u00bb &#8211; Estando de vacaciones en Cartagena de Indias, Colombia, en 2019, tom\u00e9 esta foto a un vendedor de frutas en medio del calor y la humedad, donde los colores de sus frutas se combinaban con las coloridas fachadas de las casas que adornaban la calle.<\/em><\/em><\/p>\n<p><span><img decoding=\"async\" alt=\"\" data-id=\"3213\" width=\"559\" data-init-width=\"800\" height=\"994\" data-init-height=\"1422\" title=\"45_Galeria-Dia-Fotografia-Juan-Ignacio-Torres\" loading=\"lazy\" src=\"https:\/\/manualdetecnicafotografica.com\/blog\/wp-content\/uploads\/2023\/08\/45_Galeria-Dia-Fotografia-Juan-Ignacio-Torres.jpeg\" data-width=\"559\" data-height=\"994\" style=\"\"><\/span><\/p>\n<p style=\"\"><em><em><strong>Eduardo<\/strong><\/em><\/em><\/p>\n<p><span><img decoding=\"async\" alt=\"\" data-id=\"3215\" width=\"642\" data-init-width=\"800\" height=\"855\" data-init-height=\"1066\" title=\"44_Galeria-Dia-Fotografia-Juan-Ignacio-Torres\" loading=\"lazy\" src=\"https:\/\/manualdetecnicafotografica.com\/blog\/wp-content\/uploads\/2023\/08\/44_Galeria-Dia-Fotografia-Juan-Ignacio-Torres.jpg\" data-width=\"642\" data-height=\"855\" style=\"\"><\/span><\/p>\n<p style=\"\"><em><em><strong>Dagmar Lenay Cartaya D\u00edaz <\/strong>&#8211; Santa Clara, Villa Clara, Cuba. \u00ab\u00c1rbol mujer\u00bb Cuando hice esta foto y vi como qued\u00f3 en ella reflejada la silueta de una mujer en s\u00edmbolo de Libertad con brazo en alto me transport\u00f3 a las mujeres de hoy en d\u00eda, empoderadas capaces de hacer cualquier cosa. Virtuosas somos hasta en la naturaleza.<\/em><\/em><\/p>\n<p><span><img decoding=\"async\" alt=\"\" data-id=\"3176\" width=\"559\" data-init-width=\"800\" height=\"745\" data-init-height=\"1066\" title=\"43_Galeria-Dia-Fotografia-Juan-Ignacio-Torres\" loading=\"lazy\" src=\"https:\/\/manualdetecnicafotografica.com\/blog\/wp-content\/uploads\/2023\/08\/43_Galeria-Dia-Fotografia-Juan-Ignacio-Torres.jpg\" data-width=\"559\" data-height=\"745\" style=\"\"><\/span><\/p>\n<p style=\"\"><em><em><strong>Rafael Carrascosa Carrascosa <\/strong>&#8211; Riudoms (Tarragona). Fiesta mayor de Sant Jaume: \u00abColla de diables\u00bb<\/em><\/em><\/p>\n<p><span><img decoding=\"async\" alt=\"\" data-id=\"3175\" width=\"559\" data-init-width=\"800\" height=\"373\" data-init-height=\"533\" title=\"42_Galeria-Dia-Fotografia-Juan-Ignacio-Torres\" loading=\"lazy\" src=\"https:\/\/manualdetecnicafotografica.com\/blog\/wp-content\/uploads\/2023\/08\/42_Galeria-Dia-Fotografia-Juan-Ignacio-Torres.jpg\" data-width=\"559\" data-height=\"373\" style=\"\"><\/span><\/p>\n<p style=\"\"><em><em><strong>Montserrat -Terrassa (Barcelona) <\/strong>&#8211; La foto la realic\u00e9 en un campo de girasoles en Torroella de Montgri (Gerona) jugando con el efecto zoom con la c\u00e1mara.<\/em><\/em><\/p>\n<p><span><img decoding=\"async\" alt=\"\" data-id=\"3174\" width=\"559\" data-init-width=\"418\" height=\"745\" data-init-height=\"557\" title=\"41_Galeria-Dia-Fotografia-Juan-Ignacio-Torres\" loading=\"lazy\" src=\"https:\/\/manualdetecnicafotografica.com\/blog\/wp-content\/uploads\/2023\/08\/41_Galeria-Dia-Fotografia-Juan-Ignacio-Torres.jpg\" data-width=\"559\" data-height=\"745\" style=\"\"><\/span><\/p>\n<p style=\"\"><em><em><strong>Jose Manuel <\/strong>&#8211; Muestra andaluza Alcobendas<\/em><\/em><\/p>\n<p><span><img decoding=\"async\" alt=\"\" data-id=\"3173\" width=\"559\" data-init-width=\"800\" height=\"374\" data-init-height=\"535\" title=\"40_Galeria-Dia-Fotografia-Juan-Ignacio-Torres\" loading=\"lazy\" src=\"https:\/\/manualdetecnicafotografica.com\/blog\/wp-content\/uploads\/2023\/08\/40_Galeria-Dia-Fotografia-Juan-Ignacio-Torres.jpg\" data-width=\"559\" data-height=\"374\" style=\"\"><\/span><\/p>\n<p style=\"\"><em><em><strong>Hel\u00f4 de Faria &#8211; <\/strong> Arrestado el fot\u00f3grafo solitario registrando la puesta del sol en la Laguna de la Pampulha. En la ciudad de Belo Horizonte &#8211; Minas Gerais &#8211; Brasil.<\/em><\/em><\/p>\n<p><span><img decoding=\"async\" alt=\"\" data-id=\"3172\" width=\"559\" data-init-width=\"800\" height=\"745\" data-init-height=\"1066\" title=\"39_Galeria-Dia-Fotografia-Juan-Ignacio-Torres\" loading=\"lazy\" src=\"https:\/\/manualdetecnicafotografica.com\/blog\/wp-content\/uploads\/2023\/08\/39_Galeria-Dia-Fotografia-Juan-Ignacio-Torres.jpg\" data-width=\"559\" data-height=\"745\" style=\"\"><\/span><\/p>\n<p style=\"\"><em><em><strong>Edmundo Letelier &#8211;&nbsp;<\/strong>Quilaco Chile &#8211; Dia de lluvia y alumbro el sol Chile<\/em><\/em><\/p>\n<p><span><img decoding=\"async\" alt=\"\" data-id=\"3170\" width=\"559\" data-init-width=\"800\" height=\"845\" data-init-height=\"1209\" title=\"37_Galeria-Dia-Fotografia-Juan-Ignacio-Torres\" loading=\"lazy\" src=\"https:\/\/manualdetecnicafotografica.com\/blog\/wp-content\/uploads\/2023\/08\/37_Galeria-Dia-Fotografia-Juan-Ignacio-Torres.jpg\" data-width=\"559\" data-height=\"845\" style=\"\"><\/span><\/p>\n<p style=\"\"><em><em><strong>Miguel Angel Marin <\/strong>&#8211; San Juan, Argentina &#8211; La fotograf\u00eda es compartir un instante, un momento,un lugar; es compartir con los dem\u00e1s nuestra forma de ver el mundo.<\/em><\/em><\/p>\n<p><span><img decoding=\"async\" alt=\"\" data-id=\"3171\" width=\"559\" data-init-width=\"800\" height=\"419\" data-init-height=\"600\" title=\"38_Galeria-Dia-Fotografia-Juan-Ignacio-Torres\" loading=\"lazy\" src=\"https:\/\/manualdetecnicafotografica.com\/blog\/wp-content\/uploads\/2023\/08\/38_Galeria-Dia-Fotografia-Juan-Ignacio-Torres.jpg\" data-width=\"559\" data-height=\"419\" style=\"\"><\/span><\/p>\n<p style=\"\"><em><em><strong>Hector Jimenez<\/strong><\/em><\/em><\/p>\n<p><span><img decoding=\"async\" alt=\"\" data-id=\"3167\" width=\"559\" data-init-width=\"800\" height=\"317\" data-init-height=\"454\" title=\"34-Africa desde el pto. de Tarifa_Galeria-Dia-Fotografia-Juan-Ignacio-Torres\" loading=\"lazy\" src=\"https:\/\/manualdetecnicafotografica.com\/blog\/wp-content\/uploads\/2023\/08\/34-Africa-desde-el-pto.-de-Tarifa_Galeria-Dia-Fotografia-Juan-Ignacio-Torres.jpg\" data-width=\"559\" data-height=\"317\" style=\"\"><\/span><\/p>\n<p style=\"\"><em><em><strong>Miguel <\/strong>&#8211; Ciudad de LE\u00d6N &#8211; Africa desde el puerto de Tarifa, para acercar un poco m\u00e1s los dos continentes.<\/em><\/em><\/p>\n<p><span><img decoding=\"async\" alt=\"\" data-id=\"3166\" width=\"559\" data-init-width=\"714\" height=\"846\" data-init-height=\"1080\" title=\"33_Galeria-Dia-Fotografia-Juan-Ignacio-Torres\" loading=\"lazy\" src=\"https:\/\/manualdetecnicafotografica.com\/blog\/wp-content\/uploads\/2023\/08\/33_Galeria-Dia-Fotografia-Juan-Ignacio-Torres.jpg\" data-width=\"559\" data-height=\"846\" style=\"\"><\/span><\/p>\n<p style=\"\"><em><em><strong>Albert &#8211; <\/strong>Camino de Santiago de Compostela, Espa\u00f1a. Mayo 2023.Hice el camino solo por lo que apoye la c\u00e1mara al suelo. Creo que la foto refleja en gran parte lo que significa el camino<\/em><\/em><\/p>\n<p><span><img decoding=\"async\" alt=\"\" data-id=\"3169\" width=\"559\" data-init-width=\"800\" height=\"315\" data-init-height=\"450\" title=\"36-passarinho no banco_Galeria-Dia-Fotografia-Juan-Ignacio-Torres\" loading=\"lazy\" src=\"https:\/\/manualdetecnicafotografica.com\/blog\/wp-content\/uploads\/2023\/08\/36-passarinho-no-banco_Galeria-Dia-Fotografia-Juan-Ignacio-Torres.jpg\" data-width=\"559\" data-height=\"315\" style=\"\"><\/span><\/p>\n<p style=\"\"><em><em><strong>Marcelo Luzzi&nbsp;<\/strong>&#8211; Pajarito en el banco del parque &#8211; Parque Farroupilha &#8211; Porto Alegre &#8211; Brasil. Vi el pajarito y la combinaci\u00f3n de colores junto a su mirada me pareci\u00f3 tan bella que la cre\u00ed merecedora del registro.<\/em><\/em><\/p>\n<p><span><img decoding=\"async\" alt=\"\" data-id=\"3168\" width=\"559\" data-init-width=\"800\" height=\"745\" data-init-height=\"1066\" title=\"35_Galeria-Dia-Fotografia-Juan-Ignacio-Torres\" loading=\"lazy\" src=\"https:\/\/manualdetecnicafotografica.com\/blog\/wp-content\/uploads\/2023\/08\/35_Galeria-Dia-Fotografia-Juan-Ignacio-Torres.jpg\" data-width=\"559\" data-height=\"745\" style=\"\"><\/span><\/p>\n<p style=\"\"><em><em><strong>Gustavo <\/strong>&#8211; R\u00edo Nilo, Egipto<\/em><\/em><\/p>\n<p><span><img decoding=\"async\" alt=\"\" data-id=\"3165\" width=\"559\" data-init-width=\"800\" height=\"373\" data-init-height=\"533\" title=\"32_Galeria-Dia-Fotografia-Juan-Ignacio-Torres\" loading=\"lazy\" src=\"https:\/\/manualdetecnicafotografica.com\/blog\/wp-content\/uploads\/2023\/08\/32_Galeria-Dia-Fotografia-Juan-Ignacio-Torres.jpg\" data-width=\"559\" data-height=\"373\" style=\"\"><\/span><\/p>\n<p style=\"\"><em><em><strong>Mario Canino <\/strong>&#8211; Aunque hace algunos a\u00f1os que hice esta foto, tiene para mi un grato recuerdo. Era el encuentro de antiguos compa\u00f1eros de estudios y, en el lugar que hab\u00edamos quedado para celebrar una comida, estaba este perro. Presentaba un comportamiento huidizo y una cara de tristeza pero a la vez deseoso de que alguien lo atendiera. As\u00ed fu\u00e9, tend\u00ed mi mano y se acerc\u00f3. La foto captura ese instante. Le podr\u00eda titular: \u00abEl amigo del perro\u00bb<\/em><\/em><\/p>\n<p><span><img decoding=\"async\" alt=\"\" data-id=\"3164\" width=\"559\" data-init-width=\"800\" height=\"839\" data-init-height=\"1200\" title=\"31-Crystal_Galeria-Dia-Fotografia-Juan-Ignacio-Torres\" loading=\"lazy\" src=\"https:\/\/manualdetecnicafotografica.com\/blog\/wp-content\/uploads\/2023\/08\/31-Crystal_Galeria-Dia-Fotografia-Juan-Ignacio-Torres.jpg\" data-width=\"559\" data-height=\"839\" style=\"\"><\/span><\/p>\n<p style=\"\"><em><em><strong>Pedro Luis Gonzalez (@gooppe)<\/strong> &#8211;&nbsp;<\/em>Realmente el fot\u00f3grafo es mi hijo, con quien comparto tus correos. Te env\u00edo una foto de una sesi\u00f3n que realiz\u00f3 hace algunos d\u00edas, y es una de mis favoritas. El la llama \u00abMirada Profunda\u00bb, es un retrato femenino.<\/em><em><em><\/em><\/em><\/p>\n<p><span><img decoding=\"async\" alt=\"\" data-id=\"3177\" width=\"559\" data-init-width=\"800\" height=\"373\" data-init-height=\"533\" title=\"13-galeria-virtual_Galeria-Dia-Fotografia-Juan-Ignacio-Torres\" loading=\"lazy\" src=\"https:\/\/manualdetecnicafotografica.com\/blog\/wp-content\/uploads\/2023\/08\/13-galeria-virtual_Galeria-Dia-Fotografia-Juan-Ignacio-Torres.jpeg\" data-width=\"559\" data-height=\"373\" style=\"\"><\/span><\/p>\n<p style=\"\"><em><strong>Dirk Zapata<\/strong> &#8211; Del la nostalgia y otros temores<\/em><\/p>\n<p><span><img decoding=\"async\" alt=\"\" data-id=\"3178\" width=\"559\" data-init-width=\"800\" height=\"263\" data-init-height=\"376\" title=\"14-j-rodriguez_Galeria-Dia-Fotografia-Juan-Ignacio-Torres\" loading=\"lazy\" src=\"https:\/\/manualdetecnicafotografica.com\/blog\/wp-content\/uploads\/2023\/08\/14-j-rodriguez_Galeria-Dia-Fotografia-Juan-Ignacio-Torres.jpg\" data-width=\"559\" data-height=\"263\" style=\"\"><\/span><\/p>\n<p style=\"\"><em><strong>Javier Rodr\u00edguez&nbsp;<\/strong>&#8211; Playa escondida. Canelones, Uruguay<\/em><\/p>\n<p><span><img decoding=\"async\" alt=\"\" data-id=\"3179\" width=\"559\" data-init-width=\"800\" height=\"354\" data-init-height=\"506\" title=\"15-fanny_Galeria-Dia-Fotografia-Juan-Ignacio-Torres\" loading=\"lazy\" src=\"https:\/\/manualdetecnicafotografica.com\/blog\/wp-content\/uploads\/2023\/08\/15-fanny_Galeria-Dia-Fotografia-Juan-Ignacio-Torres.jpg\" data-width=\"559\" data-height=\"354\" style=\"\"><\/span><\/p>\n<p style=\"\"><em><strong>Fanny <\/strong>&#8211; Bah\u00eda Caul\u00edn, Sur de Chile &#8211; \u00abUna buena compa\u00f1\u00eda, hace m\u00e1s llevadero el trabajo\u00bb<\/em><\/p>\n<p><span><img decoding=\"async\" alt=\"\" data-id=\"3180\" width=\"559\" data-init-width=\"800\" height=\"373\" data-init-height=\"533\" title=\"16-damaris_Galeria-Dia-Fotografia-Juan-Ignacio-Torres\" loading=\"lazy\" src=\"https:\/\/manualdetecnicafotografica.com\/blog\/wp-content\/uploads\/2023\/08\/16-damaris_Galeria-Dia-Fotografia-Juan-Ignacio-Torres.jpg\" data-width=\"559\" data-height=\"373\" style=\"\"><\/span><\/p>\n<p style=\"\"><em><strong>Damaris Escobar &#8211;&nbsp;<\/strong>Bogot\u00e1, Colombia &#8211; Paisaje \u00edntimo<\/em><em><span style=\"font-size: 14px;\">Este proyecto en el cual llevo 6 a\u00f1os, me ha adentrado en el paisaje desde una perspectiva totalmente individual, as\u00ed la representaci\u00f3n de lo m\u00ednimo hac\u00eda lo m\u00e1ximo me ha ense\u00f1ado que el paisaje se compone desde mundos peque\u00f1os como lo son las hojas.<\/span><\/em><\/p>\n<p><span><img decoding=\"async\" alt=\"\" data-id=\"3181\" width=\"559\" data-init-width=\"640\" height=\"420\" data-init-height=\"481\" title=\"17-hans_Galeria-Dia-Fotografia-Juan-Ignacio-Torres\" loading=\"lazy\" src=\"https:\/\/manualdetecnicafotografica.com\/blog\/wp-content\/uploads\/2023\/08\/17-hans_Galeria-Dia-Fotografia-Juan-Ignacio-Torres.jpg\" data-width=\"559\" data-height=\"420\" style=\"\"><\/span><\/p>\n<p style=\"\"><em><strong>Hans Bude <\/strong>&#8211; Santiago de Chile &#8211; Fiesta Patria<\/em><\/p>\n<p><span><img decoding=\"async\" alt=\"\" data-id=\"3151\" width=\"559\" data-init-width=\"800\" height=\"419\" data-init-height=\"600\" title=\"18-josefa_Galeria-Dia-Fotografia-Juan-Ignacio-Torres\" loading=\"lazy\" src=\"https:\/\/manualdetecnicafotografica.com\/blog\/wp-content\/uploads\/2023\/08\/18-josefa_Galeria-Dia-Fotografia-Juan-Ignacio-Torres.jpg\" data-width=\"559\" data-height=\"419\" style=\"\"><\/span><\/p>\n<p style=\"\"><em><strong>Josefa <\/strong>&#8211; Foto tomada en Jerusal\u00e9n en puesta del sol con c\u00e1mara <\/em><em>Sony DSC &#8211; WX 350 en a\u00f1o 2019.<\/em><\/p>\n<p><span><img decoding=\"async\" alt=\"\" data-id=\"3152\" width=\"559\" data-init-width=\"800\" height=\"419\" data-init-height=\"600\" title=\"19_Galeria-Dia-Fotografia-Juan-Ignacio-Torres\" loading=\"lazy\" src=\"https:\/\/manualdetecnicafotografica.com\/blog\/wp-content\/uploads\/2023\/08\/19_Galeria-Dia-Fotografia-Juan-Ignacio-Torres.jpg\" data-width=\"559\" data-height=\"419\" style=\"\"><\/span><\/p>\n<p style=\"\"><em><strong><em><strong>Jos\u00e9 Luis Saracino <\/strong><\/em><\/strong><em>&#8211; Balcarce, Pcia. de Bs. As, Argentina &#8211;&nbsp;<\/em>Isla Santorini, Gracia, fotos de c\u00fapulas&nbsp;azules de iglesias.<strong><\/strong><\/em><\/p>\n<p><span><img decoding=\"async\" alt=\"\" data-id=\"3153\" width=\"559\" data-init-width=\"800\" height=\"373\" data-init-height=\"533\" title=\"20-paisaje_Galeria-Dia-Fotografia-Juan-Ignacio-Torres\" loading=\"lazy\" src=\"https:\/\/manualdetecnicafotografica.com\/blog\/wp-content\/uploads\/2023\/08\/20-paisaje_Galeria-Dia-Fotografia-Juan-Ignacio-Torres.jpg\" data-width=\"559\" data-height=\"373\" style=\"\"><\/span><\/p>\n<p style=\"\"><em><strong><em><strong>Edardo Guerrero. P. <\/strong><\/em><\/strong><em>&#8211; Salto de la Luz , Placilla , Valparaiso, Chile<\/em><strong><\/strong><\/em><\/p>\n<p><span><img decoding=\"async\" alt=\"\" data-id=\"3154\" width=\"559\" data-init-width=\"800\" height=\"419\" data-init-height=\"600\" title=\"21-MARTIN-Miguel Angel_Los Sin Techo_Galeria-Dia-Fotografia-Juan-Ignacio-Torres\" loading=\"lazy\" src=\"https:\/\/manualdetecnicafotografica.com\/blog\/wp-content\/uploads\/2023\/08\/21-MARTIN-Miguel-Angel_Los-Sin-Techo_Galeria-Dia-Fotografia-Juan-Ignacio-Torres.jpg\" data-width=\"559\" data-height=\"419\" style=\"\"><\/span><\/p>\n<p style=\"\"><em><strong><em><strong>Miguel Angel&nbsp;<\/strong><\/em><\/strong><em>&#8211; Los Sin Techo<\/em><strong><\/strong><\/em><\/p>\n<p><span><img decoding=\"async\" alt=\"\" data-id=\"3155\" width=\"559\" data-init-width=\"800\" height=\"373\" data-init-height=\"533\" title=\"22-libertad_Galeria-Dia-Fotografia-Juan-Ignacio-Torres\" loading=\"lazy\" src=\"https:\/\/manualdetecnicafotografica.com\/blog\/wp-content\/uploads\/2023\/08\/22-libertad_Galeria-Dia-Fotografia-Juan-Ignacio-Torres.jpg\" data-width=\"559\" data-height=\"373\" style=\"\"><\/span><\/p>\n<p style=\"\"><em><strong><em><strong>Gregorio Ya\u00f1ez &#8211; <\/strong><\/em><\/strong><em>Ciudad de panam\u00e1 &#8211; Logro de libertad.<\/em><strong><\/strong><\/em><\/p>\n<p><span><img decoding=\"async\" alt=\"\" data-id=\"3156\" width=\"559\" data-init-width=\"800\" height=\"699\" data-init-height=\"1000\" title=\"23_Galeria-Dia-Fotografia-Juan-Ignacio-Torres\" loading=\"lazy\" src=\"https:\/\/manualdetecnicafotografica.com\/blog\/wp-content\/uploads\/2023\/08\/23_Galeria-Dia-Fotografia-Juan-Ignacio-Torres.jpg\" data-width=\"559\" data-height=\"699\" style=\"\"><\/span><\/p>\n<p style=\"\"><em><strong><em><strong>Carmen Ramos de Soria <\/strong><\/em><\/strong><em>&#8211; Mi mascota, Zasca. Me pareci\u00f3 precioso el juego de luces que lo transformaba en un felino diferente&#8230;tan dulce.<\/em><strong><\/strong><\/em><\/p>\n<p><span><img decoding=\"async\" alt=\"\" data-id=\"3157\" width=\"559\" data-init-width=\"800\" height=\"419\" data-init-height=\"600\" title=\"24_Galeria-Dia-Fotografia-Juan-Ignacio-Torres\" loading=\"lazy\" src=\"https:\/\/manualdetecnicafotografica.com\/blog\/wp-content\/uploads\/2023\/08\/24_Galeria-Dia-Fotografia-Juan-Ignacio-Torres.jpg\" data-width=\"559\" data-height=\"419\" style=\"\"><\/span><\/p>\n<p style=\"\"><em><strong><em><strong>Borys Iznaga <\/strong><\/em><\/strong><em>&#8211; Soy de Cuba, de profesi\u00f3n arquitecto aunque vivo en Santiago de Compostela, Galicia, Espa\u00f1a.<\/em><\/em><em><em><span style=\"font-size: 14px;\">Estaba haciendo un paseo cotidiano con mi esposa por la rivera del r\u00edo Sarela ayer de tarde y me detuve en este momento m\u00e1gico que provoc\u00f3 en mi el deseo de captar la policrom\u00eda del juego de la luz y la naturaleza. Porque los cosas simples son las que me llenan.. a veces encuentras paz donde menos lo esperas..<\/span><\/em><strong><\/strong><\/em><\/p>\n<p><span><img decoding=\"async\" alt=\"\" data-id=\"3158\" width=\"559\" data-init-width=\"800\" height=\"745\" data-init-height=\"1066\" title=\"25_Galeria-Dia-Fotografia-Juan-Ignacio-Torres\" loading=\"lazy\" src=\"https:\/\/manualdetecnicafotografica.com\/blog\/wp-content\/uploads\/2023\/08\/25_Galeria-Dia-Fotografia-Juan-Ignacio-Torres.jpeg\" data-width=\"559\" data-height=\"745\" style=\"\"><\/span><\/p>\n<p style=\"\"><em><strong><em><strong>Gloria Nistal <\/strong><\/em><\/strong><em>&#8211; Madrid &#8211; Atardecer en Vilafam\u00e9s (Mediterraneo, Espa\u00f1a)<\/em><strong><\/strong><\/em><\/p>\n<p><span><img decoding=\"async\" alt=\"\" data-id=\"3159\" width=\"559\" data-init-width=\"641\" height=\"655\" data-init-height=\"751\" title=\"26_Galeria-Dia-Fotografia-Juan-Ignacio-Torres\" loading=\"lazy\" src=\"https:\/\/manualdetecnicafotografica.com\/blog\/wp-content\/uploads\/2023\/08\/26_Galeria-Dia-Fotografia-Juan-Ignacio-Torres.png\" data-width=\"559\" data-height=\"655\" style=\"\"><\/span><\/p>\n<p style=\"\"><em><strong><em><strong>William Calle <\/strong><\/em><\/strong><em>&#8211; Antioquia, Colombia &#8211; Ave posando para la foto<\/em><strong><\/strong><\/em><\/p>\n<p><span><img decoding=\"async\" alt=\"\" data-id=\"3160\" width=\"559\" data-init-width=\"800\" height=\"336\" data-init-height=\"480\" title=\"27-Dama pimtada_Galeria-Dia-Fotografia-Juan-Ignacio-Torres\" loading=\"lazy\" src=\"https:\/\/manualdetecnicafotografica.com\/blog\/wp-content\/uploads\/2023\/08\/27-Dama-pimtada_Galeria-Dia-Fotografia-Juan-Ignacio-Torres.jpg\" data-width=\"559\" data-height=\"336\" style=\"\"><\/span><\/p>\n<p style=\"\"><em><strong><em><strong>Andres Latini &#8211; <\/strong><\/em><\/strong><em>Concepci\u00f3n, Chile &#8211; La mariposa dama pintada es capaz de realizar un trayecto de ida y vuelta de 12.000 a 14.000 kil\u00f3metros, con un viaje sin escala de m\u00e1s de 40 horas de vuelo.<\/em><strong><\/strong><\/em><\/p>\n<p><span><img decoding=\"async\" alt=\"\" data-id=\"3161\" width=\"559\" data-init-width=\"800\" height=\"334\" data-init-height=\"478\" title=\"28- Urbano01_Galeria-Dia-Fotografia-Juan-Ignacio-Torres\" loading=\"lazy\" src=\"https:\/\/manualdetecnicafotografica.com\/blog\/wp-content\/uploads\/2023\/08\/28-Urbano01_Galeria-Dia-Fotografia-Juan-Ignacio-Torres.jpg\" data-width=\"559\" data-height=\"334\" style=\"\"><\/span><\/p>\n<p style=\"\"><em><strong><em><strong>Marcelo Escobar <\/strong><\/em><\/strong><em>&#8211; Santiago de Chile.<\/em><strong><\/strong><\/em><\/p>\n<p><span><img decoding=\"async\" alt=\"\" data-id=\"3162\" width=\"559\" data-init-width=\"800\" height=\"559\" data-init-height=\"800\" title=\"29_Galeria-Dia-Fotografia-Juan-Ignacio-Torres\" loading=\"lazy\" src=\"https:\/\/manualdetecnicafotografica.com\/blog\/wp-content\/uploads\/2023\/08\/29_Galeria-Dia-Fotografia-Juan-Ignacio-Torres.jpg\" data-width=\"559\" data-height=\"559\" style=\"\"><\/span><\/p>\n<p style=\"\"><em><em>Venezuela, Estado Vargas &#8211; No siempre los finales son malos.<\/em><strong><\/strong><\/em><\/p>\n<p><span><img decoding=\"async\" alt=\"\" data-id=\"3163\" width=\"559\" data-init-width=\"800\" height=\"419\" data-init-height=\"600\" title=\"30_Galeria-Dia-Fotografia-Juan-Ignacio-Torres\" loading=\"lazy\" src=\"https:\/\/manualdetecnicafotografica.com\/blog\/wp-content\/uploads\/2023\/08\/30_Galeria-Dia-Fotografia-Juan-Ignacio-Torres.jpg\" data-width=\"559\" data-height=\"419\" style=\"\"><\/span><\/p>\n<p style=\"\"><em><strong>Luis Felipe<\/strong> &#8211; Atardecer en progreso, Yucat\u00e1n, M\u00e9xico.<strong><\/strong><\/em><\/p>\n<p><span><img decoding=\"async\" alt=\"\" data-id=\"3114\" width=\"559\" data-init-width=\"625\" height=\"895\" data-init-height=\"1000\" title=\"1-Gregorio-Diez_800\" loading=\"lazy\" src=\"https:\/\/manualdetecnicafotografica.com\/blog\/wp-content\/uploads\/2023\/08\/1-Gregorio-Diez_800.jpg\" data-width=\"559\" data-height=\"895\" style=\"\"><\/span><\/p>\n<p style=\"\"><em><strong>Gregorio Diez Orera<\/strong> &#8211; Zaragoza, Espa\u00f1a<\/em><\/p>\n<p><span><img decoding=\"async\" alt=\"\" data-id=\"3115\" width=\"559\" data-init-width=\"800\" height=\"373\" data-init-height=\"533\" title=\"2-Eduardo-Pesce_800\" loading=\"lazy\" src=\"https:\/\/manualdetecnicafotografica.com\/blog\/wp-content\/uploads\/2023\/08\/2-Eduardo-Pesce_800.jpg\" data-width=\"559\" data-height=\"373\" style=\"\"><\/span><\/p>\n<p style=\"\"><em><strong>Eduardo Pesce Villarroel<\/strong> &#8211; Punta Arenas- XII Regi\u00f3n de Magallanes y Ant\u00e1rtica chilena &#8211; Chile<\/em><em><span style=\"font-size: 14px;\"><strong>Glaciar Italia:<\/strong> el \u00fanico que a la vista cercana de la navegaci\u00f3n, a\u00fan llega con sus hielos milenarios a la superficie del Canal Beagle, en Tierra del Fuego chilena, foto tomada a fines del a\u00f1o pasado al paso del ferry desde Punta Arenas hasta Puerto Williams.<\/span><\/em><\/p>\n<p><span><img decoding=\"async\" alt=\"\" data-id=\"3116\" width=\"559\" data-init-width=\"800\" height=\"314\" data-init-height=\"449\" title=\"3-Sergio-Guzman_800\" loading=\"lazy\" src=\"https:\/\/manualdetecnicafotografica.com\/blog\/wp-content\/uploads\/2023\/08\/3-Sergio-Guzman_800.jpg\" data-width=\"559\" data-height=\"314\" style=\"\"><\/span><\/p>\n<p style=\"\"><em><strong>Sergio Guzman <\/strong>&#8211; R\u00edo Los Reartes, Provincia de C\u00f3rdoba, Argentina, mucha paz&#8230; buscando efecto espejo.<\/em><\/p>\n<p><span><img decoding=\"async\" alt=\"\" data-id=\"3117\" width=\"559\" data-init-width=\"800\" height=\"377\" data-init-height=\"539\" title=\"4-Elisa-Mattera_800\" loading=\"lazy\" src=\"https:\/\/manualdetecnicafotografica.com\/blog\/wp-content\/uploads\/2023\/08\/4-Elisa-Mattera_800.jpg\" data-width=\"559\" data-height=\"377\" style=\"\"><\/span><\/p>\n<p style=\"\"><em><strong>Elisa Mattera <\/strong>&#8211; Soy m\u00e9dica jubilada y la fotograf\u00eda es una de mis pasiones, c\u00f3mo lo son otros medios de expresi\u00f3n art\u00edstica. \u00c9sta es una fotograf\u00eda de m\u00ed hijo Daniel, el d\u00eda de su cumplea\u00f1os, con una mascota que ya no vive, Pastora. Fue realizada con una c\u00e1mara Zenith muy vieja, pero muy buena. Espero que les guste! Un saludo afectuoso!<\/em><\/p>\n<p><span><img decoding=\"async\" alt=\"\" data-id=\"3118\" width=\"559\" data-init-width=\"800\" height=\"373\" data-init-height=\"533\" title=\"5-Jose-Penataro_800\" loading=\"lazy\" src=\"https:\/\/manualdetecnicafotografica.com\/blog\/wp-content\/uploads\/2023\/08\/5-Jose-Penataro_800.jpg\" data-width=\"559\" data-height=\"373\" style=\"\"><\/span><\/p>\n<p style=\"\"><em><strong>Jose Luis Pe\u00f1ataro<\/strong><\/em><\/p>\n<p><span><img decoding=\"async\" alt=\"\" data-id=\"3119\" width=\"559\" data-init-width=\"800\" height=\"311\" data-init-height=\"445\" title=\"6-Carlos-Abascal_800\" loading=\"lazy\" src=\"https:\/\/manualdetecnicafotografica.com\/blog\/wp-content\/uploads\/2023\/08\/6-Carlos-Abascal_800.jpg\" data-width=\"559\" data-height=\"311\" style=\"\"><\/span><\/p>\n<p style=\"\"><em><strong>Carlos J. Villar Abascal <\/strong>&#8211; Fue tomada en AFRICAN SAFARI EN PUEBLA PUEBLA, MEXICO. Curiosamente el d\u00eda de su cumplea\u00f1os y la jirafa se acerco a felicitarla con un beso<\/em><\/p>\n<p><span><img decoding=\"async\" alt=\"\" data-id=\"3132\" width=\"559\" data-init-width=\"800\" height=\"391\" data-init-height=\"560\" title=\"99-patricio\" loading=\"lazy\" src=\"https:\/\/manualdetecnicafotografica.com\/blog\/wp-content\/uploads\/2023\/08\/99-patricio.jpeg\" data-width=\"559\" data-height=\"391\" style=\"\"><\/span><\/p>\n<p style=\"\"><em><strong>Patricio&nbsp;<\/strong>&#8211; Argentina<\/em><em>Las f\u00e1bricas y edificios de gran porte me llaman mucho la atenci\u00f3n. En este caso esper\u00e9 al atardecer para tomar la foto. Fue una de tantas tardes que lo intent\u00e9.<\/em><\/p>\n<p><span><img decoding=\"async\" alt=\"\" data-id=\"3120\" width=\"559\" data-init-width=\"800\" height=\"419\" data-init-height=\"600\" title=\"7-Andres-barradas_800\" loading=\"lazy\" src=\"https:\/\/manualdetecnicafotografica.com\/blog\/wp-content\/uploads\/2023\/08\/7-Andres-barradas_800.jpg\" data-width=\"559\" data-height=\"419\" style=\"\"><\/span><\/p>\n<p style=\"\"><em><strong>Andres Barradas <\/strong>&#8211; Xoloitzcuintle y serpienteArte de Menchaca Studio en chaquira realizado por ind\u00edgenas huicholes.Olympus OMD EM5 Mark II. 14 mm, f\/4.0 , 30S ISO 640.<\/em><\/p>\n<p><span><img decoding=\"async\" alt=\"\" data-id=\"3121\" width=\"559\" data-init-width=\"800\" height=\"723\" data-init-height=\"1034\" title=\"8-Isaac_800\" loading=\"lazy\" src=\"https:\/\/manualdetecnicafotografica.com\/blog\/wp-content\/uploads\/2023\/08\/8-Isaac_800.jpg\" data-width=\"559\" data-height=\"723\" style=\"\"><\/span><\/p>\n<p style=\"\"><em><strong>Isaac &#8211; <\/strong>Puerto Vallarta, pelicano fotog\u00e9nico.<\/em><\/p>\n<p><span><img decoding=\"async\" alt=\"\" data-id=\"3131\" width=\"559\" data-init-width=\"800\" height=\"414\" data-init-height=\"592\" title=\"99-oscar\" loading=\"lazy\" src=\"https:\/\/manualdetecnicafotografica.com\/blog\/wp-content\/uploads\/2023\/08\/99-oscar.jpg\" data-width=\"559\" data-height=\"414\" style=\"\"><\/span><\/p>\n<p style=\"\"><em><strong>Juan I. Torres &#8211;&nbsp;<\/strong>Esta foto la tome hace mucho mucho tiempo&#8230; sub\u00ed a la terraza y me puse a tomar fotos de lo que ve\u00eda. En este caso uno de los tantos gatos del vecino.<\/em><\/p>\n<p><span><img decoding=\"async\" alt=\"\" data-id=\"3122\" width=\"559\" data-init-width=\"800\" height=\"431\" data-init-height=\"616\" title=\"9-ManuelMolina_800 (1)\" loading=\"lazy\" src=\"https:\/\/manualdetecnicafotografica.com\/blog\/wp-content\/uploads\/2023\/08\/9-ManuelMolina_800-1.jpg\" data-width=\"559\" data-height=\"431\" style=\"\"><\/span><\/p>\n<p style=\"\"><em><strong>Manuel Molina <\/strong>&#8211; Granada, Espa\u00f1a &#8211; \u00abMajestuosidad\u00bb<\/em><\/p>\n<p><span><img decoding=\"async\" alt=\"\" data-id=\"3123\" width=\"559\" data-init-width=\"800\" height=\"373\" data-init-height=\"533\" title=\"10-mikel_800\" loading=\"lazy\" src=\"https:\/\/manualdetecnicafotografica.com\/blog\/wp-content\/uploads\/2023\/08\/10-mikel_800.jpg\" data-width=\"559\" data-height=\"373\" style=\"\"><\/span><\/p>\n<p style=\"\"><em><strong>Mikel Dieguez <\/strong>&#8211; Irun (Gipuzkoa) Espa\u00f1aEsta foto esta sacada desde el balc\u00f3n de mi casa ,son pe\u00f1as de Aya unas moles graniticas de 800m de altura. Le intente dar al cielo un toque pictorico espero que os guste.<\/em><\/p>\n<p><span><img decoding=\"async\" alt=\"\" data-id=\"3126\" width=\"559\" data-init-width=\"800\" height=\"373\" data-init-height=\"533\" title=\"99-juana\" loading=\"lazy\" src=\"https:\/\/manualdetecnicafotografica.com\/blog\/wp-content\/uploads\/2023\/08\/99-juana.jpg\" data-width=\"559\" data-height=\"373\" style=\"\"><\/span><\/p>\n<p style=\"\"><em><strong>Juana <\/strong>&#8211; MariposaLa foto la saqu\u00e9 junto a mi novio un d\u00eda que fuimos a visitar una reserva cerca de casa&#8230;<\/em><\/p>\n<p><span><img decoding=\"async\" alt=\"\" data-id=\"3124\" width=\"559\" data-init-width=\"800\" height=\"373\" data-init-height=\"533\" title=\"11-Abraham_800\" loading=\"lazy\" src=\"https:\/\/manualdetecnicafotografica.com\/blog\/wp-content\/uploads\/2023\/08\/11-Abraham_800.jpg\" data-width=\"559\" data-height=\"373\" style=\"\"><\/span><\/p>\n<p style=\"\"><em><strong><em><strong>Abraham Janovski, Kibutz Hatzor <\/strong><\/em><\/strong><em>&#8211; Israel&nbsp;<\/em>&#8211; Riqueza y SimplicidadFue tomada en la ciudad de Baku, Azerbaijan. Nombre de la mezquita Heyder, muy lujosa al lado de apartamentos simples.<strong><\/strong><\/em><\/p>\n<p><span><img decoding=\"async\" alt=\"\" data-id=\"3125\" width=\"559\" data-init-width=\"800\" height=\"375\" data-init-height=\"537\" title=\"12-Angel Perez_800\" loading=\"lazy\" src=\"https:\/\/manualdetecnicafotografica.com\/blog\/wp-content\/uploads\/2023\/08\/12-Angel-Perez_800.jpg\" data-width=\"559\" data-height=\"375\" style=\"\"><\/span><\/p>\n<p style=\"\"><em><strong>Angel Perez Cardona<\/strong><\/em><\/p>\n<h2>Aqu\u00ed est\u00e1n todas las fotos para ver de un vistazo:<\/h2>\n<p><span><img decoding=\"async\" alt=\"\" data-id=\"3114\" width=\"625\" height=\"1000\" title=\"1-Gregorio-Diez_800\" src=\"https:\/\/manualdetecnicafotografica.com\/blog\/wp-content\/uploads\/2023\/08\/1-Gregorio-Diez_800.jpg\" data-src=\"https:\/\/manualdetecnicafotografica.com\/blog\/wp-content\/uploads\/2023\/08\/1-Gregorio-Diez_800.jpg\" loading=\"lazy\" data-sizes=\"{&quot;thumbnail&quot;:{&quot;height&quot;:150,&quot;width&quot;:150,&quot;url&quot;:&quot;https:\/\/manualdetecnicafotografica.com\/blog\/wp-content\/uploads\/2023\/08\/1-Gregorio-Diez_800-150x150.jpg&quot;,&quot;orientation&quot;:&quot;landscape&quot;},&quot;medium&quot;:{&quot;height&quot;:300,&quot;width&quot;:188,&quot;url&quot;:&quot;https:\/\/manualdetecnicafotografica.com\/blog\/wp-content\/uploads\/2023\/08\/1-Gregorio-Diez_800-188x300.jpg&quot;,&quot;orientation&quot;:&quot;portrait&quot;},&quot;full&quot;:{&quot;url&quot;:&quot;https:\/\/manualdetecnicafotografica.com\/blog\/wp-content\/uploads\/2023\/08\/1-Gregorio-Diez_800.jpg&quot;,&quot;height&quot;:1000,&quot;width&quot;:625,&quot;orientation&quot;:&quot;portrait&quot;}}\" style=\"\"><\/span><span><img decoding=\"async\" alt=\"\" data-id=\"3115\" width=\"800\" height=\"533\" title=\"2-Eduardo-Pesce_800\" src=\"https:\/\/manualdetecnicafotografica.com\/blog\/wp-content\/uploads\/2023\/08\/2-Eduardo-Pesce_800.jpg\" data-src=\"https:\/\/manualdetecnicafotografica.com\/blog\/wp-content\/uploads\/2023\/08\/2-Eduardo-Pesce_800.jpg\" loading=\"lazy\" data-sizes=\"{&quot;thumbnail&quot;:{&quot;height&quot;:150,&quot;width&quot;:150,&quot;url&quot;:&quot;https:\/\/manualdetecnicafotografica.com\/blog\/wp-content\/uploads\/2023\/08\/2-Eduardo-Pesce_800-150x150.jpg&quot;,&quot;orientation&quot;:&quot;landscape&quot;},&quot;medium&quot;:{&quot;height&quot;:200,&quot;width&quot;:300,&quot;url&quot;:&quot;https:\/\/manualdetecnicafotografica.com\/blog\/wp-content\/uploads\/2023\/08\/2-Eduardo-Pesce_800-300x200.jpg&quot;,&quot;orientation&quot;:&quot;landscape&quot;},&quot;full&quot;:{&quot;url&quot;:&quot;https:\/\/manualdetecnicafotografica.com\/blog\/wp-content\/uploads\/2023\/08\/2-Eduardo-Pesce_800.jpg&quot;,&quot;height&quot;:533,&quot;width&quot;:800,&quot;orientation&quot;:&quot;landscape&quot;}}\" style=\"\"><\/span><span><img decoding=\"async\" alt=\"\" data-id=\"3116\" width=\"800\" height=\"449\" title=\"3-Sergio-Guzman_800\" src=\"https:\/\/manualdetecnicafotografica.com\/blog\/wp-content\/uploads\/2023\/08\/3-Sergio-Guzman_800.jpg\" data-src=\"https:\/\/manualdetecnicafotografica.com\/blog\/wp-content\/uploads\/2023\/08\/3-Sergio-Guzman_800.jpg\" loading=\"lazy\" data-sizes=\"{&quot;thumbnail&quot;:{&quot;height&quot;:150,&quot;width&quot;:150,&quot;url&quot;:&quot;https:\/\/manualdetecnicafotografica.com\/blog\/wp-content\/uploads\/2023\/08\/3-Sergio-Guzman_800-150x150.jpg&quot;,&quot;orientation&quot;:&quot;landscape&quot;},&quot;medium&quot;:{&quot;height&quot;:168,&quot;width&quot;:300,&quot;url&quot;:&quot;https:\/\/manualdetecnicafotografica.com\/blog\/wp-content\/uploads\/2023\/08\/3-Sergio-Guzman_800-300x168.jpg&quot;,&quot;orientation&quot;:&quot;landscape&quot;},&quot;full&quot;:{&quot;url&quot;:&quot;https:\/\/manualdetecnicafotografica.com\/blog\/wp-content\/uploads\/2023\/08\/3-Sergio-Guzman_800.jpg&quot;,&quot;height&quot;:449,&quot;width&quot;:800,&quot;orientation&quot;:&quot;landscape&quot;}}\" style=\"\"><\/span><span><img decoding=\"async\" alt=\"\" data-id=\"3117\" width=\"800\" height=\"539\" title=\"4-Elisa-Mattera_800\" src=\"https:\/\/manualdetecnicafotografica.com\/blog\/wp-content\/uploads\/2023\/08\/4-Elisa-Mattera_800.jpg\" data-src=\"https:\/\/manualdetecnicafotografica.com\/blog\/wp-content\/uploads\/2023\/08\/4-Elisa-Mattera_800.jpg\" loading=\"lazy\" data-sizes=\"{&quot;thumbnail&quot;:{&quot;height&quot;:150,&quot;width&quot;:150,&quot;url&quot;:&quot;https:\/\/manualdetecnicafotografica.com\/blog\/wp-content\/uploads\/2023\/08\/4-Elisa-Mattera_800-150x150.jpg&quot;,&quot;orientation&quot;:&quot;landscape&quot;},&quot;medium&quot;:{&quot;height&quot;:202,&quot;width&quot;:300,&quot;url&quot;:&quot;https:\/\/manualdetecnicafotografica.com\/blog\/wp-content\/uploads\/2023\/08\/4-Elisa-Mattera_800-300x202.jpg&quot;,&quot;orientation&quot;:&quot;landscape&quot;},&quot;full&quot;:{&quot;url&quot;:&quot;https:\/\/manualdetecnicafotografica.com\/blog\/wp-content\/uploads\/2023\/08\/4-Elisa-Mattera_800.jpg&quot;,&quot;height&quot;:539,&quot;width&quot;:800,&quot;orientation&quot;:&quot;landscape&quot;}}\" style=\"\"><\/span><span><img decoding=\"async\" alt=\"\" data-id=\"3118\" width=\"800\" height=\"533\" title=\"5-Jose-Penataro_800\" src=\"https:\/\/manualdetecnicafotografica.com\/blog\/wp-content\/uploads\/2023\/08\/5-Jose-Penataro_800.jpg\" data-src=\"https:\/\/manualdetecnicafotografica.com\/blog\/wp-content\/uploads\/2023\/08\/5-Jose-Penataro_800.jpg\" loading=\"lazy\" data-sizes=\"{&quot;thumbnail&quot;:{&quot;height&quot;:150,&quot;width&quot;:150,&quot;url&quot;:&quot;https:\/\/manualdetecnicafotografica.com\/blog\/wp-content\/uploads\/2023\/08\/5-Jose-Penataro_800-150x150.jpg&quot;,&quot;orientation&quot;:&quot;landscape&quot;},&quot;medium&quot;:{&quot;height&quot;:200,&quot;width&quot;:300,&quot;url&quot;:&quot;https:\/\/manualdetecnicafotografica.com\/blog\/wp-content\/uploads\/2023\/08\/5-Jose-Penataro_800-300x200.jpg&quot;,&quot;orientation&quot;:&quot;landscape&quot;},&quot;full&quot;:{&quot;url&quot;:&quot;https:\/\/manualdetecnicafotografica.com\/blog\/wp-content\/uploads\/2023\/08\/5-Jose-Penataro_800.jpg&quot;,&quot;height&quot;:533,&quot;width&quot;:800,&quot;orientation&quot;:&quot;landscape&quot;}}\" style=\"\"><\/span><span><img decoding=\"async\" alt=\"\" data-id=\"3119\" width=\"800\" height=\"445\" title=\"6-Carlos-Abascal_800\" src=\"https:\/\/manualdetecnicafotografica.com\/blog\/wp-content\/uploads\/2023\/08\/6-Carlos-Abascal_800.jpg\" data-src=\"https:\/\/manualdetecnicafotografica.com\/blog\/wp-content\/uploads\/2023\/08\/6-Carlos-Abascal_800.jpg\" loading=\"lazy\" data-sizes=\"{&quot;thumbnail&quot;:{&quot;height&quot;:150,&quot;width&quot;:150,&quot;url&quot;:&quot;https:\/\/manualdetecnicafotografica.com\/blog\/wp-content\/uploads\/2023\/08\/6-Carlos-Abascal_800-150x150.jpg&quot;,&quot;orientation&quot;:&quot;landscape&quot;},&quot;medium&quot;:{&quot;height&quot;:167,&quot;width&quot;:300,&quot;url&quot;:&quot;https:\/\/manualdetecnicafotografica.com\/blog\/wp-content\/uploads\/2023\/08\/6-Carlos-Abascal_800-300x167.jpg&quot;,&quot;orientation&quot;:&quot;landscape&quot;},&quot;full&quot;:{&quot;url&quot;:&quot;https:\/\/manualdetecnicafotografica.com\/blog\/wp-content\/uploads\/2023\/08\/6-Carlos-Abascal_800.jpg&quot;,&quot;height&quot;:445,&quot;width&quot;:800,&quot;orientation&quot;:&quot;landscape&quot;}}\" style=\"\"><\/span><span><img decoding=\"async\" alt=\"\" data-id=\"3120\" width=\"800\" height=\"600\" title=\"7-Andres-barradas_800\" src=\"https:\/\/manualdetecnicafotografica.com\/blog\/wp-content\/uploads\/2023\/08\/7-Andres-barradas_800.jpg\" data-src=\"https:\/\/manualdetecnicafotografica.com\/blog\/wp-content\/uploads\/2023\/08\/7-Andres-barradas_800.jpg\" loading=\"lazy\" data-sizes=\"{&quot;thumbnail&quot;:{&quot;height&quot;:150,&quot;width&quot;:150,&quot;url&quot;:&quot;https:\/\/manualdetecnicafotografica.com\/blog\/wp-content\/uploads\/2023\/08\/7-Andres-barradas_800-150x150.jpg&quot;,&quot;orientation&quot;:&quot;landscape&quot;},&quot;medium&quot;:{&quot;height&quot;:225,&quot;width&quot;:300,&quot;url&quot;:&quot;https:\/\/manualdetecnicafotografica.com\/blog\/wp-content\/uploads\/2023\/08\/7-Andres-barradas_800-300x225.jpg&quot;,&quot;orientation&quot;:&quot;landscape&quot;},&quot;full&quot;:{&quot;url&quot;:&quot;https:\/\/manualdetecnicafotografica.com\/blog\/wp-content\/uploads\/2023\/08\/7-Andres-barradas_800.jpg&quot;,&quot;height&quot;:600,&quot;width&quot;:800,&quot;orientation&quot;:&quot;landscape&quot;}}\" style=\"\"><\/span><span><img decoding=\"async\" alt=\"\" data-id=\"3121\" width=\"800\" height=\"1034\" title=\"8-Isaac_800\" src=\"https:\/\/manualdetecnicafotografica.com\/blog\/wp-content\/uploads\/2023\/08\/8-Isaac_800-792x1024.jpg\" data-src=\"https:\/\/manualdetecnicafotografica.com\/blog\/wp-content\/uploads\/2023\/08\/8-Isaac_800-792x1024.jpg\" loading=\"lazy\" data-sizes=\"{&quot;thumbnail&quot;:{&quot;height&quot;:150,&quot;width&quot;:150,&quot;url&quot;:&quot;https:\/\/manualdetecnicafotografica.com\/blog\/wp-content\/uploads\/2023\/08\/8-Isaac_800-150x150.jpg&quot;,&quot;orientation&quot;:&quot;landscape&quot;},&quot;medium&quot;:{&quot;height&quot;:300,&quot;width&quot;:232,&quot;url&quot;:&quot;https:\/\/manualdetecnicafotografica.com\/blog\/wp-content\/uploads\/2023\/08\/8-Isaac_800-232x300.jpg&quot;,&quot;orientation&quot;:&quot;portrait&quot;},&quot;large&quot;:{&quot;height&quot;:1024,&quot;width&quot;:792,&quot;url&quot;:&quot;https:\/\/manualdetecnicafotografica.com\/blog\/wp-content\/uploads\/2023\/08\/8-Isaac_800-792x1024.jpg&quot;,&quot;orientation&quot;:&quot;portrait&quot;},&quot;full&quot;:{&quot;url&quot;:&quot;https:\/\/manualdetecnicafotografica.com\/blog\/wp-content\/uploads\/2023\/08\/8-Isaac_800.jpg&quot;,&quot;height&quot;:1034,&quot;width&quot;:800,&quot;orientation&quot;:&quot;portrait&quot;}}\" style=\"\"><\/span><span><img decoding=\"async\" alt=\"\" data-id=\"3122\" width=\"800\" height=\"616\" title=\"9-ManuelMolina_800 (1)\" src=\"https:\/\/manualdetecnicafotografica.com\/blog\/wp-content\/uploads\/2023\/08\/9-ManuelMolina_800-1.jpg\" data-src=\"https:\/\/manualdetecnicafotografica.com\/blog\/wp-content\/uploads\/2023\/08\/9-ManuelMolina_800-1.jpg\" loading=\"lazy\" data-sizes=\"{&quot;thumbnail&quot;:{&quot;height&quot;:150,&quot;width&quot;:150,&quot;url&quot;:&quot;https:\/\/manualdetecnicafotografica.com\/blog\/wp-content\/uploads\/2023\/08\/9-ManuelMolina_800-1-150x150.jpg&quot;,&quot;orientation&quot;:&quot;landscape&quot;},&quot;medium&quot;:{&quot;height&quot;:231,&quot;width&quot;:300,&quot;url&quot;:&quot;https:\/\/manualdetecnicafotografica.com\/blog\/wp-content\/uploads\/2023\/08\/9-ManuelMolina_800-1-300x231.jpg&quot;,&quot;orientation&quot;:&quot;landscape&quot;},&quot;full&quot;:{&quot;url&quot;:&quot;https:\/\/manualdetecnicafotografica.com\/blog\/wp-content\/uploads\/2023\/08\/9-ManuelMolina_800-1.jpg&quot;,&quot;height&quot;:616,&quot;width&quot;:800,&quot;orientation&quot;:&quot;landscape&quot;}}\" style=\"\"><\/span><span><img decoding=\"async\" alt=\"\" data-id=\"3123\" width=\"800\" height=\"533\" title=\"10-mikel_800\" src=\"https:\/\/manualdetecnicafotografica.com\/blog\/wp-content\/uploads\/2023\/08\/10-mikel_800.jpg\" data-src=\"https:\/\/manualdetecnicafotografica.com\/blog\/wp-content\/uploads\/2023\/08\/10-mikel_800.jpg\" loading=\"lazy\" data-sizes=\"{&quot;thumbnail&quot;:{&quot;height&quot;:150,&quot;width&quot;:150,&quot;url&quot;:&quot;https:\/\/manualdetecnicafotografica.com\/blog\/wp-content\/uploads\/2023\/08\/10-mikel_800-150x150.jpg&quot;,&quot;orientation&quot;:&quot;landscape&quot;},&quot;medium&quot;:{&quot;height&quot;:200,&quot;width&quot;:300,&quot;url&quot;:&quot;https:\/\/manualdetecnicafotografica.com\/blog\/wp-content\/uploads\/2023\/08\/10-mikel_800-300x200.jpg&quot;,&quot;orientation&quot;:&quot;landscape&quot;},&quot;full&quot;:{&quot;url&quot;:&quot;https:\/\/manualdetecnicafotografica.com\/blog\/wp-content\/uploads\/2023\/08\/10-mikel_800.jpg&quot;,&quot;height&quot;:533,&quot;width&quot;:800,&quot;orientation&quot;:&quot;landscape&quot;}}\" style=\"\"><\/span><span><img decoding=\"async\" alt=\"\" data-id=\"3124\" width=\"800\" height=\"533\" title=\"11-Abraham_800\" src=\"https:\/\/manualdetecnicafotografica.com\/blog\/wp-content\/uploads\/2023\/08\/11-Abraham_800.jpg\" data-src=\"https:\/\/manualdetecnicafotografica.com\/blog\/wp-content\/uploads\/2023\/08\/11-Abraham_800.jpg\" loading=\"lazy\" data-sizes=\"{&quot;thumbnail&quot;:{&quot;height&quot;:150,&quot;width&quot;:150,&quot;url&quot;:&quot;https:\/\/manualdetecnicafotografica.com\/blog\/wp-content\/uploads\/2023\/08\/11-Abraham_800-150x150.jpg&quot;,&quot;orientation&quot;:&quot;landscape&quot;},&quot;medium&quot;:{&quot;height&quot;:200,&quot;width&quot;:300,&quot;url&quot;:&quot;https:\/\/manualdetecnicafotografica.com\/blog\/wp-content\/uploads\/2023\/08\/11-Abraham_800-300x200.jpg&quot;,&quot;orientation&quot;:&quot;landscape&quot;},&quot;full&quot;:{&quot;url&quot;:&quot;https:\/\/manualdetecnicafotografica.com\/blog\/wp-content\/uploads\/2023\/08\/11-Abraham_800.jpg&quot;,&quot;height&quot;:533,&quot;width&quot;:800,&quot;orientation&quot;:&quot;landscape&quot;}}\" style=\"\"><\/span><span><img decoding=\"async\" alt=\"\" data-id=\"3125\" width=\"800\" height=\"537\" title=\"12-Angel Perez_800\" src=\"https:\/\/manualdetecnicafotografica.com\/blog\/wp-content\/uploads\/2023\/08\/12-Angel-Perez_800.jpg\" data-src=\"https:\/\/manualdetecnicafotografica.com\/blog\/wp-content\/uploads\/2023\/08\/12-Angel-Perez_800.jpg\" loading=\"lazy\" data-sizes=\"{&quot;thumbnail&quot;:{&quot;height&quot;:150,&quot;width&quot;:150,&quot;url&quot;:&quot;https:\/\/manualdetecnicafotografica.com\/blog\/wp-content\/uploads\/2023\/08\/12-Angel-Perez_800-150x150.jpg&quot;,&quot;orientation&quot;:&quot;landscape&quot;},&quot;medium&quot;:{&quot;height&quot;:201,&quot;width&quot;:300,&quot;url&quot;:&quot;https:\/\/manualdetecnicafotografica.com\/blog\/wp-content\/uploads\/2023\/08\/12-Angel-Perez_800-300x201.jpg&quot;,&quot;orientation&quot;:&quot;landscape&quot;},&quot;full&quot;:{&quot;url&quot;:&quot;https:\/\/manualdetecnicafotografica.com\/blog\/wp-content\/uploads\/2023\/08\/12-Angel-Perez_800.jpg&quot;,&quot;height&quot;:537,&quot;width&quot;:800,&quot;orientation&quot;:&quot;landscape&quot;}}\" style=\"\"><\/span><span><img decoding=\"async\" alt=\"\" data-id=\"3126\" width=\"800\" height=\"533\" title=\"99-juana\" src=\"https:\/\/manualdetecnicafotografica.com\/blog\/wp-content\/uploads\/2023\/08\/99-juana.jpg\" data-src=\"https:\/\/manualdetecnicafotografica.com\/blog\/wp-content\/uploads\/2023\/08\/99-juana.jpg\" loading=\"lazy\" data-sizes=\"{&quot;thumbnail&quot;:{&quot;height&quot;:150,&quot;width&quot;:150,&quot;url&quot;:&quot;https:\/\/manualdetecnicafotografica.com\/blog\/wp-content\/uploads\/2023\/08\/99-juana-150x150.jpg&quot;,&quot;orientation&quot;:&quot;landscape&quot;},&quot;medium&quot;:{&quot;height&quot;:200,&quot;width&quot;:300,&quot;url&quot;:&quot;https:\/\/manualdetecnicafotografica.com\/blog\/wp-content\/uploads\/2023\/08\/99-juana-300x200.jpg&quot;,&quot;orientation&quot;:&quot;landscape&quot;},&quot;full&quot;:{&quot;url&quot;:&quot;https:\/\/manualdetecnicafotografica.com\/blog\/wp-content\/uploads\/2023\/08\/99-juana.jpg&quot;,&quot;height&quot;:533,&quot;width&quot;:800,&quot;orientation&quot;:&quot;landscape&quot;}}\" style=\"\"><\/span><span><img decoding=\"async\" alt=\"\" data-id=\"3127\" width=\"800\" height=\"1200\" title=\"99-larry\" src=\"https:\/\/manualdetecnicafotografica.com\/blog\/wp-content\/uploads\/2023\/08\/99-larry-683x1024.jpg\" data-src=\"https:\/\/manualdetecnicafotografica.com\/blog\/wp-content\/uploads\/2023\/08\/99-larry-683x1024.jpg\" loading=\"lazy\" data-sizes=\"{&quot;thumbnail&quot;:{&quot;height&quot;:150,&quot;width&quot;:150,&quot;url&quot;:&quot;https:\/\/manualdetecnicafotografica.com\/blog\/wp-content\/uploads\/2023\/08\/99-larry-150x150.jpg&quot;,&quot;orientation&quot;:&quot;landscape&quot;},&quot;medium&quot;:{&quot;height&quot;:300,&quot;width&quot;:200,&quot;url&quot;:&quot;https:\/\/manualdetecnicafotografica.com\/blog\/wp-content\/uploads\/2023\/08\/99-larry-200x300.jpg&quot;,&quot;orientation&quot;:&quot;portrait&quot;},&quot;large&quot;:{&quot;height&quot;:1024,&quot;width&quot;:683,&quot;url&quot;:&quot;https:\/\/manualdetecnicafotografica.com\/blog\/wp-content\/uploads\/2023\/08\/99-larry-683x1024.jpg&quot;,&quot;orientation&quot;:&quot;portrait&quot;},&quot;full&quot;:{&quot;url&quot;:&quot;https:\/\/manualdetecnicafotografica.com\/blog\/wp-content\/uploads\/2023\/08\/99-larry.jpg&quot;,&quot;height&quot;:1200,&quot;width&quot;:800,&quot;orientation&quot;:&quot;portrait&quot;}}\" style=\"\"><\/span><span><img decoding=\"async\" alt=\"\" data-id=\"3128\" width=\"800\" height=\"533\" title=\"99-leonardo\" src=\"https:\/\/manualdetecnicafotografica.com\/blog\/wp-content\/uploads\/2023\/08\/99-leonardo.jpg\" data-src=\"https:\/\/manualdetecnicafotografica.com\/blog\/wp-content\/uploads\/2023\/08\/99-leonardo.jpg\" loading=\"lazy\" data-sizes=\"{&quot;thumbnail&quot;:{&quot;height&quot;:150,&quot;width&quot;:150,&quot;url&quot;:&quot;https:\/\/manualdetecnicafotografica.com\/blog\/wp-content\/uploads\/2023\/08\/99-leonardo-150x150.jpg&quot;,&quot;orientation&quot;:&quot;landscape&quot;},&quot;medium&quot;:{&quot;height&quot;:200,&quot;width&quot;:300,&quot;url&quot;:&quot;https:\/\/manualdetecnicafotografica.com\/blog\/wp-content\/uploads\/2023\/08\/99-leonardo-300x200.jpg&quot;,&quot;orientation&quot;:&quot;landscape&quot;},&quot;full&quot;:{&quot;url&quot;:&quot;https:\/\/manualdetecnicafotografica.com\/blog\/wp-content\/uploads\/2023\/08\/99-leonardo.jpg&quot;,&quot;height&quot;:533,&quot;width&quot;:800,&quot;orientation&quot;:&quot;landscape&quot;}}\" style=\"\"><\/span><span><img decoding=\"async\" alt=\"\" data-id=\"3129\" width=\"800\" height=\"533\" title=\"99-marcos\" src=\"https:\/\/manualdetecnicafotografica.com\/blog\/wp-content\/uploads\/2023\/08\/99-marcos.jpg\" data-src=\"https:\/\/manualdetecnicafotografica.com\/blog\/wp-content\/uploads\/2023\/08\/99-marcos.jpg\" loading=\"lazy\" data-sizes=\"{&quot;thumbnail&quot;:{&quot;height&quot;:150,&quot;width&quot;:150,&quot;url&quot;:&quot;https:\/\/manualdetecnicafotografica.com\/blog\/wp-content\/uploads\/2023\/08\/99-marcos-150x150.jpg&quot;,&quot;orientation&quot;:&quot;landscape&quot;},&quot;medium&quot;:{&quot;height&quot;:200,&quot;width&quot;:300,&quot;url&quot;:&quot;https:\/\/manualdetecnicafotografica.com\/blog\/wp-content\/uploads\/2023\/08\/99-marcos-300x200.jpg&quot;,&quot;orientation&quot;:&quot;landscape&quot;},&quot;full&quot;:{&quot;url&quot;:&quot;https:\/\/manualdetecnicafotografica.com\/blog\/wp-content\/uploads\/2023\/08\/99-marcos.jpg&quot;,&quot;height&quot;:533,&quot;width&quot;:800,&quot;orientation&quot;:&quot;landscape&quot;}}\" style=\"\"><\/span><span><img decoding=\"async\" alt=\"\" data-id=\"3130\" width=\"800\" height=\"533\" title=\"99-milena\" src=\"https:\/\/manualdetecnicafotografica.com\/blog\/wp-content\/uploads\/2023\/08\/99-milena.jpg\" data-src=\"https:\/\/manualdetecnicafotografica.com\/blog\/wp-content\/uploads\/2023\/08\/99-milena.jpg\" loading=\"lazy\" data-sizes=\"{&quot;thumbnail&quot;:{&quot;height&quot;:150,&quot;width&quot;:150,&quot;url&quot;:&quot;https:\/\/manualdetecnicafotografica.com\/blog\/wp-content\/uploads\/2023\/08\/99-milena-150x150.jpg&quot;,&quot;orientation&quot;:&quot;landscape&quot;},&quot;medium&quot;:{&quot;height&quot;:200,&quot;width&quot;:300,&quot;url&quot;:&quot;https:\/\/manualdetecnicafotografica.com\/blog\/wp-content\/uploads\/2023\/08\/99-milena-300x200.jpg&quot;,&quot;orientation&quot;:&quot;landscape&quot;},&quot;full&quot;:{&quot;url&quot;:&quot;https:\/\/manualdetecnicafotografica.com\/blog\/wp-content\/uploads\/2023\/08\/99-milena.jpg&quot;,&quot;height&quot;:533,&quot;width&quot;:800,&quot;orientation&quot;:&quot;landscape&quot;}}\" style=\"\"><\/span><span><img decoding=\"async\" alt=\"\" data-id=\"3131\" width=\"800\" height=\"592\" title=\"99-oscar\" src=\"https:\/\/manualdetecnicafotografica.com\/blog\/wp-content\/uploads\/2023\/08\/99-oscar.jpg\" data-src=\"https:\/\/manualdetecnicafotografica.com\/blog\/wp-content\/uploads\/2023\/08\/99-oscar.jpg\" loading=\"lazy\" data-sizes=\"{&quot;thumbnail&quot;:{&quot;height&quot;:150,&quot;width&quot;:150,&quot;url&quot;:&quot;https:\/\/manualdetecnicafotografica.com\/blog\/wp-content\/uploads\/2023\/08\/99-oscar-150x150.jpg&quot;,&quot;orientation&quot;:&quot;landscape&quot;},&quot;medium&quot;:{&quot;height&quot;:222,&quot;width&quot;:300,&quot;url&quot;:&quot;https:\/\/manualdetecnicafotografica.com\/blog\/wp-content\/uploads\/2023\/08\/99-oscar-300x222.jpg&quot;,&quot;orientation&quot;:&quot;landscape&quot;},&quot;full&quot;:{&quot;url&quot;:&quot;https:\/\/manualdetecnicafotografica.com\/blog\/wp-content\/uploads\/2023\/08\/99-oscar.jpg&quot;,&quot;height&quot;:592,&quot;width&quot;:800,&quot;orientation&quot;:&quot;landscape&quot;}}\" style=\"\"><\/span><span><img decoding=\"async\" alt=\"\" data-id=\"3132\" width=\"800\" height=\"560\" title=\"99-patricio\" src=\"https:\/\/manualdetecnicafotografica.com\/blog\/wp-content\/uploads\/2023\/08\/99-patricio.jpeg\" data-src=\"https:\/\/manualdetecnicafotografica.com\/blog\/wp-content\/uploads\/2023\/08\/99-patricio.jpeg\" loading=\"lazy\" data-sizes=\"{&quot;thumbnail&quot;:{&quot;height&quot;:150,&quot;width&quot;:150,&quot;url&quot;:&quot;https:\/\/manualdetecnicafotografica.com\/blog\/wp-content\/uploads\/2023\/08\/99-patricio-150x150.jpeg&quot;,&quot;orientation&quot;:&quot;landscape&quot;},&quot;medium&quot;:{&quot;height&quot;:210,&quot;width&quot;:300,&quot;url&quot;:&quot;https:\/\/manualdetecnicafotografica.com\/blog\/wp-content\/uploads\/2023\/08\/99-patricio-300x210.jpeg&quot;,&quot;orientation&quot;:&quot;landscape&quot;},&quot;full&quot;:{&quot;url&quot;:&quot;https:\/\/manualdetecnicafotografica.com\/blog\/wp-content\/uploads\/2023\/08\/99-patricio.jpeg&quot;,&quot;height&quot;:560,&quot;width&quot;:800,&quot;orientation&quot;:&quot;landscape&quot;}}\" style=\"\"><\/span><span><img decoding=\"async\" alt=\"\" data-id=\"3177\" width=\"800\" height=\"533\" title=\"13-galeria-virtual_Galeria-Dia-Fotografia-Juan-Ignacio-Torres\" src=\"https:\/\/manualdetecnicafotografica.com\/blog\/wp-content\/uploads\/2023\/08\/13-galeria-virtual_Galeria-Dia-Fotografia-Juan-Ignacio-Torres.jpeg\" data-src=\"https:\/\/manualdetecnicafotografica.com\/blog\/wp-content\/uploads\/2023\/08\/13-galeria-virtual_Galeria-Dia-Fotografia-Juan-Ignacio-Torres.jpeg\" loading=\"lazy\" data-sizes=\"{&quot;thumbnail&quot;:{&quot;height&quot;:150,&quot;width&quot;:150,&quot;url&quot;:&quot;https:\/\/manualdetecnicafotografica.com\/blog\/wp-content\/uploads\/2023\/08\/13-galeria-virtual_Galeria-Dia-Fotografia-Juan-Ignacio-Torres-150x150.jpeg&quot;,&quot;orientation&quot;:&quot;landscape&quot;},&quot;medium&quot;:{&quot;height&quot;:200,&quot;width&quot;:300,&quot;url&quot;:&quot;https:\/\/manualdetecnicafotografica.com\/blog\/wp-content\/uploads\/2023\/08\/13-galeria-virtual_Galeria-Dia-Fotografia-Juan-Ignacio-Torres-300x200.jpeg&quot;,&quot;orientation&quot;:&quot;landscape&quot;},&quot;full&quot;:{&quot;url&quot;:&quot;https:\/\/manualdetecnicafotografica.com\/blog\/wp-content\/uploads\/2023\/08\/13-galeria-virtual_Galeria-Dia-Fotografia-Juan-Ignacio-Torres.jpeg&quot;,&quot;height&quot;:533,&quot;width&quot;:800,&quot;orientation&quot;:&quot;landscape&quot;}}\" style=\"\"><\/span><span><img decoding=\"async\" alt=\"\" data-id=\"3178\" width=\"800\" height=\"376\" title=\"14-j-rodriguez_Galeria-Dia-Fotografia-Juan-Ignacio-Torres\" src=\"https:\/\/manualdetecnicafotografica.com\/blog\/wp-content\/uploads\/2023\/08\/14-j-rodriguez_Galeria-Dia-Fotografia-Juan-Ignacio-Torres.jpg\" data-src=\"https:\/\/manualdetecnicafotografica.com\/blog\/wp-content\/uploads\/2023\/08\/14-j-rodriguez_Galeria-Dia-Fotografia-Juan-Ignacio-Torres.jpg\" loading=\"lazy\" data-sizes=\"{&quot;thumbnail&quot;:{&quot;height&quot;:150,&quot;width&quot;:150,&quot;url&quot;:&quot;https:\/\/manualdetecnicafotografica.com\/blog\/wp-content\/uploads\/2023\/08\/14-j-rodriguez_Galeria-Dia-Fotografia-Juan-Ignacio-Torres-150x150.jpg&quot;,&quot;orientation&quot;:&quot;landscape&quot;},&quot;medium&quot;:{&quot;height&quot;:141,&quot;width&quot;:300,&quot;url&quot;:&quot;https:\/\/manualdetecnicafotografica.com\/blog\/wp-content\/uploads\/2023\/08\/14-j-rodriguez_Galeria-Dia-Fotografia-Juan-Ignacio-Torres-300x141.jpg&quot;,&quot;orientation&quot;:&quot;landscape&quot;},&quot;full&quot;:{&quot;url&quot;:&quot;https:\/\/manualdetecnicafotografica.com\/blog\/wp-content\/uploads\/2023\/08\/14-j-rodriguez_Galeria-Dia-Fotografia-Juan-Ignacio-Torres.jpg&quot;,&quot;height&quot;:376,&quot;width&quot;:800,&quot;orientation&quot;:&quot;landscape&quot;}}\" style=\"\"><\/span><span><img decoding=\"async\" alt=\"\" data-id=\"3179\" width=\"800\" height=\"506\" title=\"15-fanny_Galeria-Dia-Fotografia-Juan-Ignacio-Torres\" src=\"https:\/\/manualdetecnicafotografica.com\/blog\/wp-content\/uploads\/2023\/08\/15-fanny_Galeria-Dia-Fotografia-Juan-Ignacio-Torres.jpg\" data-src=\"https:\/\/manualdetecnicafotografica.com\/blog\/wp-content\/uploads\/2023\/08\/15-fanny_Galeria-Dia-Fotografia-Juan-Ignacio-Torres.jpg\" loading=\"lazy\" data-sizes=\"{&quot;thumbnail&quot;:{&quot;height&quot;:150,&quot;width&quot;:150,&quot;url&quot;:&quot;https:\/\/manualdetecnicafotografica.com\/blog\/wp-content\/uploads\/2023\/08\/15-fanny_Galeria-Dia-Fotografia-Juan-Ignacio-Torres-150x150.jpg&quot;,&quot;orientation&quot;:&quot;landscape&quot;},&quot;medium&quot;:{&quot;height&quot;:190,&quot;width&quot;:300,&quot;url&quot;:&quot;https:\/\/manualdetecnicafotografica.com\/blog\/wp-content\/uploads\/2023\/08\/15-fanny_Galeria-Dia-Fotografia-Juan-Ignacio-Torres-300x190.jpg&quot;,&quot;orientation&quot;:&quot;landscape&quot;},&quot;full&quot;:{&quot;url&quot;:&quot;https:\/\/manualdetecnicafotografica.com\/blog\/wp-content\/uploads\/2023\/08\/15-fanny_Galeria-Dia-Fotografia-Juan-Ignacio-Torres.jpg&quot;,&quot;height&quot;:506,&quot;width&quot;:800,&quot;orientation&quot;:&quot;landscape&quot;}}\" style=\"\"><\/span><span><img decoding=\"async\" alt=\"\" data-id=\"3180\" width=\"800\" height=\"533\" title=\"16-damaris_Galeria-Dia-Fotografia-Juan-Ignacio-Torres\" src=\"https:\/\/manualdetecnicafotografica.com\/blog\/wp-content\/uploads\/2023\/08\/16-damaris_Galeria-Dia-Fotografia-Juan-Ignacio-Torres.jpg\" data-src=\"https:\/\/manualdetecnicafotografica.com\/blog\/wp-content\/uploads\/2023\/08\/16-damaris_Galeria-Dia-Fotografia-Juan-Ignacio-Torres.jpg\" loading=\"lazy\" data-sizes=\"{&quot;thumbnail&quot;:{&quot;height&quot;:150,&quot;width&quot;:150,&quot;url&quot;:&quot;https:\/\/manualdetecnicafotografica.com\/blog\/wp-content\/uploads\/2023\/08\/16-damaris_Galeria-Dia-Fotografia-Juan-Ignacio-Torres-150x150.jpg&quot;,&quot;orientation&quot;:&quot;landscape&quot;},&quot;medium&quot;:{&quot;height&quot;:200,&quot;width&quot;:300,&quot;url&quot;:&quot;https:\/\/manualdetecnicafotografica.com\/blog\/wp-content\/uploads\/2023\/08\/16-damaris_Galeria-Dia-Fotografia-Juan-Ignacio-Torres-300x200.jpg&quot;,&quot;orientation&quot;:&quot;landscape&quot;},&quot;full&quot;:{&quot;url&quot;:&quot;https:\/\/manualdetecnicafotografica.com\/blog\/wp-content\/uploads\/2023\/08\/16-damaris_Galeria-Dia-Fotografia-Juan-Ignacio-Torres.jpg&quot;,&quot;height&quot;:533,&quot;width&quot;:800,&quot;orientation&quot;:&quot;landscape&quot;}}\" style=\"\"><\/span><span><img decoding=\"async\" alt=\"\" data-id=\"3181\" width=\"640\" height=\"481\" title=\"17-hans_Galeria-Dia-Fotografia-Juan-Ignacio-Torres\" src=\"https:\/\/manualdetecnicafotografica.com\/blog\/wp-content\/uploads\/2023\/08\/17-hans_Galeria-Dia-Fotografia-Juan-Ignacio-Torres.jpg\" data-src=\"https:\/\/manualdetecnicafotografica.com\/blog\/wp-content\/uploads\/2023\/08\/17-hans_Galeria-Dia-Fotografia-Juan-Ignacio-Torres.jpg\" loading=\"lazy\" data-sizes=\"{&quot;thumbnail&quot;:{&quot;height&quot;:150,&quot;width&quot;:150,&quot;url&quot;:&quot;https:\/\/manualdetecnicafotografica.com\/blog\/wp-content\/uploads\/2023\/08\/17-hans_Galeria-Dia-Fotografia-Juan-Ignacio-Torres-150x150.jpg&quot;,&quot;orientation&quot;:&quot;landscape&quot;},&quot;medium&quot;:{&quot;height&quot;:225,&quot;width&quot;:300,&quot;url&quot;:&quot;https:\/\/manualdetecnicafotografica.com\/blog\/wp-content\/uploads\/2023\/08\/17-hans_Galeria-Dia-Fotografia-Juan-Ignacio-Torres-300x225.jpg&quot;,&quot;orientation&quot;:&quot;landscape&quot;},&quot;full&quot;:{&quot;url&quot;:&quot;https:\/\/manualdetecnicafotografica.com\/blog\/wp-content\/uploads\/2023\/08\/17-hans_Galeria-Dia-Fotografia-Juan-Ignacio-Torres.jpg&quot;,&quot;height&quot;:481,&quot;width&quot;:640,&quot;orientation&quot;:&quot;landscape&quot;}}\" style=\"\"><\/span><span><img decoding=\"async\" alt=\"\" data-id=\"3151\" width=\"800\" height=\"600\" title=\"18-josefa_Galeria-Dia-Fotografia-Juan-Ignacio-Torres\" src=\"https:\/\/manualdetecnicafotografica.com\/blog\/wp-content\/uploads\/2023\/08\/18-josefa_Galeria-Dia-Fotografia-Juan-Ignacio-Torres.jpg\" data-src=\"https:\/\/manualdetecnicafotografica.com\/blog\/wp-content\/uploads\/2023\/08\/18-josefa_Galeria-Dia-Fotografia-Juan-Ignacio-Torres.jpg\" loading=\"lazy\" data-sizes=\"{&quot;thumbnail&quot;:{&quot;height&quot;:150,&quot;width&quot;:150,&quot;url&quot;:&quot;https:\/\/manualdetecnicafotografica.com\/blog\/wp-content\/uploads\/2023\/08\/18-josefa_Galeria-Dia-Fotografia-Juan-Ignacio-Torres-150x150.jpg&quot;,&quot;orientation&quot;:&quot;landscape&quot;},&quot;medium&quot;:{&quot;height&quot;:225,&quot;width&quot;:300,&quot;url&quot;:&quot;https:\/\/manualdetecnicafotografica.com\/blog\/wp-content\/uploads\/2023\/08\/18-josefa_Galeria-Dia-Fotografia-Juan-Ignacio-Torres-300x225.jpg&quot;,&quot;orientation&quot;:&quot;landscape&quot;},&quot;full&quot;:{&quot;url&quot;:&quot;https:\/\/manualdetecnicafotografica.com\/blog\/wp-content\/uploads\/2023\/08\/18-josefa_Galeria-Dia-Fotografia-Juan-Ignacio-Torres.jpg&quot;,&quot;height&quot;:600,&quot;width&quot;:800,&quot;orientation&quot;:&quot;landscape&quot;}}\" style=\"\"><\/span><span><img decoding=\"async\" alt=\"\" data-id=\"3152\" width=\"800\" height=\"600\" title=\"19_Galeria-Dia-Fotografia-Juan-Ignacio-Torres\" src=\"https:\/\/manualdetecnicafotografica.com\/blog\/wp-content\/uploads\/2023\/08\/19_Galeria-Dia-Fotografia-Juan-Ignacio-Torres.jpg\" data-src=\"https:\/\/manualdetecnicafotografica.com\/blog\/wp-content\/uploads\/2023\/08\/19_Galeria-Dia-Fotografia-Juan-Ignacio-Torres.jpg\" loading=\"lazy\" data-sizes=\"{&quot;thumbnail&quot;:{&quot;height&quot;:150,&quot;width&quot;:150,&quot;url&quot;:&quot;https:\/\/manualdetecnicafotografica.com\/blog\/wp-content\/uploads\/2023\/08\/19_Galeria-Dia-Fotografia-Juan-Ignacio-Torres-150x150.jpg&quot;,&quot;orientation&quot;:&quot;landscape&quot;},&quot;medium&quot;:{&quot;height&quot;:225,&quot;width&quot;:300,&quot;url&quot;:&quot;https:\/\/manualdetecnicafotografica.com\/blog\/wp-content\/uploads\/2023\/08\/19_Galeria-Dia-Fotografia-Juan-Ignacio-Torres-300x225.jpg&quot;,&quot;orientation&quot;:&quot;landscape&quot;},&quot;full&quot;:{&quot;url&quot;:&quot;https:\/\/manualdetecnicafotografica.com\/blog\/wp-content\/uploads\/2023\/08\/19_Galeria-Dia-Fotografia-Juan-Ignacio-Torres.jpg&quot;,&quot;height&quot;:600,&quot;width&quot;:800,&quot;orientation&quot;:&quot;landscape&quot;}}\" style=\"\"><\/span><span><img decoding=\"async\" alt=\"\" data-id=\"3153\" width=\"800\" height=\"533\" title=\"20-paisaje_Galeria-Dia-Fotografia-Juan-Ignacio-Torres\" src=\"https:\/\/manualdetecnicafotografica.com\/blog\/wp-content\/uploads\/2023\/08\/20-paisaje_Galeria-Dia-Fotografia-Juan-Ignacio-Torres.jpg\" data-src=\"https:\/\/manualdetecnicafotografica.com\/blog\/wp-content\/uploads\/2023\/08\/20-paisaje_Galeria-Dia-Fotografia-Juan-Ignacio-Torres.jpg\" loading=\"lazy\" data-sizes=\"{&quot;thumbnail&quot;:{&quot;height&quot;:150,&quot;width&quot;:150,&quot;url&quot;:&quot;https:\/\/manualdetecnicafotografica.com\/blog\/wp-content\/uploads\/2023\/08\/20-paisaje_Galeria-Dia-Fotografia-Juan-Ignacio-Torres-150x150.jpg&quot;,&quot;orientation&quot;:&quot;landscape&quot;},&quot;medium&quot;:{&quot;height&quot;:200,&quot;width&quot;:300,&quot;url&quot;:&quot;https:\/\/manualdetecnicafotografica.com\/blog\/wp-content\/uploads\/2023\/08\/20-paisaje_Galeria-Dia-Fotografia-Juan-Ignacio-Torres-300x200.jpg&quot;,&quot;orientation&quot;:&quot;landscape&quot;},&quot;full&quot;:{&quot;url&quot;:&quot;https:\/\/manualdetecnicafotografica.com\/blog\/wp-content\/uploads\/2023\/08\/20-paisaje_Galeria-Dia-Fotografia-Juan-Ignacio-Torres.jpg&quot;,&quot;height&quot;:533,&quot;width&quot;:800,&quot;orientation&quot;:&quot;landscape&quot;}}\" style=\"\"><\/span><span><img decoding=\"async\" alt=\"\" data-id=\"3154\" width=\"800\" height=\"600\" title=\"21-MARTIN-Miguel Angel_Los Sin Techo_Galeria-Dia-Fotografia-Juan-Ignacio-Torres\" src=\"https:\/\/manualdetecnicafotografica.com\/blog\/wp-content\/uploads\/2023\/08\/21-MARTIN-Miguel-Angel_Los-Sin-Techo_Galeria-Dia-Fotografia-Juan-Ignacio-Torres.jpg\" data-src=\"https:\/\/manualdetecnicafotografica.com\/blog\/wp-content\/uploads\/2023\/08\/21-MARTIN-Miguel-Angel_Los-Sin-Techo_Galeria-Dia-Fotografia-Juan-Ignacio-Torres.jpg\" loading=\"lazy\" data-sizes=\"{&quot;thumbnail&quot;:{&quot;height&quot;:150,&quot;width&quot;:150,&quot;url&quot;:&quot;https:\/\/manualdetecnicafotografica.com\/blog\/wp-content\/uploads\/2023\/08\/21-MARTIN-Miguel-Angel_Los-Sin-Techo_Galeria-Dia-Fotografia-Juan-Ignacio-Torres-150x150.jpg&quot;,&quot;orientation&quot;:&quot;landscape&quot;},&quot;medium&quot;:{&quot;height&quot;:225,&quot;width&quot;:300,&quot;url&quot;:&quot;https:\/\/manualdetecnicafotografica.com\/blog\/wp-content\/uploads\/2023\/08\/21-MARTIN-Miguel-Angel_Los-Sin-Techo_Galeria-Dia-Fotografia-Juan-Ignacio-Torres-300x225.jpg&quot;,&quot;orientation&quot;:&quot;landscape&quot;},&quot;full&quot;:{&quot;url&quot;:&quot;https:\/\/manualdetecnicafotografica.com\/blog\/wp-content\/uploads\/2023\/08\/21-MARTIN-Miguel-Angel_Los-Sin-Techo_Galeria-Dia-Fotografia-Juan-Ignacio-Torres.jpg&quot;,&quot;height&quot;:600,&quot;width&quot;:800,&quot;orientation&quot;:&quot;landscape&quot;}}\" style=\"\"><\/span><span><img decoding=\"async\" alt=\"\" data-id=\"3155\" width=\"800\" height=\"533\" title=\"22-libertad_Galeria-Dia-Fotografia-Juan-Ignacio-Torres\" src=\"https:\/\/manualdetecnicafotografica.com\/blog\/wp-content\/uploads\/2023\/08\/22-libertad_Galeria-Dia-Fotografia-Juan-Ignacio-Torres.jpg\" data-src=\"https:\/\/manualdetecnicafotografica.com\/blog\/wp-content\/uploads\/2023\/08\/22-libertad_Galeria-Dia-Fotografia-Juan-Ignacio-Torres.jpg\" loading=\"lazy\" data-sizes=\"{&quot;thumbnail&quot;:{&quot;height&quot;:150,&quot;width&quot;:150,&quot;url&quot;:&quot;https:\/\/manualdetecnicafotografica.com\/blog\/wp-content\/uploads\/2023\/08\/22-libertad_Galeria-Dia-Fotografia-Juan-Ignacio-Torres-150x150.jpg&quot;,&quot;orientation&quot;:&quot;landscape&quot;},&quot;medium&quot;:{&quot;height&quot;:200,&quot;width&quot;:300,&quot;url&quot;:&quot;https:\/\/manualdetecnicafotografica.com\/blog\/wp-content\/uploads\/2023\/08\/22-libertad_Galeria-Dia-Fotografia-Juan-Ignacio-Torres-300x200.jpg&quot;,&quot;orientation&quot;:&quot;landscape&quot;},&quot;full&quot;:{&quot;url&quot;:&quot;https:\/\/manualdetecnicafotografica.com\/blog\/wp-content\/uploads\/2023\/08\/22-libertad_Galeria-Dia-Fotografia-Juan-Ignacio-Torres.jpg&quot;,&quot;height&quot;:533,&quot;width&quot;:800,&quot;orientation&quot;:&quot;landscape&quot;}}\" style=\"\"><\/span><span><img decoding=\"async\" alt=\"\" data-id=\"3156\" width=\"800\" height=\"1000\" title=\"23_Galeria-Dia-Fotografia-Juan-Ignacio-Torres\" src=\"https:\/\/manualdetecnicafotografica.com\/blog\/wp-content\/uploads\/2023\/08\/23_Galeria-Dia-Fotografia-Juan-Ignacio-Torres.jpg\" data-src=\"https:\/\/manualdetecnicafotografica.com\/blog\/wp-content\/uploads\/2023\/08\/23_Galeria-Dia-Fotografia-Juan-Ignacio-Torres.jpg\" loading=\"lazy\" data-sizes=\"{&quot;thumbnail&quot;:{&quot;height&quot;:150,&quot;width&quot;:150,&quot;url&quot;:&quot;https:\/\/manualdetecnicafotografica.com\/blog\/wp-content\/uploads\/2023\/08\/23_Galeria-Dia-Fotografia-Juan-Ignacio-Torres-150x150.jpg&quot;,&quot;orientation&quot;:&quot;landscape&quot;},&quot;medium&quot;:{&quot;height&quot;:300,&quot;width&quot;:240,&quot;url&quot;:&quot;https:\/\/manualdetecnicafotografica.com\/blog\/wp-content\/uploads\/2023\/08\/23_Galeria-Dia-Fotografia-Juan-Ignacio-Torres-240x300.jpg&quot;,&quot;orientation&quot;:&quot;portrait&quot;},&quot;full&quot;:{&quot;url&quot;:&quot;https:\/\/manualdetecnicafotografica.com\/blog\/wp-content\/uploads\/2023\/08\/23_Galeria-Dia-Fotografia-Juan-Ignacio-Torres.jpg&quot;,&quot;height&quot;:1000,&quot;width&quot;:800,&quot;orientation&quot;:&quot;portrait&quot;}}\" style=\"\"><\/span><span><img decoding=\"async\" alt=\"\" data-id=\"3157\" width=\"800\" height=\"600\" title=\"24_Galeria-Dia-Fotografia-Juan-Ignacio-Torres\" src=\"https:\/\/manualdetecnicafotografica.com\/blog\/wp-content\/uploads\/2023\/08\/24_Galeria-Dia-Fotografia-Juan-Ignacio-Torres.jpg\" data-src=\"https:\/\/manualdetecnicafotografica.com\/blog\/wp-content\/uploads\/2023\/08\/24_Galeria-Dia-Fotografia-Juan-Ignacio-Torres.jpg\" loading=\"lazy\" data-sizes=\"{&quot;thumbnail&quot;:{&quot;height&quot;:150,&quot;width&quot;:150,&quot;url&quot;:&quot;https:\/\/manualdetecnicafotografica.com\/blog\/wp-content\/uploads\/2023\/08\/24_Galeria-Dia-Fotografia-Juan-Ignacio-Torres-150x150.jpg&quot;,&quot;orientation&quot;:&quot;landscape&quot;},&quot;medium&quot;:{&quot;height&quot;:225,&quot;width&quot;:300,&quot;url&quot;:&quot;https:\/\/manualdetecnicafotografica.com\/blog\/wp-content\/uploads\/2023\/08\/24_Galeria-Dia-Fotografia-Juan-Ignacio-Torres-300x225.jpg&quot;,&quot;orientation&quot;:&quot;landscape&quot;},&quot;full&quot;:{&quot;url&quot;:&quot;https:\/\/manualdetecnicafotografica.com\/blog\/wp-content\/uploads\/2023\/08\/24_Galeria-Dia-Fotografia-Juan-Ignacio-Torres.jpg&quot;,&quot;height&quot;:600,&quot;width&quot;:800,&quot;orientation&quot;:&quot;landscape&quot;}}\" style=\"\"><\/span><span><img decoding=\"async\" alt=\"\" data-id=\"3158\" width=\"800\" height=\"1066\" title=\"25_Galeria-Dia-Fotografia-Juan-Ignacio-Torres\" src=\"https:\/\/manualdetecnicafotografica.com\/blog\/wp-content\/uploads\/2023\/08\/25_Galeria-Dia-Fotografia-Juan-Ignacio-Torres-768x1024.jpeg\" data-src=\"https:\/\/manualdetecnicafotografica.com\/blog\/wp-content\/uploads\/2023\/08\/25_Galeria-Dia-Fotografia-Juan-Ignacio-Torres-768x1024.jpeg\" loading=\"lazy\" data-sizes=\"{&quot;thumbnail&quot;:{&quot;height&quot;:150,&quot;width&quot;:150,&quot;url&quot;:&quot;https:\/\/manualdetecnicafotografica.com\/blog\/wp-content\/uploads\/2023\/08\/25_Galeria-Dia-Fotografia-Juan-Ignacio-Torres-150x150.jpeg&quot;,&quot;orientation&quot;:&quot;landscape&quot;},&quot;medium&quot;:{&quot;height&quot;:300,&quot;width&quot;:225,&quot;url&quot;:&quot;https:\/\/manualdetecnicafotografica.com\/blog\/wp-content\/uploads\/2023\/08\/25_Galeria-Dia-Fotografia-Juan-Ignacio-Torres-225x300.jpeg&quot;,&quot;orientation&quot;:&quot;portrait&quot;},&quot;large&quot;:{&quot;height&quot;:1024,&quot;width&quot;:768,&quot;url&quot;:&quot;https:\/\/manualdetecnicafotografica.com\/blog\/wp-content\/uploads\/2023\/08\/25_Galeria-Dia-Fotografia-Juan-Ignacio-Torres-768x1024.jpeg&quot;,&quot;orientation&quot;:&quot;portrait&quot;},&quot;full&quot;:{&quot;url&quot;:&quot;https:\/\/manualdetecnicafotografica.com\/blog\/wp-content\/uploads\/2023\/08\/25_Galeria-Dia-Fotografia-Juan-Ignacio-Torres.jpeg&quot;,&quot;height&quot;:1066,&quot;width&quot;:800,&quot;orientation&quot;:&quot;portrait&quot;}}\" style=\"\"><\/span><span><img decoding=\"async\" alt=\"\" data-id=\"3159\" width=\"641\" height=\"751\" title=\"26_Galeria-Dia-Fotografia-Juan-Ignacio-Torres\" src=\"https:\/\/manualdetecnicafotografica.com\/blog\/wp-content\/uploads\/2023\/08\/26_Galeria-Dia-Fotografia-Juan-Ignacio-Torres.png\" data-src=\"https:\/\/manualdetecnicafotografica.com\/blog\/wp-content\/uploads\/2023\/08\/26_Galeria-Dia-Fotografia-Juan-Ignacio-Torres.png\" loading=\"lazy\" data-sizes=\"{&quot;thumbnail&quot;:{&quot;height&quot;:150,&quot;width&quot;:150,&quot;url&quot;:&quot;https:\/\/manualdetecnicafotografica.com\/blog\/wp-content\/uploads\/2023\/08\/26_Galeria-Dia-Fotografia-Juan-Ignacio-Torres-150x150.png&quot;,&quot;orientation&quot;:&quot;landscape&quot;},&quot;medium&quot;:{&quot;height&quot;:300,&quot;width&quot;:256,&quot;url&quot;:&quot;https:\/\/manualdetecnicafotografica.com\/blog\/wp-content\/uploads\/2023\/08\/26_Galeria-Dia-Fotografia-Juan-Ignacio-Torres-256x300.png&quot;,&quot;orientation&quot;:&quot;portrait&quot;},&quot;full&quot;:{&quot;url&quot;:&quot;https:\/\/manualdetecnicafotografica.com\/blog\/wp-content\/uploads\/2023\/08\/26_Galeria-Dia-Fotografia-Juan-Ignacio-Torres.png&quot;,&quot;height&quot;:751,&quot;width&quot;:641,&quot;orientation&quot;:&quot;portrait&quot;}}\" style=\"\"><\/span><span><img decoding=\"async\" alt=\"\" data-id=\"3160\" width=\"800\" height=\"480\" title=\"27-Dama pimtada_Galeria-Dia-Fotografia-Juan-Ignacio-Torres\" src=\"https:\/\/manualdetecnicafotografica.com\/blog\/wp-content\/uploads\/2023\/08\/27-Dama-pimtada_Galeria-Dia-Fotografia-Juan-Ignacio-Torres.jpg\" data-src=\"https:\/\/manualdetecnicafotografica.com\/blog\/wp-content\/uploads\/2023\/08\/27-Dama-pimtada_Galeria-Dia-Fotografia-Juan-Ignacio-Torres.jpg\" loading=\"lazy\" data-sizes=\"{&quot;thumbnail&quot;:{&quot;height&quot;:150,&quot;width&quot;:150,&quot;url&quot;:&quot;https:\/\/manualdetecnicafotografica.com\/blog\/wp-content\/uploads\/2023\/08\/27-Dama-pimtada_Galeria-Dia-Fotografia-Juan-Ignacio-Torres-150x150.jpg&quot;,&quot;orientation&quot;:&quot;landscape&quot;},&quot;medium&quot;:{&quot;height&quot;:180,&quot;width&quot;:300,&quot;url&quot;:&quot;https:\/\/manualdetecnicafotografica.com\/blog\/wp-content\/uploads\/2023\/08\/27-Dama-pimtada_Galeria-Dia-Fotografia-Juan-Ignacio-Torres-300x180.jpg&quot;,&quot;orientation&quot;:&quot;landscape&quot;},&quot;full&quot;:{&quot;url&quot;:&quot;https:\/\/manualdetecnicafotografica.com\/blog\/wp-content\/uploads\/2023\/08\/27-Dama-pimtada_Galeria-Dia-Fotografia-Juan-Ignacio-Torres.jpg&quot;,&quot;height&quot;:480,&quot;width&quot;:800,&quot;orientation&quot;:&quot;landscape&quot;}}\" style=\"\"><\/span><span><img decoding=\"async\" alt=\"\" data-id=\"3161\" width=\"800\" height=\"478\" title=\"28- Urbano01_Galeria-Dia-Fotografia-Juan-Ignacio-Torres\" src=\"https:\/\/manualdetecnicafotografica.com\/blog\/wp-content\/uploads\/2023\/08\/28-Urbano01_Galeria-Dia-Fotografia-Juan-Ignacio-Torres.jpg\" data-src=\"https:\/\/manualdetecnicafotografica.com\/blog\/wp-content\/uploads\/2023\/08\/28-Urbano01_Galeria-Dia-Fotografia-Juan-Ignacio-Torres.jpg\" loading=\"lazy\" data-sizes=\"{&quot;thumbnail&quot;:{&quot;height&quot;:150,&quot;width&quot;:150,&quot;url&quot;:&quot;https:\/\/manualdetecnicafotografica.com\/blog\/wp-content\/uploads\/2023\/08\/28-Urbano01_Galeria-Dia-Fotografia-Juan-Ignacio-Torres-150x150.jpg&quot;,&quot;orientation&quot;:&quot;landscape&quot;},&quot;medium&quot;:{&quot;height&quot;:179,&quot;width&quot;:300,&quot;url&quot;:&quot;https:\/\/manualdetecnicafotografica.com\/blog\/wp-content\/uploads\/2023\/08\/28-Urbano01_Galeria-Dia-Fotografia-Juan-Ignacio-Torres-300x179.jpg&quot;,&quot;orientation&quot;:&quot;landscape&quot;},&quot;full&quot;:{&quot;url&quot;:&quot;https:\/\/manualdetecnicafotografica.com\/blog\/wp-content\/uploads\/2023\/08\/28-Urbano01_Galeria-Dia-Fotografia-Juan-Ignacio-Torres.jpg&quot;,&quot;height&quot;:478,&quot;width&quot;:800,&quot;orientation&quot;:&quot;landscape&quot;}}\" style=\"\"><\/span><span><img decoding=\"async\" alt=\"\" data-id=\"3162\" width=\"800\" height=\"800\" title=\"29_Galeria-Dia-Fotografia-Juan-Ignacio-Torres\" src=\"https:\/\/manualdetecnicafotografica.com\/blog\/wp-content\/uploads\/2023\/08\/29_Galeria-Dia-Fotografia-Juan-Ignacio-Torres.jpg\" data-src=\"https:\/\/manualdetecnicafotografica.com\/blog\/wp-content\/uploads\/2023\/08\/29_Galeria-Dia-Fotografia-Juan-Ignacio-Torres.jpg\" loading=\"lazy\" data-sizes=\"{&quot;thumbnail&quot;:{&quot;height&quot;:150,&quot;width&quot;:150,&quot;url&quot;:&quot;https:\/\/manualdetecnicafotografica.com\/blog\/wp-content\/uploads\/2023\/08\/29_Galeria-Dia-Fotografia-Juan-Ignacio-Torres-150x150.jpg&quot;,&quot;orientation&quot;:&quot;landscape&quot;},&quot;medium&quot;:{&quot;height&quot;:300,&quot;width&quot;:300,&quot;url&quot;:&quot;https:\/\/manualdetecnicafotografica.com\/blog\/wp-content\/uploads\/2023\/08\/29_Galeria-Dia-Fotografia-Juan-Ignacio-Torres-300x300.jpg&quot;,&quot;orientation&quot;:&quot;landscape&quot;},&quot;full&quot;:{&quot;url&quot;:&quot;https:\/\/manualdetecnicafotografica.com\/blog\/wp-content\/uploads\/2023\/08\/29_Galeria-Dia-Fotografia-Juan-Ignacio-Torres.jpg&quot;,&quot;height&quot;:800,&quot;width&quot;:800,&quot;orientation&quot;:&quot;landscape&quot;}}\" style=\"\"><\/span><span><img decoding=\"async\" alt=\"\" data-id=\"3163\" width=\"800\" height=\"600\" title=\"30_Galeria-Dia-Fotografia-Juan-Ignacio-Torres\" src=\"https:\/\/manualdetecnicafotografica.com\/blog\/wp-content\/uploads\/2023\/08\/30_Galeria-Dia-Fotografia-Juan-Ignacio-Torres.jpg\" data-src=\"https:\/\/manualdetecnicafotografica.com\/blog\/wp-content\/uploads\/2023\/08\/30_Galeria-Dia-Fotografia-Juan-Ignacio-Torres.jpg\" loading=\"lazy\" data-sizes=\"{&quot;thumbnail&quot;:{&quot;height&quot;:150,&quot;width&quot;:150,&quot;url&quot;:&quot;https:\/\/manualdetecnicafotografica.com\/blog\/wp-content\/uploads\/2023\/08\/30_Galeria-Dia-Fotografia-Juan-Ignacio-Torres-150x150.jpg&quot;,&quot;orientation&quot;:&quot;landscape&quot;},&quot;medium&quot;:{&quot;height&quot;:225,&quot;width&quot;:300,&quot;url&quot;:&quot;https:\/\/manualdetecnicafotografica.com\/blog\/wp-content\/uploads\/2023\/08\/30_Galeria-Dia-Fotografia-Juan-Ignacio-Torres-300x225.jpg&quot;,&quot;orientation&quot;:&quot;landscape&quot;},&quot;full&quot;:{&quot;url&quot;:&quot;https:\/\/manualdetecnicafotografica.com\/blog\/wp-content\/uploads\/2023\/08\/30_Galeria-Dia-Fotografia-Juan-Ignacio-Torres.jpg&quot;,&quot;height&quot;:600,&quot;width&quot;:800,&quot;orientation&quot;:&quot;landscape&quot;}}\" style=\"\"><\/span><span><img decoding=\"async\" alt=\"\" data-id=\"3164\" width=\"800\" height=\"1200\" title=\"31-Crystal_Galeria-Dia-Fotografia-Juan-Ignacio-Torres\" src=\"https:\/\/manualdetecnicafotografica.com\/blog\/wp-content\/uploads\/2023\/08\/31-Crystal_Galeria-Dia-Fotografia-Juan-Ignacio-Torres-683x1024.jpg\" data-src=\"https:\/\/manualdetecnicafotografica.com\/blog\/wp-content\/uploads\/2023\/08\/31-Crystal_Galeria-Dia-Fotografia-Juan-Ignacio-Torres-683x1024.jpg\" loading=\"lazy\" data-sizes=\"{&quot;thumbnail&quot;:{&quot;height&quot;:150,&quot;width&quot;:150,&quot;url&quot;:&quot;https:\/\/manualdetecnicafotografica.com\/blog\/wp-content\/uploads\/2023\/08\/31-Crystal_Galeria-Dia-Fotografia-Juan-Ignacio-Torres-150x150.jpg&quot;,&quot;orientation&quot;:&quot;landscape&quot;},&quot;medium&quot;:{&quot;height&quot;:300,&quot;width&quot;:200,&quot;url&quot;:&quot;https:\/\/manualdetecnicafotografica.com\/blog\/wp-content\/uploads\/2023\/08\/31-Crystal_Galeria-Dia-Fotografia-Juan-Ignacio-Torres-200x300.jpg&quot;,&quot;orientation&quot;:&quot;portrait&quot;},&quot;large&quot;:{&quot;height&quot;:1024,&quot;width&quot;:683,&quot;url&quot;:&quot;https:\/\/manualdetecnicafotografica.com\/blog\/wp-content\/uploads\/2023\/08\/31-Crystal_Galeria-Dia-Fotografia-Juan-Ignacio-Torres-683x1024.jpg&quot;,&quot;orientation&quot;:&quot;portrait&quot;},&quot;full&quot;:{&quot;url&quot;:&quot;https:\/\/manualdetecnicafotografica.com\/blog\/wp-content\/uploads\/2023\/08\/31-Crystal_Galeria-Dia-Fotografia-Juan-Ignacio-Torres.jpg&quot;,&quot;height&quot;:1200,&quot;width&quot;:800,&quot;orientation&quot;:&quot;portrait&quot;}}\" style=\"\"><\/span><span><img decoding=\"async\" alt=\"\" data-id=\"3165\" width=\"800\" height=\"533\" title=\"32_Galeria-Dia-Fotografia-Juan-Ignacio-Torres\" src=\"https:\/\/manualdetecnicafotografica.com\/blog\/wp-content\/uploads\/2023\/08\/32_Galeria-Dia-Fotografia-Juan-Ignacio-Torres.jpg\" data-src=\"https:\/\/manualdetecnicafotografica.com\/blog\/wp-content\/uploads\/2023\/08\/32_Galeria-Dia-Fotografia-Juan-Ignacio-Torres.jpg\" loading=\"lazy\" data-sizes=\"{&quot;thumbnail&quot;:{&quot;height&quot;:150,&quot;width&quot;:150,&quot;url&quot;:&quot;https:\/\/manualdetecnicafotografica.com\/blog\/wp-content\/uploads\/2023\/08\/32_Galeria-Dia-Fotografia-Juan-Ignacio-Torres-150x150.jpg&quot;,&quot;orientation&quot;:&quot;landscape&quot;},&quot;medium&quot;:{&quot;height&quot;:200,&quot;width&quot;:300,&quot;url&quot;:&quot;https:\/\/manualdetecnicafotografica.com\/blog\/wp-content\/uploads\/2023\/08\/32_Galeria-Dia-Fotografia-Juan-Ignacio-Torres-300x200.jpg&quot;,&quot;orientation&quot;:&quot;landscape&quot;},&quot;full&quot;:{&quot;url&quot;:&quot;https:\/\/manualdetecnicafotografica.com\/blog\/wp-content\/uploads\/2023\/08\/32_Galeria-Dia-Fotografia-Juan-Ignacio-Torres.jpg&quot;,&quot;height&quot;:533,&quot;width&quot;:800,&quot;orientation&quot;:&quot;landscape&quot;}}\" style=\"\"><\/span><span><img decoding=\"async\" alt=\"\" data-id=\"3166\" width=\"714\" height=\"1080\" title=\"33_Galeria-Dia-Fotografia-Juan-Ignacio-Torres\" src=\"https:\/\/manualdetecnicafotografica.com\/blog\/wp-content\/uploads\/2023\/08\/33_Galeria-Dia-Fotografia-Juan-Ignacio-Torres-677x1024.jpg\" data-src=\"https:\/\/manualdetecnicafotografica.com\/blog\/wp-content\/uploads\/2023\/08\/33_Galeria-Dia-Fotografia-Juan-Ignacio-Torres-677x1024.jpg\" loading=\"lazy\" data-sizes=\"{&quot;thumbnail&quot;:{&quot;height&quot;:150,&quot;width&quot;:150,&quot;url&quot;:&quot;https:\/\/manualdetecnicafotografica.com\/blog\/wp-content\/uploads\/2023\/08\/33_Galeria-Dia-Fotografia-Juan-Ignacio-Torres-150x150.jpg&quot;,&quot;orientation&quot;:&quot;landscape&quot;},&quot;medium&quot;:{&quot;height&quot;:300,&quot;width&quot;:198,&quot;url&quot;:&quot;https:\/\/manualdetecnicafotografica.com\/blog\/wp-content\/uploads\/2023\/08\/33_Galeria-Dia-Fotografia-Juan-Ignacio-Torres-198x300.jpg&quot;,&quot;orientation&quot;:&quot;portrait&quot;},&quot;large&quot;:{&quot;height&quot;:1024,&quot;width&quot;:677,&quot;url&quot;:&quot;https:\/\/manualdetecnicafotografica.com\/blog\/wp-content\/uploads\/2023\/08\/33_Galeria-Dia-Fotografia-Juan-Ignacio-Torres-677x1024.jpg&quot;,&quot;orientation&quot;:&quot;portrait&quot;},&quot;full&quot;:{&quot;url&quot;:&quot;https:\/\/manualdetecnicafotografica.com\/blog\/wp-content\/uploads\/2023\/08\/33_Galeria-Dia-Fotografia-Juan-Ignacio-Torres.jpg&quot;,&quot;height&quot;:1080,&quot;width&quot;:714,&quot;orientation&quot;:&quot;portrait&quot;}}\" style=\"\"><\/span><span><img decoding=\"async\" alt=\"\" data-id=\"3167\" width=\"800\" height=\"454\" title=\"34-Africa desde el pto. de Tarifa_Galeria-Dia-Fotografia-Juan-Ignacio-Torres\" src=\"https:\/\/manualdetecnicafotografica.com\/blog\/wp-content\/uploads\/2023\/08\/34-Africa-desde-el-pto.-de-Tarifa_Galeria-Dia-Fotografia-Juan-Ignacio-Torres.jpg\" data-src=\"https:\/\/manualdetecnicafotografica.com\/blog\/wp-content\/uploads\/2023\/08\/34-Africa-desde-el-pto.-de-Tarifa_Galeria-Dia-Fotografia-Juan-Ignacio-Torres.jpg\" loading=\"lazy\" data-sizes=\"{&quot;thumbnail&quot;:{&quot;height&quot;:150,&quot;width&quot;:150,&quot;url&quot;:&quot;https:\/\/manualdetecnicafotografica.com\/blog\/wp-content\/uploads\/2023\/08\/34-Africa-desde-el-pto.-de-Tarifa_Galeria-Dia-Fotografia-Juan-Ignacio-Torres-150x150.jpg&quot;,&quot;orientation&quot;:&quot;landscape&quot;},&quot;medium&quot;:{&quot;height&quot;:170,&quot;width&quot;:300,&quot;url&quot;:&quot;https:\/\/manualdetecnicafotografica.com\/blog\/wp-content\/uploads\/2023\/08\/34-Africa-desde-el-pto.-de-Tarifa_Galeria-Dia-Fotografia-Juan-Ignacio-Torres-300x170.jpg&quot;,&quot;orientation&quot;:&quot;landscape&quot;},&quot;full&quot;:{&quot;url&quot;:&quot;https:\/\/manualdetecnicafotografica.com\/blog\/wp-content\/uploads\/2023\/08\/34-Africa-desde-el-pto.-de-Tarifa_Galeria-Dia-Fotografia-Juan-Ignacio-Torres.jpg&quot;,&quot;height&quot;:454,&quot;width&quot;:800,&quot;orientation&quot;:&quot;landscape&quot;}}\" style=\"\"><\/span><span><img decoding=\"async\" alt=\"\" data-id=\"3168\" width=\"800\" height=\"1066\" title=\"35_Galeria-Dia-Fotografia-Juan-Ignacio-Torres\" src=\"https:\/\/manualdetecnicafotografica.com\/blog\/wp-content\/uploads\/2023\/08\/35_Galeria-Dia-Fotografia-Juan-Ignacio-Torres-768x1024.jpg\" data-src=\"https:\/\/manualdetecnicafotografica.com\/blog\/wp-content\/uploads\/2023\/08\/35_Galeria-Dia-Fotografia-Juan-Ignacio-Torres-768x1024.jpg\" loading=\"lazy\" data-sizes=\"{&quot;thumbnail&quot;:{&quot;height&quot;:150,&quot;width&quot;:150,&quot;url&quot;:&quot;https:\/\/manualdetecnicafotografica.com\/blog\/wp-content\/uploads\/2023\/08\/35_Galeria-Dia-Fotografia-Juan-Ignacio-Torres-150x150.jpg&quot;,&quot;orientation&quot;:&quot;landscape&quot;},&quot;medium&quot;:{&quot;height&quot;:300,&quot;width&quot;:225,&quot;url&quot;:&quot;https:\/\/manualdetecnicafotografica.com\/blog\/wp-content\/uploads\/2023\/08\/35_Galeria-Dia-Fotografia-Juan-Ignacio-Torres-225x300.jpg&quot;,&quot;orientation&quot;:&quot;portrait&quot;},&quot;large&quot;:{&quot;height&quot;:1024,&quot;width&quot;:768,&quot;url&quot;:&quot;https:\/\/manualdetecnicafotografica.com\/blog\/wp-content\/uploads\/2023\/08\/35_Galeria-Dia-Fotografia-Juan-Ignacio-Torres-768x1024.jpg&quot;,&quot;orientation&quot;:&quot;portrait&quot;},&quot;full&quot;:{&quot;url&quot;:&quot;https:\/\/manualdetecnicafotografica.com\/blog\/wp-content\/uploads\/2023\/08\/35_Galeria-Dia-Fotografia-Juan-Ignacio-Torres.jpg&quot;,&quot;height&quot;:1066,&quot;width&quot;:800,&quot;orientation&quot;:&quot;portrait&quot;}}\" style=\"\"><\/span><span><img decoding=\"async\" alt=\"\" data-id=\"3169\" width=\"800\" height=\"450\" title=\"36-passarinho no banco_Galeria-Dia-Fotografia-Juan-Ignacio-Torres\" src=\"https:\/\/manualdetecnicafotografica.com\/blog\/wp-content\/uploads\/2023\/08\/36-passarinho-no-banco_Galeria-Dia-Fotografia-Juan-Ignacio-Torres.jpg\" data-src=\"https:\/\/manualdetecnicafotografica.com\/blog\/wp-content\/uploads\/2023\/08\/36-passarinho-no-banco_Galeria-Dia-Fotografia-Juan-Ignacio-Torres.jpg\" loading=\"lazy\" data-sizes=\"{&quot;thumbnail&quot;:{&quot;height&quot;:150,&quot;width&quot;:150,&quot;url&quot;:&quot;https:\/\/manualdetecnicafotografica.com\/blog\/wp-content\/uploads\/2023\/08\/36-passarinho-no-banco_Galeria-Dia-Fotografia-Juan-Ignacio-Torres-150x150.jpg&quot;,&quot;orientation&quot;:&quot;landscape&quot;},&quot;medium&quot;:{&quot;height&quot;:169,&quot;width&quot;:300,&quot;url&quot;:&quot;https:\/\/manualdetecnicafotografica.com\/blog\/wp-content\/uploads\/2023\/08\/36-passarinho-no-banco_Galeria-Dia-Fotografia-Juan-Ignacio-Torres-300x169.jpg&quot;,&quot;orientation&quot;:&quot;landscape&quot;},&quot;full&quot;:{&quot;url&quot;:&quot;https:\/\/manualdetecnicafotografica.com\/blog\/wp-content\/uploads\/2023\/08\/36-passarinho-no-banco_Galeria-Dia-Fotografia-Juan-Ignacio-Torres.jpg&quot;,&quot;height&quot;:450,&quot;width&quot;:800,&quot;orientation&quot;:&quot;landscape&quot;}}\" style=\"\"><\/span><span><img decoding=\"async\" alt=\"\" data-id=\"3170\" width=\"800\" height=\"1209\" title=\"37_Galeria-Dia-Fotografia-Juan-Ignacio-Torres\" src=\"https:\/\/manualdetecnicafotografica.com\/blog\/wp-content\/uploads\/2023\/08\/37_Galeria-Dia-Fotografia-Juan-Ignacio-Torres-678x1024.jpg\" data-src=\"https:\/\/manualdetecnicafotografica.com\/blog\/wp-content\/uploads\/2023\/08\/37_Galeria-Dia-Fotografia-Juan-Ignacio-Torres-678x1024.jpg\" loading=\"lazy\" data-sizes=\"{&quot;thumbnail&quot;:{&quot;height&quot;:150,&quot;width&quot;:150,&quot;url&quot;:&quot;https:\/\/manualdetecnicafotografica.com\/blog\/wp-content\/uploads\/2023\/08\/37_Galeria-Dia-Fotografia-Juan-Ignacio-Torres-150x150.jpg&quot;,&quot;orientation&quot;:&quot;landscape&quot;},&quot;medium&quot;:{&quot;height&quot;:300,&quot;width&quot;:199,&quot;url&quot;:&quot;https:\/\/manualdetecnicafotografica.com\/blog\/wp-content\/uploads\/2023\/08\/37_Galeria-Dia-Fotografia-Juan-Ignacio-Torres-199x300.jpg&quot;,&quot;orientation&quot;:&quot;portrait&quot;},&quot;large&quot;:{&quot;height&quot;:1024,&quot;width&quot;:678,&quot;url&quot;:&quot;https:\/\/manualdetecnicafotografica.com\/blog\/wp-content\/uploads\/2023\/08\/37_Galeria-Dia-Fotografia-Juan-Ignacio-Torres-678x1024.jpg&quot;,&quot;orientation&quot;:&quot;portrait&quot;},&quot;full&quot;:{&quot;url&quot;:&quot;https:\/\/manualdetecnicafotografica.com\/blog\/wp-content\/uploads\/2023\/08\/37_Galeria-Dia-Fotografia-Juan-Ignacio-Torres.jpg&quot;,&quot;height&quot;:1209,&quot;width&quot;:800,&quot;orientation&quot;:&quot;portrait&quot;}}\" style=\"\"><\/span><span><img decoding=\"async\" alt=\"\" data-id=\"3171\" width=\"800\" height=\"600\" title=\"38_Galeria-Dia-Fotografia-Juan-Ignacio-Torres\" src=\"https:\/\/manualdetecnicafotografica.com\/blog\/wp-content\/uploads\/2023\/08\/38_Galeria-Dia-Fotografia-Juan-Ignacio-Torres.jpg\" data-src=\"https:\/\/manualdetecnicafotografica.com\/blog\/wp-content\/uploads\/2023\/08\/38_Galeria-Dia-Fotografia-Juan-Ignacio-Torres.jpg\" loading=\"lazy\" data-sizes=\"{&quot;thumbnail&quot;:{&quot;height&quot;:150,&quot;width&quot;:150,&quot;url&quot;:&quot;https:\/\/manualdetecnicafotografica.com\/blog\/wp-content\/uploads\/2023\/08\/38_Galeria-Dia-Fotografia-Juan-Ignacio-Torres-150x150.jpg&quot;,&quot;orientation&quot;:&quot;landscape&quot;},&quot;medium&quot;:{&quot;height&quot;:225,&quot;width&quot;:300,&quot;url&quot;:&quot;https:\/\/manualdetecnicafotografica.com\/blog\/wp-content\/uploads\/2023\/08\/38_Galeria-Dia-Fotografia-Juan-Ignacio-Torres-300x225.jpg&quot;,&quot;orientation&quot;:&quot;landscape&quot;},&quot;full&quot;:{&quot;url&quot;:&quot;https:\/\/manualdetecnicafotografica.com\/blog\/wp-content\/uploads\/2023\/08\/38_Galeria-Dia-Fotografia-Juan-Ignacio-Torres.jpg&quot;,&quot;height&quot;:600,&quot;width&quot;:800,&quot;orientation&quot;:&quot;landscape&quot;}}\" style=\"\"><\/span><span><img decoding=\"async\" alt=\"\" data-id=\"3172\" width=\"800\" height=\"1066\" title=\"39_Galeria-Dia-Fotografia-Juan-Ignacio-Torres\" src=\"https:\/\/manualdetecnicafotografica.com\/blog\/wp-content\/uploads\/2023\/08\/39_Galeria-Dia-Fotografia-Juan-Ignacio-Torres-768x1024.jpg\" data-src=\"https:\/\/manualdetecnicafotografica.com\/blog\/wp-content\/uploads\/2023\/08\/39_Galeria-Dia-Fotografia-Juan-Ignacio-Torres-768x1024.jpg\" loading=\"lazy\" data-sizes=\"{&quot;thumbnail&quot;:{&quot;height&quot;:150,&quot;width&quot;:150,&quot;url&quot;:&quot;https:\/\/manualdetecnicafotografica.com\/blog\/wp-content\/uploads\/2023\/08\/39_Galeria-Dia-Fotografia-Juan-Ignacio-Torres-150x150.jpg&quot;,&quot;orientation&quot;:&quot;landscape&quot;},&quot;medium&quot;:{&quot;height&quot;:300,&quot;width&quot;:225,&quot;url&quot;:&quot;https:\/\/manualdetecnicafotografica.com\/blog\/wp-content\/uploads\/2023\/08\/39_Galeria-Dia-Fotografia-Juan-Ignacio-Torres-225x300.jpg&quot;,&quot;orientation&quot;:&quot;portrait&quot;},&quot;large&quot;:{&quot;height&quot;:1024,&quot;width&quot;:768,&quot;url&quot;:&quot;https:\/\/manualdetecnicafotografica.com\/blog\/wp-content\/uploads\/2023\/08\/39_Galeria-Dia-Fotografia-Juan-Ignacio-Torres-768x1024.jpg&quot;,&quot;orientation&quot;:&quot;portrait&quot;},&quot;full&quot;:{&quot;url&quot;:&quot;https:\/\/manualdetecnicafotografica.com\/blog\/wp-content\/uploads\/2023\/08\/39_Galeria-Dia-Fotografia-Juan-Ignacio-Torres.jpg&quot;,&quot;height&quot;:1066,&quot;width&quot;:800,&quot;orientation&quot;:&quot;portrait&quot;}}\" style=\"\"><\/span><span><img decoding=\"async\" alt=\"\" data-id=\"3173\" width=\"800\" height=\"535\" title=\"40_Galeria-Dia-Fotografia-Juan-Ignacio-Torres\" src=\"https:\/\/manualdetecnicafotografica.com\/blog\/wp-content\/uploads\/2023\/08\/40_Galeria-Dia-Fotografia-Juan-Ignacio-Torres.jpg\" data-src=\"https:\/\/manualdetecnicafotografica.com\/blog\/wp-content\/uploads\/2023\/08\/40_Galeria-Dia-Fotografia-Juan-Ignacio-Torres.jpg\" loading=\"lazy\" data-sizes=\"{&quot;thumbnail&quot;:{&quot;height&quot;:150,&quot;width&quot;:150,&quot;url&quot;:&quot;https:\/\/manualdetecnicafotografica.com\/blog\/wp-content\/uploads\/2023\/08\/40_Galeria-Dia-Fotografia-Juan-Ignacio-Torres-150x150.jpg&quot;,&quot;orientation&quot;:&quot;landscape&quot;},&quot;medium&quot;:{&quot;height&quot;:201,&quot;width&quot;:300,&quot;url&quot;:&quot;https:\/\/manualdetecnicafotografica.com\/blog\/wp-content\/uploads\/2023\/08\/40_Galeria-Dia-Fotografia-Juan-Ignacio-Torres-300x201.jpg&quot;,&quot;orientation&quot;:&quot;landscape&quot;},&quot;full&quot;:{&quot;url&quot;:&quot;https:\/\/manualdetecnicafotografica.com\/blog\/wp-content\/uploads\/2023\/08\/40_Galeria-Dia-Fotografia-Juan-Ignacio-Torres.jpg&quot;,&quot;height&quot;:535,&quot;width&quot;:800,&quot;orientation&quot;:&quot;landscape&quot;}}\" style=\"\"><\/span><span><img decoding=\"async\" alt=\"\" data-id=\"3174\" width=\"418\" height=\"557\" title=\"41_Galeria-Dia-Fotografia-Juan-Ignacio-Torres\" src=\"https:\/\/manualdetecnicafotografica.com\/blog\/wp-content\/uploads\/2023\/08\/41_Galeria-Dia-Fotografia-Juan-Ignacio-Torres.jpg\" data-src=\"https:\/\/manualdetecnicafotografica.com\/blog\/wp-content\/uploads\/2023\/08\/41_Galeria-Dia-Fotografia-Juan-Ignacio-Torres.jpg\" loading=\"lazy\" data-sizes=\"{&quot;thumbnail&quot;:{&quot;height&quot;:150,&quot;width&quot;:150,&quot;url&quot;:&quot;https:\/\/manualdetecnicafotografica.com\/blog\/wp-content\/uploads\/2023\/08\/41_Galeria-Dia-Fotografia-Juan-Ignacio-Torres-150x150.jpg&quot;,&quot;orientation&quot;:&quot;landscape&quot;},&quot;medium&quot;:{&quot;height&quot;:300,&quot;width&quot;:225,&quot;url&quot;:&quot;https:\/\/manualdetecnicafotografica.com\/blog\/wp-content\/uploads\/2023\/08\/41_Galeria-Dia-Fotografia-Juan-Ignacio-Torres-225x300.jpg&quot;,&quot;orientation&quot;:&quot;portrait&quot;},&quot;full&quot;:{&quot;url&quot;:&quot;https:\/\/manualdetecnicafotografica.com\/blog\/wp-content\/uploads\/2023\/08\/41_Galeria-Dia-Fotografia-Juan-Ignacio-Torres.jpg&quot;,&quot;height&quot;:557,&quot;width&quot;:418,&quot;orientation&quot;:&quot;portrait&quot;}}\" style=\"\"><\/span><span><img decoding=\"async\" alt=\"\" data-id=\"3175\" width=\"800\" height=\"533\" title=\"42_Galeria-Dia-Fotografia-Juan-Ignacio-Torres\" src=\"https:\/\/manualdetecnicafotografica.com\/blog\/wp-content\/uploads\/2023\/08\/42_Galeria-Dia-Fotografia-Juan-Ignacio-Torres.jpg\" data-src=\"https:\/\/manualdetecnicafotografica.com\/blog\/wp-content\/uploads\/2023\/08\/42_Galeria-Dia-Fotografia-Juan-Ignacio-Torres.jpg\" loading=\"lazy\" data-sizes=\"{&quot;thumbnail&quot;:{&quot;height&quot;:150,&quot;width&quot;:150,&quot;url&quot;:&quot;https:\/\/manualdetecnicafotografica.com\/blog\/wp-content\/uploads\/2023\/08\/42_Galeria-Dia-Fotografia-Juan-Ignacio-Torres-150x150.jpg&quot;,&quot;orientation&quot;:&quot;landscape&quot;},&quot;medium&quot;:{&quot;height&quot;:200,&quot;width&quot;:300,&quot;url&quot;:&quot;https:\/\/manualdetecnicafotografica.com\/blog\/wp-content\/uploads\/2023\/08\/42_Galeria-Dia-Fotografia-Juan-Ignacio-Torres-300x200.jpg&quot;,&quot;orientation&quot;:&quot;landscape&quot;},&quot;full&quot;:{&quot;url&quot;:&quot;https:\/\/manualdetecnicafotografica.com\/blog\/wp-content\/uploads\/2023\/08\/42_Galeria-Dia-Fotografia-Juan-Ignacio-Torres.jpg&quot;,&quot;height&quot;:533,&quot;width&quot;:800,&quot;orientation&quot;:&quot;landscape&quot;}}\" style=\"\"><\/span><span><img decoding=\"async\" alt=\"\" data-id=\"3176\" width=\"800\" height=\"1066\" title=\"43_Galeria-Dia-Fotografia-Juan-Ignacio-Torres\" src=\"https:\/\/manualdetecnicafotografica.com\/blog\/wp-content\/uploads\/2023\/08\/43_Galeria-Dia-Fotografia-Juan-Ignacio-Torres-768x1024.jpg\" data-src=\"https:\/\/manualdetecnicafotografica.com\/blog\/wp-content\/uploads\/2023\/08\/43_Galeria-Dia-Fotografia-Juan-Ignacio-Torres-768x1024.jpg\" loading=\"lazy\" data-sizes=\"{&quot;thumbnail&quot;:{&quot;height&quot;:150,&quot;width&quot;:150,&quot;url&quot;:&quot;https:\/\/manualdetecnicafotografica.com\/blog\/wp-content\/uploads\/2023\/08\/43_Galeria-Dia-Fotografia-Juan-Ignacio-Torres-150x150.jpg&quot;,&quot;orientation&quot;:&quot;landscape&quot;},&quot;medium&quot;:{&quot;height&quot;:300,&quot;width&quot;:225,&quot;url&quot;:&quot;https:\/\/manualdetecnicafotografica.com\/blog\/wp-content\/uploads\/2023\/08\/43_Galeria-Dia-Fotografia-Juan-Ignacio-Torres-225x300.jpg&quot;,&quot;orientation&quot;:&quot;portrait&quot;},&quot;large&quot;:{&quot;height&quot;:1024,&quot;width&quot;:768,&quot;url&quot;:&quot;https:\/\/manualdetecnicafotografica.com\/blog\/wp-content\/uploads\/2023\/08\/43_Galeria-Dia-Fotografia-Juan-Ignacio-Torres-768x1024.jpg&quot;,&quot;orientation&quot;:&quot;portrait&quot;},&quot;full&quot;:{&quot;url&quot;:&quot;https:\/\/manualdetecnicafotografica.com\/blog\/wp-content\/uploads\/2023\/08\/43_Galeria-Dia-Fotografia-Juan-Ignacio-Torres.jpg&quot;,&quot;height&quot;:1066,&quot;width&quot;:800,&quot;orientation&quot;:&quot;portrait&quot;}}\" style=\"\"><\/span><span><img decoding=\"async\" alt=\"\" data-id=\"3242\" width=\"800\" height=\"533\" title=\"89_Galeria-Dia-Fotografia-Juan-Ignacio-Torres\" src=\"https:\/\/manualdetecnicafotografica.com\/blog\/wp-content\/uploads\/2023\/08\/89_Galeria-Dia-Fotografia-Juan-Ignacio-Torres.jpg\" data-src=\"https:\/\/manualdetecnicafotografica.com\/blog\/wp-content\/uploads\/2023\/08\/89_Galeria-Dia-Fotografia-Juan-Ignacio-Torres.jpg\" loading=\"lazy\" data-sizes=\"{&quot;thumbnail&quot;:{&quot;height&quot;:150,&quot;width&quot;:150,&quot;url&quot;:&quot;https:\/\/manualdetecnicafotografica.com\/blog\/wp-content\/uploads\/2023\/08\/89_Galeria-Dia-Fotografia-Juan-Ignacio-Torres-150x150.jpg&quot;,&quot;orientation&quot;:&quot;landscape&quot;},&quot;medium&quot;:{&quot;height&quot;:200,&quot;width&quot;:300,&quot;url&quot;:&quot;https:\/\/manualdetecnicafotografica.com\/blog\/wp-content\/uploads\/2023\/08\/89_Galeria-Dia-Fotografia-Juan-Ignacio-Torres-300x200.jpg&quot;,&quot;orientation&quot;:&quot;landscape&quot;},&quot;full&quot;:{&quot;url&quot;:&quot;https:\/\/manualdetecnicafotografica.com\/blog\/wp-content\/uploads\/2023\/08\/89_Galeria-Dia-Fotografia-Juan-Ignacio-Torres.jpg&quot;,&quot;height&quot;:533,&quot;width&quot;:800,&quot;orientation&quot;:&quot;landscape&quot;}}\" style=\"\"><\/span><span><img decoding=\"async\" alt=\"\" data-id=\"3250\" width=\"800\" height=\"533\" title=\"88_Galeria-Dia-Fotografia-Juan-Ignacio-Torres\" src=\"https:\/\/manualdetecnicafotografica.com\/blog\/wp-content\/uploads\/2023\/08\/88_Galeria-Dia-Fotografia-Juan-Ignacio-Torres.jpg\" data-src=\"https:\/\/manualdetecnicafotografica.com\/blog\/wp-content\/uploads\/2023\/08\/88_Galeria-Dia-Fotografia-Juan-Ignacio-Torres.jpg\" loading=\"lazy\" data-sizes=\"{&quot;thumbnail&quot;:{&quot;height&quot;:150,&quot;width&quot;:150,&quot;url&quot;:&quot;https:\/\/manualdetecnicafotografica.com\/blog\/wp-content\/uploads\/2023\/08\/88_Galeria-Dia-Fotografia-Juan-Ignacio-Torres-150x150.jpg&quot;,&quot;orientation&quot;:&quot;landscape&quot;},&quot;medium&quot;:{&quot;height&quot;:200,&quot;width&quot;:300,&quot;url&quot;:&quot;https:\/\/manualdetecnicafotografica.com\/blog\/wp-content\/uploads\/2023\/08\/88_Galeria-Dia-Fotografia-Juan-Ignacio-Torres-300x200.jpg&quot;,&quot;orientation&quot;:&quot;landscape&quot;},&quot;full&quot;:{&quot;url&quot;:&quot;https:\/\/manualdetecnicafotografica.com\/blog\/wp-content\/uploads\/2023\/08\/88_Galeria-Dia-Fotografia-Juan-Ignacio-Torres.jpg&quot;,&quot;height&quot;:533,&quot;width&quot;:800,&quot;orientation&quot;:&quot;landscape&quot;}}\" style=\"\"><\/span><span><img decoding=\"async\" alt=\"\" data-id=\"3249\" width=\"800\" height=\"533\" title=\"87_Galeria-Dia-Fotografia-Juan-Ignacio-Torres\" src=\"https:\/\/manualdetecnicafotografica.com\/blog\/wp-content\/uploads\/2023\/08\/87_Galeria-Dia-Fotografia-Juan-Ignacio-Torres.jpg\" data-src=\"https:\/\/manualdetecnicafotografica.com\/blog\/wp-content\/uploads\/2023\/08\/87_Galeria-Dia-Fotografia-Juan-Ignacio-Torres.jpg\" loading=\"lazy\" data-sizes=\"{&quot;thumbnail&quot;:{&quot;height&quot;:150,&quot;width&quot;:150,&quot;url&quot;:&quot;https:\/\/manualdetecnicafotografica.com\/blog\/wp-content\/uploads\/2023\/08\/87_Galeria-Dia-Fotografia-Juan-Ignacio-Torres-150x150.jpg&quot;,&quot;orientation&quot;:&quot;landscape&quot;},&quot;medium&quot;:{&quot;height&quot;:200,&quot;width&quot;:300,&quot;url&quot;:&quot;https:\/\/manualdetecnicafotografica.com\/blog\/wp-content\/uploads\/2023\/08\/87_Galeria-Dia-Fotografia-Juan-Ignacio-Torres-300x200.jpg&quot;,&quot;orientation&quot;:&quot;landscape&quot;},&quot;full&quot;:{&quot;url&quot;:&quot;https:\/\/manualdetecnicafotografica.com\/blog\/wp-content\/uploads\/2023\/08\/87_Galeria-Dia-Fotografia-Juan-Ignacio-Torres.jpg&quot;,&quot;height&quot;:533,&quot;width&quot;:800,&quot;orientation&quot;:&quot;landscape&quot;}}\" style=\"\"><\/span><span><img decoding=\"async\" alt=\"\" data-id=\"3248\" width=\"640\" height=\"427\" title=\"86_Galeria-Dia-Fotografia-Juan-Ignacio-Torres\" src=\"https:\/\/manualdetecnicafotografica.com\/blog\/wp-content\/uploads\/2023\/08\/86_Galeria-Dia-Fotografia-Juan-Ignacio-Torres.jpeg\" data-src=\"https:\/\/manualdetecnicafotografica.com\/blog\/wp-content\/uploads\/2023\/08\/86_Galeria-Dia-Fotografia-Juan-Ignacio-Torres.jpeg\" loading=\"lazy\" data-sizes=\"{&quot;thumbnail&quot;:{&quot;height&quot;:150,&quot;width&quot;:150,&quot;url&quot;:&quot;https:\/\/manualdetecnicafotografica.com\/blog\/wp-content\/uploads\/2023\/08\/86_Galeria-Dia-Fotografia-Juan-Ignacio-Torres-150x150.jpeg&quot;,&quot;orientation&quot;:&quot;landscape&quot;},&quot;medium&quot;:{&quot;height&quot;:200,&quot;width&quot;:300,&quot;url&quot;:&quot;https:\/\/manualdetecnicafotografica.com\/blog\/wp-content\/uploads\/2023\/08\/86_Galeria-Dia-Fotografia-Juan-Ignacio-Torres-300x200.jpeg&quot;,&quot;orientation&quot;:&quot;landscape&quot;},&quot;full&quot;:{&quot;url&quot;:&quot;https:\/\/manualdetecnicafotografica.com\/blog\/wp-content\/uploads\/2023\/08\/86_Galeria-Dia-Fotografia-Juan-Ignacio-Torres.jpeg&quot;,&quot;height&quot;:427,&quot;width&quot;:640,&quot;orientation&quot;:&quot;landscape&quot;}}\" style=\"\"><\/span><span><img decoding=\"async\" alt=\"\" data-id=\"3247\" width=\"800\" height=\"1200\" title=\"85_Galeria-Dia-Fotografia-Juan-Ignacio-Torres\" src=\"https:\/\/manualdetecnicafotografica.com\/blog\/wp-content\/uploads\/2023\/08\/85_Galeria-Dia-Fotografia-Juan-Ignacio-Torres-683x1024.jpg\" data-src=\"https:\/\/manualdetecnicafotografica.com\/blog\/wp-content\/uploads\/2023\/08\/85_Galeria-Dia-Fotografia-Juan-Ignacio-Torres-683x1024.jpg\" loading=\"lazy\" data-sizes=\"{&quot;thumbnail&quot;:{&quot;height&quot;:150,&quot;width&quot;:150,&quot;url&quot;:&quot;https:\/\/manualdetecnicafotografica.com\/blog\/wp-content\/uploads\/2023\/08\/85_Galeria-Dia-Fotografia-Juan-Ignacio-Torres-150x150.jpg&quot;,&quot;orientation&quot;:&quot;landscape&quot;},&quot;medium&quot;:{&quot;height&quot;:300,&quot;width&quot;:200,&quot;url&quot;:&quot;https:\/\/manualdetecnicafotografica.com\/blog\/wp-content\/uploads\/2023\/08\/85_Galeria-Dia-Fotografia-Juan-Ignacio-Torres-200x300.jpg&quot;,&quot;orientation&quot;:&quot;portrait&quot;},&quot;large&quot;:{&quot;height&quot;:1024,&quot;width&quot;:683,&quot;url&quot;:&quot;https:\/\/manualdetecnicafotografica.com\/blog\/wp-content\/uploads\/2023\/08\/85_Galeria-Dia-Fotografia-Juan-Ignacio-Torres-683x1024.jpg&quot;,&quot;orientation&quot;:&quot;portrait&quot;},&quot;full&quot;:{&quot;url&quot;:&quot;https:\/\/manualdetecnicafotografica.com\/blog\/wp-content\/uploads\/2023\/08\/85_Galeria-Dia-Fotografia-Juan-Ignacio-Torres.jpg&quot;,&quot;height&quot;:1200,&quot;width&quot;:800,&quot;orientation&quot;:&quot;portrait&quot;}}\" style=\"\"><\/span><span><img decoding=\"async\" alt=\"\" data-id=\"3246\" width=\"800\" height=\"1593\" title=\"84_Galeria-Dia-Fotografia-Juan-Ignacio-Torres\" src=\"https:\/\/manualdetecnicafotografica.com\/blog\/wp-content\/uploads\/2023\/08\/84_Galeria-Dia-Fotografia-Juan-Ignacio-Torres-514x1024.jpg\" data-src=\"https:\/\/manualdetecnicafotografica.com\/blog\/wp-content\/uploads\/2023\/08\/84_Galeria-Dia-Fotografia-Juan-Ignacio-Torres-514x1024.jpg\" loading=\"lazy\" data-sizes=\"{&quot;thumbnail&quot;:{&quot;height&quot;:150,&quot;width&quot;:150,&quot;url&quot;:&quot;https:\/\/manualdetecnicafotografica.com\/blog\/wp-content\/uploads\/2023\/08\/84_Galeria-Dia-Fotografia-Juan-Ignacio-Torres-150x150.jpg&quot;,&quot;orientation&quot;:&quot;landscape&quot;},&quot;medium&quot;:{&quot;height&quot;:300,&quot;width&quot;:151,&quot;url&quot;:&quot;https:\/\/manualdetecnicafotografica.com\/blog\/wp-content\/uploads\/2023\/08\/84_Galeria-Dia-Fotografia-Juan-Ignacio-Torres-151x300.jpg&quot;,&quot;orientation&quot;:&quot;portrait&quot;},&quot;large&quot;:{&quot;height&quot;:1024,&quot;width&quot;:514,&quot;url&quot;:&quot;https:\/\/manualdetecnicafotografica.com\/blog\/wp-content\/uploads\/2023\/08\/84_Galeria-Dia-Fotografia-Juan-Ignacio-Torres-514x1024.jpg&quot;,&quot;orientation&quot;:&quot;portrait&quot;},&quot;full&quot;:{&quot;url&quot;:&quot;https:\/\/manualdetecnicafotografica.com\/blog\/wp-content\/uploads\/2023\/08\/84_Galeria-Dia-Fotografia-Juan-Ignacio-Torres.jpg&quot;,&quot;height&quot;:1593,&quot;width&quot;:800,&quot;orientation&quot;:&quot;portrait&quot;}}\" style=\"\"><\/span><span><img decoding=\"async\" alt=\"\" data-id=\"3245\" width=\"800\" height=\"600\" title=\"83_Galeria-Dia-Fotografia-Juan-Ignacio-Torres\" src=\"https:\/\/manualdetecnicafotografica.com\/blog\/wp-content\/uploads\/2023\/08\/83_Galeria-Dia-Fotografia-Juan-Ignacio-Torres.jpg\" data-src=\"https:\/\/manualdetecnicafotografica.com\/blog\/wp-content\/uploads\/2023\/08\/83_Galeria-Dia-Fotografia-Juan-Ignacio-Torres.jpg\" loading=\"lazy\" data-sizes=\"{&quot;thumbnail&quot;:{&quot;height&quot;:150,&quot;width&quot;:150,&quot;url&quot;:&quot;https:\/\/manualdetecnicafotografica.com\/blog\/wp-content\/uploads\/2023\/08\/83_Galeria-Dia-Fotografia-Juan-Ignacio-Torres-150x150.jpg&quot;,&quot;orientation&quot;:&quot;landscape&quot;},&quot;medium&quot;:{&quot;height&quot;:225,&quot;width&quot;:300,&quot;url&quot;:&quot;https:\/\/manualdetecnicafotografica.com\/blog\/wp-content\/uploads\/2023\/08\/83_Galeria-Dia-Fotografia-Juan-Ignacio-Torres-300x225.jpg&quot;,&quot;orientation&quot;:&quot;landscape&quot;},&quot;full&quot;:{&quot;url&quot;:&quot;https:\/\/manualdetecnicafotografica.com\/blog\/wp-content\/uploads\/2023\/08\/83_Galeria-Dia-Fotografia-Juan-Ignacio-Torres.jpg&quot;,&quot;height&quot;:600,&quot;width&quot;:800,&quot;orientation&quot;:&quot;landscape&quot;}}\" style=\"\"><\/span><span><img decoding=\"async\" alt=\"\" data-id=\"3244\" width=\"717\" height=\"854\" title=\"82_Galeria-Dia-Fotografia-Juan-Ignacio-Torres\" src=\"https:\/\/manualdetecnicafotografica.com\/blog\/wp-content\/uploads\/2023\/08\/82_Galeria-Dia-Fotografia-Juan-Ignacio-Torres.jpeg\" data-src=\"https:\/\/manualdetecnicafotografica.com\/blog\/wp-content\/uploads\/2023\/08\/82_Galeria-Dia-Fotografia-Juan-Ignacio-Torres.jpeg\" loading=\"lazy\" data-sizes=\"{&quot;thumbnail&quot;:{&quot;height&quot;:150,&quot;width&quot;:150,&quot;url&quot;:&quot;https:\/\/manualdetecnicafotografica.com\/blog\/wp-content\/uploads\/2023\/08\/82_Galeria-Dia-Fotografia-Juan-Ignacio-Torres-150x150.jpeg&quot;,&quot;orientation&quot;:&quot;landscape&quot;},&quot;medium&quot;:{&quot;height&quot;:300,&quot;width&quot;:252,&quot;url&quot;:&quot;https:\/\/manualdetecnicafotografica.com\/blog\/wp-content\/uploads\/2023\/08\/82_Galeria-Dia-Fotografia-Juan-Ignacio-Torres-252x300.jpeg&quot;,&quot;orientation&quot;:&quot;portrait&quot;},&quot;full&quot;:{&quot;url&quot;:&quot;https:\/\/manualdetecnicafotografica.com\/blog\/wp-content\/uploads\/2023\/08\/82_Galeria-Dia-Fotografia-Juan-Ignacio-Torres.jpeg&quot;,&quot;height&quot;:854,&quot;width&quot;:717,&quot;orientation&quot;:&quot;portrait&quot;}}\" style=\"\"><\/span><span><img decoding=\"async\" alt=\"\" data-id=\"3243\" width=\"800\" height=\"600\" title=\"81_Galeria-Dia-Fotografia-Juan-Ignacio-Torres\" src=\"https:\/\/manualdetecnicafotografica.com\/blog\/wp-content\/uploads\/2023\/08\/81_Galeria-Dia-Fotografia-Juan-Ignacio-Torres.jpg\" data-src=\"https:\/\/manualdetecnicafotografica.com\/blog\/wp-content\/uploads\/2023\/08\/81_Galeria-Dia-Fotografia-Juan-Ignacio-Torres.jpg\" loading=\"lazy\" data-sizes=\"{&quot;thumbnail&quot;:{&quot;height&quot;:150,&quot;width&quot;:150,&quot;url&quot;:&quot;https:\/\/manualdetecnicafotografica.com\/blog\/wp-content\/uploads\/2023\/08\/81_Galeria-Dia-Fotografia-Juan-Ignacio-Torres-150x150.jpg&quot;,&quot;orientation&quot;:&quot;landscape&quot;},&quot;medium&quot;:{&quot;height&quot;:225,&quot;width&quot;:300,&quot;url&quot;:&quot;https:\/\/manualdetecnicafotografica.com\/blog\/wp-content\/uploads\/2023\/08\/81_Galeria-Dia-Fotografia-Juan-Ignacio-Torres-300x225.jpg&quot;,&quot;orientation&quot;:&quot;landscape&quot;},&quot;full&quot;:{&quot;url&quot;:&quot;https:\/\/manualdetecnicafotografica.com\/blog\/wp-content\/uploads\/2023\/08\/81_Galeria-Dia-Fotografia-Juan-Ignacio-Torres.jpg&quot;,&quot;height&quot;:600,&quot;width&quot;:800,&quot;orientation&quot;:&quot;landscape&quot;}}\" style=\"\"><\/span><\/p>\n","protected":false},"excerpt":{"rendered":"<p>\u00a1Bienvenidos a nuestra Galer\u00eda Especial en honor al D\u00eda del Fot\u00f3grafo! Estoy encantado de publicar esta colecci\u00f3n \u00fanica de fotos inspiradoras que mi incre\u00edble comunidad de lectores ha creado para celebrar esta ocasi\u00f3n especial. Cada imagen es una ventana a su mundo personal&#8230; y detr\u00e1s de ella hay un fot\u00f3grafo en constante aprendizaje viviendo su [&hellip;]<\/p>\n","protected":false},"author":1,"featured_media":3193,"comment_status":"open","ping_status":"open","sticky":false,"template":"","format":"standard","meta":{"_genesis_hide_title":false,"_genesis_hide_breadcrumbs":false,"_genesis_hide_singular_image":false,"_genesis_hide_footer_widgets":false,"_genesis_custom_body_class":"","_genesis_custom_post_class":"","_genesis_layout":"","_glsr_average":0,"_glsr_ranking":0,"_glsr_reviews":0,"footnotes":""},"categories":[96,3],"tags":[],"class_list":{"0":"post-3106","1":"post","2":"type-post","3":"status-publish","4":"format-standard","5":"has-post-thumbnail","7":"category-ejercicios","8":"category-tecnica-fotografica","9":"entry"},"yoast_head":"<!-- This site is optimized with the Yoast SEO plugin v27.4 - https:\/\/yoast.com\/product\/yoast-seo-wordpress\/ -->\n<title>Galer\u00eda Virtual Celebrando el D\u00eda del Fot\u00f3grafo 2023 - Iniciaci\u00f3n a la Fotograf\u00eda<\/title>\n<meta name=\"robots\" content=\"index, follow, max-snippet:-1, max-image-preview:large, max-video-preview:-1\" \/>\n<link rel=\"canonical\" href=\"https:\/\/manualdetecnicafotografica.com\/blog\/galeria-virtual-celebrando-el-dia-del-fotografo-2023\/\" \/>\n<meta property=\"og:locale\" content=\"es_ES\" \/>\n<meta property=\"og:type\" content=\"article\" \/>\n<meta property=\"og:title\" content=\"Galer\u00eda Virtual Celebrando el D\u00eda del Fot\u00f3grafo 2023 - Iniciaci\u00f3n a la Fotograf\u00eda\" \/>\n<meta property=\"og:description\" content=\"\u00a1Bienvenidos a nuestra Galer\u00eda Especial en honor al D\u00eda del Fot\u00f3grafo! Estoy encantado de publicar esta colecci\u00f3n \u00fanica de fotos inspiradoras que mi incre\u00edble comunidad de lectores ha creado para celebrar esta ocasi\u00f3n especial. Cada imagen es una ventana a su mundo personal&#8230; y detr\u00e1s de ella hay un fot\u00f3grafo en constante aprendizaje viviendo su [&hellip;]\" \/>\n<meta property=\"og:url\" content=\"https:\/\/manualdetecnicafotografica.com\/blog\/galeria-virtual-celebrando-el-dia-del-fotografo-2023\/\" \/>\n<meta property=\"og:site_name\" content=\"Iniciaci\u00f3n a la Fotograf\u00eda\" \/>\n<meta property=\"article:published_time\" content=\"2023-08-16T12:07:17+00:00\" \/>\n<meta property=\"article:modified_time\" content=\"2023-08-23T16:55:40+00:00\" \/>\n<meta property=\"og:image\" content=\"https:\/\/manualdetecnicafotografica.com\/blog\/wp-content\/uploads\/2023\/08\/Galeria-fotografica-2023.png\" \/>\n\t<meta property=\"og:image:width\" content=\"856\" \/>\n\t<meta property=\"og:image:height\" content=\"652\" \/>\n\t<meta property=\"og:image:type\" content=\"image\/png\" \/>\n<meta name=\"author\" content=\"Juan Ignacio Torres\" \/>\n<meta name=\"twitter:card\" content=\"summary_large_image\" \/>\n<meta name=\"twitter:label1\" content=\"Escrito por\" \/>\n\t<meta name=\"twitter:data1\" content=\"Juan Ignacio Torres\" \/>\n\t<meta name=\"twitter:label2\" content=\"Tiempo de lectura\" \/>\n\t<meta name=\"twitter:data2\" content=\"25 minutos\" \/>\n<script type=\"application\/ld+json\" class=\"yoast-schema-graph\">{\"@context\":\"https:\\\/\\\/schema.org\",\"@graph\":[{\"@type\":\"Article\",\"@id\":\"https:\\\/\\\/manualdetecnicafotografica.com\\\/blog\\\/galeria-virtual-celebrando-el-dia-del-fotografo-2023\\\/#article\",\"isPartOf\":{\"@id\":\"https:\\\/\\\/manualdetecnicafotografica.com\\\/blog\\\/galeria-virtual-celebrando-el-dia-del-fotografo-2023\\\/\"},\"author\":{\"name\":\"Juan Ignacio Torres\",\"@id\":\"https:\\\/\\\/manualdetecnicafotografica.com\\\/blog\\\/#\\\/schema\\\/person\\\/cddd7c18226cc18838d48a720af4a08e\"},\"headline\":\"Galer\u00eda Virtual Celebrando el D\u00eda del Fot\u00f3grafo 2023\",\"datePublished\":\"2023-08-16T12:07:17+00:00\",\"dateModified\":\"2023-08-23T16:55:40+00:00\",\"mainEntityOfPage\":{\"@id\":\"https:\\\/\\\/manualdetecnicafotografica.com\\\/blog\\\/galeria-virtual-celebrando-el-dia-del-fotografo-2023\\\/\"},\"wordCount\":2471,\"commentCount\":38,\"image\":{\"@id\":\"https:\\\/\\\/manualdetecnicafotografica.com\\\/blog\\\/galeria-virtual-celebrando-el-dia-del-fotografo-2023\\\/#primaryimage\"},\"thumbnailUrl\":\"https:\\\/\\\/manualdetecnicafotografica.com\\\/blog\\\/wp-content\\\/uploads\\\/2023\\\/08\\\/Galeria-fotografica-2023.png\",\"articleSection\":[\"Ejercicios\",\"T\u00e9cnica Fotogr\u00e1fica\"],\"inLanguage\":\"es\",\"potentialAction\":[{\"@type\":\"CommentAction\",\"name\":\"Comment\",\"target\":[\"https:\\\/\\\/manualdetecnicafotografica.com\\\/blog\\\/galeria-virtual-celebrando-el-dia-del-fotografo-2023\\\/#respond\"]}]},{\"@type\":\"WebPage\",\"@id\":\"https:\\\/\\\/manualdetecnicafotografica.com\\\/blog\\\/galeria-virtual-celebrando-el-dia-del-fotografo-2023\\\/\",\"url\":\"https:\\\/\\\/manualdetecnicafotografica.com\\\/blog\\\/galeria-virtual-celebrando-el-dia-del-fotografo-2023\\\/\",\"name\":\"Galer\u00eda Virtual Celebrando el D\u00eda del Fot\u00f3grafo 2023 - Iniciaci\u00f3n a la Fotograf\u00eda\",\"isPartOf\":{\"@id\":\"https:\\\/\\\/manualdetecnicafotografica.com\\\/blog\\\/#website\"},\"primaryImageOfPage\":{\"@id\":\"https:\\\/\\\/manualdetecnicafotografica.com\\\/blog\\\/galeria-virtual-celebrando-el-dia-del-fotografo-2023\\\/#primaryimage\"},\"image\":{\"@id\":\"https:\\\/\\\/manualdetecnicafotografica.com\\\/blog\\\/galeria-virtual-celebrando-el-dia-del-fotografo-2023\\\/#primaryimage\"},\"thumbnailUrl\":\"https:\\\/\\\/manualdetecnicafotografica.com\\\/blog\\\/wp-content\\\/uploads\\\/2023\\\/08\\\/Galeria-fotografica-2023.png\",\"datePublished\":\"2023-08-16T12:07:17+00:00\",\"dateModified\":\"2023-08-23T16:55:40+00:00\",\"author\":{\"@id\":\"https:\\\/\\\/manualdetecnicafotografica.com\\\/blog\\\/#\\\/schema\\\/person\\\/cddd7c18226cc18838d48a720af4a08e\"},\"breadcrumb\":{\"@id\":\"https:\\\/\\\/manualdetecnicafotografica.com\\\/blog\\\/galeria-virtual-celebrando-el-dia-del-fotografo-2023\\\/#breadcrumb\"},\"inLanguage\":\"es\",\"potentialAction\":[{\"@type\":\"ReadAction\",\"target\":[\"https:\\\/\\\/manualdetecnicafotografica.com\\\/blog\\\/galeria-virtual-celebrando-el-dia-del-fotografo-2023\\\/\"]}]},{\"@type\":\"ImageObject\",\"inLanguage\":\"es\",\"@id\":\"https:\\\/\\\/manualdetecnicafotografica.com\\\/blog\\\/galeria-virtual-celebrando-el-dia-del-fotografo-2023\\\/#primaryimage\",\"url\":\"https:\\\/\\\/manualdetecnicafotografica.com\\\/blog\\\/wp-content\\\/uploads\\\/2023\\\/08\\\/Galeria-fotografica-2023.png\",\"contentUrl\":\"https:\\\/\\\/manualdetecnicafotografica.com\\\/blog\\\/wp-content\\\/uploads\\\/2023\\\/08\\\/Galeria-fotografica-2023.png\",\"width\":856,\"height\":652},{\"@type\":\"BreadcrumbList\",\"@id\":\"https:\\\/\\\/manualdetecnicafotografica.com\\\/blog\\\/galeria-virtual-celebrando-el-dia-del-fotografo-2023\\\/#breadcrumb\",\"itemListElement\":[{\"@type\":\"ListItem\",\"position\":1,\"name\":\"Portada\",\"item\":\"https:\\\/\\\/manualdetecnicafotografica.com\\\/blog\\\/\"},{\"@type\":\"ListItem\",\"position\":2,\"name\":\"Galer\u00eda Virtual Celebrando el D\u00eda del Fot\u00f3grafo 2023\"}]},{\"@type\":\"WebSite\",\"@id\":\"https:\\\/\\\/manualdetecnicafotografica.com\\\/blog\\\/#website\",\"url\":\"https:\\\/\\\/manualdetecnicafotografica.com\\\/blog\\\/\",\"name\":\"Iniciaci\u00f3n a la Fotograf\u00eda\",\"description\":\"Blog de Juan Ignacio Torres\",\"potentialAction\":[{\"@type\":\"SearchAction\",\"target\":{\"@type\":\"EntryPoint\",\"urlTemplate\":\"https:\\\/\\\/manualdetecnicafotografica.com\\\/blog\\\/?s={search_term_string}\"},\"query-input\":{\"@type\":\"PropertyValueSpecification\",\"valueRequired\":true,\"valueName\":\"search_term_string\"}}],\"inLanguage\":\"es\"},{\"@type\":\"Person\",\"@id\":\"https:\\\/\\\/manualdetecnicafotografica.com\\\/blog\\\/#\\\/schema\\\/person\\\/cddd7c18226cc18838d48a720af4a08e\",\"name\":\"Juan Ignacio Torres\",\"image\":{\"@type\":\"ImageObject\",\"inLanguage\":\"es\",\"@id\":\"https:\\\/\\\/secure.gravatar.com\\\/avatar\\\/7556f0bc1c2915ae95a133ed9b370055801457decc58c028c14cfb975acd7528?s=96&d=wavatar&r=g\",\"url\":\"https:\\\/\\\/secure.gravatar.com\\\/avatar\\\/7556f0bc1c2915ae95a133ed9b370055801457decc58c028c14cfb975acd7528?s=96&d=wavatar&r=g\",\"contentUrl\":\"https:\\\/\\\/secure.gravatar.com\\\/avatar\\\/7556f0bc1c2915ae95a133ed9b370055801457decc58c028c14cfb975acd7528?s=96&d=wavatar&r=g\",\"caption\":\"Juan Ignacio Torres\"},\"url\":\"https:\\\/\\\/manualdetecnicafotografica.com\\\/blog\\\/author\\\/jitblog77\\\/\"}]}<\/script>\n<!-- \/ Yoast SEO plugin. -->","yoast_head_json":{"title":"Galer\u00eda Virtual Celebrando el D\u00eda del Fot\u00f3grafo 2023 - Iniciaci\u00f3n a la Fotograf\u00eda","robots":{"index":"index","follow":"follow","max-snippet":"max-snippet:-1","max-image-preview":"max-image-preview:large","max-video-preview":"max-video-preview:-1"},"canonical":"https:\/\/manualdetecnicafotografica.com\/blog\/galeria-virtual-celebrando-el-dia-del-fotografo-2023\/","og_locale":"es_ES","og_type":"article","og_title":"Galer\u00eda Virtual Celebrando el D\u00eda del Fot\u00f3grafo 2023 - Iniciaci\u00f3n a la Fotograf\u00eda","og_description":"\u00a1Bienvenidos a nuestra Galer\u00eda Especial en honor al D\u00eda del Fot\u00f3grafo! Estoy encantado de publicar esta colecci\u00f3n \u00fanica de fotos inspiradoras que mi incre\u00edble comunidad de lectores ha creado para celebrar esta ocasi\u00f3n especial. Cada imagen es una ventana a su mundo personal&#8230; y detr\u00e1s de ella hay un fot\u00f3grafo en constante aprendizaje viviendo su [&hellip;]","og_url":"https:\/\/manualdetecnicafotografica.com\/blog\/galeria-virtual-celebrando-el-dia-del-fotografo-2023\/","og_site_name":"Iniciaci\u00f3n a la Fotograf\u00eda","article_published_time":"2023-08-16T12:07:17+00:00","article_modified_time":"2023-08-23T16:55:40+00:00","og_image":[{"width":856,"height":652,"url":"https:\/\/manualdetecnicafotografica.com\/blog\/wp-content\/uploads\/2023\/08\/Galeria-fotografica-2023.png","type":"image\/png"}],"author":"Juan Ignacio Torres","twitter_card":"summary_large_image","twitter_misc":{"Escrito por":"Juan Ignacio Torres","Tiempo de lectura":"25 minutos"},"schema":{"@context":"https:\/\/schema.org","@graph":[{"@type":"Article","@id":"https:\/\/manualdetecnicafotografica.com\/blog\/galeria-virtual-celebrando-el-dia-del-fotografo-2023\/#article","isPartOf":{"@id":"https:\/\/manualdetecnicafotografica.com\/blog\/galeria-virtual-celebrando-el-dia-del-fotografo-2023\/"},"author":{"name":"Juan Ignacio Torres","@id":"https:\/\/manualdetecnicafotografica.com\/blog\/#\/schema\/person\/cddd7c18226cc18838d48a720af4a08e"},"headline":"Galer\u00eda Virtual Celebrando el D\u00eda del Fot\u00f3grafo 2023","datePublished":"2023-08-16T12:07:17+00:00","dateModified":"2023-08-23T16:55:40+00:00","mainEntityOfPage":{"@id":"https:\/\/manualdetecnicafotografica.com\/blog\/galeria-virtual-celebrando-el-dia-del-fotografo-2023\/"},"wordCount":2471,"commentCount":38,"image":{"@id":"https:\/\/manualdetecnicafotografica.com\/blog\/galeria-virtual-celebrando-el-dia-del-fotografo-2023\/#primaryimage"},"thumbnailUrl":"https:\/\/manualdetecnicafotografica.com\/blog\/wp-content\/uploads\/2023\/08\/Galeria-fotografica-2023.png","articleSection":["Ejercicios","T\u00e9cnica Fotogr\u00e1fica"],"inLanguage":"es","potentialAction":[{"@type":"CommentAction","name":"Comment","target":["https:\/\/manualdetecnicafotografica.com\/blog\/galeria-virtual-celebrando-el-dia-del-fotografo-2023\/#respond"]}]},{"@type":"WebPage","@id":"https:\/\/manualdetecnicafotografica.com\/blog\/galeria-virtual-celebrando-el-dia-del-fotografo-2023\/","url":"https:\/\/manualdetecnicafotografica.com\/blog\/galeria-virtual-celebrando-el-dia-del-fotografo-2023\/","name":"Galer\u00eda Virtual Celebrando el D\u00eda del Fot\u00f3grafo 2023 - Iniciaci\u00f3n a la Fotograf\u00eda","isPartOf":{"@id":"https:\/\/manualdetecnicafotografica.com\/blog\/#website"},"primaryImageOfPage":{"@id":"https:\/\/manualdetecnicafotografica.com\/blog\/galeria-virtual-celebrando-el-dia-del-fotografo-2023\/#primaryimage"},"image":{"@id":"https:\/\/manualdetecnicafotografica.com\/blog\/galeria-virtual-celebrando-el-dia-del-fotografo-2023\/#primaryimage"},"thumbnailUrl":"https:\/\/manualdetecnicafotografica.com\/blog\/wp-content\/uploads\/2023\/08\/Galeria-fotografica-2023.png","datePublished":"2023-08-16T12:07:17+00:00","dateModified":"2023-08-23T16:55:40+00:00","author":{"@id":"https:\/\/manualdetecnicafotografica.com\/blog\/#\/schema\/person\/cddd7c18226cc18838d48a720af4a08e"},"breadcrumb":{"@id":"https:\/\/manualdetecnicafotografica.com\/blog\/galeria-virtual-celebrando-el-dia-del-fotografo-2023\/#breadcrumb"},"inLanguage":"es","potentialAction":[{"@type":"ReadAction","target":["https:\/\/manualdetecnicafotografica.com\/blog\/galeria-virtual-celebrando-el-dia-del-fotografo-2023\/"]}]},{"@type":"ImageObject","inLanguage":"es","@id":"https:\/\/manualdetecnicafotografica.com\/blog\/galeria-virtual-celebrando-el-dia-del-fotografo-2023\/#primaryimage","url":"https:\/\/manualdetecnicafotografica.com\/blog\/wp-content\/uploads\/2023\/08\/Galeria-fotografica-2023.png","contentUrl":"https:\/\/manualdetecnicafotografica.com\/blog\/wp-content\/uploads\/2023\/08\/Galeria-fotografica-2023.png","width":856,"height":652},{"@type":"BreadcrumbList","@id":"https:\/\/manualdetecnicafotografica.com\/blog\/galeria-virtual-celebrando-el-dia-del-fotografo-2023\/#breadcrumb","itemListElement":[{"@type":"ListItem","position":1,"name":"Portada","item":"https:\/\/manualdetecnicafotografica.com\/blog\/"},{"@type":"ListItem","position":2,"name":"Galer\u00eda Virtual Celebrando el D\u00eda del Fot\u00f3grafo 2023"}]},{"@type":"WebSite","@id":"https:\/\/manualdetecnicafotografica.com\/blog\/#website","url":"https:\/\/manualdetecnicafotografica.com\/blog\/","name":"Iniciaci\u00f3n a la Fotograf\u00eda","description":"Blog de Juan Ignacio Torres","potentialAction":[{"@type":"SearchAction","target":{"@type":"EntryPoint","urlTemplate":"https:\/\/manualdetecnicafotografica.com\/blog\/?s={search_term_string}"},"query-input":{"@type":"PropertyValueSpecification","valueRequired":true,"valueName":"search_term_string"}}],"inLanguage":"es"},{"@type":"Person","@id":"https:\/\/manualdetecnicafotografica.com\/blog\/#\/schema\/person\/cddd7c18226cc18838d48a720af4a08e","name":"Juan Ignacio Torres","image":{"@type":"ImageObject","inLanguage":"es","@id":"https:\/\/secure.gravatar.com\/avatar\/7556f0bc1c2915ae95a133ed9b370055801457decc58c028c14cfb975acd7528?s=96&d=wavatar&r=g","url":"https:\/\/secure.gravatar.com\/avatar\/7556f0bc1c2915ae95a133ed9b370055801457decc58c028c14cfb975acd7528?s=96&d=wavatar&r=g","contentUrl":"https:\/\/secure.gravatar.com\/avatar\/7556f0bc1c2915ae95a133ed9b370055801457decc58c028c14cfb975acd7528?s=96&d=wavatar&r=g","caption":"Juan Ignacio Torres"},"url":"https:\/\/manualdetecnicafotografica.com\/blog\/author\/jitblog77\/"}]}},"_links":{"self":[{"href":"https:\/\/manualdetecnicafotografica.com\/blog\/wp-json\/wp\/v2\/posts\/3106","targetHints":{"allow":["GET"]}}],"collection":[{"href":"https:\/\/manualdetecnicafotografica.com\/blog\/wp-json\/wp\/v2\/posts"}],"about":[{"href":"https:\/\/manualdetecnicafotografica.com\/blog\/wp-json\/wp\/v2\/types\/post"}],"author":[{"embeddable":true,"href":"https:\/\/manualdetecnicafotografica.com\/blog\/wp-json\/wp\/v2\/users\/1"}],"replies":[{"embeddable":true,"href":"https:\/\/manualdetecnicafotografica.com\/blog\/wp-json\/wp\/v2\/comments?post=3106"}],"version-history":[{"count":50,"href":"https:\/\/manualdetecnicafotografica.com\/blog\/wp-json\/wp\/v2\/posts\/3106\/revisions"}],"predecessor-version":[{"id":3259,"href":"https:\/\/manualdetecnicafotografica.com\/blog\/wp-json\/wp\/v2\/posts\/3106\/revisions\/3259"}],"wp:featuredmedia":[{"embeddable":true,"href":"https:\/\/manualdetecnicafotografica.com\/blog\/wp-json\/wp\/v2\/media\/3193"}],"wp:attachment":[{"href":"https:\/\/manualdetecnicafotografica.com\/blog\/wp-json\/wp\/v2\/media?parent=3106"}],"wp:term":[{"taxonomy":"category","embeddable":true,"href":"https:\/\/manualdetecnicafotografica.com\/blog\/wp-json\/wp\/v2\/categories?post=3106"},{"taxonomy":"post_tag","embeddable":true,"href":"https:\/\/manualdetecnicafotografica.com\/blog\/wp-json\/wp\/v2\/tags?post=3106"}],"curies":[{"name":"wp","href":"https:\/\/api.w.org\/{rel}","templated":true}]}}