{"id":2795,"date":"2021-08-16T12:28:12","date_gmt":"2021-08-16T12:28:12","guid":{"rendered":"https:\/\/manualdetecnicafotografica.com\/blog\/?p=2795"},"modified":"2022-10-01T23:17:54","modified_gmt":"2022-10-01T23:17:54","slug":"los-10-mejores-fotografos-del-mundo","status":"publish","type":"post","link":"https:\/\/manualdetecnicafotografica.com\/blog\/los-10-mejores-fotografos-del-mundo\/","title":{"rendered":"Los 10 mejores fot\u00f3grafos del mundo en Retrato"},"content":{"rendered":"\n<p>\u00bfTe gustan los retratos? \u00bfSabes de d\u00f3nde viene el af\u00e1n por retratar el rostro de las personas? El origen de los retratos se remonta a m\u00e1s de cuatro mil a\u00f1os atr\u00e1s. Los retratos han jugado, desde hace mucho tiempo, un papel sumamente importante en la historia humana, especialmente si tienes en cuenta que su amplio alcance ha tambi\u00e9n llegado a todas las expresiones del arte: la pintura, la fotograf\u00eda y la escultura. Si eres un aficionado de la fotograf\u00eda, qu\u00e9date leyendo, pues el d\u00eda de hoy te contar\u00e9 tambi\u00e9n cu\u00e1les son <strong>los 10 mejores fot\u00f3grafos del mundo<\/strong> para fotograf\u00eda de retrato.<\/p>\n\n\n\n<h2 class=\"wp-block-heading\"><strong>Los 10 mejores fot\u00f3grafos del mundo en retrato<\/strong><\/h2>\n\n\n\n<div class=\"wp-block-image\"><figure class=\"aligncenter size-large\"><img loading=\"lazy\" decoding=\"async\" width=\"1024\" height=\"536\" src=\"\/\/i0.wp.com\/manualdetecnicafotografica.com\/blog\/wp-content\/uploads\/2021\/08\/Imagen-articulo-21-1024x536.png\" alt=\"\" class=\"wp-image-2843\" srcset=\"https:\/\/manualdetecnicafotografica.com\/blog\/wp-content\/uploads\/2021\/08\/Imagen-articulo-21-1024x536.png 1024w, https:\/\/manualdetecnicafotografica.com\/blog\/wp-content\/uploads\/2021\/08\/Imagen-articulo-21-300x157.png 300w, https:\/\/manualdetecnicafotografica.com\/blog\/wp-content\/uploads\/2021\/08\/Imagen-articulo-21-768x402.png 768w, https:\/\/manualdetecnicafotografica.com\/blog\/wp-content\/uploads\/2021\/08\/Imagen-articulo-21.png 1200w\" sizes=\"auto, (max-width: 1024px) 100vw, 1024px\" \/><\/figure><\/div>\n\n\n\n<p class=\"has-medium-font-size\"><strong>El retrato<\/strong><\/p>\n\n\n\n<p>Un retrato es una representaci\u00f3n art\u00edstica de una persona, en la que predomina su rostro y expresi\u00f3n, pero un retrato art\u00edstico va mucho m\u00e1s all\u00e1 que una simple descripci\u00f3n. Su prop\u00f3sito m\u00e1s profundo es visibilizar la personalidad, el car\u00e1cter, \u00e1nimo y hasta el alma de una persona, su verdadera esencia.<\/p>\n\n\n\n<p>Y es justamente por eso, por captar la esencia, que los fot\u00f3grafos que se dedican a esta rama de la fotograf\u00eda ense\u00f1an mucho, incluso si no siempre compartes esta pasi\u00f3n por los retratos. Y es que para impulsar tu inter\u00e9s por aprender m\u00e1s y profundizar en este tema, he decidido recopilar una lista de fot\u00f3grafos de retratos famosos, que creo que cualquier fot\u00f3grafo apasionado (por m\u00e1s principiante o profesional que sea), deber\u00eda conocer. Quiz\u00e1s durante el camino encuentres algunas semillas de inspiraci\u00f3n para tu propio trabajo y crecimiento personal como fot\u00f3grafo o fot\u00f3grafa con lo que vamos a analizar el d\u00eda de hoy: <strong>Los 10 mejores fot\u00f3grafos de retrato<\/strong>. \u00bfListos?<\/p>\n\n\n\n<blockquote class=\"wp-block-quote is-layout-flow wp-block-quote-is-layout-flow\"><p><strong>\u201cUn verdadero retrato deber\u00eda, hoy y cientos de a\u00f1os despu\u00e9s, ser el testimonio de c\u00f3mo esa persona se ve\u00eda, y la clase de ser humano que fue\u201d<\/strong> <strong>&#8211; Philippe Halsman<\/strong><\/p><\/blockquote>\n\n\n\n<h3 class=\"wp-block-heading\">1. <strong>Sebasti\u00e3o Salgado<\/strong><\/h3>\n\n\n\n<p>Un fot\u00f3grafo digno de ser nombrado es&nbsp;Sebasti\u00e3o&nbsp;Salgado. Nacido en Brasil, ha viajado por m\u00e1s 100 paises retratando desde conflictos a paisajes naturales. Sus retratos son de una belleza dif\u00edcil de igualar, muy conmovedores y repletos de sensibilidad.<\/p>\n\n\n\n<p>Salgado ha publicado numerosos libros, entre los m\u00e1s conocidos est\u00e1n G\u00e9nesis, Migraciones, Trabajadores, \u00c1frica, etc., y ha recibido numerosos premios como el World Press Photo, el Eugene Smith Award, el Prix de la Ville de Paris, y el Photographer of the Year Award por la American Society of Magazine Photography, USA, entre otros. En su carrera como fot\u00f3grafo comenz\u00f3 trabajando para la&nbsp;agencia Gamma&nbsp;con sede en Par\u00eds para, luego, en&nbsp;1979&nbsp;unirse a&nbsp;Magnum Photos. En&nbsp;1994&nbsp;dej\u00f3 Magnum para formar su propia agencia&nbsp;Amazonas Images&nbsp;en Par\u00eds y poder representar su obra.<\/p>\n\n\n\n<div class=\"wp-block-image\"><figure class=\"aligncenter size-large\"><img loading=\"lazy\" decoding=\"async\" width=\"640\" height=\"360\" src=\"\/\/i0.wp.com\/manualdetecnicafotografica.com\/blog\/wp-content\/uploads\/2021\/08\/salgado-1-1.jpg\" alt=\"\" class=\"wp-image-2800\" srcset=\"https:\/\/manualdetecnicafotografica.com\/blog\/wp-content\/uploads\/2021\/08\/salgado-1-1.jpg 640w, https:\/\/manualdetecnicafotografica.com\/blog\/wp-content\/uploads\/2021\/08\/salgado-1-1-300x169.jpg 300w\" sizes=\"auto, (max-width: 640px) 100vw, 640px\" \/><\/figure><\/div>\n\n\n\n<div class=\"wp-block-image\"><figure class=\"aligncenter size-large\"><img loading=\"lazy\" decoding=\"async\" width=\"748\" height=\"1024\" src=\"\/\/i0.wp.com\/manualdetecnicafotografica.com\/blog\/wp-content\/uploads\/2021\/08\/salgado-2-1-748x1024.jpg\" alt=\"\" class=\"wp-image-2802\" srcset=\"https:\/\/manualdetecnicafotografica.com\/blog\/wp-content\/uploads\/2021\/08\/salgado-2-1-748x1024.jpg 748w, https:\/\/manualdetecnicafotografica.com\/blog\/wp-content\/uploads\/2021\/08\/salgado-2-1-219x300.jpg 219w, https:\/\/manualdetecnicafotografica.com\/blog\/wp-content\/uploads\/2021\/08\/salgado-2-1-768x1051.jpg 768w, https:\/\/manualdetecnicafotografica.com\/blog\/wp-content\/uploads\/2021\/08\/salgado-2-1.jpg 900w\" sizes=\"auto, (max-width: 748px) 100vw, 748px\" \/><\/figure><\/div>\n\n\n\n<div class=\"wp-block-image\"><figure class=\"aligncenter size-large\"><img loading=\"lazy\" decoding=\"async\" width=\"683\" height=\"1024\" src=\"\/\/i0.wp.com\/manualdetecnicafotografica.com\/blog\/wp-content\/uploads\/2021\/08\/salgado-3-683x1024.jpg\" alt=\"\" class=\"wp-image-2803\" srcset=\"https:\/\/manualdetecnicafotografica.com\/blog\/wp-content\/uploads\/2021\/08\/salgado-3-683x1024.jpg 683w, https:\/\/manualdetecnicafotografica.com\/blog\/wp-content\/uploads\/2021\/08\/salgado-3-200x300.jpg 200w, https:\/\/manualdetecnicafotografica.com\/blog\/wp-content\/uploads\/2021\/08\/salgado-3-768x1152.jpg 768w, https:\/\/manualdetecnicafotografica.com\/blog\/wp-content\/uploads\/2021\/08\/salgado-3.jpg 1000w\" sizes=\"auto, (max-width: 683px) 100vw, 683px\" \/><\/figure><\/div>\n\n\n\n<h3 class=\"wp-block-heading\"><strong>2. Steve McCurry<\/strong><\/h3>\n\n\n\n<p>Steve McCurry es otro gran fot\u00f3grafo que no necesita presentaci\u00f3n. Es un aut\u00e9ntico y cl\u00e1sico autor y referente a nivel internacional, como Salgado. Y si, es el fot\u00f3grafo de la ic\u00f3nica imagen de la ni\u00f1a afgana que protagoniz\u00f3 la revista National Geographic hace ya muchos a\u00f1os y que nos dej\u00f3 boquiabiertos. Pero, adem\u00e1s, es el creador de much\u00edsimas im\u00e1genes legendarias. De todas ellas destacan su capacidad para componer, su dominio del color y de captar y narrar las historias que re\u00fane viajando por todo el planeta.<\/p>\n\n\n\n<div class=\"wp-block-image\"><figure class=\"aligncenter size-large\"><img loading=\"lazy\" decoding=\"async\" width=\"683\" height=\"1024\" src=\"\/\/i0.wp.com\/manualdetecnicafotografica.com\/blog\/wp-content\/uploads\/2021\/08\/retrato-steve-mccurry-1-683x1024.png\" alt=\"\" class=\"wp-image-2805\" srcset=\"https:\/\/manualdetecnicafotografica.com\/blog\/wp-content\/uploads\/2021\/08\/retrato-steve-mccurry-1-683x1024.png 683w, https:\/\/manualdetecnicafotografica.com\/blog\/wp-content\/uploads\/2021\/08\/retrato-steve-mccurry-1-200x300.png 200w, https:\/\/manualdetecnicafotografica.com\/blog\/wp-content\/uploads\/2021\/08\/retrato-steve-mccurry-1.png 750w\" sizes=\"auto, (max-width: 683px) 100vw, 683px\" \/><\/figure><\/div>\n\n\n\n<div class=\"wp-block-image\"><figure class=\"aligncenter size-large\"><img loading=\"lazy\" decoding=\"async\" width=\"1024\" height=\"533\" src=\"\/\/i0.wp.com\/manualdetecnicafotografica.com\/blog\/wp-content\/uploads\/2021\/08\/steve-mccurry-1920x1000-hero-1-1024x533.jpg\" alt=\"\" class=\"wp-image-2807\" srcset=\"https:\/\/manualdetecnicafotografica.com\/blog\/wp-content\/uploads\/2021\/08\/steve-mccurry-1920x1000-hero-1-1024x533.jpg 1024w, https:\/\/manualdetecnicafotografica.com\/blog\/wp-content\/uploads\/2021\/08\/steve-mccurry-1920x1000-hero-1-300x156.jpg 300w, https:\/\/manualdetecnicafotografica.com\/blog\/wp-content\/uploads\/2021\/08\/steve-mccurry-1920x1000-hero-1-768x400.jpg 768w, https:\/\/manualdetecnicafotografica.com\/blog\/wp-content\/uploads\/2021\/08\/steve-mccurry-1920x1000-hero-1-1536x800.jpg 1536w, https:\/\/manualdetecnicafotografica.com\/blog\/wp-content\/uploads\/2021\/08\/steve-mccurry-1920x1000-hero-1-348x180.jpg 348w, https:\/\/manualdetecnicafotografica.com\/blog\/wp-content\/uploads\/2021\/08\/steve-mccurry-1920x1000-hero-1.jpg 1920w\" sizes=\"auto, (max-width: 1024px) 100vw, 1024px\" \/><\/figure><\/div>\n\n\n\n<h3 class=\"wp-block-heading\"><strong>3. Annie Leivobitz<\/strong><\/h3>\n\n\n\n<p>Oriunda de Connecticut en EEUU, Annie Leivobitz es la creadora de algunas de las im\u00e1genes m\u00e1s ic\u00f3nicas de todos los tiempos. Ha retratado desde John Lennon y Yoko Onno, a Andy Warhol, los Rolling Stones, Muhammad Ali, Dal\u00ed, Obama y un sinf\u00edn de personalidades de todo tipo. Ha trabajado para la revista Rolling Stones, Vanity Fair, Vogue y ha recibido infinitud de premios en su larga carrera.<\/p>\n\n\n\n<p>Fue la primera mujer en&nbsp;exponer&nbsp;su obra en la&nbsp;Galer\u00eda Nacional de Retratos&nbsp;de&nbsp;Washington D.C.&nbsp;y la \u00faltima en retratar al m\u00fasico&nbsp;John Lennon, antes de que este fuera asesinado en 1980. Aun el d\u00eda de hoy sigue siendo la fot\u00f3grafa mejor paga del mundo y ha trabajado para innumerables revistas.<\/p>\n\n\n\n<div class=\"wp-block-image\"><figure class=\"aligncenter size-large\"><img loading=\"lazy\" decoding=\"async\" width=\"500\" height=\"534\" src=\"\/\/i0.wp.com\/manualdetecnicafotografica.com\/blog\/wp-content\/uploads\/2021\/08\/6073ec93a050573b4bceb511849447b3.jpg\" alt=\"\" class=\"wp-image-2810\" srcset=\"https:\/\/manualdetecnicafotografica.com\/blog\/wp-content\/uploads\/2021\/08\/6073ec93a050573b4bceb511849447b3.jpg 500w, https:\/\/manualdetecnicafotografica.com\/blog\/wp-content\/uploads\/2021\/08\/6073ec93a050573b4bceb511849447b3-281x300.jpg 281w\" sizes=\"auto, (max-width: 500px) 100vw, 500px\" \/><\/figure><\/div>\n\n\n\n<div class=\"wp-block-image\"><figure class=\"aligncenter size-large\"><img loading=\"lazy\" decoding=\"async\" width=\"900\" height=\"609\" src=\"\/\/i0.wp.com\/manualdetecnicafotografica.com\/blog\/wp-content\/uploads\/2021\/08\/8.-ANNIE-LEIBOVITZ-x.jpg\" alt=\"\" class=\"wp-image-2811\" srcset=\"https:\/\/manualdetecnicafotografica.com\/blog\/wp-content\/uploads\/2021\/08\/8.-ANNIE-LEIBOVITZ-x.jpg 900w, https:\/\/manualdetecnicafotografica.com\/blog\/wp-content\/uploads\/2021\/08\/8.-ANNIE-LEIBOVITZ-x-300x203.jpg 300w, https:\/\/manualdetecnicafotografica.com\/blog\/wp-content\/uploads\/2021\/08\/8.-ANNIE-LEIBOVITZ-x-768x520.jpg 768w\" sizes=\"auto, (max-width: 900px) 100vw, 900px\" \/><\/figure><\/div>\n\n\n\n<div class=\"wp-block-image\"><figure class=\"aligncenter size-large\"><img loading=\"lazy\" decoding=\"async\" width=\"766\" height=\"1024\" src=\"\/\/i0.wp.com\/manualdetecnicafotografica.com\/blog\/wp-content\/uploads\/2021\/08\/cabf1440aafd4f803112773ee5fb64c6.jpg\" alt=\"\" class=\"wp-image-2812\" srcset=\"https:\/\/manualdetecnicafotografica.com\/blog\/wp-content\/uploads\/2021\/08\/cabf1440aafd4f803112773ee5fb64c6.jpg 766w, https:\/\/manualdetecnicafotografica.com\/blog\/wp-content\/uploads\/2021\/08\/cabf1440aafd4f803112773ee5fb64c6-224x300.jpg 224w\" sizes=\"auto, (max-width: 766px) 100vw, 766px\" \/><\/figure><\/div>\n\n\n\n<h3 class=\"wp-block-heading\"><strong>4. Peter Lindbergh<\/strong><\/h3>\n\n\n\n<p>Por desgracia, Peter Lindbergh muri\u00f3 hace muy poco tiempo. Es un referente mundial en fotograf\u00eda de retrato y moda. Fotografi\u00f3 a pr\u00e1cticamente todas las personas de relevancia en el mundo de la moda y la interpretaci\u00f3n durante muchas d\u00e9cadas. Es por eso que pienso que verdaderamente vale que mires su obra.<\/p>\n\n\n\n<p>Considerado como uno de los fot\u00f3grafos del mundo de la moda por excelencia, sobre todo en&nbsp;blanco y negro. Ayud\u00f3 a crear el fen\u00f3meno&nbsp;Top Model&nbsp;de la d\u00e9cada de 1990. \u00c9l prefer\u00eda que sus modelos tuviera un maquillaje m\u00ednimo y un peinado sencillo, siempre fiel al estilo minimalista.<\/p>\n\n\n\n<figure class=\"wp-block-image size-large\"><img loading=\"lazy\" decoding=\"async\" width=\"1024\" height=\"636\" src=\"\/\/i0.wp.com\/manualdetecnicafotografica.com\/blog\/wp-content\/uploads\/2021\/08\/4ataschen1-1024x636.jpg\" alt=\"\" class=\"wp-image-2814\" srcset=\"https:\/\/manualdetecnicafotografica.com\/blog\/wp-content\/uploads\/2021\/08\/4ataschen1-1024x636.jpg 1024w, https:\/\/manualdetecnicafotografica.com\/blog\/wp-content\/uploads\/2021\/08\/4ataschen1-300x186.jpg 300w, https:\/\/manualdetecnicafotografica.com\/blog\/wp-content\/uploads\/2021\/08\/4ataschen1-768x477.jpg 768w, https:\/\/manualdetecnicafotografica.com\/blog\/wp-content\/uploads\/2021\/08\/4ataschen1.jpg 1200w\" sizes=\"auto, (max-width: 1024px) 100vw, 1024px\" \/><\/figure>\n\n\n\n<div class=\"wp-block-image\"><figure class=\"aligncenter size-large\"><img loading=\"lazy\" decoding=\"async\" width=\"628\" height=\"850\" src=\"\/\/i0.wp.com\/manualdetecnicafotografica.com\/blog\/wp-content\/uploads\/2021\/08\/n_lindbergh_rotterdam1.jpg\" alt=\"\" class=\"wp-image-2815\" srcset=\"https:\/\/manualdetecnicafotografica.com\/blog\/wp-content\/uploads\/2021\/08\/n_lindbergh_rotterdam1.jpg 628w, https:\/\/manualdetecnicafotografica.com\/blog\/wp-content\/uploads\/2021\/08\/n_lindbergh_rotterdam1-222x300.jpg 222w\" sizes=\"auto, (max-width: 628px) 100vw, 628px\" \/><\/figure><\/div>\n\n\n\n<h3 class=\"wp-block-heading\"><strong>5. Richard Avedon<\/strong><\/h3>\n\n\n\n<p>Otro gran referente en lo que a retratos y moda se refiere es&nbsp;Richard Avedon, un cl\u00e1sico entre los cl\u00e1sicos. Sus retratos, sencillos pero profundamente psicol\u00f3gicos, de personalidades famosas y desconocidas posando frente a un inmaculado fondo blanco, muestran a un cuidadoso fot\u00f3grafo capaz de plasmar en papel fotogr\u00e1fico rasgos inesperados de los rostros de personajes de la magnitud de&nbsp;Truman Capote,&nbsp;Henry Miller,&nbsp;Humphrey Bogart&nbsp;o&nbsp;Marilyn Monroe, entre muchos otros.<\/p>\n\n\n\n<p>Su m\u00e9todo era sencillo pero efectivo, la derrota an\u00edmica del contrario fotografiado a trav\u00e9s de extensas sesiones de de fotograf\u00eda. As\u00ed, el retratado se volv\u00eda algo indefenso y capaz de mostrar su personalidad m\u00e1s sincera.<\/p>\n\n\n\n<div class=\"wp-block-image\"><figure class=\"aligncenter size-large\"><img loading=\"lazy\" decoding=\"async\" width=\"810\" height=\"540\" src=\"\/\/i0.wp.com\/manualdetecnicafotografica.com\/blog\/wp-content\/uploads\/2021\/08\/Richard-Avedon-destacada-810x540-1.jpg\" alt=\"\" class=\"wp-image-2816\" srcset=\"https:\/\/manualdetecnicafotografica.com\/blog\/wp-content\/uploads\/2021\/08\/Richard-Avedon-destacada-810x540-1.jpg 810w, https:\/\/manualdetecnicafotografica.com\/blog\/wp-content\/uploads\/2021\/08\/Richard-Avedon-destacada-810x540-1-300x200.jpg 300w, https:\/\/manualdetecnicafotografica.com\/blog\/wp-content\/uploads\/2021\/08\/Richard-Avedon-destacada-810x540-1-768x512.jpg 768w, https:\/\/manualdetecnicafotografica.com\/blog\/wp-content\/uploads\/2021\/08\/Richard-Avedon-destacada-810x540-1-272x182.jpg 272w\" sizes=\"auto, (max-width: 810px) 100vw, 810px\" \/><\/figure><\/div>\n\n\n\n<h3 class=\"wp-block-heading\"><strong>6. Robert Doisneau<\/strong><\/h3>\n\n\n\n<p>Fotoperiodista franc\u00e9s,   trabaj\u00f3 junto a grandes como&nbsp;Henri Cartier-Bresson. Es mundialmente conocido por su foto \u2018<em>El Beso<\/em>\u2019 (que a\u00f1os despu\u00e9s se descubrir\u00eda&nbsp;que fue preparada), y por ello est\u00e1 considerado como uno de los&nbsp;fot\u00f3grafos callejeros que mejor retrat\u00f3 la vida de su Par\u00eds natal&nbsp;con un estilo fresco y espont\u00e1neo. Si bien su estilo siempre fue espont\u00e1neo y callejero, tambi\u00e9n ha retratado la Francia ocupada por los nazis y, ya en sus \u00faltimos a\u00f1os, se dedic\u00f3 tambi\u00e9n a la fotograf\u00eda de moda y publicidad.<\/p>\n\n\n\n<div class=\"wp-block-image\"><figure class=\"aligncenter size-large\"><img loading=\"lazy\" decoding=\"async\" width=\"964\" height=\"661\" src=\"\/\/i0.wp.com\/manualdetecnicafotografica.com\/blog\/wp-content\/uploads\/2021\/08\/1366_2000-1-1.jpg\" alt=\"\" class=\"wp-image-2818\" srcset=\"https:\/\/manualdetecnicafotografica.com\/blog\/wp-content\/uploads\/2021\/08\/1366_2000-1-1.jpg 964w, https:\/\/manualdetecnicafotografica.com\/blog\/wp-content\/uploads\/2021\/08\/1366_2000-1-1-300x206.jpg 300w, https:\/\/manualdetecnicafotografica.com\/blog\/wp-content\/uploads\/2021\/08\/1366_2000-1-1-768x527.jpg 768w\" sizes=\"auto, (max-width: 964px) 100vw, 964px\" \/><\/figure><\/div>\n\n\n\n<div class=\"wp-block-image\"><figure class=\"aligncenter size-large\"><img loading=\"lazy\" decoding=\"async\" width=\"510\" height=\"295\" src=\"\/\/i0.wp.com\/manualdetecnicafotografica.com\/blog\/wp-content\/uploads\/2021\/08\/9925_1.jpg\" alt=\"\" class=\"wp-image-2819\" srcset=\"https:\/\/manualdetecnicafotografica.com\/blog\/wp-content\/uploads\/2021\/08\/9925_1.jpg 510w, https:\/\/manualdetecnicafotografica.com\/blog\/wp-content\/uploads\/2021\/08\/9925_1-300x174.jpg 300w\" sizes=\"auto, (max-width: 510px) 100vw, 510px\" \/><\/figure><\/div>\n\n\n\n<div class=\"wp-block-image\"><figure class=\"aligncenter size-large\"><img loading=\"lazy\" decoding=\"async\" width=\"491\" height=\"495\" src=\"\/\/i0.wp.com\/manualdetecnicafotografica.com\/blog\/wp-content\/uploads\/2021\/08\/La-jeune-fille-au-velo.-Robert-Doisneau.jpg\" alt=\"\" class=\"wp-image-2820\" srcset=\"https:\/\/manualdetecnicafotografica.com\/blog\/wp-content\/uploads\/2021\/08\/La-jeune-fille-au-velo.-Robert-Doisneau.jpg 491w, https:\/\/manualdetecnicafotografica.com\/blog\/wp-content\/uploads\/2021\/08\/La-jeune-fille-au-velo.-Robert-Doisneau-298x300.jpg 298w, https:\/\/manualdetecnicafotografica.com\/blog\/wp-content\/uploads\/2021\/08\/La-jeune-fille-au-velo.-Robert-Doisneau-150x150.jpg 150w\" sizes=\"auto, (max-width: 491px) 100vw, 491px\" \/><\/figure><\/div>\n\n\n\n<h3 class=\"wp-block-heading\">7. <strong>R\u00e9hahn Croquevielle<\/strong><\/h3>\n\n\n\n<p>Fot\u00f3grafo franc\u00e9s, es reconocido por tener la habilidad de \u00abretratar las almas de las personas\u00bb, y sus obras m\u00e1s famosas las ha tomado recorriendo pa\u00edses como Vietnam, Cuba, Malasia e India. En septiembre de 2019 cumpli\u00f3 su objetivo de conocer los 54 grupos \u00e9tnicos reconocidos y a\u00fan el d\u00eda de hoy contin\u00faa en b\u00fasqueda de conocer y retratar diferentes tribus a lo largo del planeta.<\/p>\n\n\n\n<div class=\"wp-block-image\"><figure class=\"aligncenter size-large\"><img loading=\"lazy\" decoding=\"async\" width=\"683\" height=\"1024\" src=\"\/\/i0.wp.com\/manualdetecnicafotografica.com\/blog\/wp-content\/uploads\/2021\/08\/Rehahn-Vietnam-Co-Tu-ethnic-group-with-Tree-bark-costume-1-683x1024.jpg\" alt=\"\" class=\"wp-image-2822\" srcset=\"https:\/\/manualdetecnicafotografica.com\/blog\/wp-content\/uploads\/2021\/08\/Rehahn-Vietnam-Co-Tu-ethnic-group-with-Tree-bark-costume-1-683x1024.jpg 683w, https:\/\/manualdetecnicafotografica.com\/blog\/wp-content\/uploads\/2021\/08\/Rehahn-Vietnam-Co-Tu-ethnic-group-with-Tree-bark-costume-1-200x300.jpg 200w, https:\/\/manualdetecnicafotografica.com\/blog\/wp-content\/uploads\/2021\/08\/Rehahn-Vietnam-Co-Tu-ethnic-group-with-Tree-bark-costume-1-768x1152.jpg 768w, https:\/\/manualdetecnicafotografica.com\/blog\/wp-content\/uploads\/2021\/08\/Rehahn-Vietnam-Co-Tu-ethnic-group-with-Tree-bark-costume-1.jpg 1000w\" sizes=\"auto, (max-width: 683px) 100vw, 683px\" \/><\/figure><\/div>\n\n\n\n<div class=\"wp-block-image\"><figure class=\"aligncenter size-large\"><img loading=\"lazy\" decoding=\"async\" width=\"683\" height=\"1024\" src=\"\/\/i0.wp.com\/manualdetecnicafotografica.com\/blog\/wp-content\/uploads\/2021\/08\/Rehahn-Vietnam-Xo-Dang-ethnic-tribe-1-683x1024.jpg\" alt=\"\" class=\"wp-image-2824\" srcset=\"https:\/\/manualdetecnicafotografica.com\/blog\/wp-content\/uploads\/2021\/08\/Rehahn-Vietnam-Xo-Dang-ethnic-tribe-1-683x1024.jpg 683w, https:\/\/manualdetecnicafotografica.com\/blog\/wp-content\/uploads\/2021\/08\/Rehahn-Vietnam-Xo-Dang-ethnic-tribe-1-200x300.jpg 200w, https:\/\/manualdetecnicafotografica.com\/blog\/wp-content\/uploads\/2021\/08\/Rehahn-Vietnam-Xo-Dang-ethnic-tribe-1-768x1152.jpg 768w, https:\/\/manualdetecnicafotografica.com\/blog\/wp-content\/uploads\/2021\/08\/Rehahn-Vietnam-Xo-Dang-ethnic-tribe-1.jpg 1000w\" sizes=\"auto, (max-width: 683px) 100vw, 683px\" \/><\/figure><\/div>\n\n\n\n<div class=\"wp-block-image\"><figure class=\"aligncenter size-large\"><img loading=\"lazy\" decoding=\"async\" width=\"900\" height=\"600\" src=\"\/\/i0.wp.com\/manualdetecnicafotografica.com\/blog\/wp-content\/uploads\/2021\/08\/conical-hat-vietnam-rehahn-1.jpg\" alt=\"\" class=\"wp-image-2826\" srcset=\"https:\/\/manualdetecnicafotografica.com\/blog\/wp-content\/uploads\/2021\/08\/conical-hat-vietnam-rehahn-1.jpg 900w, https:\/\/manualdetecnicafotografica.com\/blog\/wp-content\/uploads\/2021\/08\/conical-hat-vietnam-rehahn-1-300x200.jpg 300w, https:\/\/manualdetecnicafotografica.com\/blog\/wp-content\/uploads\/2021\/08\/conical-hat-vietnam-rehahn-1-768x512.jpg 768w, https:\/\/manualdetecnicafotografica.com\/blog\/wp-content\/uploads\/2021\/08\/conical-hat-vietnam-rehahn-1-272x182.jpg 272w\" sizes=\"auto, (max-width: 900px) 100vw, 900px\" \/><\/figure><\/div>\n\n\n\n<h3 class=\"wp-block-heading\"><strong>8. Jimmy Nelsson<\/strong><\/h3>\n\n\n\n<p>Fotoperiodista ingl\u00e9s, descubri\u00f3 su vocaci\u00f3n a trav\u00e9s de un camino de autoconocimiento personal que lo atrap\u00f3 entre tantos bosques, monta\u00f1as y culturas distintas como le fue posible visitar y conocer.<\/p>\n\n\n\n<div class=\"wp-block-image\"><figure class=\"aligncenter size-large\"><img loading=\"lazy\" decoding=\"async\" width=\"1024\" height=\"808\" src=\"\/\/i0.wp.com\/manualdetecnicafotografica.com\/blog\/wp-content\/uploads\/2021\/08\/Jimmy-Nelson-XXXIX-17-Nenets-Yamal-Peninsula-Ural-Mountains-Siberia-2011-full-1-1024x808.jpg\" alt=\"\" class=\"wp-image-2829\" srcset=\"https:\/\/manualdetecnicafotografica.com\/blog\/wp-content\/uploads\/2021\/08\/Jimmy-Nelson-XXXIX-17-Nenets-Yamal-Peninsula-Ural-Mountains-Siberia-2011-full-1-1024x808.jpg 1024w, https:\/\/manualdetecnicafotografica.com\/blog\/wp-content\/uploads\/2021\/08\/Jimmy-Nelson-XXXIX-17-Nenets-Yamal-Peninsula-Ural-Mountains-Siberia-2011-full-1-300x237.jpg 300w, https:\/\/manualdetecnicafotografica.com\/blog\/wp-content\/uploads\/2021\/08\/Jimmy-Nelson-XXXIX-17-Nenets-Yamal-Peninsula-Ural-Mountains-Siberia-2011-full-1-768x606.jpg 768w, https:\/\/manualdetecnicafotografica.com\/blog\/wp-content\/uploads\/2021\/08\/Jimmy-Nelson-XXXIX-17-Nenets-Yamal-Peninsula-Ural-Mountains-Siberia-2011-full-1.jpg 1200w\" sizes=\"auto, (max-width: 1024px) 100vw, 1024px\" \/><\/figure><\/div>\n\n\n\n<div class=\"wp-block-image\"><figure class=\"aligncenter size-large\"><img loading=\"lazy\" decoding=\"async\" width=\"1024\" height=\"679\" src=\"\/\/i0.wp.com\/manualdetecnicafotografica.com\/blog\/wp-content\/uploads\/2021\/08\/Jimmy-Nelson-XXVI-12-Hakahau-Ua-Pou-The-Marquesas-Island-French-Polynesia-2016-full-1024x679.jpg\" alt=\"\" class=\"wp-image-2830\" srcset=\"https:\/\/manualdetecnicafotografica.com\/blog\/wp-content\/uploads\/2021\/08\/Jimmy-Nelson-XXVI-12-Hakahau-Ua-Pou-The-Marquesas-Island-French-Polynesia-2016-full-1024x679.jpg 1024w, https:\/\/manualdetecnicafotografica.com\/blog\/wp-content\/uploads\/2021\/08\/Jimmy-Nelson-XXVI-12-Hakahau-Ua-Pou-The-Marquesas-Island-French-Polynesia-2016-full-300x199.jpg 300w, https:\/\/manualdetecnicafotografica.com\/blog\/wp-content\/uploads\/2021\/08\/Jimmy-Nelson-XXVI-12-Hakahau-Ua-Pou-The-Marquesas-Island-French-Polynesia-2016-full-768x509.jpg 768w, https:\/\/manualdetecnicafotografica.com\/blog\/wp-content\/uploads\/2021\/08\/Jimmy-Nelson-XXVI-12-Hakahau-Ua-Pou-The-Marquesas-Island-French-Polynesia-2016-full.jpg 1200w\" sizes=\"auto, (max-width: 1024px) 100vw, 1024px\" \/><\/figure><\/div>\n\n\n\n<h3 class=\"wp-block-heading\"><strong>9. Robert Cappa<\/strong><\/h3>\n\n\n\n<p>Este fot\u00f3grafo vale por dos, pues en realidad no era una sola persona si no que eran dos fotoperiodistas del siglo XX bajo el pseud\u00f3nimo de un solo hombre, por lo que es dif\u00edcil saber con exactitud de quien es cada foto. <\/p>\n\n\n\n<p>Han cubierto distintos sucesos como la guerra civil espa\u00f1ola, la segunda guerra mundial, la invasi\u00f3n de italia, la batalla de Normand\u00eda y la primera guerra de Indochina, entre otros.<\/p>\n\n\n\n<p>En 1947, en&nbsp;Par\u00eds, Endre Ern\u0151 Friedmann fund\u00f3, junto con&nbsp;David \u00abChim\u00bb Seymour,&nbsp;Henri Cartier-Bresson,&nbsp;George Rodger&nbsp;y&nbsp;William Vandivert, la organizaci\u00f3n&nbsp;Magnum Photos, la primera agencia de cooperaci\u00f3n para fot\u00f3grafos independientes de todo el mundo.<\/p>\n\n\n\n<p>Sus imagenes ser\u00e1n recordadas a lo largo de la historia debido a la gran carga de cruda realidad que transmite cada imagen.<\/p>\n\n\n\n<figure class=\"wp-block-image size-large\"><img loading=\"lazy\" decoding=\"async\" width=\"1024\" height=\"576\" src=\"\/\/i0.wp.com\/manualdetecnicafotografica.com\/blog\/wp-content\/uploads\/2021\/08\/actualidad_228991158_38621085_1706x960-1024x576.jpg\" alt=\"\" class=\"wp-image-2833\" srcset=\"https:\/\/manualdetecnicafotografica.com\/blog\/wp-content\/uploads\/2021\/08\/actualidad_228991158_38621085_1706x960-1024x576.jpg 1024w, https:\/\/manualdetecnicafotografica.com\/blog\/wp-content\/uploads\/2021\/08\/actualidad_228991158_38621085_1706x960-300x169.jpg 300w, https:\/\/manualdetecnicafotografica.com\/blog\/wp-content\/uploads\/2021\/08\/actualidad_228991158_38621085_1706x960-768x432.jpg 768w, https:\/\/manualdetecnicafotografica.com\/blog\/wp-content\/uploads\/2021\/08\/actualidad_228991158_38621085_1706x960-1536x864.jpg 1536w, https:\/\/manualdetecnicafotografica.com\/blog\/wp-content\/uploads\/2021\/08\/actualidad_228991158_38621085_1706x960.jpg 1706w\" sizes=\"auto, (max-width: 1024px) 100vw, 1024px\" \/><\/figure>\n\n\n\n<div class=\"wp-block-image\"><figure class=\"aligncenter size-large\"><img loading=\"lazy\" decoding=\"async\" width=\"644\" height=\"861\" src=\"\/\/i0.wp.com\/manualdetecnicafotografica.com\/blog\/wp-content\/uploads\/2021\/08\/capa5-644x862-1-3.jpg\" alt=\"\" class=\"wp-image-2835\" srcset=\"https:\/\/manualdetecnicafotografica.com\/blog\/wp-content\/uploads\/2021\/08\/capa5-644x862-1-3.jpg 644w, https:\/\/manualdetecnicafotografica.com\/blog\/wp-content\/uploads\/2021\/08\/capa5-644x862-1-3-224x300.jpg 224w\" sizes=\"auto, (max-width: 644px) 100vw, 644px\" \/><\/figure><\/div>\n\n\n\n<div class=\"wp-block-image\"><figure class=\"aligncenter size-large\"><img loading=\"lazy\" decoding=\"async\" width=\"1024\" height=\"688\" src=\"\/\/i0.wp.com\/manualdetecnicafotografica.com\/blog\/wp-content\/uploads\/2021\/08\/HaWtdem-1024x688.jpeg\" alt=\"\" class=\"wp-image-2836\" srcset=\"https:\/\/manualdetecnicafotografica.com\/blog\/wp-content\/uploads\/2021\/08\/HaWtdem-1024x688.jpeg 1024w, https:\/\/manualdetecnicafotografica.com\/blog\/wp-content\/uploads\/2021\/08\/HaWtdem-300x202.jpeg 300w, https:\/\/manualdetecnicafotografica.com\/blog\/wp-content\/uploads\/2021\/08\/HaWtdem-768x516.jpeg 768w, https:\/\/manualdetecnicafotografica.com\/blog\/wp-content\/uploads\/2021\/08\/HaWtdem-272x182.jpeg 272w, https:\/\/manualdetecnicafotografica.com\/blog\/wp-content\/uploads\/2021\/08\/HaWtdem.jpeg 1045w\" sizes=\"auto, (max-width: 1024px) 100vw, 1024px\" \/><\/figure><\/div>\n\n\n\n<h3 class=\"wp-block-heading\"><strong>10. Henri Cartier-Bresson<\/strong><\/h3>\n\n\n\n<p>Otro de los imprescindibles de la lista es este franc\u00e9s&nbsp;maestro entre maestros y considerado padre de la&nbsp;fotograf\u00eda callejera.&nbsp;Uno de sus libros,&nbsp;\u201c<em>El momento decisivo<\/em>\u201d, ha sido enormemente influyente en la historia de la fotograf\u00eda. Cofundador de la&nbsp;Agencia Magnum, se destac\u00f3 tambi\u00e9n en la fotograf\u00eda documental y los paisajes.<\/p>\n\n\n\n<div class=\"wp-block-image\"><figure class=\"aligncenter size-large\"><img loading=\"lazy\" decoding=\"async\" width=\"1024\" height=\"700\" src=\"\/\/i0.wp.com\/manualdetecnicafotografica.com\/blog\/wp-content\/uploads\/2021\/08\/cartier-bresson_retratos_ALBERT-CAMUS-1944-1024x700.jpg\" alt=\"\" class=\"wp-image-2837\" srcset=\"https:\/\/manualdetecnicafotografica.com\/blog\/wp-content\/uploads\/2021\/08\/cartier-bresson_retratos_ALBERT-CAMUS-1944-1024x700.jpg 1024w, https:\/\/manualdetecnicafotografica.com\/blog\/wp-content\/uploads\/2021\/08\/cartier-bresson_retratos_ALBERT-CAMUS-1944-300x205.jpg 300w, https:\/\/manualdetecnicafotografica.com\/blog\/wp-content\/uploads\/2021\/08\/cartier-bresson_retratos_ALBERT-CAMUS-1944-768x525.jpg 768w, https:\/\/manualdetecnicafotografica.com\/blog\/wp-content\/uploads\/2021\/08\/cartier-bresson_retratos_ALBERT-CAMUS-1944.jpg 1331w\" sizes=\"auto, (max-width: 1024px) 100vw, 1024px\" \/><\/figure><\/div>\n\n\n\n<div class=\"wp-block-image\"><figure class=\"aligncenter size-large\"><img loading=\"lazy\" decoding=\"async\" width=\"1024\" height=\"688\" src=\"\/\/i0.wp.com\/manualdetecnicafotografica.com\/blog\/wp-content\/uploads\/2021\/08\/Foto-Henri-Cartier-Bresson.-Fondation-Henri-Cartier-Bresson-Magnum-Photos-1-1-1024x688.jpg\" alt=\"\" class=\"wp-image-2839\" srcset=\"https:\/\/manualdetecnicafotografica.com\/blog\/wp-content\/uploads\/2021\/08\/Foto-Henri-Cartier-Bresson.-Fondation-Henri-Cartier-Bresson-Magnum-Photos-1-1-1024x688.jpg 1024w, https:\/\/manualdetecnicafotografica.com\/blog\/wp-content\/uploads\/2021\/08\/Foto-Henri-Cartier-Bresson.-Fondation-Henri-Cartier-Bresson-Magnum-Photos-1-1-300x202.jpg 300w, https:\/\/manualdetecnicafotografica.com\/blog\/wp-content\/uploads\/2021\/08\/Foto-Henri-Cartier-Bresson.-Fondation-Henri-Cartier-Bresson-Magnum-Photos-1-1-768x516.jpg 768w, https:\/\/manualdetecnicafotografica.com\/blog\/wp-content\/uploads\/2021\/08\/Foto-Henri-Cartier-Bresson.-Fondation-Henri-Cartier-Bresson-Magnum-Photos-1-1-1536x1033.jpg 1536w, https:\/\/manualdetecnicafotografica.com\/blog\/wp-content\/uploads\/2021\/08\/Foto-Henri-Cartier-Bresson.-Fondation-Henri-Cartier-Bresson-Magnum-Photos-1-1-2048x1377.jpg 2048w, https:\/\/manualdetecnicafotografica.com\/blog\/wp-content\/uploads\/2021\/08\/Foto-Henri-Cartier-Bresson.-Fondation-Henri-Cartier-Bresson-Magnum-Photos-1-1-272x182.jpg 272w\" sizes=\"auto, (max-width: 1024px) 100vw, 1024px\" \/><\/figure><\/div>\n\n\n\n<p>De sobra est\u00e1 decir que la lista y selecci\u00f3n de fot\u00f3grafos que he hecho queda corta, pero el d\u00eda de hoy te traigo estos autores para que puedas analizarlos en profundidad tanto a ellos como a sus obras e inspirarte a hacer tu pr\u00f3ximo retrato.<\/p>\n\n\n\n<p>Recuerda que estar\u00e9 esperando tu comentario al final de cada art\u00edculo. Te espero&nbsp;tambi\u00e9n en mis redes sociales&nbsp;<a href=\"https:\/\/www.facebook.com\/ManualdeTecnicaFotografica\" target=\"_blank\" rel=\"noreferrer noopener\"><strong>Facebook<\/strong><\/a>,&nbsp;<strong><a href=\"https:\/\/www.pinterest.es\/JuanIgnacioTorresBlog\/\" target=\"_blank\" rel=\"noreferrer noopener\">Pinterest<\/a><\/strong>&nbsp;e&nbsp;<a href=\"https:\/\/www.instagram.com\/juanignaciotorres_\/?hl=es\" target=\"_blank\" rel=\"noreferrer noopener\"><strong>Instagram<\/strong><\/a>&nbsp;para que estemos en contacto como siempre.<\/p>\n","protected":false},"excerpt":{"rendered":"<p>\u00bfTe gustan los retratos? \u00bfSabes de d\u00f3nde viene el af\u00e1n por retratar el rostro de las personas? El origen de los retratos se remonta a m\u00e1s de cuatro mil a\u00f1os atr\u00e1s. Los retratos han jugado, desde hace mucho tiempo, un papel sumamente importante en la historia humana, especialmente si tienes en cuenta que su amplio [&hellip;]<\/p>\n","protected":false},"author":71,"featured_media":2842,"comment_status":"open","ping_status":"open","sticky":false,"template":"","format":"standard","meta":{"_genesis_hide_title":false,"_genesis_hide_breadcrumbs":false,"_genesis_hide_singular_image":false,"_genesis_hide_footer_widgets":false,"_genesis_custom_body_class":"","_genesis_custom_post_class":"","_genesis_layout":"","_glsr_average":0,"_glsr_ranking":0,"_glsr_reviews":0,"footnotes":""},"categories":[2,122,111],"tags":[358,360,350,348,352,78,79,354,194,351,353,357,356,359,339,340,127,355],"class_list":{"0":"post-2795","1":"post","2":"type-post","3":"status-publish","4":"format-standard","5":"has-post-thumbnail","7":"category-iniciacion","8":"category-nivel-intermedio","9":"category-retrato","10":"tag-annie-leibovitz","11":"tag-camara-de-fotos","12":"tag-como-fotografiar-a-una-persona","13":"tag-como-hacer-un-retrato","14":"tag-fotografia-analogica","15":"tag-fotografia-blanco-y-negro","16":"tag-fotografia-color","17":"tag-fotografia-con-celular","18":"tag-fotografia-de-retratos","19":"tag-fotografia-digital","20":"tag-fotografia-para-principiantes","21":"tag-henri-cartier-bresson","22":"tag-irving-penn","23":"tag-los-mejores-fotografos-de-retrato","24":"tag-portrait","25":"tag-portraiture","26":"tag-retrato-fotografico","27":"tag-sebastiao-salgado","28":"entry"},"yoast_head":"<!-- This site is optimized with the Yoast SEO plugin v27.4 - https:\/\/yoast.com\/product\/yoast-seo-wordpress\/ -->\n<title>Los 10 mejores fot\u00f3grafos del mundo en Retrato - Conoce todo sobre ellos<\/title>\n<meta name=\"description\" content=\"Explota tu creatividad con las imagenes de los diez mejores fot\u00f3grafos de retratos de la historia. \u00a1Te espero en mi blog!\" \/>\n<meta name=\"robots\" content=\"index, follow, max-snippet:-1, max-image-preview:large, max-video-preview:-1\" \/>\n<link rel=\"canonical\" href=\"https:\/\/manualdetecnicafotografica.com\/blog\/los-10-mejores-fotografos-del-mundo\/\" \/>\n<meta property=\"og:locale\" content=\"es_ES\" \/>\n<meta property=\"og:type\" content=\"article\" \/>\n<meta property=\"og:title\" content=\"Los 10 mejores fot\u00f3grafos del mundo en Retrato - Conoce todo sobre ellos\" \/>\n<meta property=\"og:description\" content=\"Explota tu creatividad con las imagenes de los diez mejores fot\u00f3grafos de retratos de la historia. \u00a1Te espero en mi blog!\" \/>\n<meta property=\"og:url\" content=\"https:\/\/manualdetecnicafotografica.com\/blog\/los-10-mejores-fotografos-del-mundo\/\" \/>\n<meta property=\"og:site_name\" content=\"Iniciaci\u00f3n a la Fotograf\u00eda\" \/>\n<meta property=\"article:published_time\" content=\"2021-08-16T12:28:12+00:00\" \/>\n<meta property=\"article:modified_time\" content=\"2022-10-01T23:17:54+00:00\" \/>\n<meta property=\"og:image\" content=\"https:\/\/manualdetecnicafotografica.com\/blog\/wp-content\/uploads\/2021\/08\/Miniatura-Blog-JIT-20.png\" \/>\n\t<meta property=\"og:image:width\" content=\"1080\" \/>\n\t<meta property=\"og:image:height\" content=\"1080\" \/>\n\t<meta property=\"og:image:type\" content=\"image\/png\" \/>\n<meta name=\"author\" content=\"clara.vittino\" \/>\n<meta name=\"twitter:card\" content=\"summary_large_image\" \/>\n<meta name=\"twitter:label1\" content=\"Escrito por\" \/>\n\t<meta name=\"twitter:data1\" content=\"clara.vittino\" \/>\n\t<meta name=\"twitter:label2\" content=\"Tiempo de lectura\" \/>\n\t<meta name=\"twitter:data2\" content=\"11 minutos\" \/>\n<script type=\"application\/ld+json\" class=\"yoast-schema-graph\">{\"@context\":\"https:\\\/\\\/schema.org\",\"@graph\":[{\"@type\":\"Article\",\"@id\":\"https:\\\/\\\/manualdetecnicafotografica.com\\\/blog\\\/los-10-mejores-fotografos-del-mundo\\\/#article\",\"isPartOf\":{\"@id\":\"https:\\\/\\\/manualdetecnicafotografica.com\\\/blog\\\/los-10-mejores-fotografos-del-mundo\\\/\"},\"author\":{\"name\":\"clara.vittino\",\"@id\":\"https:\\\/\\\/manualdetecnicafotografica.com\\\/blog\\\/#\\\/schema\\\/person\\\/2c938f2af5c6ce790361c9e4bf1d78f3\"},\"headline\":\"Los 10 mejores fot\u00f3grafos del mundo en Retrato\",\"datePublished\":\"2021-08-16T12:28:12+00:00\",\"dateModified\":\"2022-10-01T23:17:54+00:00\",\"mainEntityOfPage\":{\"@id\":\"https:\\\/\\\/manualdetecnicafotografica.com\\\/blog\\\/los-10-mejores-fotografos-del-mundo\\\/\"},\"wordCount\":1492,\"commentCount\":0,\"image\":{\"@id\":\"https:\\\/\\\/manualdetecnicafotografica.com\\\/blog\\\/los-10-mejores-fotografos-del-mundo\\\/#primaryimage\"},\"thumbnailUrl\":\"https:\\\/\\\/manualdetecnicafotografica.com\\\/blog\\\/wp-content\\\/uploads\\\/2021\\\/08\\\/Miniatura-Blog-JIT-20.png\",\"keywords\":[\"annie leibovitz\",\"camara de fotos\",\"como fotografiar a una persona\",\"como hacer un retrato\",\"fotografia analogica\",\"fotografia blanco y negro\",\"fotografia color\",\"fotografia con celular\",\"fotografia de retratos\",\"fotografia digital\",\"fotografia para principiantes\",\"henri cartier bresson\",\"irving penn\",\"los mejores fotografos de retrato\",\"portrait\",\"portraiture\",\"retrato fotogr\u00e1fico\",\"sebastiao salgado\"],\"articleSection\":[\"Iniciaci\u00f3n - Nivel Principiante\",\"Nivel Intermedio\",\"Retrato\"],\"inLanguage\":\"es\",\"potentialAction\":[{\"@type\":\"CommentAction\",\"name\":\"Comment\",\"target\":[\"https:\\\/\\\/manualdetecnicafotografica.com\\\/blog\\\/los-10-mejores-fotografos-del-mundo\\\/#respond\"]}]},{\"@type\":\"WebPage\",\"@id\":\"https:\\\/\\\/manualdetecnicafotografica.com\\\/blog\\\/los-10-mejores-fotografos-del-mundo\\\/\",\"url\":\"https:\\\/\\\/manualdetecnicafotografica.com\\\/blog\\\/los-10-mejores-fotografos-del-mundo\\\/\",\"name\":\"Los 10 mejores fot\u00f3grafos del mundo en Retrato - Conoce todo sobre ellos\",\"isPartOf\":{\"@id\":\"https:\\\/\\\/manualdetecnicafotografica.com\\\/blog\\\/#website\"},\"primaryImageOfPage\":{\"@id\":\"https:\\\/\\\/manualdetecnicafotografica.com\\\/blog\\\/los-10-mejores-fotografos-del-mundo\\\/#primaryimage\"},\"image\":{\"@id\":\"https:\\\/\\\/manualdetecnicafotografica.com\\\/blog\\\/los-10-mejores-fotografos-del-mundo\\\/#primaryimage\"},\"thumbnailUrl\":\"https:\\\/\\\/manualdetecnicafotografica.com\\\/blog\\\/wp-content\\\/uploads\\\/2021\\\/08\\\/Miniatura-Blog-JIT-20.png\",\"datePublished\":\"2021-08-16T12:28:12+00:00\",\"dateModified\":\"2022-10-01T23:17:54+00:00\",\"author\":{\"@id\":\"https:\\\/\\\/manualdetecnicafotografica.com\\\/blog\\\/#\\\/schema\\\/person\\\/2c938f2af5c6ce790361c9e4bf1d78f3\"},\"description\":\"Explota tu creatividad con las imagenes de los diez mejores fot\u00f3grafos de retratos de la historia. \u00a1Te espero en mi blog!\",\"breadcrumb\":{\"@id\":\"https:\\\/\\\/manualdetecnicafotografica.com\\\/blog\\\/los-10-mejores-fotografos-del-mundo\\\/#breadcrumb\"},\"inLanguage\":\"es\",\"potentialAction\":[{\"@type\":\"ReadAction\",\"target\":[\"https:\\\/\\\/manualdetecnicafotografica.com\\\/blog\\\/los-10-mejores-fotografos-del-mundo\\\/\"]}]},{\"@type\":\"ImageObject\",\"inLanguage\":\"es\",\"@id\":\"https:\\\/\\\/manualdetecnicafotografica.com\\\/blog\\\/los-10-mejores-fotografos-del-mundo\\\/#primaryimage\",\"url\":\"https:\\\/\\\/manualdetecnicafotografica.com\\\/blog\\\/wp-content\\\/uploads\\\/2021\\\/08\\\/Miniatura-Blog-JIT-20.png\",\"contentUrl\":\"https:\\\/\\\/manualdetecnicafotografica.com\\\/blog\\\/wp-content\\\/uploads\\\/2021\\\/08\\\/Miniatura-Blog-JIT-20.png\",\"width\":1080,\"height\":1080},{\"@type\":\"BreadcrumbList\",\"@id\":\"https:\\\/\\\/manualdetecnicafotografica.com\\\/blog\\\/los-10-mejores-fotografos-del-mundo\\\/#breadcrumb\",\"itemListElement\":[{\"@type\":\"ListItem\",\"position\":1,\"name\":\"Portada\",\"item\":\"https:\\\/\\\/manualdetecnicafotografica.com\\\/blog\\\/\"},{\"@type\":\"ListItem\",\"position\":2,\"name\":\"Los 10 mejores fot\u00f3grafos del mundo en Retrato\"}]},{\"@type\":\"WebSite\",\"@id\":\"https:\\\/\\\/manualdetecnicafotografica.com\\\/blog\\\/#website\",\"url\":\"https:\\\/\\\/manualdetecnicafotografica.com\\\/blog\\\/\",\"name\":\"Iniciaci\u00f3n a la Fotograf\u00eda\",\"description\":\"Blog de Juan Ignacio Torres\",\"potentialAction\":[{\"@type\":\"SearchAction\",\"target\":{\"@type\":\"EntryPoint\",\"urlTemplate\":\"https:\\\/\\\/manualdetecnicafotografica.com\\\/blog\\\/?s={search_term_string}\"},\"query-input\":{\"@type\":\"PropertyValueSpecification\",\"valueRequired\":true,\"valueName\":\"search_term_string\"}}],\"inLanguage\":\"es\"},{\"@type\":\"Person\",\"@id\":\"https:\\\/\\\/manualdetecnicafotografica.com\\\/blog\\\/#\\\/schema\\\/person\\\/2c938f2af5c6ce790361c9e4bf1d78f3\",\"name\":\"clara.vittino\",\"image\":{\"@type\":\"ImageObject\",\"inLanguage\":\"es\",\"@id\":\"https:\\\/\\\/secure.gravatar.com\\\/avatar\\\/ceed02ba44570cfeaf67e7a67c443c9983480020c3832059de807f3bfb27910b?s=96&d=wavatar&r=g\",\"url\":\"https:\\\/\\\/secure.gravatar.com\\\/avatar\\\/ceed02ba44570cfeaf67e7a67c443c9983480020c3832059de807f3bfb27910b?s=96&d=wavatar&r=g\",\"contentUrl\":\"https:\\\/\\\/secure.gravatar.com\\\/avatar\\\/ceed02ba44570cfeaf67e7a67c443c9983480020c3832059de807f3bfb27910b?s=96&d=wavatar&r=g\",\"caption\":\"clara.vittino\"},\"url\":\"https:\\\/\\\/manualdetecnicafotografica.com\\\/blog\\\/author\\\/clara-vittino\\\/\"}]}<\/script>\n<!-- \/ Yoast SEO plugin. -->","yoast_head_json":{"title":"Los 10 mejores fot\u00f3grafos del mundo en Retrato - Conoce todo sobre ellos","description":"Explota tu creatividad con las imagenes de los diez mejores fot\u00f3grafos de retratos de la historia. \u00a1Te espero en mi blog!","robots":{"index":"index","follow":"follow","max-snippet":"max-snippet:-1","max-image-preview":"max-image-preview:large","max-video-preview":"max-video-preview:-1"},"canonical":"https:\/\/manualdetecnicafotografica.com\/blog\/los-10-mejores-fotografos-del-mundo\/","og_locale":"es_ES","og_type":"article","og_title":"Los 10 mejores fot\u00f3grafos del mundo en Retrato - Conoce todo sobre ellos","og_description":"Explota tu creatividad con las imagenes de los diez mejores fot\u00f3grafos de retratos de la historia. \u00a1Te espero en mi blog!","og_url":"https:\/\/manualdetecnicafotografica.com\/blog\/los-10-mejores-fotografos-del-mundo\/","og_site_name":"Iniciaci\u00f3n a la Fotograf\u00eda","article_published_time":"2021-08-16T12:28:12+00:00","article_modified_time":"2022-10-01T23:17:54+00:00","og_image":[{"width":1080,"height":1080,"url":"https:\/\/manualdetecnicafotografica.com\/blog\/wp-content\/uploads\/2021\/08\/Miniatura-Blog-JIT-20.png","type":"image\/png"}],"author":"clara.vittino","twitter_card":"summary_large_image","twitter_misc":{"Escrito por":"clara.vittino","Tiempo de lectura":"11 minutos"},"schema":{"@context":"https:\/\/schema.org","@graph":[{"@type":"Article","@id":"https:\/\/manualdetecnicafotografica.com\/blog\/los-10-mejores-fotografos-del-mundo\/#article","isPartOf":{"@id":"https:\/\/manualdetecnicafotografica.com\/blog\/los-10-mejores-fotografos-del-mundo\/"},"author":{"name":"clara.vittino","@id":"https:\/\/manualdetecnicafotografica.com\/blog\/#\/schema\/person\/2c938f2af5c6ce790361c9e4bf1d78f3"},"headline":"Los 10 mejores fot\u00f3grafos del mundo en Retrato","datePublished":"2021-08-16T12:28:12+00:00","dateModified":"2022-10-01T23:17:54+00:00","mainEntityOfPage":{"@id":"https:\/\/manualdetecnicafotografica.com\/blog\/los-10-mejores-fotografos-del-mundo\/"},"wordCount":1492,"commentCount":0,"image":{"@id":"https:\/\/manualdetecnicafotografica.com\/blog\/los-10-mejores-fotografos-del-mundo\/#primaryimage"},"thumbnailUrl":"https:\/\/manualdetecnicafotografica.com\/blog\/wp-content\/uploads\/2021\/08\/Miniatura-Blog-JIT-20.png","keywords":["annie leibovitz","camara de fotos","como fotografiar a una persona","como hacer un retrato","fotografia analogica","fotografia blanco y negro","fotografia color","fotografia con celular","fotografia de retratos","fotografia digital","fotografia para principiantes","henri cartier bresson","irving penn","los mejores fotografos de retrato","portrait","portraiture","retrato fotogr\u00e1fico","sebastiao salgado"],"articleSection":["Iniciaci\u00f3n - Nivel Principiante","Nivel Intermedio","Retrato"],"inLanguage":"es","potentialAction":[{"@type":"CommentAction","name":"Comment","target":["https:\/\/manualdetecnicafotografica.com\/blog\/los-10-mejores-fotografos-del-mundo\/#respond"]}]},{"@type":"WebPage","@id":"https:\/\/manualdetecnicafotografica.com\/blog\/los-10-mejores-fotografos-del-mundo\/","url":"https:\/\/manualdetecnicafotografica.com\/blog\/los-10-mejores-fotografos-del-mundo\/","name":"Los 10 mejores fot\u00f3grafos del mundo en Retrato - Conoce todo sobre ellos","isPartOf":{"@id":"https:\/\/manualdetecnicafotografica.com\/blog\/#website"},"primaryImageOfPage":{"@id":"https:\/\/manualdetecnicafotografica.com\/blog\/los-10-mejores-fotografos-del-mundo\/#primaryimage"},"image":{"@id":"https:\/\/manualdetecnicafotografica.com\/blog\/los-10-mejores-fotografos-del-mundo\/#primaryimage"},"thumbnailUrl":"https:\/\/manualdetecnicafotografica.com\/blog\/wp-content\/uploads\/2021\/08\/Miniatura-Blog-JIT-20.png","datePublished":"2021-08-16T12:28:12+00:00","dateModified":"2022-10-01T23:17:54+00:00","author":{"@id":"https:\/\/manualdetecnicafotografica.com\/blog\/#\/schema\/person\/2c938f2af5c6ce790361c9e4bf1d78f3"},"description":"Explota tu creatividad con las imagenes de los diez mejores fot\u00f3grafos de retratos de la historia. \u00a1Te espero en mi blog!","breadcrumb":{"@id":"https:\/\/manualdetecnicafotografica.com\/blog\/los-10-mejores-fotografos-del-mundo\/#breadcrumb"},"inLanguage":"es","potentialAction":[{"@type":"ReadAction","target":["https:\/\/manualdetecnicafotografica.com\/blog\/los-10-mejores-fotografos-del-mundo\/"]}]},{"@type":"ImageObject","inLanguage":"es","@id":"https:\/\/manualdetecnicafotografica.com\/blog\/los-10-mejores-fotografos-del-mundo\/#primaryimage","url":"https:\/\/manualdetecnicafotografica.com\/blog\/wp-content\/uploads\/2021\/08\/Miniatura-Blog-JIT-20.png","contentUrl":"https:\/\/manualdetecnicafotografica.com\/blog\/wp-content\/uploads\/2021\/08\/Miniatura-Blog-JIT-20.png","width":1080,"height":1080},{"@type":"BreadcrumbList","@id":"https:\/\/manualdetecnicafotografica.com\/blog\/los-10-mejores-fotografos-del-mundo\/#breadcrumb","itemListElement":[{"@type":"ListItem","position":1,"name":"Portada","item":"https:\/\/manualdetecnicafotografica.com\/blog\/"},{"@type":"ListItem","position":2,"name":"Los 10 mejores fot\u00f3grafos del mundo en Retrato"}]},{"@type":"WebSite","@id":"https:\/\/manualdetecnicafotografica.com\/blog\/#website","url":"https:\/\/manualdetecnicafotografica.com\/blog\/","name":"Iniciaci\u00f3n a la Fotograf\u00eda","description":"Blog de Juan Ignacio Torres","potentialAction":[{"@type":"SearchAction","target":{"@type":"EntryPoint","urlTemplate":"https:\/\/manualdetecnicafotografica.com\/blog\/?s={search_term_string}"},"query-input":{"@type":"PropertyValueSpecification","valueRequired":true,"valueName":"search_term_string"}}],"inLanguage":"es"},{"@type":"Person","@id":"https:\/\/manualdetecnicafotografica.com\/blog\/#\/schema\/person\/2c938f2af5c6ce790361c9e4bf1d78f3","name":"clara.vittino","image":{"@type":"ImageObject","inLanguage":"es","@id":"https:\/\/secure.gravatar.com\/avatar\/ceed02ba44570cfeaf67e7a67c443c9983480020c3832059de807f3bfb27910b?s=96&d=wavatar&r=g","url":"https:\/\/secure.gravatar.com\/avatar\/ceed02ba44570cfeaf67e7a67c443c9983480020c3832059de807f3bfb27910b?s=96&d=wavatar&r=g","contentUrl":"https:\/\/secure.gravatar.com\/avatar\/ceed02ba44570cfeaf67e7a67c443c9983480020c3832059de807f3bfb27910b?s=96&d=wavatar&r=g","caption":"clara.vittino"},"url":"https:\/\/manualdetecnicafotografica.com\/blog\/author\/clara-vittino\/"}]}},"_links":{"self":[{"href":"https:\/\/manualdetecnicafotografica.com\/blog\/wp-json\/wp\/v2\/posts\/2795","targetHints":{"allow":["GET"]}}],"collection":[{"href":"https:\/\/manualdetecnicafotografica.com\/blog\/wp-json\/wp\/v2\/posts"}],"about":[{"href":"https:\/\/manualdetecnicafotografica.com\/blog\/wp-json\/wp\/v2\/types\/post"}],"author":[{"embeddable":true,"href":"https:\/\/manualdetecnicafotografica.com\/blog\/wp-json\/wp\/v2\/users\/71"}],"replies":[{"embeddable":true,"href":"https:\/\/manualdetecnicafotografica.com\/blog\/wp-json\/wp\/v2\/comments?post=2795"}],"version-history":[{"count":4,"href":"https:\/\/manualdetecnicafotografica.com\/blog\/wp-json\/wp\/v2\/posts\/2795\/revisions"}],"predecessor-version":[{"id":2848,"href":"https:\/\/manualdetecnicafotografica.com\/blog\/wp-json\/wp\/v2\/posts\/2795\/revisions\/2848"}],"wp:featuredmedia":[{"embeddable":true,"href":"https:\/\/manualdetecnicafotografica.com\/blog\/wp-json\/wp\/v2\/media\/2842"}],"wp:attachment":[{"href":"https:\/\/manualdetecnicafotografica.com\/blog\/wp-json\/wp\/v2\/media?parent=2795"}],"wp:term":[{"taxonomy":"category","embeddable":true,"href":"https:\/\/manualdetecnicafotografica.com\/blog\/wp-json\/wp\/v2\/categories?post=2795"},{"taxonomy":"post_tag","embeddable":true,"href":"https:\/\/manualdetecnicafotografica.com\/blog\/wp-json\/wp\/v2\/tags?post=2795"}],"curies":[{"name":"wp","href":"https:\/\/api.w.org\/{rel}","templated":true}]}}