{"id":2545,"date":"2021-05-28T14:35:24","date_gmt":"2021-05-28T14:35:24","guid":{"rendered":"https:\/\/manualdetecnicafotografica.com\/blog\/?p=2545"},"modified":"2021-05-28T14:37:55","modified_gmt":"2021-05-28T14:37:55","slug":"como-proteger-tu-equipo-fotografico","status":"publish","type":"post","link":"https:\/\/manualdetecnicafotografica.com\/blog\/como-proteger-tu-equipo-fotografico\/","title":{"rendered":"C\u00f3mo proteger tu equipo fotogr\u00e1fico de los cambios de temperatura"},"content":{"rendered":"\n<p>Ya sea que te inicies ahora en la fotograf\u00eda, o bien tengas a\u00f1os de experiencia, debes saber que todas las c\u00e1maras tienen un rango de temperatura para un funcionamiento \u00f3ptimo. As\u00ed es, al igual que cualquier dispositivo electr\u00f3nico. Este rango de temperatura suele estar (seg\u00fan modelo y fabricante), entre los 0\u00ba y los 40\u00ba C. \u00bfY qu\u00e9 sucede fuera de estas temperaturas? Funcionar\u00e1, pero seguro te encontrar\u00e1s con problemas m\u00e1s serios que un disparo lento, por ejemplo. As\u00ed que si te preocupa el cuidado de tu equipo, qu\u00e9date conmigo en esta nueva clase para aprender <strong>c\u00f3mo proteger tu equipo fotogr\u00e1fico<\/strong> y prevenir ciertos problemas a la hora de fotografiar en bajas temperaturas, as\u00ed c\u00f3mo tambi\u00e9n a solucionarlos si quieres capturar lo positivo que trae fotografiar en d\u00edas de fr\u00edo o con cambios de temperatura.<\/p>\n\n\n\n<h3 class=\"wp-block-heading\"><strong>Entonces&#8230; \u00bfC\u00f3mo debes proteger tu equipo fotogr\u00e1fico en condiciones de adversidad?<\/strong><\/h3>\n\n\n\n<figure class=\"wp-block-image size-large\"><img loading=\"lazy\" decoding=\"async\" width=\"1024\" height=\"536\" src=\"\/\/i0.wp.com\/manualdetecnicafotografica.com\/blog\/wp-content\/uploads\/2021\/05\/20210528_101408_0000-1024x536.png\" alt=\"\" class=\"wp-image-2574\" srcset=\"https:\/\/manualdetecnicafotografica.com\/blog\/wp-content\/uploads\/2021\/05\/20210528_101408_0000-1024x536.png 1024w, https:\/\/manualdetecnicafotografica.com\/blog\/wp-content\/uploads\/2021\/05\/20210528_101408_0000-300x157.png 300w, https:\/\/manualdetecnicafotografica.com\/blog\/wp-content\/uploads\/2021\/05\/20210528_101408_0000-768x402.png 768w, https:\/\/manualdetecnicafotografica.com\/blog\/wp-content\/uploads\/2021\/05\/20210528_101408_0000.png 1200w\" sizes=\"auto, (max-width: 1024px) 100vw, 1024px\" \/><\/figure>\n\n\n\n<h3 class=\"wp-block-heading\"><strong>Los problemas que pueden surgir<\/strong><\/h3>\n\n\n\n<p>Es posible que a temperaturas muy bajas, tu c\u00e1mara no funcione normalmente, que la pantalla LCD no se active o no funcione bien y tengas que elevar la temperatura de la c\u00e1mara. Esto no significa que la pongas encima de un radiador, pero s\u00ed puedes quedarte en alg\u00fan lugar cerrado donde la temperatura sea mayor, por ejemplo. Pero los problemas que m\u00e1s te vas a encontrar est\u00e1n relacionados con la bater\u00eda y con la condensaci\u00f3n. <\/p>\n\n\n\n<h3 class=\"has-medium-font-size wp-block-heading\"><span style=\"text-decoration: underline;\">Bater\u00eda<\/span><\/h3>\n\n\n\n<figure class=\"wp-block-image size-large\"><img loading=\"lazy\" decoding=\"async\" width=\"225\" height=\"225\" src=\"\/\/i0.wp.com\/manualdetecnicafotografica.com\/blog\/wp-content\/uploads\/2021\/05\/images.jpeg\" alt=\"\" class=\"wp-image-2575\" srcset=\"https:\/\/manualdetecnicafotografica.com\/blog\/wp-content\/uploads\/2021\/05\/images.jpeg 225w, https:\/\/manualdetecnicafotografica.com\/blog\/wp-content\/uploads\/2021\/05\/images-150x150.jpeg 150w\" sizes=\"auto, (max-width: 225px) 100vw, 225px\" \/><\/figure>\n\n\n\n<p>Con el fr\u00edo, las bater\u00edas rinden mucho menos que cuando lo hacen normalmente, y notar\u00e1s que tienen menos autonom\u00eda. Adem\u00e1s, tardan m\u00e1s tiempo en cargar. Ante esto, las mejor soluci\u00f3n es la m\u00e1s b\u00e1sica, llevar bater\u00edas extra, para no quedarte sin carga en el mejor momento. Otra opci\u00f3n&nbsp;es, que mientras no la utilices, las lleves pegadas al cuerpo o, por ejemplo, en un bolsillo del abrigo (si es interior mejor). Tu propio calor la proteger\u00e1 del fr\u00edo y aguantar\u00e1 m\u00e1s. <span style=\"text-decoration: underline;\">Ponla en la c\u00e1mara cuando la vayas a usar \u00fanicamente<\/span>.<\/p>\n\n\n\n<p>Cuando se agote la de repuesto, si has tenido la previsi\u00f3n de mantener la otra cerca de tu cuerpo, vuelve a probarla, porque es muy probable que te permita realizar unos cuantos disparos m\u00e1s. Es que el fr\u00edo las deja aletargadas pero con el calor vuelven a funcionar un tiempo m\u00e1s.<\/p>\n\n\n\n<h3 class=\"has-medium-font-size wp-block-heading\"><span style=\"text-decoration: underline;\">Condensaci\u00f3n<\/span><\/h3>\n\n\n\n<figure class=\"wp-block-image size-large\"><img loading=\"lazy\" decoding=\"async\" width=\"1024\" height=\"576\" src=\"\/\/i0.wp.com\/manualdetecnicafotografica.com\/blog\/wp-content\/uploads\/2021\/05\/pexels-vlad-kovriga-339119-1024x576.jpg\" alt=\"\" class=\"wp-image-2576\" srcset=\"https:\/\/manualdetecnicafotografica.com\/blog\/wp-content\/uploads\/2021\/05\/pexels-vlad-kovriga-339119-1024x576.jpg 1024w, https:\/\/manualdetecnicafotografica.com\/blog\/wp-content\/uploads\/2021\/05\/pexels-vlad-kovriga-339119-300x169.jpg 300w, https:\/\/manualdetecnicafotografica.com\/blog\/wp-content\/uploads\/2021\/05\/pexels-vlad-kovriga-339119-768x432.jpg 768w, https:\/\/manualdetecnicafotografica.com\/blog\/wp-content\/uploads\/2021\/05\/pexels-vlad-kovriga-339119-1536x864.jpg 1536w, https:\/\/manualdetecnicafotografica.com\/blog\/wp-content\/uploads\/2021\/05\/pexels-vlad-kovriga-339119-2048x1153.jpg 2048w\" sizes=\"auto, (max-width: 1024px) 100vw, 1024px\" \/><\/figure>\n\n\n\n<p>Si usas lentes seguro que sabes lo que es entrar a un ambiente muy c\u00e1lido desde la calle con mucho fr\u00edo y que se empa\u00f1en los cristales. Esto es lo m\u00ednimo que le puede pasar a tu c\u00e1mara (mejor dicho al objetivo) con un cambio de temperatura muy brusco. Pero tranquilo, que este problema es temporal, no podr\u00e1s hacer fotos durante unos minutos solamente.<\/p>\n\n\n\n<p><span style=\"text-decoration: underline;\">\u00bfPero qu\u00e9 pasar\u00eda si tu c\u00e1mara comenzara a transpirar por ejemplo? Esto ocurre cuando la humedad del ambiente se condensa en la c\u00e1mara. Aunque puede asustar mucho, no es grave si la condensaci\u00f3n es externa, sin embargo, una condensaci\u00f3n interna puede estropear tu c\u00e1mara por ejemplo<\/span>. Pero de nuevo, no te asustes, esto no es muy frecuente, pero hay formas de prevenirlo.<\/p>\n\n\n\n<p>No se trata de que tu c\u00e1mara entre en modo \u00abhibernaci\u00f3n\u00bb en invierno como hacen algunos animales, sino que simplemente debes tomar algunas precauciones necesarias.<\/p>\n\n\n\n<p><strong>Algunas de estas&nbsp;medidas&nbsp;son:<\/strong><\/p>\n\n\n\n<ul class=\"wp-block-list\"><li><span style=\"text-decoration: underline;\"><em>Poner en tu mochila algunas bolsas de s\u00edlice<\/em><\/span> (esas que vienen en las cajas de zapatillas deportivas o en lasbilleteras o accesorios de cuero por ejemplo. Esto ayudar\u00e1 a absorber la humedad general del equipo.<\/li><li><span style=\"text-decoration: underline;\"><em>Envolver la c\u00e1mara en una toalla<\/em><\/span> o prenda re ropa de algod\u00f3n antes de guardarla en la mochila.<\/li><li><span style=\"text-decoration: underline;\"><em>No sacar la c\u00e1mara de la mochila inmediatamente al cambiar de temperatura<\/em><\/span>, dejar que poco a poco se vaya adaptando a la temperatura del ambiente. Col\u00f3cala lejos de cualquier fuente de calor. Puedes abrir la mochila cuando pase un rato y dejar la c\u00e1mara otro rato m\u00e1s hasta que notes que ya no est\u00e1 fr\u00eda cuando entres en un espacio m\u00e1s c\u00e1lido (o al rev\u00e9s).<\/li><\/ul>\n\n\n\n<p>Lo importante es que el cambio de temperatura no sea muy brusco, por lo que cualquier soluci\u00f3n que sirva para que el cambio sea gradual (y que no sea agresiva para el equipo), ser\u00e1 bienvenida. Cuando vuelvas a casa, no olvides sacarla de la mochila hasta pasadas un par de horas. Aunque tengas que luchar contra la emoci\u00f3n de revisar las fotos, mejor ser\u00e1 que esperes un rato antes de comenzar a seleccionar y editar tus fotograf\u00edas.<\/p>\n\n\n\n<h3 class=\"has-medium-font-size wp-block-heading\"><span style=\"text-decoration: underline;\">Golpes<\/span><\/h3>\n\n\n\n<figure class=\"wp-block-image size-large\"><img loading=\"lazy\" decoding=\"async\" width=\"300\" height=\"168\" src=\"\/\/i0.wp.com\/manualdetecnicafotografica.com\/blog\/wp-content\/uploads\/2021\/05\/images-1.jpeg\" alt=\"\" class=\"wp-image-2577\"\/><\/figure>\n\n\n\n<p>Adem\u00e1s de la condensaci\u00f3n y del funcionamiento de las bater\u00edas, debes tener en cuenta que con temperaturas de -20\u00ba C o menos, el metal y algunos pl\u00e1sticos se vuelven m\u00e1s fr\u00e1giles, por lo que si reciben un golpe fuerte pueden agrietarse. Si normalmente tienes cuidado de no golpear el equipo o de que no se caiga, con condiciones de fr\u00edo intenso debes extremar a\u00fan m\u00e1s estas precauciones.<\/p>\n\n\n\n<h3 class=\"has-medium-font-size wp-block-heading\"><span style=\"text-decoration: underline;\">Nieve<\/span><\/h3>\n\n\n\n<figure class=\"wp-block-image size-large\"><img loading=\"lazy\" decoding=\"async\" width=\"1024\" height=\"683\" src=\"\/\/i0.wp.com\/manualdetecnicafotografica.com\/blog\/wp-content\/uploads\/2021\/05\/pexels-freestocksorg-839462-1024x683.jpg\" alt=\"\" class=\"wp-image-2578\" srcset=\"https:\/\/manualdetecnicafotografica.com\/blog\/wp-content\/uploads\/2021\/05\/pexels-freestocksorg-839462-1024x683.jpg 1024w, https:\/\/manualdetecnicafotografica.com\/blog\/wp-content\/uploads\/2021\/05\/pexels-freestocksorg-839462-300x200.jpg 300w, https:\/\/manualdetecnicafotografica.com\/blog\/wp-content\/uploads\/2021\/05\/pexels-freestocksorg-839462-768x512.jpg 768w, https:\/\/manualdetecnicafotografica.com\/blog\/wp-content\/uploads\/2021\/05\/pexels-freestocksorg-839462-1536x1024.jpg 1536w, https:\/\/manualdetecnicafotografica.com\/blog\/wp-content\/uploads\/2021\/05\/pexels-freestocksorg-839462-2048x1365.jpg 2048w, https:\/\/manualdetecnicafotografica.com\/blog\/wp-content\/uploads\/2021\/05\/pexels-freestocksorg-839462-272x182.jpg 272w\" sizes=\"auto, (max-width: 1024px) 100vw, 1024px\" \/><\/figure>\n\n\n\n<p><span style=\"text-decoration: underline;\">Si vas a fotografiar con nieve, procura usar alguna funda o bolsa impermeable para que la c\u00e1mara no se moje<\/span> y el da\u00f1o sea mucho m\u00e1s grave que unos pies congelados. Porque esos copos de hielo congelados acaban convirti\u00e9ndose en agua, principal enemigo de tu equipo fotogr\u00e1fico.<\/p>\n\n\n\n<p>Puedes tambi\u00e9n utilizar una&nbsp;mochila impermeable o al menos una funda impermeable para cubrirla. Si no, corres el riesgo de caer al agua con equipo incluido, una que incluya funda te servir\u00e1. Puedes tambi\u00e9n utilizar alguna gorra de ba\u00f1o o bolsa pl\u00e1stica con cierre herm\u00e9tico (esas que van al congelador de tu nevera, por ejemplo), para simular una bolsa estanco para tu c\u00e1mara.<\/p>\n\n\n\n<h3 class=\"has-medium-font-size wp-block-heading\"><span style=\"text-decoration: underline;\">Niebla<\/span><\/h3>\n\n\n\n<figure class=\"wp-block-image size-large\"><img loading=\"lazy\" decoding=\"async\" width=\"1024\" height=\"683\" src=\"\/\/i0.wp.com\/manualdetecnicafotografica.com\/blog\/wp-content\/uploads\/2021\/05\/pexels-aleksandar-pasaric-325185-1024x683.jpg\" alt=\"\" class=\"wp-image-2579\" srcset=\"https:\/\/manualdetecnicafotografica.com\/blog\/wp-content\/uploads\/2021\/05\/pexels-aleksandar-pasaric-325185-1024x683.jpg 1024w, https:\/\/manualdetecnicafotografica.com\/blog\/wp-content\/uploads\/2021\/05\/pexels-aleksandar-pasaric-325185-300x200.jpg 300w, https:\/\/manualdetecnicafotografica.com\/blog\/wp-content\/uploads\/2021\/05\/pexels-aleksandar-pasaric-325185-768x512.jpg 768w, https:\/\/manualdetecnicafotografica.com\/blog\/wp-content\/uploads\/2021\/05\/pexels-aleksandar-pasaric-325185-1536x1024.jpg 1536w, https:\/\/manualdetecnicafotografica.com\/blog\/wp-content\/uploads\/2021\/05\/pexels-aleksandar-pasaric-325185-2048x1365.jpg 2048w, https:\/\/manualdetecnicafotografica.com\/blog\/wp-content\/uploads\/2021\/05\/pexels-aleksandar-pasaric-325185-272x182.jpg 272w\" sizes=\"auto, (max-width: 1024px) 100vw, 1024px\" \/><\/figure>\n\n\n\n<p><span style=\"text-decoration: underline;\">No puedes perder la oportunidad de&nbsp;fotografiar la niebla matutina por miedo a estropear tu equipo. Es demasiado m\u00e1gica para ello y tu equipo puede ser protegido con una bolsa como con la nieve o envuelto en una camiseta o pa\u00f1o<\/span>. Tambi\u00e9n es buena idea secar la c\u00e1mara de vez en cuando para protegerla de tanta humedad.<\/p>\n\n\n\n<p>Y si no has podido esperar y la emoci\u00f3n de descargar las fotos o revisar esa fotograf\u00eda que has logrado y te ha encantado a tal punto que has sacado la c\u00e1mara de la mochila, y te das cuenta que la misma es una catarata de agua, tranquilo. Primero y ante todo, no vuelvas a generar un cambio brusco de temperatura y salgas a la calle para volver a enfriarla. Respira profundo y <strong>sigue estos pasos que te aconsejo<\/strong>:<\/p>\n\n\n\n<ol class=\"wp-block-list\"><li>Saca la bater\u00eda del equipo.<\/li><li>Abre todas las tapas que puedas.<\/li><li>Quita las tapas de los objetivos.<\/li><li>Seca, por fuera, con un pa\u00f1o suave la c\u00e1mara y los objetivos.<\/li><li>Col\u00f3calos cerca de una fuente de calor, no demasiado cerca, pero lo suficiente para que les llegue algo de calor y que se pueda ir evaporando el agua. D\u00e9jala el tiempo necesario para ello.<\/li><\/ol>\n\n\n\n<h2 class=\"wp-block-heading\"><strong>T\u00fa est\u00e1s primero<\/strong><\/h2>\n\n\n\n<div class=\"wp-block-image\"><figure class=\"aligncenter size-large\"><img loading=\"lazy\" decoding=\"async\" width=\"684\" height=\"1024\" src=\"\/\/i0.wp.com\/manualdetecnicafotografica.com\/blog\/wp-content\/uploads\/2021\/05\/pexels-brady-knoll-5914155-684x1024.jpg\" alt=\"\" class=\"wp-image-2580\" srcset=\"https:\/\/manualdetecnicafotografica.com\/blog\/wp-content\/uploads\/2021\/05\/pexels-brady-knoll-5914155-684x1024.jpg 684w, https:\/\/manualdetecnicafotografica.com\/blog\/wp-content\/uploads\/2021\/05\/pexels-brady-knoll-5914155-200x300.jpg 200w, https:\/\/manualdetecnicafotografica.com\/blog\/wp-content\/uploads\/2021\/05\/pexels-brady-knoll-5914155-768x1150.jpg 768w, https:\/\/manualdetecnicafotografica.com\/blog\/wp-content\/uploads\/2021\/05\/pexels-brady-knoll-5914155-1026x1536.jpg 1026w, https:\/\/manualdetecnicafotografica.com\/blog\/wp-content\/uploads\/2021\/05\/pexels-brady-knoll-5914155-1368x2048.jpg 1368w, https:\/\/manualdetecnicafotografica.com\/blog\/wp-content\/uploads\/2021\/05\/pexels-brady-knoll-5914155-scaled.jpg 1710w\" sizes=\"auto, (max-width: 684px) 100vw, 684px\" \/><\/figure><\/div>\n\n\n\n<p>Suena bastante l\u00f3gico que quieras proteger tu equipo a toda costa ante bajas temperaturas y el fr\u00edo pero \u00bfhas pensado c\u00f3mo se te pueden quedar las manos despu\u00e9s de varias horas a temperaturas por debajo de los 0\u00ba C? <span style=\"text-decoration: underline;\">Procura utilizar unos buenos guantes<\/span> de los que permiten dejar un par de dedos libres, porque si te los tienes que estar quitando y poniendo de nada sirve llevarlos.&nbsp;<\/p>\n\n\n\n<p><span style=\"text-decoration: underline;\">Recuerda que con fr\u00edo muy intenso, el metal se adhiere a la piel y a la hora de despegarlo es un proceso muy doloroso<\/span>, de ah\u00ed la importancia de los guantes y de tener cuidado al acercar una c\u00e1mara de metal cerca de la nariz o los p\u00f3mulos. <span style=\"text-decoration: underline;\">Un buen abrigo, un gorro t\u00e9rmico, y calzado acorde jam\u00e1s estar\u00e1n de m\u00e1s<\/span>. Recuerda que tu equipo es importante, pero t\u00fa m\u00e1s. <\/p>\n\n\n\n<p>Espero que la nota del d\u00eda de hoy haya sido de gran ayuda y decidas exponerte a otras temperaturas y a fotografiar en condiciones adversas, siempre lograr\u00e1s buenos resultados si te lo propones. Te espero&nbsp;tambi\u00e9n en mis redes sociales&nbsp;<a href=\"https:\/\/www.facebook.com\/ManualdeTecnicaFotografica\" target=\"_blank\" rel=\"noreferrer noopener\">Facebook<\/a>,&nbsp;<a href=\"https:\/\/www.pinterest.es\/JuanIgnacioTorresBlog\/\" target=\"_blank\" rel=\"noreferrer noopener\">Pinterest<\/a>&nbsp;e&nbsp;<a href=\"https:\/\/www.instagram.com\/manualdetecnicafotografica\/?hl=es-la\">Instagram<\/a>&nbsp;para que estemos siempre en contacto.<\/p>\n","protected":false},"excerpt":{"rendered":"<p>Ya sea que te inicies ahora en la fotograf\u00eda, o bien tengas a\u00f1os de experiencia, debes saber que todas las c\u00e1maras tienen un rango de temperatura para un funcionamiento \u00f3ptimo. As\u00ed es, al igual que cualquier dispositivo electr\u00f3nico. Este rango de temperatura suele estar (seg\u00fan modelo y fabricante), entre los 0\u00ba y los 40\u00ba C. [&hellip;]<\/p>\n","protected":false},"author":71,"featured_media":2581,"comment_status":"open","ping_status":"open","sticky":false,"template":"","format":"standard","meta":{"_genesis_hide_title":false,"_genesis_hide_breadcrumbs":false,"_genesis_hide_singular_image":false,"_genesis_hide_footer_widgets":false,"_genesis_custom_body_class":"","_genesis_custom_post_class":"","_genesis_layout":"","_glsr_average":0,"_glsr_ranking":0,"_glsr_reviews":0,"footnotes":""},"categories":[56,9,2,122],"tags":[287,288,289],"class_list":{"0":"post-2545","1":"post","2":"type-post","3":"status-publish","4":"format-standard","5":"has-post-thumbnail","7":"category-accesorios","8":"category-funciones-de-la-camara","9":"category-iniciacion","10":"category-nivel-intermedio","11":"tag-como-proteger-tu-equipo","12":"tag-como-proteger-tu-equipo-fotografico","13":"tag-equipo-fotografico-2","14":"entry"},"yoast_head":"<!-- This site is optimized with the Yoast SEO plugin v27.4 - https:\/\/yoast.com\/product\/yoast-seo-wordpress\/ -->\n<title>C\u00f3mo proteger tu equipo fotogr\u00e1fico de los cambios de temperatura - MDT<\/title>\n<meta name=\"description\" content=\"Aprende c\u00f3mo proteger tu equipo fotogr\u00e1fico de los cambios de temperatura. Cuidar tu herramienta de trabajo es lo m\u00e1s importante. \u00a1Te espero!\" \/>\n<meta name=\"robots\" content=\"index, follow, max-snippet:-1, max-image-preview:large, max-video-preview:-1\" \/>\n<link rel=\"canonical\" href=\"https:\/\/manualdetecnicafotografica.com\/blog\/como-proteger-tu-equipo-fotografico\/\" \/>\n<meta property=\"og:locale\" content=\"es_ES\" \/>\n<meta property=\"og:type\" content=\"article\" \/>\n<meta property=\"og:title\" content=\"C\u00f3mo proteger tu equipo fotogr\u00e1fico de los cambios de temperatura - MDT\" \/>\n<meta property=\"og:description\" content=\"Aprende c\u00f3mo proteger tu equipo fotogr\u00e1fico de los cambios de temperatura. Cuidar tu herramienta de trabajo es lo m\u00e1s importante. \u00a1Te espero!\" \/>\n<meta property=\"og:url\" content=\"https:\/\/manualdetecnicafotografica.com\/blog\/como-proteger-tu-equipo-fotografico\/\" \/>\n<meta property=\"og:site_name\" content=\"Iniciaci\u00f3n a la Fotograf\u00eda\" \/>\n<meta property=\"article:published_time\" content=\"2021-05-28T14:35:24+00:00\" \/>\n<meta property=\"article:modified_time\" content=\"2021-05-28T14:37:55+00:00\" \/>\n<meta property=\"og:image\" content=\"https:\/\/manualdetecnicafotografica.com\/blog\/wp-content\/uploads\/2021\/05\/0001-2025011752_20210528_101645_0000.png\" \/>\n\t<meta property=\"og:image:width\" content=\"1080\" \/>\n\t<meta property=\"og:image:height\" content=\"1080\" \/>\n\t<meta property=\"og:image:type\" content=\"image\/png\" \/>\n<meta name=\"author\" content=\"clara.vittino\" \/>\n<meta name=\"twitter:card\" content=\"summary_large_image\" \/>\n<meta name=\"twitter:label1\" content=\"Escrito por\" \/>\n\t<meta name=\"twitter:data1\" content=\"clara.vittino\" \/>\n\t<meta name=\"twitter:label2\" content=\"Tiempo de lectura\" \/>\n\t<meta name=\"twitter:data2\" content=\"8 minutos\" \/>\n<script type=\"application\/ld+json\" class=\"yoast-schema-graph\">{\"@context\":\"https:\\\/\\\/schema.org\",\"@graph\":[{\"@type\":\"Article\",\"@id\":\"https:\\\/\\\/manualdetecnicafotografica.com\\\/blog\\\/como-proteger-tu-equipo-fotografico\\\/#article\",\"isPartOf\":{\"@id\":\"https:\\\/\\\/manualdetecnicafotografica.com\\\/blog\\\/como-proteger-tu-equipo-fotografico\\\/\"},\"author\":{\"name\":\"clara.vittino\",\"@id\":\"https:\\\/\\\/manualdetecnicafotografica.com\\\/blog\\\/#\\\/schema\\\/person\\\/2c938f2af5c6ce790361c9e4bf1d78f3\"},\"headline\":\"C\u00f3mo proteger tu equipo fotogr\u00e1fico de los cambios de temperatura\",\"datePublished\":\"2021-05-28T14:35:24+00:00\",\"dateModified\":\"2021-05-28T14:37:55+00:00\",\"mainEntityOfPage\":{\"@id\":\"https:\\\/\\\/manualdetecnicafotografica.com\\\/blog\\\/como-proteger-tu-equipo-fotografico\\\/\"},\"wordCount\":1430,\"commentCount\":2,\"image\":{\"@id\":\"https:\\\/\\\/manualdetecnicafotografica.com\\\/blog\\\/como-proteger-tu-equipo-fotografico\\\/#primaryimage\"},\"thumbnailUrl\":\"https:\\\/\\\/manualdetecnicafotografica.com\\\/blog\\\/wp-content\\\/uploads\\\/2021\\\/05\\\/0001-2025011752_20210528_101645_0000.png\",\"keywords\":[\"como proteger tu equipo\",\"c\u00f3mo proteger tu equipo fotogr\u00e1fico\",\"equipo fotogr\u00e1fico\"],\"articleSection\":[\"Accesorios\",\"Funciones de la C\u00e1mara\",\"Iniciaci\u00f3n - Nivel Principiante\",\"Nivel Intermedio\"],\"inLanguage\":\"es\",\"potentialAction\":[{\"@type\":\"CommentAction\",\"name\":\"Comment\",\"target\":[\"https:\\\/\\\/manualdetecnicafotografica.com\\\/blog\\\/como-proteger-tu-equipo-fotografico\\\/#respond\"]}]},{\"@type\":\"WebPage\",\"@id\":\"https:\\\/\\\/manualdetecnicafotografica.com\\\/blog\\\/como-proteger-tu-equipo-fotografico\\\/\",\"url\":\"https:\\\/\\\/manualdetecnicafotografica.com\\\/blog\\\/como-proteger-tu-equipo-fotografico\\\/\",\"name\":\"C\u00f3mo proteger tu equipo fotogr\u00e1fico de los cambios de temperatura - MDT\",\"isPartOf\":{\"@id\":\"https:\\\/\\\/manualdetecnicafotografica.com\\\/blog\\\/#website\"},\"primaryImageOfPage\":{\"@id\":\"https:\\\/\\\/manualdetecnicafotografica.com\\\/blog\\\/como-proteger-tu-equipo-fotografico\\\/#primaryimage\"},\"image\":{\"@id\":\"https:\\\/\\\/manualdetecnicafotografica.com\\\/blog\\\/como-proteger-tu-equipo-fotografico\\\/#primaryimage\"},\"thumbnailUrl\":\"https:\\\/\\\/manualdetecnicafotografica.com\\\/blog\\\/wp-content\\\/uploads\\\/2021\\\/05\\\/0001-2025011752_20210528_101645_0000.png\",\"datePublished\":\"2021-05-28T14:35:24+00:00\",\"dateModified\":\"2021-05-28T14:37:55+00:00\",\"author\":{\"@id\":\"https:\\\/\\\/manualdetecnicafotografica.com\\\/blog\\\/#\\\/schema\\\/person\\\/2c938f2af5c6ce790361c9e4bf1d78f3\"},\"description\":\"Aprende c\u00f3mo proteger tu equipo fotogr\u00e1fico de los cambios de temperatura. Cuidar tu herramienta de trabajo es lo m\u00e1s importante. \u00a1Te espero!\",\"breadcrumb\":{\"@id\":\"https:\\\/\\\/manualdetecnicafotografica.com\\\/blog\\\/como-proteger-tu-equipo-fotografico\\\/#breadcrumb\"},\"inLanguage\":\"es\",\"potentialAction\":[{\"@type\":\"ReadAction\",\"target\":[\"https:\\\/\\\/manualdetecnicafotografica.com\\\/blog\\\/como-proteger-tu-equipo-fotografico\\\/\"]}]},{\"@type\":\"ImageObject\",\"inLanguage\":\"es\",\"@id\":\"https:\\\/\\\/manualdetecnicafotografica.com\\\/blog\\\/como-proteger-tu-equipo-fotografico\\\/#primaryimage\",\"url\":\"https:\\\/\\\/manualdetecnicafotografica.com\\\/blog\\\/wp-content\\\/uploads\\\/2021\\\/05\\\/0001-2025011752_20210528_101645_0000.png\",\"contentUrl\":\"https:\\\/\\\/manualdetecnicafotografica.com\\\/blog\\\/wp-content\\\/uploads\\\/2021\\\/05\\\/0001-2025011752_20210528_101645_0000.png\",\"width\":1080,\"height\":1080},{\"@type\":\"BreadcrumbList\",\"@id\":\"https:\\\/\\\/manualdetecnicafotografica.com\\\/blog\\\/como-proteger-tu-equipo-fotografico\\\/#breadcrumb\",\"itemListElement\":[{\"@type\":\"ListItem\",\"position\":1,\"name\":\"Portada\",\"item\":\"https:\\\/\\\/manualdetecnicafotografica.com\\\/blog\\\/\"},{\"@type\":\"ListItem\",\"position\":2,\"name\":\"C\u00f3mo proteger tu equipo fotogr\u00e1fico de los cambios de temperatura\"}]},{\"@type\":\"WebSite\",\"@id\":\"https:\\\/\\\/manualdetecnicafotografica.com\\\/blog\\\/#website\",\"url\":\"https:\\\/\\\/manualdetecnicafotografica.com\\\/blog\\\/\",\"name\":\"Iniciaci\u00f3n a la Fotograf\u00eda\",\"description\":\"Blog de Juan Ignacio Torres\",\"potentialAction\":[{\"@type\":\"SearchAction\",\"target\":{\"@type\":\"EntryPoint\",\"urlTemplate\":\"https:\\\/\\\/manualdetecnicafotografica.com\\\/blog\\\/?s={search_term_string}\"},\"query-input\":{\"@type\":\"PropertyValueSpecification\",\"valueRequired\":true,\"valueName\":\"search_term_string\"}}],\"inLanguage\":\"es\"},{\"@type\":\"Person\",\"@id\":\"https:\\\/\\\/manualdetecnicafotografica.com\\\/blog\\\/#\\\/schema\\\/person\\\/2c938f2af5c6ce790361c9e4bf1d78f3\",\"name\":\"clara.vittino\",\"image\":{\"@type\":\"ImageObject\",\"inLanguage\":\"es\",\"@id\":\"https:\\\/\\\/secure.gravatar.com\\\/avatar\\\/ceed02ba44570cfeaf67e7a67c443c9983480020c3832059de807f3bfb27910b?s=96&d=wavatar&r=g\",\"url\":\"https:\\\/\\\/secure.gravatar.com\\\/avatar\\\/ceed02ba44570cfeaf67e7a67c443c9983480020c3832059de807f3bfb27910b?s=96&d=wavatar&r=g\",\"contentUrl\":\"https:\\\/\\\/secure.gravatar.com\\\/avatar\\\/ceed02ba44570cfeaf67e7a67c443c9983480020c3832059de807f3bfb27910b?s=96&d=wavatar&r=g\",\"caption\":\"clara.vittino\"},\"url\":\"https:\\\/\\\/manualdetecnicafotografica.com\\\/blog\\\/author\\\/clara-vittino\\\/\"}]}<\/script>\n<!-- \/ Yoast SEO plugin. -->","yoast_head_json":{"title":"C\u00f3mo proteger tu equipo fotogr\u00e1fico de los cambios de temperatura - MDT","description":"Aprende c\u00f3mo proteger tu equipo fotogr\u00e1fico de los cambios de temperatura. Cuidar tu herramienta de trabajo es lo m\u00e1s importante. \u00a1Te espero!","robots":{"index":"index","follow":"follow","max-snippet":"max-snippet:-1","max-image-preview":"max-image-preview:large","max-video-preview":"max-video-preview:-1"},"canonical":"https:\/\/manualdetecnicafotografica.com\/blog\/como-proteger-tu-equipo-fotografico\/","og_locale":"es_ES","og_type":"article","og_title":"C\u00f3mo proteger tu equipo fotogr\u00e1fico de los cambios de temperatura - MDT","og_description":"Aprende c\u00f3mo proteger tu equipo fotogr\u00e1fico de los cambios de temperatura. Cuidar tu herramienta de trabajo es lo m\u00e1s importante. \u00a1Te espero!","og_url":"https:\/\/manualdetecnicafotografica.com\/blog\/como-proteger-tu-equipo-fotografico\/","og_site_name":"Iniciaci\u00f3n a la Fotograf\u00eda","article_published_time":"2021-05-28T14:35:24+00:00","article_modified_time":"2021-05-28T14:37:55+00:00","og_image":[{"width":1080,"height":1080,"url":"https:\/\/manualdetecnicafotografica.com\/blog\/wp-content\/uploads\/2021\/05\/0001-2025011752_20210528_101645_0000.png","type":"image\/png"}],"author":"clara.vittino","twitter_card":"summary_large_image","twitter_misc":{"Escrito por":"clara.vittino","Tiempo de lectura":"8 minutos"},"schema":{"@context":"https:\/\/schema.org","@graph":[{"@type":"Article","@id":"https:\/\/manualdetecnicafotografica.com\/blog\/como-proteger-tu-equipo-fotografico\/#article","isPartOf":{"@id":"https:\/\/manualdetecnicafotografica.com\/blog\/como-proteger-tu-equipo-fotografico\/"},"author":{"name":"clara.vittino","@id":"https:\/\/manualdetecnicafotografica.com\/blog\/#\/schema\/person\/2c938f2af5c6ce790361c9e4bf1d78f3"},"headline":"C\u00f3mo proteger tu equipo fotogr\u00e1fico de los cambios de temperatura","datePublished":"2021-05-28T14:35:24+00:00","dateModified":"2021-05-28T14:37:55+00:00","mainEntityOfPage":{"@id":"https:\/\/manualdetecnicafotografica.com\/blog\/como-proteger-tu-equipo-fotografico\/"},"wordCount":1430,"commentCount":2,"image":{"@id":"https:\/\/manualdetecnicafotografica.com\/blog\/como-proteger-tu-equipo-fotografico\/#primaryimage"},"thumbnailUrl":"https:\/\/manualdetecnicafotografica.com\/blog\/wp-content\/uploads\/2021\/05\/0001-2025011752_20210528_101645_0000.png","keywords":["como proteger tu equipo","c\u00f3mo proteger tu equipo fotogr\u00e1fico","equipo fotogr\u00e1fico"],"articleSection":["Accesorios","Funciones de la C\u00e1mara","Iniciaci\u00f3n - Nivel Principiante","Nivel Intermedio"],"inLanguage":"es","potentialAction":[{"@type":"CommentAction","name":"Comment","target":["https:\/\/manualdetecnicafotografica.com\/blog\/como-proteger-tu-equipo-fotografico\/#respond"]}]},{"@type":"WebPage","@id":"https:\/\/manualdetecnicafotografica.com\/blog\/como-proteger-tu-equipo-fotografico\/","url":"https:\/\/manualdetecnicafotografica.com\/blog\/como-proteger-tu-equipo-fotografico\/","name":"C\u00f3mo proteger tu equipo fotogr\u00e1fico de los cambios de temperatura - MDT","isPartOf":{"@id":"https:\/\/manualdetecnicafotografica.com\/blog\/#website"},"primaryImageOfPage":{"@id":"https:\/\/manualdetecnicafotografica.com\/blog\/como-proteger-tu-equipo-fotografico\/#primaryimage"},"image":{"@id":"https:\/\/manualdetecnicafotografica.com\/blog\/como-proteger-tu-equipo-fotografico\/#primaryimage"},"thumbnailUrl":"https:\/\/manualdetecnicafotografica.com\/blog\/wp-content\/uploads\/2021\/05\/0001-2025011752_20210528_101645_0000.png","datePublished":"2021-05-28T14:35:24+00:00","dateModified":"2021-05-28T14:37:55+00:00","author":{"@id":"https:\/\/manualdetecnicafotografica.com\/blog\/#\/schema\/person\/2c938f2af5c6ce790361c9e4bf1d78f3"},"description":"Aprende c\u00f3mo proteger tu equipo fotogr\u00e1fico de los cambios de temperatura. Cuidar tu herramienta de trabajo es lo m\u00e1s importante. \u00a1Te espero!","breadcrumb":{"@id":"https:\/\/manualdetecnicafotografica.com\/blog\/como-proteger-tu-equipo-fotografico\/#breadcrumb"},"inLanguage":"es","potentialAction":[{"@type":"ReadAction","target":["https:\/\/manualdetecnicafotografica.com\/blog\/como-proteger-tu-equipo-fotografico\/"]}]},{"@type":"ImageObject","inLanguage":"es","@id":"https:\/\/manualdetecnicafotografica.com\/blog\/como-proteger-tu-equipo-fotografico\/#primaryimage","url":"https:\/\/manualdetecnicafotografica.com\/blog\/wp-content\/uploads\/2021\/05\/0001-2025011752_20210528_101645_0000.png","contentUrl":"https:\/\/manualdetecnicafotografica.com\/blog\/wp-content\/uploads\/2021\/05\/0001-2025011752_20210528_101645_0000.png","width":1080,"height":1080},{"@type":"BreadcrumbList","@id":"https:\/\/manualdetecnicafotografica.com\/blog\/como-proteger-tu-equipo-fotografico\/#breadcrumb","itemListElement":[{"@type":"ListItem","position":1,"name":"Portada","item":"https:\/\/manualdetecnicafotografica.com\/blog\/"},{"@type":"ListItem","position":2,"name":"C\u00f3mo proteger tu equipo fotogr\u00e1fico de los cambios de temperatura"}]},{"@type":"WebSite","@id":"https:\/\/manualdetecnicafotografica.com\/blog\/#website","url":"https:\/\/manualdetecnicafotografica.com\/blog\/","name":"Iniciaci\u00f3n a la Fotograf\u00eda","description":"Blog de Juan Ignacio Torres","potentialAction":[{"@type":"SearchAction","target":{"@type":"EntryPoint","urlTemplate":"https:\/\/manualdetecnicafotografica.com\/blog\/?s={search_term_string}"},"query-input":{"@type":"PropertyValueSpecification","valueRequired":true,"valueName":"search_term_string"}}],"inLanguage":"es"},{"@type":"Person","@id":"https:\/\/manualdetecnicafotografica.com\/blog\/#\/schema\/person\/2c938f2af5c6ce790361c9e4bf1d78f3","name":"clara.vittino","image":{"@type":"ImageObject","inLanguage":"es","@id":"https:\/\/secure.gravatar.com\/avatar\/ceed02ba44570cfeaf67e7a67c443c9983480020c3832059de807f3bfb27910b?s=96&d=wavatar&r=g","url":"https:\/\/secure.gravatar.com\/avatar\/ceed02ba44570cfeaf67e7a67c443c9983480020c3832059de807f3bfb27910b?s=96&d=wavatar&r=g","contentUrl":"https:\/\/secure.gravatar.com\/avatar\/ceed02ba44570cfeaf67e7a67c443c9983480020c3832059de807f3bfb27910b?s=96&d=wavatar&r=g","caption":"clara.vittino"},"url":"https:\/\/manualdetecnicafotografica.com\/blog\/author\/clara-vittino\/"}]}},"_links":{"self":[{"href":"https:\/\/manualdetecnicafotografica.com\/blog\/wp-json\/wp\/v2\/posts\/2545","targetHints":{"allow":["GET"]}}],"collection":[{"href":"https:\/\/manualdetecnicafotografica.com\/blog\/wp-json\/wp\/v2\/posts"}],"about":[{"href":"https:\/\/manualdetecnicafotografica.com\/blog\/wp-json\/wp\/v2\/types\/post"}],"author":[{"embeddable":true,"href":"https:\/\/manualdetecnicafotografica.com\/blog\/wp-json\/wp\/v2\/users\/71"}],"replies":[{"embeddable":true,"href":"https:\/\/manualdetecnicafotografica.com\/blog\/wp-json\/wp\/v2\/comments?post=2545"}],"version-history":[{"count":5,"href":"https:\/\/manualdetecnicafotografica.com\/blog\/wp-json\/wp\/v2\/posts\/2545\/revisions"}],"predecessor-version":[{"id":2586,"href":"https:\/\/manualdetecnicafotografica.com\/blog\/wp-json\/wp\/v2\/posts\/2545\/revisions\/2586"}],"wp:featuredmedia":[{"embeddable":true,"href":"https:\/\/manualdetecnicafotografica.com\/blog\/wp-json\/wp\/v2\/media\/2581"}],"wp:attachment":[{"href":"https:\/\/manualdetecnicafotografica.com\/blog\/wp-json\/wp\/v2\/media?parent=2545"}],"wp:term":[{"taxonomy":"category","embeddable":true,"href":"https:\/\/manualdetecnicafotografica.com\/blog\/wp-json\/wp\/v2\/categories?post=2545"},{"taxonomy":"post_tag","embeddable":true,"href":"https:\/\/manualdetecnicafotografica.com\/blog\/wp-json\/wp\/v2\/tags?post=2545"}],"curies":[{"name":"wp","href":"https:\/\/api.w.org\/{rel}","templated":true}]}}