{"id":2405,"date":"2021-05-07T12:09:40","date_gmt":"2021-05-07T12:09:40","guid":{"rendered":"https:\/\/manualdetecnicafotografica.com\/blog\/?p=2405"},"modified":"2021-05-07T12:09:41","modified_gmt":"2021-05-07T12:09:41","slug":"aberracion-cromatica","status":"publish","type":"post","link":"https:\/\/manualdetecnicafotografica.com\/blog\/aberracion-cromatica\/","title":{"rendered":"\u00bfQu\u00e9 es la aberraci\u00f3n crom\u00e1tica y c\u00f3mo evitarla?"},"content":{"rendered":"\n<p><strong>La<\/strong>&nbsp;<strong>aberraci\u00f3n crom\u00e1tica<\/strong>&nbsp;es uno de los efectos \u00f3pticos m\u00e1s molestos con los que puedes encontrarte cuando hagas fotograf\u00edas. Por este motivo, hoy te ense\u00f1ar\u00e9 qu\u00e9 este esto a lo que le llamamos <strong>aberraci\u00f3n crom\u00e1tica<\/strong> y c\u00f3mo puedes evitarla para lograr grandes resultados en tus tomas&#8230; no te muevas de la pantalla porque la clase ya comienza.<\/p>\n\n\n\n<h3 class=\"wp-block-heading\"><strong>\u00bfQu\u00e9 es la aberraci\u00f3n crom\u00e1tica?<\/strong> &#8211; Aprende a evitarla con estos consejos<\/h3>\n\n\n\n<p>Como coment\u00e9 m\u00e1s arriba, la <strong>aberraci\u00f3n crom\u00e1tica<\/strong>&nbsp;es uno de los efectos \u00f3pticos m\u00e1s molestos con los que puedes encontrarte cuando hagas fotograf\u00edas. Suele aparecer de una forma bastante evidente cuando disparas con un fuerte contraluz, y es relativamente frecuente en las c\u00e1maras compactas, en las lentes u \u00f3pticas m\u00e1s econ\u00f3micas y en las c\u00e1maras de los m\u00f3viles o celulares. Pero calma, que ni siquiera los objetivos profesionales se libran de padecer de este efecto en ciertas condiciones de exposici\u00f3n, aunque de una forma m\u00e1s controlada y menos visible que en las \u00f3pticas o lentes fotogr\u00e1ficas m\u00e1s b\u00e1sicas.<\/p>\n\n\n\n<figure class=\"wp-block-image size-large\"><img loading=\"lazy\" decoding=\"async\" width=\"1024\" height=\"536\" src=\"\/\/i0.wp.com\/manualdetecnicafotografica.com\/blog\/wp-content\/uploads\/2021\/05\/Imagen-articulo-10-1-1024x536.png\" alt=\"\" class=\"wp-image-2436\" srcset=\"https:\/\/manualdetecnicafotografica.com\/blog\/wp-content\/uploads\/2021\/05\/Imagen-articulo-10-1-1024x536.png 1024w, https:\/\/manualdetecnicafotografica.com\/blog\/wp-content\/uploads\/2021\/05\/Imagen-articulo-10-1-300x157.png 300w, https:\/\/manualdetecnicafotografica.com\/blog\/wp-content\/uploads\/2021\/05\/Imagen-articulo-10-1-768x402.png 768w, https:\/\/manualdetecnicafotografica.com\/blog\/wp-content\/uploads\/2021\/05\/Imagen-articulo-10-1.png 1200w\" sizes=\"auto, (max-width: 1024px) 100vw, 1024px\" \/><\/figure>\n\n\n\n<p>Para minimizar la aparici\u00f3n de este efecto \u00f3ptico, los fabricantes de objetivos fotogr\u00e1ficos suelen recurrir a algunas estrategias, como optar por fabricar lentes de un material llamado \u00abFluorita\u00bb; un mineral capaz de&nbsp;minimizar en gran medida las aberraciones crom\u00e1ticas, por ejemplo. Pero cuando es necesario mantener bajo el precio del objetivo, optan por utilizar materiales de menor calidad, complicando la estructura de la lente y generando ciertos efectos \u00f3pticos molestos a la hora de fotografiar.<\/p>\n\n\n\n<p>Por esta raz\u00f3n y algunas otras, a continuaci\u00f3n te explicar\u00e9 qu\u00e9 es la <strong>aberraci\u00f3n crom\u00e1tica<\/strong> y c\u00f3mo puedes evitarla.<\/p>\n\n\n\n<div class=\"wp-block-image\"><figure class=\"aligncenter size-large\"><img loading=\"lazy\" decoding=\"async\" width=\"1024\" height=\"768\" src=\"\/\/i0.wp.com\/manualdetecnicafotografica.com\/blog\/wp-content\/uploads\/2021\/05\/pexels-dobromir-hristov-3845162-1024x768.jpg\" alt=\"\" class=\"wp-image-2437\" srcset=\"https:\/\/manualdetecnicafotografica.com\/blog\/wp-content\/uploads\/2021\/05\/pexels-dobromir-hristov-3845162-1024x768.jpg 1024w, https:\/\/manualdetecnicafotografica.com\/blog\/wp-content\/uploads\/2021\/05\/pexels-dobromir-hristov-3845162-300x225.jpg 300w, https:\/\/manualdetecnicafotografica.com\/blog\/wp-content\/uploads\/2021\/05\/pexels-dobromir-hristov-3845162-768x576.jpg 768w, https:\/\/manualdetecnicafotografica.com\/blog\/wp-content\/uploads\/2021\/05\/pexels-dobromir-hristov-3845162-1536x1152.jpg 1536w, https:\/\/manualdetecnicafotografica.com\/blog\/wp-content\/uploads\/2021\/05\/pexels-dobromir-hristov-3845162-2048x1536.jpg 2048w\" sizes=\"auto, (max-width: 1024px) 100vw, 1024px\" \/><\/figure><\/div>\n\n\n\n<h3 class=\"wp-block-heading\"><strong>C\u00f3mo se ve la aberraci\u00f3n crom\u00e1tica<\/strong><\/h3>\n\n\n\n<p>Como te he mencionado antes, la aberraci\u00f3n crom\u00e1tica es un efecto \u00f3ptico generado por el objetivo de la c\u00e1mara, y se manifiesta por medio de ciertas irregularidades del color que suelen ser visibles en las zonas de transici\u00f3n de la imagen en las que&nbsp;hay un contraste fuerte entre tono y tono. L\u00f3gicamente, este efecto no puedes verlo con tus propios ojos, y en algunos casos est\u00e1 tan marcado que puede arruinar una fotograf\u00eda, por m\u00e1s que la imagen est\u00e9 correctamente expuesta y hayas logrado una buena composici\u00f3n.<\/p>\n\n\n\n<p>A continuaci\u00f3n te muestro algunos ejemplos de<em> <span style=\"text-decoration: underline;\">c\u00f3mo se ve la aberraci\u00f3n crom\u00e1tica si le haces zoom a la imagen<\/span><\/em>, puesto que no podr\u00e1s identificarla a simple vista:<\/p>\n\n\n\n<div class=\"wp-block-image\"><figure class=\"aligncenter size-large\"><img loading=\"lazy\" decoding=\"async\" width=\"512\" height=\"1024\" src=\"\/\/i0.wp.com\/manualdetecnicafotografica.com\/blog\/wp-content\/uploads\/2021\/05\/aberracion-transversal-ejemplo-peine-viento-734x1467-1-1-512x1024.jpg\" alt=\"\" class=\"wp-image-2432\" srcset=\"https:\/\/manualdetecnicafotografica.com\/blog\/wp-content\/uploads\/2021\/05\/aberracion-transversal-ejemplo-peine-viento-734x1467-1-1-512x1024.jpg 512w, https:\/\/manualdetecnicafotografica.com\/blog\/wp-content\/uploads\/2021\/05\/aberracion-transversal-ejemplo-peine-viento-734x1467-1-1-150x300.jpg 150w, https:\/\/manualdetecnicafotografica.com\/blog\/wp-content\/uploads\/2021\/05\/aberracion-transversal-ejemplo-peine-viento-734x1467-1-1.jpg 734w\" sizes=\"auto, (max-width: 512px) 100vw, 512px\" \/><\/figure><\/div>\n\n\n\n<div class=\"wp-block-image\"><figure class=\"aligncenter size-large\"><img loading=\"lazy\" decoding=\"async\" width=\"600\" height=\"315\" src=\"\/\/i0.wp.com\/manualdetecnicafotografica.com\/blog\/wp-content\/uploads\/2021\/05\/aberraciones-cromaticas-destacada-3-600x315-cropped.jpg\" alt=\"\" class=\"wp-image-2433\" srcset=\"https:\/\/manualdetecnicafotografica.com\/blog\/wp-content\/uploads\/2021\/05\/aberraciones-cromaticas-destacada-3-600x315-cropped.jpg 600w, https:\/\/manualdetecnicafotografica.com\/blog\/wp-content\/uploads\/2021\/05\/aberraciones-cromaticas-destacada-3-600x315-cropped-300x158.jpg 300w\" sizes=\"auto, (max-width: 600px) 100vw, 600px\" \/><\/figure><\/div>\n\n\n\n<p>Para entender por qu\u00e9 se produce la aberraci\u00f3n crom\u00e1tica tienes que saber algunas de las caracter\u00edsticas f\u00edsicas de la  la luz, que es la materia prima de las fotograf\u00edas. La luz natural que llega del Sol es el resultado de la combinaci\u00f3n de varias luces diferentes, cada una de ella<em>s<strong>&nbsp;<\/strong>con un color y una longitud de onda distintos que se propagan a una determinada velocidad<\/em>.<\/p>\n\n\n\n<p>Si te limitas al espectro de luz que puedes ver con tus propios ojos, sin utilizar dispositivos adicionales, los colores que importan son el rojo, el naranja, el amarillo, el verde, el azul celeste, el azul y el violeta. Las ondas cuya longitud est\u00e1n por encima del color rojo, constituyen la radiaci\u00f3n Infrarroja (por ejemplo los dispositivos de visi\u00f3n nocturna), y las que est\u00e1n por debajo del color violeta, forman parte del espectro de la radiaci\u00f3n Ultravioleta (como por ejemplo, los rayos del Sol, que no puedes verlos). Nuestros ojos no son capaces de percibirlas de manera natural; s\u00f3lo aquellas ondas comprendidas entre el rojo y el violeta.<\/p>\n\n\n\n<p>Hay una ley f\u00edsica (la Ley de Snell), que habla de un fen\u00f3meno lum\u00ednico llamado <strong>\u00abRefracci\u00f3n<\/strong>\u00ab. Cuando la luz pasa del aire a otro medio transparente (como puede ser el vidrio de un prisma por ejemplo), disminuye su velocidad de propagaci\u00f3n y se desv\u00eda de su trayectoria original. La trayectoria que seguir\u00e1 la luz depende de su longitud de onda y su frecuencia. Como he mencionado m\u00e1s arriba, cada uno de los colores que componen el espectro visible de la luz, tiene una longitud de onda diferente, lo que provoca que la luz de cada uno de ellos&nbsp;siga una trayectoria distinta, separ\u00e1ndose. Este interesante efecto puedes verlo no s\u00f3lo cuando la luz es \u00abdescompuesta\u00bb por un objeto como el prisma por ejemplo, sino tambi\u00e9n en la vida cotidiana cuando la luz del sol atraviesa las gotas de agua suspendidas en el aire durante o despu\u00e9s de la lluvia, provocando la aparici\u00f3n del arco iris.<\/p>\n\n\n\n<p>S\u00e9 que quiz\u00e1s hasta ahora es mucho para entender y procesar, pero si tienes presente lo que te he contado, entender\u00e1s que lo que sucede cuando la luz atraviesa las lentes que conforman el objetivo de tu c\u00e1mara, es lo mismo que sucede con el prisma: se \u00abdescompone\u00bb en los colores que la conforman. Ten en cuenta que la dispersi\u00f3n de la luz&nbsp;no es igual en todas las lentes fotogr\u00e1ficas y es por eso que existen algunas \u00f3pticas con muy baja dispersi\u00f3n, minimizando este efecto. Lo que importa aqu\u00ed es que <strong>la aberraci\u00f3n crom\u00e1tica aparece cuando la luz de alguna de las componentes converge en un punto del plano focal <\/strong>(la superficie del sensor de la c\u00e1mara) <strong>distinto al de las dem\u00e1s<\/strong>, generando la aparici\u00f3n de este molesto efecto \u00f3ptico.<\/p>\n\n\n\n<h3 class=\"wp-block-heading\"><strong>C\u00f3mo evitar la aberraci\u00f3n crom\u00e1tica<\/strong><\/h3>\n\n\n\n<p>La buena noticia es que los objetivos de buena calidad suelen mantener la aberraci\u00f3n crom\u00e1tica bajo control, minimizando la probabilidad de que esta aparezca. Adem\u00e1s, t\u00fa tambi\u00e9n puedes ayudar a que la misma no aparezca.<\/p>\n\n\n\n<p>Debajo te cuento algunos consejos que pueden ayudar a combatirla:<\/p>\n\n\n\n<ul class=\"wp-block-list\"><li><strong><a href=\"https:\/\/manualdetecnicafotografica.com\/blog\/raw-vs-jpg\/\" target=\"_blank\" rel=\"noreferrer noopener\">Dispara en RAW<\/a><\/strong>: Esto no evitar\u00e1 la aparici\u00f3n de la aberraci\u00f3n crom\u00e1tica si tu \u00f3ptica tiene alguna deficiencia, pero al menos te permitir\u00e1 corregirla con bastante precisi\u00f3n en el post-procesado, utilizando alg\u00fan programa de edici\u00f3n como Lightroom o Photoshop, entre otros.<\/li><\/ul>\n\n\n\n<ul class=\"wp-block-list\"><li>Si utilizas un objetivo con zoom,&nbsp;<strong>trata de no utilizar las focales extremas<\/strong>: Si vas a disparar en un contraluz fuerte y utilizas una \u00f3ptica con zoom, es preferible que no uses ni la distancia focal m\u00e1s corta, ni la m\u00e1s larga. En estas condiciones estos objetivos suelen ser sensibles a la aberraci\u00f3n crom\u00e1tica.<\/li><\/ul>\n\n\n\n<ul class=\"wp-block-list\"><li><strong>No utilices aperturas de diafragma extremas<\/strong> por la misma raz\u00f3n mencionada arriba. Los extremos de las aperturas de diafragma suelen favorecer la aparici\u00f3n de la aberraci\u00f3n crom\u00e1tica.<\/li><\/ul>\n\n\n\n<ul class=\"wp-block-list\"><li><strong>Evita los contraluces<\/strong>: \u00c9ste escenario provoca la aparici\u00f3n de fuertes contrastes en la fotograf\u00eda, y si tu \u00f3ptica no es de buena calidad, es muy probable que la aberraci\u00f3n crom\u00e1tica aparezca. l\u00f3gicamente, si tu intenci\u00f3n es disparar expresamente a contraluz por razones creativas, ten presentes estos consejos que te ser\u00e1n de gran ayuda.<\/li><\/ul>\n\n\n\n<h3 class=\"wp-block-heading\"><strong>La aberraci\u00f3n crom\u00e1tica y el post-procesado<\/strong><\/h3>\n\n\n\n<p>Como te he comentado m\u00e1s arriba,&nbsp;es posible reducir la aberraci\u00f3n crom\u00e1tica de tus fotograf\u00edas&nbsp;utilizando programas de edici\u00f3n tales como <a href=\"https:\/\/manualdetecnicafotografica.com\/blog\/iniciacion-adobe-lightroom-los-fotografos-necesitan-usarlo\/\" target=\"_blank\" rel=\"noreferrer noopener\"><strong>Lightroom<\/strong><\/a>, <a href=\"https:\/\/manualdetecnicafotografica.com\/blog\/primeros-pasos-retoque-photoshop\/\" target=\"_blank\" rel=\"noreferrer noopener\"><strong>Photoshop<\/strong><\/a>, o cualquier otro editor de fotograf\u00edas avanzado.<\/p>\n\n\n\n<p>Para hacerlo, puedes recurrir a los ajustes de \u00abCorrecci\u00f3n de Lente\u00bb en Lightroom (suelen estar en la pesta\u00f1a de Revelado en el panel derecho) y a las m\u00e1scaras de capa en Photoshop. <span style=\"text-decoration: underline;\">Pronto lanzar\u00e9 algunos art\u00edculos relacionados a esos temas as\u00ed que estate atengo si este tema es de tu inter\u00e9s<\/span>.<\/p>\n\n\n\n<div class=\"wp-block-image\"><figure class=\"aligncenter size-large\"><img loading=\"lazy\" decoding=\"async\" width=\"282\" height=\"210\" src=\"\/\/i0.wp.com\/manualdetecnicafotografica.com\/blog\/wp-content\/uploads\/2021\/05\/correcion-lente.png\" alt=\"\" class=\"wp-image-2438\"\/><figcaption>C\u00f3mo quitar la aberraci\u00f3n crom\u00e1tica en Lightroom<\/figcaption><\/figure><\/div>\n\n\n\n<p>Espero que el art\u00edculo del d\u00eda de haya sido de gran utilidad. \u00a1Te espero&nbsp;tambi\u00e9n en mis redes sociales&nbsp;<a href=\"https:\/\/www.facebook.com\/ManualdeTecnicaFotografica\" target=\"_blank\" rel=\"noreferrer noopener\"><strong>Facebook<\/strong><\/a>,&nbsp;<strong><a href=\"https:\/\/www.pinterest.es\/JuanIgnacioTorresBlog\/\" target=\"_blank\" rel=\"noreferrer noopener\">Pinterest<\/a>&nbsp;<\/strong>e&nbsp;<strong><a href=\"https:\/\/www.instagram.com\/manualdetecnicafotografica\/?hl=es-la\">Instagram<\/a>&nbsp;<\/strong>para que estemos siempre en contacto!<\/p>\n","protected":false},"excerpt":{"rendered":"<p>La&nbsp;aberraci\u00f3n crom\u00e1tica&nbsp;es uno de los efectos \u00f3pticos m\u00e1s molestos con los que puedes encontrarte cuando hagas fotograf\u00edas. Por este motivo, hoy te ense\u00f1ar\u00e9 qu\u00e9 este esto a lo que le llamamos aberraci\u00f3n crom\u00e1tica y c\u00f3mo puedes evitarla para lograr grandes resultados en tus tomas&#8230; no te muevas de la pantalla porque la clase ya comienza. [&hellip;]<\/p>\n","protected":false},"author":71,"featured_media":2435,"comment_status":"open","ping_status":"open","sticky":false,"template":"","format":"standard","meta":{"_genesis_hide_title":false,"_genesis_hide_breadcrumbs":false,"_genesis_hide_singular_image":false,"_genesis_hide_footer_widgets":false,"_genesis_custom_body_class":"","_genesis_custom_post_class":"","_genesis_layout":"","_glsr_average":0,"_glsr_ranking":0,"_glsr_reviews":0,"footnotes":""},"categories":[77,2,122,100],"tags":[249,250,251,171,252,253,168],"class_list":{"0":"post-2405","1":"post","2":"type-post","3":"status-publish","4":"format-standard","5":"has-post-thumbnail","7":"category-efectos-y-color","8":"category-iniciacion","9":"category-nivel-intermedio","10":"category-retoque-fotografico","11":"tag-aberracion-cromatica","12":"tag-aprendiendo-fotografia","13":"tag-efecto-optico","14":"tag-funciones-de-la-camara","15":"tag-lentes-fotograficas","16":"tag-opticas-fotograficas","17":"tag-post-procesado","18":"entry"},"yoast_head":"<!-- This site is optimized with the Yoast SEO plugin v27.4 - https:\/\/yoast.com\/product\/yoast-seo-wordpress\/ -->\n<title>\u00bfQu\u00e9 es la aberraci\u00f3n crom\u00e1tica y c\u00f3mo evitarla? -<\/title>\n<meta name=\"description\" content=\"Aprende a entender c\u00f3mo se compone la luz y convi\u00e9rtete en un sabelotodo de la fotograf\u00eda. La aberraci\u00f3n crom\u00e1tica ya no ser\u00e1 un problema \u00a1Te espero en mi Blog!\" \/>\n<meta name=\"robots\" content=\"index, follow, max-snippet:-1, max-image-preview:large, max-video-preview:-1\" \/>\n<link rel=\"canonical\" href=\"https:\/\/manualdetecnicafotografica.com\/blog\/aberracion-cromatica\/\" \/>\n<meta property=\"og:locale\" content=\"es_ES\" \/>\n<meta property=\"og:type\" content=\"article\" \/>\n<meta property=\"og:title\" content=\"\u00bfQu\u00e9 es la aberraci\u00f3n crom\u00e1tica y c\u00f3mo evitarla? -\" \/>\n<meta property=\"og:description\" content=\"Aprende a entender c\u00f3mo se compone la luz y convi\u00e9rtete en un sabelotodo de la fotograf\u00eda. La aberraci\u00f3n crom\u00e1tica ya no ser\u00e1 un problema \u00a1Te espero en mi Blog!\" \/>\n<meta property=\"og:url\" content=\"https:\/\/manualdetecnicafotografica.com\/blog\/aberracion-cromatica\/\" \/>\n<meta property=\"og:site_name\" content=\"Iniciaci\u00f3n a la Fotograf\u00eda\" \/>\n<meta property=\"article:published_time\" content=\"2021-05-07T12:09:40+00:00\" \/>\n<meta property=\"article:modified_time\" content=\"2021-05-07T12:09:41+00:00\" \/>\n<meta property=\"og:image\" content=\"https:\/\/manualdetecnicafotografica.com\/blog\/wp-content\/uploads\/2021\/05\/Miniatura-Blog-JIT-11.png\" \/>\n\t<meta property=\"og:image:width\" content=\"1080\" \/>\n\t<meta property=\"og:image:height\" content=\"1080\" \/>\n\t<meta property=\"og:image:type\" content=\"image\/png\" \/>\n<meta name=\"author\" content=\"clara.vittino\" \/>\n<meta name=\"twitter:card\" content=\"summary_large_image\" \/>\n<meta name=\"twitter:label1\" content=\"Escrito por\" \/>\n\t<meta name=\"twitter:data1\" content=\"clara.vittino\" \/>\n\t<meta name=\"twitter:label2\" content=\"Tiempo de lectura\" \/>\n\t<meta name=\"twitter:data2\" content=\"7 minutos\" \/>\n<script type=\"application\/ld+json\" class=\"yoast-schema-graph\">{\"@context\":\"https:\\\/\\\/schema.org\",\"@graph\":[{\"@type\":\"Article\",\"@id\":\"https:\\\/\\\/manualdetecnicafotografica.com\\\/blog\\\/aberracion-cromatica\\\/#article\",\"isPartOf\":{\"@id\":\"https:\\\/\\\/manualdetecnicafotografica.com\\\/blog\\\/aberracion-cromatica\\\/\"},\"author\":{\"name\":\"clara.vittino\",\"@id\":\"https:\\\/\\\/manualdetecnicafotografica.com\\\/blog\\\/#\\\/schema\\\/person\\\/2c938f2af5c6ce790361c9e4bf1d78f3\"},\"headline\":\"\u00bfQu\u00e9 es la aberraci\u00f3n crom\u00e1tica y c\u00f3mo evitarla?\",\"datePublished\":\"2021-05-07T12:09:40+00:00\",\"dateModified\":\"2021-05-07T12:09:41+00:00\",\"mainEntityOfPage\":{\"@id\":\"https:\\\/\\\/manualdetecnicafotografica.com\\\/blog\\\/aberracion-cromatica\\\/\"},\"wordCount\":1350,\"commentCount\":2,\"image\":{\"@id\":\"https:\\\/\\\/manualdetecnicafotografica.com\\\/blog\\\/aberracion-cromatica\\\/#primaryimage\"},\"thumbnailUrl\":\"https:\\\/\\\/manualdetecnicafotografica.com\\\/blog\\\/wp-content\\\/uploads\\\/2021\\\/05\\\/Miniatura-Blog-JIT-11.png\",\"keywords\":[\"aberracion cromatica\",\"aprendiendo fotografia\",\"efecto optico\",\"funciones de la camara\",\"lentes fotograficas\",\"opticas fotograficas\",\"post procesado\"],\"articleSection\":[\"Efectos y Color\",\"Iniciaci\u00f3n - Nivel Principiante\",\"Nivel Intermedio\",\"Retoque Fotogr\u00e1fico\"],\"inLanguage\":\"es\",\"potentialAction\":[{\"@type\":\"CommentAction\",\"name\":\"Comment\",\"target\":[\"https:\\\/\\\/manualdetecnicafotografica.com\\\/blog\\\/aberracion-cromatica\\\/#respond\"]}]},{\"@type\":\"WebPage\",\"@id\":\"https:\\\/\\\/manualdetecnicafotografica.com\\\/blog\\\/aberracion-cromatica\\\/\",\"url\":\"https:\\\/\\\/manualdetecnicafotografica.com\\\/blog\\\/aberracion-cromatica\\\/\",\"name\":\"\u00bfQu\u00e9 es la aberraci\u00f3n crom\u00e1tica y c\u00f3mo evitarla? -\",\"isPartOf\":{\"@id\":\"https:\\\/\\\/manualdetecnicafotografica.com\\\/blog\\\/#website\"},\"primaryImageOfPage\":{\"@id\":\"https:\\\/\\\/manualdetecnicafotografica.com\\\/blog\\\/aberracion-cromatica\\\/#primaryimage\"},\"image\":{\"@id\":\"https:\\\/\\\/manualdetecnicafotografica.com\\\/blog\\\/aberracion-cromatica\\\/#primaryimage\"},\"thumbnailUrl\":\"https:\\\/\\\/manualdetecnicafotografica.com\\\/blog\\\/wp-content\\\/uploads\\\/2021\\\/05\\\/Miniatura-Blog-JIT-11.png\",\"datePublished\":\"2021-05-07T12:09:40+00:00\",\"dateModified\":\"2021-05-07T12:09:41+00:00\",\"author\":{\"@id\":\"https:\\\/\\\/manualdetecnicafotografica.com\\\/blog\\\/#\\\/schema\\\/person\\\/2c938f2af5c6ce790361c9e4bf1d78f3\"},\"description\":\"Aprende a entender c\u00f3mo se compone la luz y convi\u00e9rtete en un sabelotodo de la fotograf\u00eda. La aberraci\u00f3n crom\u00e1tica ya no ser\u00e1 un problema \u00a1Te espero en mi Blog!\",\"breadcrumb\":{\"@id\":\"https:\\\/\\\/manualdetecnicafotografica.com\\\/blog\\\/aberracion-cromatica\\\/#breadcrumb\"},\"inLanguage\":\"es\",\"potentialAction\":[{\"@type\":\"ReadAction\",\"target\":[\"https:\\\/\\\/manualdetecnicafotografica.com\\\/blog\\\/aberracion-cromatica\\\/\"]}]},{\"@type\":\"ImageObject\",\"inLanguage\":\"es\",\"@id\":\"https:\\\/\\\/manualdetecnicafotografica.com\\\/blog\\\/aberracion-cromatica\\\/#primaryimage\",\"url\":\"https:\\\/\\\/manualdetecnicafotografica.com\\\/blog\\\/wp-content\\\/uploads\\\/2021\\\/05\\\/Miniatura-Blog-JIT-11.png\",\"contentUrl\":\"https:\\\/\\\/manualdetecnicafotografica.com\\\/blog\\\/wp-content\\\/uploads\\\/2021\\\/05\\\/Miniatura-Blog-JIT-11.png\",\"width\":1080,\"height\":1080},{\"@type\":\"BreadcrumbList\",\"@id\":\"https:\\\/\\\/manualdetecnicafotografica.com\\\/blog\\\/aberracion-cromatica\\\/#breadcrumb\",\"itemListElement\":[{\"@type\":\"ListItem\",\"position\":1,\"name\":\"Portada\",\"item\":\"https:\\\/\\\/manualdetecnicafotografica.com\\\/blog\\\/\"},{\"@type\":\"ListItem\",\"position\":2,\"name\":\"\u00bfQu\u00e9 es la aberraci\u00f3n crom\u00e1tica y c\u00f3mo evitarla?\"}]},{\"@type\":\"WebSite\",\"@id\":\"https:\\\/\\\/manualdetecnicafotografica.com\\\/blog\\\/#website\",\"url\":\"https:\\\/\\\/manualdetecnicafotografica.com\\\/blog\\\/\",\"name\":\"Iniciaci\u00f3n a la Fotograf\u00eda\",\"description\":\"Blog de Juan Ignacio Torres\",\"potentialAction\":[{\"@type\":\"SearchAction\",\"target\":{\"@type\":\"EntryPoint\",\"urlTemplate\":\"https:\\\/\\\/manualdetecnicafotografica.com\\\/blog\\\/?s={search_term_string}\"},\"query-input\":{\"@type\":\"PropertyValueSpecification\",\"valueRequired\":true,\"valueName\":\"search_term_string\"}}],\"inLanguage\":\"es\"},{\"@type\":\"Person\",\"@id\":\"https:\\\/\\\/manualdetecnicafotografica.com\\\/blog\\\/#\\\/schema\\\/person\\\/2c938f2af5c6ce790361c9e4bf1d78f3\",\"name\":\"clara.vittino\",\"image\":{\"@type\":\"ImageObject\",\"inLanguage\":\"es\",\"@id\":\"https:\\\/\\\/secure.gravatar.com\\\/avatar\\\/ceed02ba44570cfeaf67e7a67c443c9983480020c3832059de807f3bfb27910b?s=96&d=wavatar&r=g\",\"url\":\"https:\\\/\\\/secure.gravatar.com\\\/avatar\\\/ceed02ba44570cfeaf67e7a67c443c9983480020c3832059de807f3bfb27910b?s=96&d=wavatar&r=g\",\"contentUrl\":\"https:\\\/\\\/secure.gravatar.com\\\/avatar\\\/ceed02ba44570cfeaf67e7a67c443c9983480020c3832059de807f3bfb27910b?s=96&d=wavatar&r=g\",\"caption\":\"clara.vittino\"},\"url\":\"https:\\\/\\\/manualdetecnicafotografica.com\\\/blog\\\/author\\\/clara-vittino\\\/\"}]}<\/script>\n<!-- \/ Yoast SEO plugin. -->","yoast_head_json":{"title":"\u00bfQu\u00e9 es la aberraci\u00f3n crom\u00e1tica y c\u00f3mo evitarla? -","description":"Aprende a entender c\u00f3mo se compone la luz y convi\u00e9rtete en un sabelotodo de la fotograf\u00eda. La aberraci\u00f3n crom\u00e1tica ya no ser\u00e1 un problema \u00a1Te espero en mi Blog!","robots":{"index":"index","follow":"follow","max-snippet":"max-snippet:-1","max-image-preview":"max-image-preview:large","max-video-preview":"max-video-preview:-1"},"canonical":"https:\/\/manualdetecnicafotografica.com\/blog\/aberracion-cromatica\/","og_locale":"es_ES","og_type":"article","og_title":"\u00bfQu\u00e9 es la aberraci\u00f3n crom\u00e1tica y c\u00f3mo evitarla? -","og_description":"Aprende a entender c\u00f3mo se compone la luz y convi\u00e9rtete en un sabelotodo de la fotograf\u00eda. La aberraci\u00f3n crom\u00e1tica ya no ser\u00e1 un problema \u00a1Te espero en mi Blog!","og_url":"https:\/\/manualdetecnicafotografica.com\/blog\/aberracion-cromatica\/","og_site_name":"Iniciaci\u00f3n a la Fotograf\u00eda","article_published_time":"2021-05-07T12:09:40+00:00","article_modified_time":"2021-05-07T12:09:41+00:00","og_image":[{"width":1080,"height":1080,"url":"https:\/\/manualdetecnicafotografica.com\/blog\/wp-content\/uploads\/2021\/05\/Miniatura-Blog-JIT-11.png","type":"image\/png"}],"author":"clara.vittino","twitter_card":"summary_large_image","twitter_misc":{"Escrito por":"clara.vittino","Tiempo de lectura":"7 minutos"},"schema":{"@context":"https:\/\/schema.org","@graph":[{"@type":"Article","@id":"https:\/\/manualdetecnicafotografica.com\/blog\/aberracion-cromatica\/#article","isPartOf":{"@id":"https:\/\/manualdetecnicafotografica.com\/blog\/aberracion-cromatica\/"},"author":{"name":"clara.vittino","@id":"https:\/\/manualdetecnicafotografica.com\/blog\/#\/schema\/person\/2c938f2af5c6ce790361c9e4bf1d78f3"},"headline":"\u00bfQu\u00e9 es la aberraci\u00f3n crom\u00e1tica y c\u00f3mo evitarla?","datePublished":"2021-05-07T12:09:40+00:00","dateModified":"2021-05-07T12:09:41+00:00","mainEntityOfPage":{"@id":"https:\/\/manualdetecnicafotografica.com\/blog\/aberracion-cromatica\/"},"wordCount":1350,"commentCount":2,"image":{"@id":"https:\/\/manualdetecnicafotografica.com\/blog\/aberracion-cromatica\/#primaryimage"},"thumbnailUrl":"https:\/\/manualdetecnicafotografica.com\/blog\/wp-content\/uploads\/2021\/05\/Miniatura-Blog-JIT-11.png","keywords":["aberracion cromatica","aprendiendo fotografia","efecto optico","funciones de la camara","lentes fotograficas","opticas fotograficas","post procesado"],"articleSection":["Efectos y Color","Iniciaci\u00f3n - Nivel Principiante","Nivel Intermedio","Retoque Fotogr\u00e1fico"],"inLanguage":"es","potentialAction":[{"@type":"CommentAction","name":"Comment","target":["https:\/\/manualdetecnicafotografica.com\/blog\/aberracion-cromatica\/#respond"]}]},{"@type":"WebPage","@id":"https:\/\/manualdetecnicafotografica.com\/blog\/aberracion-cromatica\/","url":"https:\/\/manualdetecnicafotografica.com\/blog\/aberracion-cromatica\/","name":"\u00bfQu\u00e9 es la aberraci\u00f3n crom\u00e1tica y c\u00f3mo evitarla? -","isPartOf":{"@id":"https:\/\/manualdetecnicafotografica.com\/blog\/#website"},"primaryImageOfPage":{"@id":"https:\/\/manualdetecnicafotografica.com\/blog\/aberracion-cromatica\/#primaryimage"},"image":{"@id":"https:\/\/manualdetecnicafotografica.com\/blog\/aberracion-cromatica\/#primaryimage"},"thumbnailUrl":"https:\/\/manualdetecnicafotografica.com\/blog\/wp-content\/uploads\/2021\/05\/Miniatura-Blog-JIT-11.png","datePublished":"2021-05-07T12:09:40+00:00","dateModified":"2021-05-07T12:09:41+00:00","author":{"@id":"https:\/\/manualdetecnicafotografica.com\/blog\/#\/schema\/person\/2c938f2af5c6ce790361c9e4bf1d78f3"},"description":"Aprende a entender c\u00f3mo se compone la luz y convi\u00e9rtete en un sabelotodo de la fotograf\u00eda. La aberraci\u00f3n crom\u00e1tica ya no ser\u00e1 un problema \u00a1Te espero en mi Blog!","breadcrumb":{"@id":"https:\/\/manualdetecnicafotografica.com\/blog\/aberracion-cromatica\/#breadcrumb"},"inLanguage":"es","potentialAction":[{"@type":"ReadAction","target":["https:\/\/manualdetecnicafotografica.com\/blog\/aberracion-cromatica\/"]}]},{"@type":"ImageObject","inLanguage":"es","@id":"https:\/\/manualdetecnicafotografica.com\/blog\/aberracion-cromatica\/#primaryimage","url":"https:\/\/manualdetecnicafotografica.com\/blog\/wp-content\/uploads\/2021\/05\/Miniatura-Blog-JIT-11.png","contentUrl":"https:\/\/manualdetecnicafotografica.com\/blog\/wp-content\/uploads\/2021\/05\/Miniatura-Blog-JIT-11.png","width":1080,"height":1080},{"@type":"BreadcrumbList","@id":"https:\/\/manualdetecnicafotografica.com\/blog\/aberracion-cromatica\/#breadcrumb","itemListElement":[{"@type":"ListItem","position":1,"name":"Portada","item":"https:\/\/manualdetecnicafotografica.com\/blog\/"},{"@type":"ListItem","position":2,"name":"\u00bfQu\u00e9 es la aberraci\u00f3n crom\u00e1tica y c\u00f3mo evitarla?"}]},{"@type":"WebSite","@id":"https:\/\/manualdetecnicafotografica.com\/blog\/#website","url":"https:\/\/manualdetecnicafotografica.com\/blog\/","name":"Iniciaci\u00f3n a la Fotograf\u00eda","description":"Blog de Juan Ignacio Torres","potentialAction":[{"@type":"SearchAction","target":{"@type":"EntryPoint","urlTemplate":"https:\/\/manualdetecnicafotografica.com\/blog\/?s={search_term_string}"},"query-input":{"@type":"PropertyValueSpecification","valueRequired":true,"valueName":"search_term_string"}}],"inLanguage":"es"},{"@type":"Person","@id":"https:\/\/manualdetecnicafotografica.com\/blog\/#\/schema\/person\/2c938f2af5c6ce790361c9e4bf1d78f3","name":"clara.vittino","image":{"@type":"ImageObject","inLanguage":"es","@id":"https:\/\/secure.gravatar.com\/avatar\/ceed02ba44570cfeaf67e7a67c443c9983480020c3832059de807f3bfb27910b?s=96&d=wavatar&r=g","url":"https:\/\/secure.gravatar.com\/avatar\/ceed02ba44570cfeaf67e7a67c443c9983480020c3832059de807f3bfb27910b?s=96&d=wavatar&r=g","contentUrl":"https:\/\/secure.gravatar.com\/avatar\/ceed02ba44570cfeaf67e7a67c443c9983480020c3832059de807f3bfb27910b?s=96&d=wavatar&r=g","caption":"clara.vittino"},"url":"https:\/\/manualdetecnicafotografica.com\/blog\/author\/clara-vittino\/"}]}},"_links":{"self":[{"href":"https:\/\/manualdetecnicafotografica.com\/blog\/wp-json\/wp\/v2\/posts\/2405","targetHints":{"allow":["GET"]}}],"collection":[{"href":"https:\/\/manualdetecnicafotografica.com\/blog\/wp-json\/wp\/v2\/posts"}],"about":[{"href":"https:\/\/manualdetecnicafotografica.com\/blog\/wp-json\/wp\/v2\/types\/post"}],"author":[{"embeddable":true,"href":"https:\/\/manualdetecnicafotografica.com\/blog\/wp-json\/wp\/v2\/users\/71"}],"replies":[{"embeddable":true,"href":"https:\/\/manualdetecnicafotografica.com\/blog\/wp-json\/wp\/v2\/comments?post=2405"}],"version-history":[{"count":6,"href":"https:\/\/manualdetecnicafotografica.com\/blog\/wp-json\/wp\/v2\/posts\/2405\/revisions"}],"predecessor-version":[{"id":2451,"href":"https:\/\/manualdetecnicafotografica.com\/blog\/wp-json\/wp\/v2\/posts\/2405\/revisions\/2451"}],"wp:featuredmedia":[{"embeddable":true,"href":"https:\/\/manualdetecnicafotografica.com\/blog\/wp-json\/wp\/v2\/media\/2435"}],"wp:attachment":[{"href":"https:\/\/manualdetecnicafotografica.com\/blog\/wp-json\/wp\/v2\/media?parent=2405"}],"wp:term":[{"taxonomy":"category","embeddable":true,"href":"https:\/\/manualdetecnicafotografica.com\/blog\/wp-json\/wp\/v2\/categories?post=2405"},{"taxonomy":"post_tag","embeddable":true,"href":"https:\/\/manualdetecnicafotografica.com\/blog\/wp-json\/wp\/v2\/tags?post=2405"}],"curies":[{"name":"wp","href":"https:\/\/api.w.org\/{rel}","templated":true}]}}