{"id":2087,"date":"2021-03-02T16:36:22","date_gmt":"2021-03-02T16:36:22","guid":{"rendered":"https:\/\/manualdetecnicafotografica.com\/blog\/?p=2087"},"modified":"2021-03-02T16:36:24","modified_gmt":"2021-03-02T16:36:24","slug":"como-fotografiar-en-interiores","status":"publish","type":"post","link":"https:\/\/manualdetecnicafotografica.com\/blog\/como-fotografiar-en-interiores\/","title":{"rendered":"C\u00f3mo fotografiar en interiores"},"content":{"rendered":"\n<div class=\"wp-block-image\"><figure class=\"aligncenter size-large\"><img loading=\"lazy\" decoding=\"async\" width=\"1024\" height=\"536\" src=\"\/\/i0.wp.com\/manualdetecnicafotografica.com\/blog\/wp-content\/uploads\/2021\/03\/Imagen-articulo-1024x536.png\" alt=\"\" class=\"wp-image-2090\" srcset=\"https:\/\/manualdetecnicafotografica.com\/blog\/wp-content\/uploads\/2021\/03\/Imagen-articulo-1024x536.png 1024w, https:\/\/manualdetecnicafotografica.com\/blog\/wp-content\/uploads\/2021\/03\/Imagen-articulo-300x157.png 300w, https:\/\/manualdetecnicafotografica.com\/blog\/wp-content\/uploads\/2021\/03\/Imagen-articulo-768x402.png 768w, https:\/\/manualdetecnicafotografica.com\/blog\/wp-content\/uploads\/2021\/03\/Imagen-articulo.png 1200w\" sizes=\"auto, (max-width: 1024px) 100vw, 1024px\" \/><\/figure><\/div>\n\n\n\n<p>Capturar la belleza interior de una estructura arquitect\u00f3nica no es tarea para cualquiera. Requiere de muchas aptitudes y un buen material para sacar provecho del dise\u00f1o arquitect\u00f3nico a fotografiar. Jugar con las l\u00edneas o diagonales, o saber manipular la iluminaci\u00f3n para resaltar lo que tienes delante de los ojos, son elementos primordiales a la hora de tomar una buena fotograf\u00eda de arquitectura. Es por eso que hoy te voy a compartir&nbsp;todo lo que s\u00e9 acerca de<strong> c\u00f3mo fotografiar en interiores <\/strong>para que t\u00fa tambi\u00e9n consigas im\u00e1genes alucinantes de Arquitectura.<\/p>\n\n\n\n<h3 class=\"wp-block-heading\"><strong>Equipo necesario<\/strong> para saber c\u00f3mo fotografiar en interiores<\/h3>\n\n\n\n<p>Si ya te encuentras m\u00ednimamente adentrado en el mundo de la fotograf\u00eda, sabr\u00e1s que cada objetivo o lente tiene su particularidad y su uso para determinado tipo de fotograf\u00eda. Es por eso que para fotografiar en interiores y en arquitectura general, primero deber\u00e1s pensar con qu\u00e9 equipo cuentas y qu\u00e9 equipo es necesario para realizar \u00e9ste tipo de fotograf\u00edas. Aqu\u00ed se empieza a poner interesante, porque lo que s\u00ed o s\u00ed debes tener en cuenta es qu\u00e9 objetivo utilizar\u00e1s para saber <strong>c\u00f3mo fotografiar en interiores.<\/strong><\/p>\n\n\n\n<div class=\"wp-block-image\"><figure class=\"aligncenter size-large\"><img loading=\"lazy\" decoding=\"async\" width=\"1024\" height=\"683\" src=\"\/\/i0.wp.com\/manualdetecnicafotografica.com\/blog\/wp-content\/uploads\/2021\/03\/pexels-andrew-neel-3178938-1024x683.jpg\" alt=\"\" class=\"wp-image-2091\" srcset=\"https:\/\/manualdetecnicafotografica.com\/blog\/wp-content\/uploads\/2021\/03\/pexels-andrew-neel-3178938-1024x683.jpg 1024w, https:\/\/manualdetecnicafotografica.com\/blog\/wp-content\/uploads\/2021\/03\/pexels-andrew-neel-3178938-300x200.jpg 300w, https:\/\/manualdetecnicafotografica.com\/blog\/wp-content\/uploads\/2021\/03\/pexels-andrew-neel-3178938-768x512.jpg 768w, https:\/\/manualdetecnicafotografica.com\/blog\/wp-content\/uploads\/2021\/03\/pexels-andrew-neel-3178938-1536x1024.jpg 1536w, https:\/\/manualdetecnicafotografica.com\/blog\/wp-content\/uploads\/2021\/03\/pexels-andrew-neel-3178938-2048x1365.jpg 2048w, https:\/\/manualdetecnicafotografica.com\/blog\/wp-content\/uploads\/2021\/03\/pexels-andrew-neel-3178938-272x182.jpg 272w\" sizes=\"auto, (max-width: 1024px) 100vw, 1024px\" \/><\/figure><\/div>\n\n\n\n<p>Si piensas tomar <strong>fotograf\u00eda de interiores<\/strong>, por un lado deber\u00e1s tener en cuenta la dimensi\u00f3n del espacio f\u00edsico, ya que no es lo mismo fotografiar una habitaci\u00f3n de un hotel para un s\u00f3lo hu\u00e9sped que un piso completo; y por otro, el efecto que quieras lograr en la foto: si quieres que se vea con un efecto gran angular al mejor estilo \u00abOjo de Pez\u00bb, o que las l\u00edneas y diagonales conserven su dimensi\u00f3n original, sin deformarse en las esquinas. <\/p>\n\n\n\n<h3 class=\"wp-block-heading\"><strong>Objetivos recomendados<\/strong> para fotografiar en interiores<\/h3>\n\n\n\n<div class=\"wp-block-image\"><figure class=\"aligncenter size-large\"><img loading=\"lazy\" decoding=\"async\" width=\"1024\" height=\"683\" src=\"\/\/i0.wp.com\/manualdetecnicafotografica.com\/blog\/wp-content\/uploads\/2021\/03\/pexels-jessica-lewis-593324-1024x683.jpg\" alt=\"\" class=\"wp-image-2092\" srcset=\"https:\/\/manualdetecnicafotografica.com\/blog\/wp-content\/uploads\/2021\/03\/pexels-jessica-lewis-593324-1024x683.jpg 1024w, https:\/\/manualdetecnicafotografica.com\/blog\/wp-content\/uploads\/2021\/03\/pexels-jessica-lewis-593324-300x200.jpg 300w, https:\/\/manualdetecnicafotografica.com\/blog\/wp-content\/uploads\/2021\/03\/pexels-jessica-lewis-593324-768x512.jpg 768w, https:\/\/manualdetecnicafotografica.com\/blog\/wp-content\/uploads\/2021\/03\/pexels-jessica-lewis-593324-1536x1024.jpg 1536w, https:\/\/manualdetecnicafotografica.com\/blog\/wp-content\/uploads\/2021\/03\/pexels-jessica-lewis-593324-2048x1365.jpg 2048w, https:\/\/manualdetecnicafotografica.com\/blog\/wp-content\/uploads\/2021\/03\/pexels-jessica-lewis-593324-272x182.jpg 272w\" sizes=\"auto, (max-width: 1024px) 100vw, 1024px\" \/><\/figure><\/div>\n\n\n\n<p>Independientemente del equipo fotogr\u00e1fico del que dispongas, no olvides llevar tus bater\u00edas extra (\u00a1y bien cargadas!), y alguna tarjeta de memoria adicional. En cuanto a los objetivos, te aconsejo utilizar focales <strong>gran angulares<\/strong> como los que menciono debajo:<\/p>\n\n\n\n<p><strong><span style=\"text-decoration: underline;\">14-24mm:<\/span><\/strong> Este objetivo ser\u00e1 ideal si debes fotografiar espacios muy reducidos (ba\u00f1os o habitaciones simples, por ejemplo). Te recomiendo limitar su uso en fotograf\u00eda de interiores por la deformaci\u00f3n que genera el gran angular, ya que distorsiona\u00a0las l\u00edneas e impide luego en edici\u00f3n (de todas maneras recuerda que no es necesario revelar tus fotograf\u00edas o editarlas una vez que las hayas tomado). Ten en cuenta tambi\u00e9n que los <strong>objetivos gran angulares<\/strong> dan la impresi\u00f3n de que el espacio es m\u00e1s grande\u00a0de lo que es realmente, lo que puede generar disconformidad si por ejemplo tienes que realizar estas fotograf\u00edas para la venta o el alquiler de un bien inmobiliario.<\/p>\n\n\n\n<p>Por eso en la mayor\u00eda de las tomas te aconsejo utilizar una <strong>lente focal de 24mm<\/strong>, que no es extremadamente angular y no deforma en demas\u00eda la imagen en las esquinas, como puedes ver a continuaci\u00f3n:<\/p>\n\n\n\n<div class=\"wp-block-image\"><figure class=\"aligncenter size-large\"><img loading=\"lazy\" decoding=\"async\" width=\"1024\" height=\"683\" src=\"\/\/i0.wp.com\/manualdetecnicafotografica.com\/blog\/wp-content\/uploads\/2021\/03\/24mm-2-1024x683.jpg\" alt=\"\" class=\"wp-image-2096\" srcset=\"https:\/\/manualdetecnicafotografica.com\/blog\/wp-content\/uploads\/2021\/03\/24mm-2-1024x683.jpg 1024w, https:\/\/manualdetecnicafotografica.com\/blog\/wp-content\/uploads\/2021\/03\/24mm-2-300x200.jpg 300w, https:\/\/manualdetecnicafotografica.com\/blog\/wp-content\/uploads\/2021\/03\/24mm-2-768x512.jpg 768w, https:\/\/manualdetecnicafotografica.com\/blog\/wp-content\/uploads\/2021\/03\/24mm-2-272x182.jpg 272w, https:\/\/manualdetecnicafotografica.com\/blog\/wp-content\/uploads\/2021\/03\/24mm-2.jpg 1400w\" sizes=\"auto, (max-width: 1024px) 100vw, 1024px\" \/><figcaption>Fotograf\u00eda tomada con un 24mm a f\/8, ISO 100, 1\/250<\/figcaption><\/figure><\/div>\n\n\n\n<p><strong><span style=\"text-decoration: underline;\">Focales mayores:<\/span><\/strong> Puedes tambi\u00e9n hacerte de alguna focal mayor, fija, como un 50mm. \u00c9stos objetivos generan mucha <a href=\"https:\/\/manualdetecnicafotografica.com\/blog\/la-profundidad-campo\/\" target=\"_blank\" rel=\"noreferrer noopener\">profundidad de campo<\/a>, lo que da como resultado fotograf\u00edas muy agradables en lo que respecta a detalles de la habitaci\u00f3n o edificio:<\/p>\n\n\n\n<div class=\"wp-block-image\"><figure class=\"aligncenter size-large\"><img loading=\"lazy\" decoding=\"async\" width=\"1024\" height=\"683\" src=\"\/\/i0.wp.com\/manualdetecnicafotografica.com\/blog\/wp-content\/uploads\/2021\/03\/50mm2-1024x683.jpg\" alt=\"\" class=\"wp-image-2098\" srcset=\"https:\/\/manualdetecnicafotografica.com\/blog\/wp-content\/uploads\/2021\/03\/50mm2-1024x683.jpg 1024w, https:\/\/manualdetecnicafotografica.com\/blog\/wp-content\/uploads\/2021\/03\/50mm2-300x200.jpg 300w, https:\/\/manualdetecnicafotografica.com\/blog\/wp-content\/uploads\/2021\/03\/50mm2-768x512.jpg 768w, https:\/\/manualdetecnicafotografica.com\/blog\/wp-content\/uploads\/2021\/03\/50mm2-272x182.jpg 272w, https:\/\/manualdetecnicafotografica.com\/blog\/wp-content\/uploads\/2021\/03\/50mm2.jpg 1400w\" sizes=\"auto, (max-width: 1024px) 100vw, 1024px\" \/><figcaption>Fotograf\u00edas tomadas con un objetivo de focal fija 50mm a f\/1.8, iso 400 1\/125.<\/figcaption><\/figure><\/div>\n\n\n\n<p><strong><span style=\"text-decoration: underline;\">Tr\u00edpode:<\/span><\/strong> Ser\u00e1 esencial que cuentes con un tr\u00edpode, ya que es un accesorio indispensable para mantener las l\u00edneas del espacio bien rectas. Puedes hacer tomas sin tr\u00edpode pero no olvides hacer algunas tomas con \u00e9l tambi\u00e9n.<\/p>\n\n\n\n<p><strong><span style=\"text-decoration: underline;\">Flash:<\/span><\/strong> Si realizas <strong>fotograf\u00edas de arquitectura<\/strong>, podr\u00e1s encontrar espacios muy luminosos en donde s\u00f3lo har\u00e1s uso de la luz natural; pero para aquellos casos en donde el ambiente sea oscuro y necesites utilizar iluminaci\u00f3n artificial, te aconsejo que utilices un flash externo montado a tu c\u00e1mara. Puedes tambi\u00e9n utilizar un flash remoto montado a un tr\u00edpode. En caso que puedas contar con un asistente (o una segunda persona) en la sesi\u00f3n de fotos, un reflector de luz puede ser la soluci\u00f3n. Estos elementos te servir\u00e1n para hacer resaltar los motivos en sombra o para ajustar las diferencias de iluminaci\u00f3n entre el interior y el exterior y que no haya tanto contraste entre luz y sombra en la escena.<\/p>\n\n\n\n<h3 class=\"wp-block-heading\"><strong>Durante la sesi\u00f3n<\/strong><\/h3>\n\n\n\n<div class=\"wp-block-image\"><figure class=\"aligncenter size-large\"><img loading=\"lazy\" decoding=\"async\" width=\"1024\" height=\"683\" src=\"\/\/i0.wp.com\/manualdetecnicafotografica.com\/blog\/wp-content\/uploads\/2021\/03\/pexels-helena-lopes-2017802-1024x683.jpg\" alt=\"\" class=\"wp-image-2093\" srcset=\"https:\/\/manualdetecnicafotografica.com\/blog\/wp-content\/uploads\/2021\/03\/pexels-helena-lopes-2017802-1024x683.jpg 1024w, https:\/\/manualdetecnicafotografica.com\/blog\/wp-content\/uploads\/2021\/03\/pexels-helena-lopes-2017802-300x200.jpg 300w, https:\/\/manualdetecnicafotografica.com\/blog\/wp-content\/uploads\/2021\/03\/pexels-helena-lopes-2017802-768x512.jpg 768w, https:\/\/manualdetecnicafotografica.com\/blog\/wp-content\/uploads\/2021\/03\/pexels-helena-lopes-2017802-1536x1024.jpg 1536w, https:\/\/manualdetecnicafotografica.com\/blog\/wp-content\/uploads\/2021\/03\/pexels-helena-lopes-2017802-2048x1365.jpg 2048w, https:\/\/manualdetecnicafotografica.com\/blog\/wp-content\/uploads\/2021\/03\/pexels-helena-lopes-2017802-272x182.jpg 272w\" sizes=\"auto, (max-width: 1024px) 100vw, 1024px\" \/><\/figure><\/div>\n\n\n\n<p>Lo primero que debes hacer cuando tengas que fotografiar arquitectura, ya sea una estancia, una finca, un hotel, un departamento o edificio, siempre el primer paso ser\u00e1 recorrer cada espacio. El objetivo de esto es visualizar los espacios y determinar c\u00f3mo se va a mover la luz a lo largo\u00a0del d\u00eda con el fin de\u00a0planificar las tomas<strong>\u00a0<\/strong>de acuerdo a los horarios. Por ejemplo, la terraza de un hotel puede tener zonas con sombra por la ma\u00f1ana y mediod\u00eda, pero ofrecer un magn\u00edfico atardecer al caer la noche, por lo que convendr\u00e1 que realices esas tomas por la tarde para darle cierta atm\u00f3sfera al ambiente:<\/p>\n\n\n\n<div class=\"wp-block-image\"><figure class=\"aligncenter size-large\"><img loading=\"lazy\" decoding=\"async\" width=\"1024\" height=\"683\" src=\"\/\/i0.wp.com\/manualdetecnicafotografica.com\/blog\/wp-content\/uploads\/2021\/03\/hotel-terraza-1-1024x683.jpg\" alt=\"\" class=\"wp-image-2099\" srcset=\"https:\/\/manualdetecnicafotografica.com\/blog\/wp-content\/uploads\/2021\/03\/hotel-terraza-1-1024x683.jpg 1024w, https:\/\/manualdetecnicafotografica.com\/blog\/wp-content\/uploads\/2021\/03\/hotel-terraza-1-300x200.jpg 300w, https:\/\/manualdetecnicafotografica.com\/blog\/wp-content\/uploads\/2021\/03\/hotel-terraza-1-768x512.jpg 768w, https:\/\/manualdetecnicafotografica.com\/blog\/wp-content\/uploads\/2021\/03\/hotel-terraza-1-272x182.jpg 272w, https:\/\/manualdetecnicafotografica.com\/blog\/wp-content\/uploads\/2021\/03\/hotel-terraza-1.jpg 1400w\" sizes=\"auto, (max-width: 1024px) 100vw, 1024px\" \/><figcaption>Terraza de hotel con luz de mediod\u00eda. 14mm a ISO 100, 1\/250<\/figcaption><\/figure><\/div>\n\n\n\n<div class=\"wp-block-image\"><figure class=\"aligncenter size-large\"><img loading=\"lazy\" decoding=\"async\" width=\"1024\" height=\"683\" src=\"\/\/i0.wp.com\/manualdetecnicafotografica.com\/blog\/wp-content\/uploads\/2021\/03\/hotel-terraza-2-1024x683.jpg\" alt=\"\" class=\"wp-image-2100\" srcset=\"https:\/\/manualdetecnicafotografica.com\/blog\/wp-content\/uploads\/2021\/03\/hotel-terraza-2-1024x683.jpg 1024w, https:\/\/manualdetecnicafotografica.com\/blog\/wp-content\/uploads\/2021\/03\/hotel-terraza-2-300x200.jpg 300w, https:\/\/manualdetecnicafotografica.com\/blog\/wp-content\/uploads\/2021\/03\/hotel-terraza-2-768x512.jpg 768w, https:\/\/manualdetecnicafotografica.com\/blog\/wp-content\/uploads\/2021\/03\/hotel-terraza-2-272x182.jpg 272w, https:\/\/manualdetecnicafotografica.com\/blog\/wp-content\/uploads\/2021\/03\/hotel-terraza-2.jpg 1400w\" sizes=\"auto, (max-width: 1024px) 100vw, 1024px\" \/><figcaption>Terraza de hotel al atardecer. 14mm a ISO 400, 1\/50<\/figcaption><\/figure><\/div>\n\n\n\n<p>Una vez que tengas tu sesi\u00f3n fotogr\u00e1fica planificada, puedes empezar a trabajar de acuerdo a ella y siguiendo algunas pautas que te recomiendo a continuaci\u00f3n:<\/p>\n\n\n\n<ul class=\"wp-block-list\"><li><strong>\u00c1ngulo de toma:<\/strong> Haz tus fotograf\u00edas de frente a tu sujeto. Muchos fot\u00f3grafos de interiores cometen el error de ponerse en una esquina para ense\u00f1arlo todo, \u00a1no lo hagas! (nuevamente con la excepci\u00f3n de que sea el objetivo deseado o que el espacio sea demasiado reducido para una toma de frente). <em><span style=\"text-decoration: underline;\">Una fotograf\u00eda no tiene necesariamente que mostrarlo todo<\/span><\/em>.<\/li><\/ul>\n\n\n\n<ul class=\"wp-block-list\"><li><strong>Altura adecuada<\/strong>:&nbsp;Con el fin de conservar las l\u00edneas de los muros bien rectas, y dar la impresi\u00f3n al espectador de que est\u00e1 visitando la propiedad, es necesario usar una altura de tr\u00edpode correcta. Aj\u00fastalo entre 1,5 y 1,6m de altura para estar al nivel de los elementos y obtener un \u00e1ngulo neutro. No quieras tomar fotograf\u00edas ni desde abajo ni desde arriba porque agrandar\u00eda o disminuir\u00eda los elementos (a menos que sea el objetivo que buscas). Adem\u00e1s es una forma de mantener una continuidad entre las distintas fotograf\u00edas.<\/li><\/ul>\n\n\n\n<ul class=\"wp-block-list\"><li><strong>Uso de la luz:\u00a0<\/strong>Intenta siempre limitar el uso de la luz artificial y optimizar la luz natural que entra por las ventanas si te encuentras en un interior. Sin embargo, algunas veces esto no siempre es ideal ni posible. En estos casos, puedes hacer uso de tu flash para compensar la falta de luz en ciertos lugares del espacio. Tambi\u00e9n puedes realizar varias tomas utilizando distintas exposiciones para tener bien expuestas las luces bajas, medias y altas; y en edici\u00f3n, montar una composici\u00f3n de todas esas tomas usando m\u00e1scaras en <a href=\"https:\/\/manualdetecnicafotografica.com\/blog\/primeros-pasos-retoque-photoshop\/\" target=\"_blank\" rel=\"noreferrer noopener\">Photoshop<\/a>.<\/li><\/ul>\n\n\n\n<h3 class=\"wp-block-heading\"><strong>Ajustes de la c\u00e1mara<\/strong> para fotografiar en interiores<\/h3>\n\n\n\n<div class=\"wp-block-image\"><figure class=\"aligncenter size-large\"><img loading=\"lazy\" decoding=\"async\" width=\"683\" height=\"1024\" src=\"\/\/i0.wp.com\/manualdetecnicafotografica.com\/blog\/wp-content\/uploads\/2021\/03\/pexels-luis-quintero-1738637-683x1024.jpg\" alt=\"\" class=\"wp-image-2094\" srcset=\"https:\/\/manualdetecnicafotografica.com\/blog\/wp-content\/uploads\/2021\/03\/pexels-luis-quintero-1738637-683x1024.jpg 683w, https:\/\/manualdetecnicafotografica.com\/blog\/wp-content\/uploads\/2021\/03\/pexels-luis-quintero-1738637-200x300.jpg 200w, https:\/\/manualdetecnicafotografica.com\/blog\/wp-content\/uploads\/2021\/03\/pexels-luis-quintero-1738637-768x1152.jpg 768w, https:\/\/manualdetecnicafotografica.com\/blog\/wp-content\/uploads\/2021\/03\/pexels-luis-quintero-1738637-1024x1536.jpg 1024w, https:\/\/manualdetecnicafotografica.com\/blog\/wp-content\/uploads\/2021\/03\/pexels-luis-quintero-1738637-1365x2048.jpg 1365w, https:\/\/manualdetecnicafotografica.com\/blog\/wp-content\/uploads\/2021\/03\/pexels-luis-quintero-1738637-scaled.jpg 1707w\" sizes=\"auto, (max-width: 683px) 100vw, 683px\" \/><\/figure><\/div>\n\n\n\n<p>Los <span style=\"text-decoration: underline;\">ajustes que utilices en arquitectura de interiores<\/span> depender\u00e1n de cada toma, pero esas son las reglas generales que puedes aplicar la mayor\u00eda de las veces:<\/p>\n\n\n\n<ol class=\"wp-block-list\"><li><strong>ISO<\/strong>. Siempre en valores bajos (100 por ejemplo), para guardar una gran calidad de imagen y evitar el ruido. Compensa la falta de luz con exposiciones m\u00e1s largas.<\/li><li><strong>Apertura.\u00a0<\/strong>Si est\u00e1s tomando fotograf\u00edas de detalles o quieres generar profundidad de campo (por ejemplo, si hay vegetaci\u00f3n atr\u00e1s), utiliza aperturas grandes (de f\/1.2 a f\/2.8). Para la mayor\u00eda de las tomas utiliza una apertura entre f\/3.5 \u2013 5.6.<\/li><li><strong>Exposici\u00f3n.<\/strong>\u00a0En interiores casi no hay movimiento por lo que puedes usar exposiciones largas , por eso la importancia del tr\u00edpode.<\/li><li><strong>Formato<\/strong>. Te aconsejo fotografiar en <a href=\"https:\/\/manualdetecnicafotografica.com\/blog\/como-revelar-en-camera-raw\/\" target=\"_blank\" rel=\"noreferrer noopener\">formato RAW<\/a> pero puedes configurar tu c\u00e1mara para fotografiar en RAW+JPG si lo deseas.<\/li><\/ol>\n\n\n\n<p>Espero que \u00e9ste art\u00edculo haya sido \u00fatil y te animes a tomar esas <strong>fotograf\u00edas de arquitectura<\/strong> que siempre quisiste hacer. Debajo te dejo algunos <strong>ejemplos de fotograf\u00eda de interiores<\/strong> para que te inspires y te animes a realizar todas esas tomas.<\/p>\n\n\n\n<p>Te recuerdo, como siempre, que estar\u00e9 leyendo tus comentarios para saber qu\u00e9 necesitas y c\u00f3mo puedo ayudarte con mis clases, o bien saber qu\u00e9 temas son de tu inter\u00e9s. \u00a1Te estar\u00e9 esperando en mis redes sociales&nbsp;<a href=\"https:\/\/www.facebook.com\/ManualdeTecnicaFotografica\/\" target=\"_blank\" rel=\"noreferrer noopener\">Facebook<\/a>,&nbsp;<a href=\"http:\/\/Te%20recuerdo,%20como%20siempre,%20que%20estar%C3%A9%20leyendo%20tus%20comentarios%20y%20feedbacks%20para%20saber%20qu%C3%A9%20necesitas%20y%20c%C3%B3mo%20puedo%20ayudarte%20con%20mis%20clases.%20Te%20estar%C3%A9%20esperando%20en%20mis%20redes%20sociales%20Facebook%20y%20Pinterest%20para%20mantenernos%20en%20contacto.\/\">Instagram<\/a>&nbsp;y&nbsp;<a href=\"https:\/\/www.pinterest.es\/JuanIgnacioTorresBlog\/\" target=\"_blank\" rel=\"noreferrer noopener\">Pinterest<\/a>&nbsp;para estar siempre en contacto!<\/p>\n\n\n\n<div class=\"wp-block-image\"><figure class=\"aligncenter size-large\"><img loading=\"lazy\" decoding=\"async\" width=\"1024\" height=\"683\" src=\"\/\/i0.wp.com\/manualdetecnicafotografica.com\/blog\/wp-content\/uploads\/2021\/03\/Interiores-ARQ-1024x683.jpg\" alt=\"\" class=\"wp-image-2101\" srcset=\"https:\/\/manualdetecnicafotografica.com\/blog\/wp-content\/uploads\/2021\/03\/Interiores-ARQ-1024x683.jpg 1024w, https:\/\/manualdetecnicafotografica.com\/blog\/wp-content\/uploads\/2021\/03\/Interiores-ARQ-300x200.jpg 300w, https:\/\/manualdetecnicafotografica.com\/blog\/wp-content\/uploads\/2021\/03\/Interiores-ARQ-768x512.jpg 768w, https:\/\/manualdetecnicafotografica.com\/blog\/wp-content\/uploads\/2021\/03\/Interiores-ARQ-272x182.jpg 272w, https:\/\/manualdetecnicafotografica.com\/blog\/wp-content\/uploads\/2021\/03\/Interiores-ARQ.jpg 1400w\" sizes=\"auto, (max-width: 1024px) 100vw, 1024px\" \/><\/figure><\/div>\n\n\n\n<div class=\"wp-block-image\"><figure class=\"aligncenter size-large\"><img loading=\"lazy\" decoding=\"async\" width=\"1024\" height=\"683\" src=\"\/\/i0.wp.com\/manualdetecnicafotografica.com\/blog\/wp-content\/uploads\/2021\/03\/pexels-andrew-neel-3201763-1024x683.jpg\" alt=\"\" class=\"wp-image-2102\" srcset=\"https:\/\/manualdetecnicafotografica.com\/blog\/wp-content\/uploads\/2021\/03\/pexels-andrew-neel-3201763-1024x683.jpg 1024w, https:\/\/manualdetecnicafotografica.com\/blog\/wp-content\/uploads\/2021\/03\/pexels-andrew-neel-3201763-300x200.jpg 300w, https:\/\/manualdetecnicafotografica.com\/blog\/wp-content\/uploads\/2021\/03\/pexels-andrew-neel-3201763-768x512.jpg 768w, https:\/\/manualdetecnicafotografica.com\/blog\/wp-content\/uploads\/2021\/03\/pexels-andrew-neel-3201763-1536x1024.jpg 1536w, https:\/\/manualdetecnicafotografica.com\/blog\/wp-content\/uploads\/2021\/03\/pexels-andrew-neel-3201763-2048x1365.jpg 2048w, https:\/\/manualdetecnicafotografica.com\/blog\/wp-content\/uploads\/2021\/03\/pexels-andrew-neel-3201763-272x182.jpg 272w\" sizes=\"auto, (max-width: 1024px) 100vw, 1024px\" \/><\/figure><\/div>\n\n\n\n<div class=\"wp-block-image\"><figure class=\"aligncenter size-large\"><img loading=\"lazy\" decoding=\"async\" width=\"1024\" height=\"683\" src=\"\/\/i0.wp.com\/manualdetecnicafotografica.com\/blog\/wp-content\/uploads\/2021\/03\/pexels-boonkong-boonpeng-1134176-1024x683.jpg\" alt=\"\" class=\"wp-image-2104\" srcset=\"https:\/\/manualdetecnicafotografica.com\/blog\/wp-content\/uploads\/2021\/03\/pexels-boonkong-boonpeng-1134176-1024x683.jpg 1024w, https:\/\/manualdetecnicafotografica.com\/blog\/wp-content\/uploads\/2021\/03\/pexels-boonkong-boonpeng-1134176-300x200.jpg 300w, https:\/\/manualdetecnicafotografica.com\/blog\/wp-content\/uploads\/2021\/03\/pexels-boonkong-boonpeng-1134176-768x513.jpg 768w, https:\/\/manualdetecnicafotografica.com\/blog\/wp-content\/uploads\/2021\/03\/pexels-boonkong-boonpeng-1134176-1536x1025.jpg 1536w, https:\/\/manualdetecnicafotografica.com\/blog\/wp-content\/uploads\/2021\/03\/pexels-boonkong-boonpeng-1134176-2048x1367.jpg 2048w, https:\/\/manualdetecnicafotografica.com\/blog\/wp-content\/uploads\/2021\/03\/pexels-boonkong-boonpeng-1134176-272x182.jpg 272w\" sizes=\"auto, (max-width: 1024px) 100vw, 1024px\" \/><\/figure><\/div>\n\n\n\n<div class=\"wp-block-image\"><figure class=\"aligncenter size-large\"><img loading=\"lazy\" decoding=\"async\" width=\"1024\" height=\"683\" src=\"\/\/i0.wp.com\/manualdetecnicafotografica.com\/blog\/wp-content\/uploads\/2021\/03\/pexels-eunice-lui-931887-1024x683.jpg\" alt=\"\" class=\"wp-image-2103\" srcset=\"https:\/\/manualdetecnicafotografica.com\/blog\/wp-content\/uploads\/2021\/03\/pexels-eunice-lui-931887-1024x683.jpg 1024w, https:\/\/manualdetecnicafotografica.com\/blog\/wp-content\/uploads\/2021\/03\/pexels-eunice-lui-931887-300x200.jpg 300w, https:\/\/manualdetecnicafotografica.com\/blog\/wp-content\/uploads\/2021\/03\/pexels-eunice-lui-931887-768x512.jpg 768w, https:\/\/manualdetecnicafotografica.com\/blog\/wp-content\/uploads\/2021\/03\/pexels-eunice-lui-931887-1536x1024.jpg 1536w, https:\/\/manualdetecnicafotografica.com\/blog\/wp-content\/uploads\/2021\/03\/pexels-eunice-lui-931887-2048x1365.jpg 2048w, https:\/\/manualdetecnicafotografica.com\/blog\/wp-content\/uploads\/2021\/03\/pexels-eunice-lui-931887-272x182.jpg 272w\" sizes=\"auto, (max-width: 1024px) 100vw, 1024px\" \/><\/figure><\/div>\n\n\n\n<div class=\"wp-block-image\"><figure class=\"aligncenter size-large\"><img loading=\"lazy\" decoding=\"async\" width=\"1024\" height=\"731\" src=\"\/\/i0.wp.com\/manualdetecnicafotografica.com\/blog\/wp-content\/uploads\/2021\/03\/pexels-gapeppy-2373201-1024x731.jpg\" alt=\"\" class=\"wp-image-2105\" srcset=\"https:\/\/manualdetecnicafotografica.com\/blog\/wp-content\/uploads\/2021\/03\/pexels-gapeppy-2373201-1024x731.jpg 1024w, https:\/\/manualdetecnicafotografica.com\/blog\/wp-content\/uploads\/2021\/03\/pexels-gapeppy-2373201-300x214.jpg 300w, https:\/\/manualdetecnicafotografica.com\/blog\/wp-content\/uploads\/2021\/03\/pexels-gapeppy-2373201-768x549.jpg 768w, https:\/\/manualdetecnicafotografica.com\/blog\/wp-content\/uploads\/2021\/03\/pexels-gapeppy-2373201-1536x1097.jpg 1536w, https:\/\/manualdetecnicafotografica.com\/blog\/wp-content\/uploads\/2021\/03\/pexels-gapeppy-2373201-2048x1463.jpg 2048w\" sizes=\"auto, (max-width: 1024px) 100vw, 1024px\" \/><\/figure><\/div>\n\n\n\n<div class=\"wp-block-image\"><figure class=\"aligncenter size-large\"><img loading=\"lazy\" decoding=\"async\" width=\"1024\" height=\"650\" src=\"\/\/i0.wp.com\/manualdetecnicafotografica.com\/blog\/wp-content\/uploads\/2021\/03\/pexels-ivan-rivero-1001965-1024x650.jpg\" alt=\"\" class=\"wp-image-2106\" srcset=\"https:\/\/manualdetecnicafotografica.com\/blog\/wp-content\/uploads\/2021\/03\/pexels-ivan-rivero-1001965-1024x650.jpg 1024w, https:\/\/manualdetecnicafotografica.com\/blog\/wp-content\/uploads\/2021\/03\/pexels-ivan-rivero-1001965-300x190.jpg 300w, https:\/\/manualdetecnicafotografica.com\/blog\/wp-content\/uploads\/2021\/03\/pexels-ivan-rivero-1001965-768x487.jpg 768w, https:\/\/manualdetecnicafotografica.com\/blog\/wp-content\/uploads\/2021\/03\/pexels-ivan-rivero-1001965-1536x975.jpg 1536w, https:\/\/manualdetecnicafotografica.com\/blog\/wp-content\/uploads\/2021\/03\/pexels-ivan-rivero-1001965-2048x1300.jpg 2048w\" sizes=\"auto, (max-width: 1024px) 100vw, 1024px\" \/><\/figure><\/div>\n\n\n\n<div class=\"wp-block-image\"><figure class=\"aligncenter size-large\"><img loading=\"lazy\" decoding=\"async\" width=\"758\" height=\"1024\" src=\"\/\/i0.wp.com\/manualdetecnicafotografica.com\/blog\/wp-content\/uploads\/2021\/03\/pexels-jean-van-der-meulen-1457847-758x1024.jpg\" alt=\"\" class=\"wp-image-2108\" srcset=\"https:\/\/manualdetecnicafotografica.com\/blog\/wp-content\/uploads\/2021\/03\/pexels-jean-van-der-meulen-1457847-758x1024.jpg 758w, https:\/\/manualdetecnicafotografica.com\/blog\/wp-content\/uploads\/2021\/03\/pexels-jean-van-der-meulen-1457847-222x300.jpg 222w, https:\/\/manualdetecnicafotografica.com\/blog\/wp-content\/uploads\/2021\/03\/pexels-jean-van-der-meulen-1457847-768x1037.jpg 768w, https:\/\/manualdetecnicafotografica.com\/blog\/wp-content\/uploads\/2021\/03\/pexels-jean-van-der-meulen-1457847-1137x1536.jpg 1137w, https:\/\/manualdetecnicafotografica.com\/blog\/wp-content\/uploads\/2021\/03\/pexels-jean-van-der-meulen-1457847-1516x2048.jpg 1516w, https:\/\/manualdetecnicafotografica.com\/blog\/wp-content\/uploads\/2021\/03\/pexels-jean-van-der-meulen-1457847-scaled.jpg 1895w\" sizes=\"auto, (max-width: 758px) 100vw, 758px\" \/><\/figure><\/div>\n\n\n\n<div class=\"wp-block-image\"><figure class=\"aligncenter size-large\"><img loading=\"lazy\" decoding=\"async\" width=\"1024\" height=\"683\" src=\"\/\/i0.wp.com\/manualdetecnicafotografica.com\/blog\/wp-content\/uploads\/2021\/03\/pexels-leonardo-rossatti-2598638-1024x683.jpg\" alt=\"\" class=\"wp-image-2109\" srcset=\"https:\/\/manualdetecnicafotografica.com\/blog\/wp-content\/uploads\/2021\/03\/pexels-leonardo-rossatti-2598638-1024x683.jpg 1024w, https:\/\/manualdetecnicafotografica.com\/blog\/wp-content\/uploads\/2021\/03\/pexels-leonardo-rossatti-2598638-300x200.jpg 300w, https:\/\/manualdetecnicafotografica.com\/blog\/wp-content\/uploads\/2021\/03\/pexels-leonardo-rossatti-2598638-768x512.jpg 768w, https:\/\/manualdetecnicafotografica.com\/blog\/wp-content\/uploads\/2021\/03\/pexels-leonardo-rossatti-2598638-1536x1024.jpg 1536w, https:\/\/manualdetecnicafotografica.com\/blog\/wp-content\/uploads\/2021\/03\/pexels-leonardo-rossatti-2598638-2048x1365.jpg 2048w, https:\/\/manualdetecnicafotografica.com\/blog\/wp-content\/uploads\/2021\/03\/pexels-leonardo-rossatti-2598638-272x182.jpg 272w\" sizes=\"auto, (max-width: 1024px) 100vw, 1024px\" \/><\/figure><\/div>\n\n\n\n<div class=\"wp-block-image\"><figure class=\"aligncenter size-large\"><img loading=\"lazy\" decoding=\"async\" width=\"1024\" height=\"683\" src=\"\/\/i0.wp.com\/manualdetecnicafotografica.com\/blog\/wp-content\/uploads\/2021\/03\/pexels-pixabay-261169-1024x683.jpg\" alt=\"\" class=\"wp-image-2110\" srcset=\"https:\/\/manualdetecnicafotografica.com\/blog\/wp-content\/uploads\/2021\/03\/pexels-pixabay-261169-1024x683.jpg 1024w, https:\/\/manualdetecnicafotografica.com\/blog\/wp-content\/uploads\/2021\/03\/pexels-pixabay-261169-300x200.jpg 300w, https:\/\/manualdetecnicafotografica.com\/blog\/wp-content\/uploads\/2021\/03\/pexels-pixabay-261169-768x512.jpg 768w, https:\/\/manualdetecnicafotografica.com\/blog\/wp-content\/uploads\/2021\/03\/pexels-pixabay-261169-1536x1024.jpg 1536w, https:\/\/manualdetecnicafotografica.com\/blog\/wp-content\/uploads\/2021\/03\/pexels-pixabay-261169-2048x1365.jpg 2048w, https:\/\/manualdetecnicafotografica.com\/blog\/wp-content\/uploads\/2021\/03\/pexels-pixabay-261169-272x182.jpg 272w\" sizes=\"auto, (max-width: 1024px) 100vw, 1024px\" \/><\/figure><\/div>\n\n\n\n<div class=\"wp-block-image\"><figure class=\"aligncenter size-large\"><img loading=\"lazy\" decoding=\"async\" width=\"1024\" height=\"689\" src=\"\/\/i0.wp.com\/manualdetecnicafotografica.com\/blog\/wp-content\/uploads\/2021\/03\/pexels-quark-studio-2507007-1024x689.jpg\" alt=\"\" class=\"wp-image-2111\" srcset=\"https:\/\/manualdetecnicafotografica.com\/blog\/wp-content\/uploads\/2021\/03\/pexels-quark-studio-2507007-1024x689.jpg 1024w, https:\/\/manualdetecnicafotografica.com\/blog\/wp-content\/uploads\/2021\/03\/pexels-quark-studio-2507007-300x202.jpg 300w, https:\/\/manualdetecnicafotografica.com\/blog\/wp-content\/uploads\/2021\/03\/pexels-quark-studio-2507007-768x517.jpg 768w, https:\/\/manualdetecnicafotografica.com\/blog\/wp-content\/uploads\/2021\/03\/pexels-quark-studio-2507007-1536x1034.jpg 1536w, https:\/\/manualdetecnicafotografica.com\/blog\/wp-content\/uploads\/2021\/03\/pexels-quark-studio-2507007-2048x1379.jpg 2048w, https:\/\/manualdetecnicafotografica.com\/blog\/wp-content\/uploads\/2021\/03\/pexels-quark-studio-2507007-272x182.jpg 272w\" sizes=\"auto, (max-width: 1024px) 100vw, 1024px\" \/><\/figure><\/div>\n\n\n\n<div class=\"wp-block-image\"><figure class=\"aligncenter size-large\"><img loading=\"lazy\" decoding=\"async\" width=\"853\" height=\"1024\" src=\"\/\/i0.wp.com\/manualdetecnicafotografica.com\/blog\/wp-content\/uploads\/2021\/03\/pexels-victoria-borodinova-3315291-853x1024.jpg\" alt=\"\" class=\"wp-image-2112\" srcset=\"https:\/\/manualdetecnicafotografica.com\/blog\/wp-content\/uploads\/2021\/03\/pexels-victoria-borodinova-3315291-853x1024.jpg 853w, https:\/\/manualdetecnicafotografica.com\/blog\/wp-content\/uploads\/2021\/03\/pexels-victoria-borodinova-3315291-250x300.jpg 250w, https:\/\/manualdetecnicafotografica.com\/blog\/wp-content\/uploads\/2021\/03\/pexels-victoria-borodinova-3315291-768x922.jpg 768w, https:\/\/manualdetecnicafotografica.com\/blog\/wp-content\/uploads\/2021\/03\/pexels-victoria-borodinova-3315291-1280x1536.jpg 1280w, https:\/\/manualdetecnicafotografica.com\/blog\/wp-content\/uploads\/2021\/03\/pexels-victoria-borodinova-3315291-1707x2048.jpg 1707w\" sizes=\"auto, (max-width: 853px) 100vw, 853px\" \/><\/figure><\/div>\n\n\n\n<div class=\"wp-block-image\"><figure class=\"aligncenter size-large\"><img loading=\"lazy\" decoding=\"async\" width=\"683\" height=\"1024\" src=\"\/\/i0.wp.com\/manualdetecnicafotografica.com\/blog\/wp-content\/uploads\/2021\/03\/pexels-valeria-boltneva-827528-683x1024.jpg\" alt=\"\" class=\"wp-image-2113\" srcset=\"https:\/\/manualdetecnicafotografica.com\/blog\/wp-content\/uploads\/2021\/03\/pexels-valeria-boltneva-827528-683x1024.jpg 683w, https:\/\/manualdetecnicafotografica.com\/blog\/wp-content\/uploads\/2021\/03\/pexels-valeria-boltneva-827528-200x300.jpg 200w, https:\/\/manualdetecnicafotografica.com\/blog\/wp-content\/uploads\/2021\/03\/pexels-valeria-boltneva-827528-768x1152.jpg 768w, https:\/\/manualdetecnicafotografica.com\/blog\/wp-content\/uploads\/2021\/03\/pexels-valeria-boltneva-827528-1024x1536.jpg 1024w, https:\/\/manualdetecnicafotografica.com\/blog\/wp-content\/uploads\/2021\/03\/pexels-valeria-boltneva-827528-1365x2048.jpg 1365w, https:\/\/manualdetecnicafotografica.com\/blog\/wp-content\/uploads\/2021\/03\/pexels-valeria-boltneva-827528-scaled.jpg 1707w\" sizes=\"auto, (max-width: 683px) 100vw, 683px\" \/><\/figure><\/div>\n\n\n\n<div class=\"wp-block-image\"><figure class=\"aligncenter size-large\"><img loading=\"lazy\" decoding=\"async\" width=\"683\" height=\"1024\" src=\"\/\/i0.wp.com\/manualdetecnicafotografica.com\/blog\/wp-content\/uploads\/2021\/03\/pexels-taryn-elliott-4183542-683x1024.jpg\" alt=\"\" class=\"wp-image-2116\" srcset=\"https:\/\/manualdetecnicafotografica.com\/blog\/wp-content\/uploads\/2021\/03\/pexels-taryn-elliott-4183542-683x1024.jpg 683w, https:\/\/manualdetecnicafotografica.com\/blog\/wp-content\/uploads\/2021\/03\/pexels-taryn-elliott-4183542-200x300.jpg 200w, https:\/\/manualdetecnicafotografica.com\/blog\/wp-content\/uploads\/2021\/03\/pexels-taryn-elliott-4183542-768x1152.jpg 768w, https:\/\/manualdetecnicafotografica.com\/blog\/wp-content\/uploads\/2021\/03\/pexels-taryn-elliott-4183542-1024x1536.jpg 1024w, https:\/\/manualdetecnicafotografica.com\/blog\/wp-content\/uploads\/2021\/03\/pexels-taryn-elliott-4183542-1365x2048.jpg 1365w, https:\/\/manualdetecnicafotografica.com\/blog\/wp-content\/uploads\/2021\/03\/pexels-taryn-elliott-4183542-scaled.jpg 1707w\" sizes=\"auto, (max-width: 683px) 100vw, 683px\" \/><\/figure><\/div>\n\n\n\n<div class=\"wp-block-image\"><figure class=\"aligncenter size-large\"><img loading=\"lazy\" decoding=\"async\" width=\"683\" height=\"1024\" src=\"\/\/i0.wp.com\/manualdetecnicafotografica.com\/blog\/wp-content\/uploads\/2021\/03\/pexels-roberto-nickson-2417842-683x1024.jpg\" alt=\"\" class=\"wp-image-2114\" srcset=\"https:\/\/manualdetecnicafotografica.com\/blog\/wp-content\/uploads\/2021\/03\/pexels-roberto-nickson-2417842-683x1024.jpg 683w, https:\/\/manualdetecnicafotografica.com\/blog\/wp-content\/uploads\/2021\/03\/pexels-roberto-nickson-2417842-200x300.jpg 200w, https:\/\/manualdetecnicafotografica.com\/blog\/wp-content\/uploads\/2021\/03\/pexels-roberto-nickson-2417842-768x1152.jpg 768w, https:\/\/manualdetecnicafotografica.com\/blog\/wp-content\/uploads\/2021\/03\/pexels-roberto-nickson-2417842-1024x1536.jpg 1024w, https:\/\/manualdetecnicafotografica.com\/blog\/wp-content\/uploads\/2021\/03\/pexels-roberto-nickson-2417842-1365x2048.jpg 1365w, https:\/\/manualdetecnicafotografica.com\/blog\/wp-content\/uploads\/2021\/03\/pexels-roberto-nickson-2417842-scaled.jpg 1707w\" sizes=\"auto, (max-width: 683px) 100vw, 683px\" \/><\/figure><\/div>\n\n\n\n<div class=\"wp-block-image\"><figure class=\"aligncenter size-large\"><img loading=\"lazy\" decoding=\"async\" width=\"683\" height=\"1024\" src=\"\/\/i0.wp.com\/manualdetecnicafotografica.com\/blog\/wp-content\/uploads\/2021\/03\/pexels-rachel-claire-4846454-683x1024.jpg\" alt=\"\" class=\"wp-image-2115\" srcset=\"https:\/\/manualdetecnicafotografica.com\/blog\/wp-content\/uploads\/2021\/03\/pexels-rachel-claire-4846454-683x1024.jpg 683w, https:\/\/manualdetecnicafotografica.com\/blog\/wp-content\/uploads\/2021\/03\/pexels-rachel-claire-4846454-200x300.jpg 200w, https:\/\/manualdetecnicafotografica.com\/blog\/wp-content\/uploads\/2021\/03\/pexels-rachel-claire-4846454-768x1152.jpg 768w, https:\/\/manualdetecnicafotografica.com\/blog\/wp-content\/uploads\/2021\/03\/pexels-rachel-claire-4846454-1024x1536.jpg 1024w, https:\/\/manualdetecnicafotografica.com\/blog\/wp-content\/uploads\/2021\/03\/pexels-rachel-claire-4846454-1365x2048.jpg 1365w, https:\/\/manualdetecnicafotografica.com\/blog\/wp-content\/uploads\/2021\/03\/pexels-rachel-claire-4846454-scaled.jpg 1707w\" sizes=\"auto, (max-width: 683px) 100vw, 683px\" \/><\/figure><\/div>\n\n\n\n<div class=\"wp-block-image\"><figure class=\"aligncenter size-large\"><img loading=\"lazy\" decoding=\"async\" width=\"797\" height=\"1024\" src=\"\/\/i0.wp.com\/manualdetecnicafotografica.com\/blog\/wp-content\/uploads\/2021\/03\/pexels-pixabay-53464-797x1024.jpg\" alt=\"\" class=\"wp-image-2117\" srcset=\"https:\/\/manualdetecnicafotografica.com\/blog\/wp-content\/uploads\/2021\/03\/pexels-pixabay-53464-797x1024.jpg 797w, https:\/\/manualdetecnicafotografica.com\/blog\/wp-content\/uploads\/2021\/03\/pexels-pixabay-53464-233x300.jpg 233w, https:\/\/manualdetecnicafotografica.com\/blog\/wp-content\/uploads\/2021\/03\/pexels-pixabay-53464-768x987.jpg 768w, https:\/\/manualdetecnicafotografica.com\/blog\/wp-content\/uploads\/2021\/03\/pexels-pixabay-53464-1195x1536.jpg 1195w, https:\/\/manualdetecnicafotografica.com\/blog\/wp-content\/uploads\/2021\/03\/pexels-pixabay-53464.jpg 1556w\" sizes=\"auto, (max-width: 797px) 100vw, 797px\" \/><\/figure><\/div>\n\n\n\n<div class=\"wp-block-image\"><figure class=\"aligncenter size-large\"><img loading=\"lazy\" decoding=\"async\" width=\"683\" height=\"1024\" src=\"\/\/i0.wp.com\/manualdetecnicafotografica.com\/blog\/wp-content\/uploads\/2021\/03\/pexels-pew-nguyen-244133-683x1024.jpg\" alt=\"\" class=\"wp-image-2118\" srcset=\"https:\/\/manualdetecnicafotografica.com\/blog\/wp-content\/uploads\/2021\/03\/pexels-pew-nguyen-244133-683x1024.jpg 683w, https:\/\/manualdetecnicafotografica.com\/blog\/wp-content\/uploads\/2021\/03\/pexels-pew-nguyen-244133-200x300.jpg 200w, https:\/\/manualdetecnicafotografica.com\/blog\/wp-content\/uploads\/2021\/03\/pexels-pew-nguyen-244133-768x1152.jpg 768w, https:\/\/manualdetecnicafotografica.com\/blog\/wp-content\/uploads\/2021\/03\/pexels-pew-nguyen-244133-1024x1536.jpg 1024w, https:\/\/manualdetecnicafotografica.com\/blog\/wp-content\/uploads\/2021\/03\/pexels-pew-nguyen-244133-1365x2048.jpg 1365w, https:\/\/manualdetecnicafotografica.com\/blog\/wp-content\/uploads\/2021\/03\/pexels-pew-nguyen-244133-scaled.jpg 1707w\" sizes=\"auto, (max-width: 683px) 100vw, 683px\" \/><\/figure><\/div>\n\n\n\n<div class=\"wp-block-image\"><figure class=\"aligncenter size-large\"><img loading=\"lazy\" decoding=\"async\" width=\"768\" height=\"1024\" src=\"\/\/i0.wp.com\/manualdetecnicafotografica.com\/blog\/wp-content\/uploads\/2021\/03\/pexels-michael-block-3225531-768x1024.jpg\" alt=\"\" class=\"wp-image-2119\" srcset=\"https:\/\/manualdetecnicafotografica.com\/blog\/wp-content\/uploads\/2021\/03\/pexels-michael-block-3225531-768x1024.jpg 768w, https:\/\/manualdetecnicafotografica.com\/blog\/wp-content\/uploads\/2021\/03\/pexels-michael-block-3225531-225x300.jpg 225w, https:\/\/manualdetecnicafotografica.com\/blog\/wp-content\/uploads\/2021\/03\/pexels-michael-block-3225531-1152x1536.jpg 1152w, https:\/\/manualdetecnicafotografica.com\/blog\/wp-content\/uploads\/2021\/03\/pexels-michael-block-3225531-1536x2048.jpg 1536w, https:\/\/manualdetecnicafotografica.com\/blog\/wp-content\/uploads\/2021\/03\/pexels-michael-block-3225531-scaled.jpg 1920w\" sizes=\"auto, (max-width: 768px) 100vw, 768px\" \/><\/figure><\/div>\n\n\n\n<p><\/p>\n","protected":false},"excerpt":{"rendered":"<p>Capturar la belleza interior de una estructura arquitect\u00f3nica no es tarea para cualquiera. Requiere de muchas aptitudes y un buen material para sacar provecho del dise\u00f1o arquitect\u00f3nico a fotografiar. Jugar con las l\u00edneas o diagonales, o saber manipular la iluminaci\u00f3n para resaltar lo que tienes delante de los ojos, son elementos primordiales a la hora [&hellip;]<\/p>\n","protected":false},"author":71,"featured_media":2127,"comment_status":"open","ping_status":"open","sticky":false,"template":"","format":"standard","meta":{"_genesis_hide_title":false,"_genesis_hide_breadcrumbs":false,"_genesis_hide_singular_image":false,"_genesis_hide_footer_widgets":false,"_genesis_custom_body_class":"","_genesis_custom_post_class":"","_genesis_layout":"","_glsr_average":0,"_glsr_ranking":0,"_glsr_reviews":0,"footnotes":""},"categories":[122,103,3],"tags":[178,186,183,184,185,187],"class_list":{"0":"post-2087","1":"post","2":"type-post","3":"status-publish","4":"format-standard","5":"has-post-thumbnail","7":"category-nivel-intermedio","8":"category-practica","9":"category-tecnica-fotografica","10":"tag-como-fotografiar-en-interiores","11":"tag-como-fotografiar-en-interiores-2","12":"tag-fotografia-arquitectura","13":"tag-fotografia-arquitectura-curso","14":"tag-fotografia-arquitectura-pdf","15":"tag-fotografia-de-interiores","16":"entry"},"yoast_head":"<!-- This site is optimized with the Yoast SEO plugin v27.4 - https:\/\/yoast.com\/product\/yoast-seo-wordpress\/ -->\n<title>C\u00f3mo fotografiar en interiores - Iniciaci\u00f3n a la Fotograf\u00eda<\/title>\n<meta name=\"description\" content=\"Aprende c\u00f3mo fotografiar en interiores y lograr grandes resultados con estos consejos f\u00e1ciles y r\u00e1pidos... \u00a1Te espero en mi Blog!\" \/>\n<meta name=\"robots\" content=\"index, follow, max-snippet:-1, max-image-preview:large, max-video-preview:-1\" \/>\n<link rel=\"canonical\" href=\"https:\/\/manualdetecnicafotografica.com\/blog\/como-fotografiar-en-interiores\/\" \/>\n<meta property=\"og:locale\" content=\"es_ES\" \/>\n<meta property=\"og:type\" content=\"article\" \/>\n<meta property=\"og:title\" content=\"C\u00f3mo fotografiar en interiores - Iniciaci\u00f3n a la Fotograf\u00eda\" \/>\n<meta property=\"og:description\" content=\"Aprende c\u00f3mo fotografiar en interiores y lograr grandes resultados con estos consejos f\u00e1ciles y r\u00e1pidos... \u00a1Te espero en mi Blog!\" \/>\n<meta property=\"og:url\" content=\"https:\/\/manualdetecnicafotografica.com\/blog\/como-fotografiar-en-interiores\/\" \/>\n<meta property=\"og:site_name\" content=\"Iniciaci\u00f3n a la Fotograf\u00eda\" \/>\n<meta property=\"article:published_time\" content=\"2021-03-02T16:36:22+00:00\" \/>\n<meta property=\"article:modified_time\" content=\"2021-03-02T16:36:24+00:00\" \/>\n<meta property=\"og:image\" content=\"https:\/\/manualdetecnicafotografica.com\/blog\/wp-content\/uploads\/2021\/03\/Miniatura-Blog-JIT-1.png\" \/>\n\t<meta property=\"og:image:width\" content=\"1080\" \/>\n\t<meta property=\"og:image:height\" content=\"1080\" \/>\n\t<meta property=\"og:image:type\" content=\"image\/png\" \/>\n<meta name=\"author\" content=\"clara.vittino\" \/>\n<meta name=\"twitter:card\" content=\"summary_large_image\" \/>\n<meta name=\"twitter:label1\" content=\"Escrito por\" \/>\n\t<meta name=\"twitter:data1\" content=\"clara.vittino\" \/>\n\t<meta name=\"twitter:label2\" content=\"Tiempo de lectura\" \/>\n\t<meta name=\"twitter:data2\" content=\"12 minutos\" \/>\n<script type=\"application\/ld+json\" class=\"yoast-schema-graph\">{\"@context\":\"https:\\\/\\\/schema.org\",\"@graph\":[{\"@type\":\"Article\",\"@id\":\"https:\\\/\\\/manualdetecnicafotografica.com\\\/blog\\\/como-fotografiar-en-interiores\\\/#article\",\"isPartOf\":{\"@id\":\"https:\\\/\\\/manualdetecnicafotografica.com\\\/blog\\\/como-fotografiar-en-interiores\\\/\"},\"author\":{\"name\":\"clara.vittino\",\"@id\":\"https:\\\/\\\/manualdetecnicafotografica.com\\\/blog\\\/#\\\/schema\\\/person\\\/2c938f2af5c6ce790361c9e4bf1d78f3\"},\"headline\":\"C\u00f3mo fotografiar en interiores\",\"datePublished\":\"2021-03-02T16:36:22+00:00\",\"dateModified\":\"2021-03-02T16:36:24+00:00\",\"mainEntityOfPage\":{\"@id\":\"https:\\\/\\\/manualdetecnicafotografica.com\\\/blog\\\/como-fotografiar-en-interiores\\\/\"},\"wordCount\":1405,\"commentCount\":5,\"image\":{\"@id\":\"https:\\\/\\\/manualdetecnicafotografica.com\\\/blog\\\/como-fotografiar-en-interiores\\\/#primaryimage\"},\"thumbnailUrl\":\"https:\\\/\\\/manualdetecnicafotografica.com\\\/blog\\\/wp-content\\\/uploads\\\/2021\\\/03\\\/Miniatura-Blog-JIT-1.png\",\"keywords\":[\"c\u00f3mo fotografiar en interiores\",\"como fotografiar en interiores\",\"fotograf\u00eda arquitectura\",\"fotograf\u00eda arquitectura curso\",\"fotograf\u00eda arquitectura pdf\",\"fotograf\u00eda de interiores\"],\"articleSection\":[\"Nivel Intermedio\",\"Pr\u00e1ctica\",\"T\u00e9cnica Fotogr\u00e1fica\"],\"inLanguage\":\"es\",\"potentialAction\":[{\"@type\":\"CommentAction\",\"name\":\"Comment\",\"target\":[\"https:\\\/\\\/manualdetecnicafotografica.com\\\/blog\\\/como-fotografiar-en-interiores\\\/#respond\"]}]},{\"@type\":\"WebPage\",\"@id\":\"https:\\\/\\\/manualdetecnicafotografica.com\\\/blog\\\/como-fotografiar-en-interiores\\\/\",\"url\":\"https:\\\/\\\/manualdetecnicafotografica.com\\\/blog\\\/como-fotografiar-en-interiores\\\/\",\"name\":\"C\u00f3mo fotografiar en interiores - Iniciaci\u00f3n a la Fotograf\u00eda\",\"isPartOf\":{\"@id\":\"https:\\\/\\\/manualdetecnicafotografica.com\\\/blog\\\/#website\"},\"primaryImageOfPage\":{\"@id\":\"https:\\\/\\\/manualdetecnicafotografica.com\\\/blog\\\/como-fotografiar-en-interiores\\\/#primaryimage\"},\"image\":{\"@id\":\"https:\\\/\\\/manualdetecnicafotografica.com\\\/blog\\\/como-fotografiar-en-interiores\\\/#primaryimage\"},\"thumbnailUrl\":\"https:\\\/\\\/manualdetecnicafotografica.com\\\/blog\\\/wp-content\\\/uploads\\\/2021\\\/03\\\/Miniatura-Blog-JIT-1.png\",\"datePublished\":\"2021-03-02T16:36:22+00:00\",\"dateModified\":\"2021-03-02T16:36:24+00:00\",\"author\":{\"@id\":\"https:\\\/\\\/manualdetecnicafotografica.com\\\/blog\\\/#\\\/schema\\\/person\\\/2c938f2af5c6ce790361c9e4bf1d78f3\"},\"description\":\"Aprende c\u00f3mo fotografiar en interiores y lograr grandes resultados con estos consejos f\u00e1ciles y r\u00e1pidos... \u00a1Te espero en mi Blog!\",\"breadcrumb\":{\"@id\":\"https:\\\/\\\/manualdetecnicafotografica.com\\\/blog\\\/como-fotografiar-en-interiores\\\/#breadcrumb\"},\"inLanguage\":\"es\",\"potentialAction\":[{\"@type\":\"ReadAction\",\"target\":[\"https:\\\/\\\/manualdetecnicafotografica.com\\\/blog\\\/como-fotografiar-en-interiores\\\/\"]}]},{\"@type\":\"ImageObject\",\"inLanguage\":\"es\",\"@id\":\"https:\\\/\\\/manualdetecnicafotografica.com\\\/blog\\\/como-fotografiar-en-interiores\\\/#primaryimage\",\"url\":\"https:\\\/\\\/manualdetecnicafotografica.com\\\/blog\\\/wp-content\\\/uploads\\\/2021\\\/03\\\/Miniatura-Blog-JIT-1.png\",\"contentUrl\":\"https:\\\/\\\/manualdetecnicafotografica.com\\\/blog\\\/wp-content\\\/uploads\\\/2021\\\/03\\\/Miniatura-Blog-JIT-1.png\",\"width\":1080,\"height\":1080},{\"@type\":\"BreadcrumbList\",\"@id\":\"https:\\\/\\\/manualdetecnicafotografica.com\\\/blog\\\/como-fotografiar-en-interiores\\\/#breadcrumb\",\"itemListElement\":[{\"@type\":\"ListItem\",\"position\":1,\"name\":\"Portada\",\"item\":\"https:\\\/\\\/manualdetecnicafotografica.com\\\/blog\\\/\"},{\"@type\":\"ListItem\",\"position\":2,\"name\":\"C\u00f3mo fotografiar en interiores\"}]},{\"@type\":\"WebSite\",\"@id\":\"https:\\\/\\\/manualdetecnicafotografica.com\\\/blog\\\/#website\",\"url\":\"https:\\\/\\\/manualdetecnicafotografica.com\\\/blog\\\/\",\"name\":\"Iniciaci\u00f3n a la Fotograf\u00eda\",\"description\":\"Blog de Juan Ignacio Torres\",\"potentialAction\":[{\"@type\":\"SearchAction\",\"target\":{\"@type\":\"EntryPoint\",\"urlTemplate\":\"https:\\\/\\\/manualdetecnicafotografica.com\\\/blog\\\/?s={search_term_string}\"},\"query-input\":{\"@type\":\"PropertyValueSpecification\",\"valueRequired\":true,\"valueName\":\"search_term_string\"}}],\"inLanguage\":\"es\"},{\"@type\":\"Person\",\"@id\":\"https:\\\/\\\/manualdetecnicafotografica.com\\\/blog\\\/#\\\/schema\\\/person\\\/2c938f2af5c6ce790361c9e4bf1d78f3\",\"name\":\"clara.vittino\",\"image\":{\"@type\":\"ImageObject\",\"inLanguage\":\"es\",\"@id\":\"https:\\\/\\\/secure.gravatar.com\\\/avatar\\\/ceed02ba44570cfeaf67e7a67c443c9983480020c3832059de807f3bfb27910b?s=96&d=wavatar&r=g\",\"url\":\"https:\\\/\\\/secure.gravatar.com\\\/avatar\\\/ceed02ba44570cfeaf67e7a67c443c9983480020c3832059de807f3bfb27910b?s=96&d=wavatar&r=g\",\"contentUrl\":\"https:\\\/\\\/secure.gravatar.com\\\/avatar\\\/ceed02ba44570cfeaf67e7a67c443c9983480020c3832059de807f3bfb27910b?s=96&d=wavatar&r=g\",\"caption\":\"clara.vittino\"},\"url\":\"https:\\\/\\\/manualdetecnicafotografica.com\\\/blog\\\/author\\\/clara-vittino\\\/\"}]}<\/script>\n<!-- \/ Yoast SEO plugin. -->","yoast_head_json":{"title":"C\u00f3mo fotografiar en interiores - Iniciaci\u00f3n a la Fotograf\u00eda","description":"Aprende c\u00f3mo fotografiar en interiores y lograr grandes resultados con estos consejos f\u00e1ciles y r\u00e1pidos... \u00a1Te espero en mi Blog!","robots":{"index":"index","follow":"follow","max-snippet":"max-snippet:-1","max-image-preview":"max-image-preview:large","max-video-preview":"max-video-preview:-1"},"canonical":"https:\/\/manualdetecnicafotografica.com\/blog\/como-fotografiar-en-interiores\/","og_locale":"es_ES","og_type":"article","og_title":"C\u00f3mo fotografiar en interiores - Iniciaci\u00f3n a la Fotograf\u00eda","og_description":"Aprende c\u00f3mo fotografiar en interiores y lograr grandes resultados con estos consejos f\u00e1ciles y r\u00e1pidos... \u00a1Te espero en mi Blog!","og_url":"https:\/\/manualdetecnicafotografica.com\/blog\/como-fotografiar-en-interiores\/","og_site_name":"Iniciaci\u00f3n a la Fotograf\u00eda","article_published_time":"2021-03-02T16:36:22+00:00","article_modified_time":"2021-03-02T16:36:24+00:00","og_image":[{"width":1080,"height":1080,"url":"https:\/\/manualdetecnicafotografica.com\/blog\/wp-content\/uploads\/2021\/03\/Miniatura-Blog-JIT-1.png","type":"image\/png"}],"author":"clara.vittino","twitter_card":"summary_large_image","twitter_misc":{"Escrito por":"clara.vittino","Tiempo de lectura":"12 minutos"},"schema":{"@context":"https:\/\/schema.org","@graph":[{"@type":"Article","@id":"https:\/\/manualdetecnicafotografica.com\/blog\/como-fotografiar-en-interiores\/#article","isPartOf":{"@id":"https:\/\/manualdetecnicafotografica.com\/blog\/como-fotografiar-en-interiores\/"},"author":{"name":"clara.vittino","@id":"https:\/\/manualdetecnicafotografica.com\/blog\/#\/schema\/person\/2c938f2af5c6ce790361c9e4bf1d78f3"},"headline":"C\u00f3mo fotografiar en interiores","datePublished":"2021-03-02T16:36:22+00:00","dateModified":"2021-03-02T16:36:24+00:00","mainEntityOfPage":{"@id":"https:\/\/manualdetecnicafotografica.com\/blog\/como-fotografiar-en-interiores\/"},"wordCount":1405,"commentCount":5,"image":{"@id":"https:\/\/manualdetecnicafotografica.com\/blog\/como-fotografiar-en-interiores\/#primaryimage"},"thumbnailUrl":"https:\/\/manualdetecnicafotografica.com\/blog\/wp-content\/uploads\/2021\/03\/Miniatura-Blog-JIT-1.png","keywords":["c\u00f3mo fotografiar en interiores","como fotografiar en interiores","fotograf\u00eda arquitectura","fotograf\u00eda arquitectura curso","fotograf\u00eda arquitectura pdf","fotograf\u00eda de interiores"],"articleSection":["Nivel Intermedio","Pr\u00e1ctica","T\u00e9cnica Fotogr\u00e1fica"],"inLanguage":"es","potentialAction":[{"@type":"CommentAction","name":"Comment","target":["https:\/\/manualdetecnicafotografica.com\/blog\/como-fotografiar-en-interiores\/#respond"]}]},{"@type":"WebPage","@id":"https:\/\/manualdetecnicafotografica.com\/blog\/como-fotografiar-en-interiores\/","url":"https:\/\/manualdetecnicafotografica.com\/blog\/como-fotografiar-en-interiores\/","name":"C\u00f3mo fotografiar en interiores - Iniciaci\u00f3n a la Fotograf\u00eda","isPartOf":{"@id":"https:\/\/manualdetecnicafotografica.com\/blog\/#website"},"primaryImageOfPage":{"@id":"https:\/\/manualdetecnicafotografica.com\/blog\/como-fotografiar-en-interiores\/#primaryimage"},"image":{"@id":"https:\/\/manualdetecnicafotografica.com\/blog\/como-fotografiar-en-interiores\/#primaryimage"},"thumbnailUrl":"https:\/\/manualdetecnicafotografica.com\/blog\/wp-content\/uploads\/2021\/03\/Miniatura-Blog-JIT-1.png","datePublished":"2021-03-02T16:36:22+00:00","dateModified":"2021-03-02T16:36:24+00:00","author":{"@id":"https:\/\/manualdetecnicafotografica.com\/blog\/#\/schema\/person\/2c938f2af5c6ce790361c9e4bf1d78f3"},"description":"Aprende c\u00f3mo fotografiar en interiores y lograr grandes resultados con estos consejos f\u00e1ciles y r\u00e1pidos... \u00a1Te espero en mi Blog!","breadcrumb":{"@id":"https:\/\/manualdetecnicafotografica.com\/blog\/como-fotografiar-en-interiores\/#breadcrumb"},"inLanguage":"es","potentialAction":[{"@type":"ReadAction","target":["https:\/\/manualdetecnicafotografica.com\/blog\/como-fotografiar-en-interiores\/"]}]},{"@type":"ImageObject","inLanguage":"es","@id":"https:\/\/manualdetecnicafotografica.com\/blog\/como-fotografiar-en-interiores\/#primaryimage","url":"https:\/\/manualdetecnicafotografica.com\/blog\/wp-content\/uploads\/2021\/03\/Miniatura-Blog-JIT-1.png","contentUrl":"https:\/\/manualdetecnicafotografica.com\/blog\/wp-content\/uploads\/2021\/03\/Miniatura-Blog-JIT-1.png","width":1080,"height":1080},{"@type":"BreadcrumbList","@id":"https:\/\/manualdetecnicafotografica.com\/blog\/como-fotografiar-en-interiores\/#breadcrumb","itemListElement":[{"@type":"ListItem","position":1,"name":"Portada","item":"https:\/\/manualdetecnicafotografica.com\/blog\/"},{"@type":"ListItem","position":2,"name":"C\u00f3mo fotografiar en interiores"}]},{"@type":"WebSite","@id":"https:\/\/manualdetecnicafotografica.com\/blog\/#website","url":"https:\/\/manualdetecnicafotografica.com\/blog\/","name":"Iniciaci\u00f3n a la Fotograf\u00eda","description":"Blog de Juan Ignacio Torres","potentialAction":[{"@type":"SearchAction","target":{"@type":"EntryPoint","urlTemplate":"https:\/\/manualdetecnicafotografica.com\/blog\/?s={search_term_string}"},"query-input":{"@type":"PropertyValueSpecification","valueRequired":true,"valueName":"search_term_string"}}],"inLanguage":"es"},{"@type":"Person","@id":"https:\/\/manualdetecnicafotografica.com\/blog\/#\/schema\/person\/2c938f2af5c6ce790361c9e4bf1d78f3","name":"clara.vittino","image":{"@type":"ImageObject","inLanguage":"es","@id":"https:\/\/secure.gravatar.com\/avatar\/ceed02ba44570cfeaf67e7a67c443c9983480020c3832059de807f3bfb27910b?s=96&d=wavatar&r=g","url":"https:\/\/secure.gravatar.com\/avatar\/ceed02ba44570cfeaf67e7a67c443c9983480020c3832059de807f3bfb27910b?s=96&d=wavatar&r=g","contentUrl":"https:\/\/secure.gravatar.com\/avatar\/ceed02ba44570cfeaf67e7a67c443c9983480020c3832059de807f3bfb27910b?s=96&d=wavatar&r=g","caption":"clara.vittino"},"url":"https:\/\/manualdetecnicafotografica.com\/blog\/author\/clara-vittino\/"}]}},"_links":{"self":[{"href":"https:\/\/manualdetecnicafotografica.com\/blog\/wp-json\/wp\/v2\/posts\/2087","targetHints":{"allow":["GET"]}}],"collection":[{"href":"https:\/\/manualdetecnicafotografica.com\/blog\/wp-json\/wp\/v2\/posts"}],"about":[{"href":"https:\/\/manualdetecnicafotografica.com\/blog\/wp-json\/wp\/v2\/types\/post"}],"author":[{"embeddable":true,"href":"https:\/\/manualdetecnicafotografica.com\/blog\/wp-json\/wp\/v2\/users\/71"}],"replies":[{"embeddable":true,"href":"https:\/\/manualdetecnicafotografica.com\/blog\/wp-json\/wp\/v2\/comments?post=2087"}],"version-history":[{"count":7,"href":"https:\/\/manualdetecnicafotografica.com\/blog\/wp-json\/wp\/v2\/posts\/2087\/revisions"}],"predecessor-version":[{"id":2130,"href":"https:\/\/manualdetecnicafotografica.com\/blog\/wp-json\/wp\/v2\/posts\/2087\/revisions\/2130"}],"wp:featuredmedia":[{"embeddable":true,"href":"https:\/\/manualdetecnicafotografica.com\/blog\/wp-json\/wp\/v2\/media\/2127"}],"wp:attachment":[{"href":"https:\/\/manualdetecnicafotografica.com\/blog\/wp-json\/wp\/v2\/media?parent=2087"}],"wp:term":[{"taxonomy":"category","embeddable":true,"href":"https:\/\/manualdetecnicafotografica.com\/blog\/wp-json\/wp\/v2\/categories?post=2087"},{"taxonomy":"post_tag","embeddable":true,"href":"https:\/\/manualdetecnicafotografica.com\/blog\/wp-json\/wp\/v2\/tags?post=2087"}],"curies":[{"name":"wp","href":"https:\/\/api.w.org\/{rel}","templated":true}]}}