{"id":2000,"date":"2021-02-09T14:39:20","date_gmt":"2021-02-09T14:39:20","guid":{"rendered":"https:\/\/manualdetecnicafotografica.com\/blog\/?p=2000"},"modified":"2021-02-09T14:39:21","modified_gmt":"2021-02-09T14:39:21","slug":"que-es-la-temperatura-de-color-y-como-utilizarla-en-tus-fotografias","status":"publish","type":"post","link":"https:\/\/manualdetecnicafotografica.com\/blog\/que-es-la-temperatura-de-color-y-como-utilizarla-en-tus-fotografias\/","title":{"rendered":"Qu\u00e9 es la temperatura de color y c\u00f3mo utilizarla en tus fotograf\u00edas"},"content":{"rendered":"\n<p>Seguro m\u00e1s de una vez te ha pasado de tomar una fotograf\u00eda y que \u00e9sta tenga tonalidades azules o amarillentas, \u00bfverdad?. Pues d\u00e9jame decirte que no, no eres dalt\u00f3nico, simplemente no est\u00e1s teniendo en cuenta la iluminaci\u00f3n y la<strong> temperatura de color<\/strong> al momento de tomar tu fotograf\u00eda, as\u00ed que hoy te contar\u00e9 qu\u00e9 es y c\u00f3mo utilizarla de manera exitosa.<\/p>\n\n\n\n<h3 class=\"wp-block-heading\"><strong>\u00bfQu\u00e9 es la temperatura de color?<\/strong><\/h3>\n\n\n\n<p>La&nbsp;<strong>temperatura de color<\/strong>&nbsp;es algo de lo que tomas conciencia en el momento en el que te adentras en el mundo de la fotograf\u00eda o el cine. Todos somos capaces de intuir que hay diferentes tonalidades en las luces, sobre todo en las que son muy marcadas como puede ser la luz c\u00e1lida de los amaneceres y atardeceres, por ejemplo.<\/p>\n\n\n\n<p>Nuestra visi\u00f3n se adapta continuamente&nbsp;y corrige esas tonalidades que tienen las diferentes luces que nos rodean, sin apenas darnos cuenta de ello. Si hay algo blanco, nuestro cerebro nos dice que es blanco y lo percibimos como blanco, aunque este pueda estar reflejando una luz de una tonalidad distinta.<\/p>\n\n\n\n<p>Los sensores de las c\u00e1maras, que son los encargados de recibir toda la informaci\u00f3n de la luz al momento de procesar la fotograf\u00eda dentro de la c\u00e1mara, no son capaces de corregir por s\u00ed solos los colores de las diferentes luces. Es por eso que, aunque muchas veces t\u00fa veas la imagen con un tono blanco y unos colores adecuados, los sensores responden con una imagen con una \u00abdominante\u00bb de luz que no siempre es de tu agrado, como se ve a continuaci\u00f3n:<\/p>\n\n\n\n<div class=\"wp-block-image\"><figure class=\"aligncenter size-large\"><img loading=\"lazy\" decoding=\"async\" width=\"1024\" height=\"768\" src=\"\/\/i0.wp.com\/manualdetecnicafotografica.com\/blog\/wp-content\/uploads\/2021\/02\/dominante5-1024x768.jpg\" alt=\"\" class=\"wp-image-2012\" srcset=\"https:\/\/manualdetecnicafotografica.com\/blog\/wp-content\/uploads\/2021\/02\/dominante5-1024x768.jpg 1024w, https:\/\/manualdetecnicafotografica.com\/blog\/wp-content\/uploads\/2021\/02\/dominante5-300x225.jpg 300w, https:\/\/manualdetecnicafotografica.com\/blog\/wp-content\/uploads\/2021\/02\/dominante5-768x576.jpg 768w, https:\/\/manualdetecnicafotografica.com\/blog\/wp-content\/uploads\/2021\/02\/dominante5-1536x1152.jpg 1536w, https:\/\/manualdetecnicafotografica.com\/blog\/wp-content\/uploads\/2021\/02\/dominante5.jpg 1600w\" sizes=\"auto, (max-width: 1024px) 100vw, 1024px\" \/><figcaption>Fotograf\u00eda con dominante de luz azul (fr\u00eda).<\/figcaption><\/figure><\/div>\n\n\n\n<div class=\"wp-block-image\"><figure class=\"aligncenter size-large\"><img loading=\"lazy\" decoding=\"async\" width=\"632\" height=\"474\" src=\"\/\/i0.wp.com\/manualdetecnicafotografica.com\/blog\/wp-content\/uploads\/2021\/02\/amarillo.jpg\" alt=\"\" class=\"wp-image-2013\" srcset=\"https:\/\/manualdetecnicafotografica.com\/blog\/wp-content\/uploads\/2021\/02\/amarillo.jpg 632w, https:\/\/manualdetecnicafotografica.com\/blog\/wp-content\/uploads\/2021\/02\/amarillo-300x225.jpg 300w\" sizes=\"auto, (max-width: 632px) 100vw, 632px\" \/><figcaption>Fotograf\u00eda con dominante de luz amarilla (c\u00e1lida).<\/figcaption><\/figure><\/div>\n\n\n\n<h3 class=\"wp-block-heading\"><strong>\u00bfQu\u00e9 es entonces la temperatura de color?<\/strong><\/h3>\n\n\n\n<p><strong>La temperatura de color es la tonalidad que tienen las diferentes fuentes de luz.<\/strong>\u00a0Aunque no lo percibas a simple vista, las diferentes luces contienen diferentes tonalidades (colores).<\/p>\n\n\n\n<p>Si observas las siguientes tres im\u00e1genes debajo, podr\u00e1s ver tres tipos de temperaturas de color. La primera es neutra, la segunda es balanceada hacia los tonos fr\u00edos (azules), y la tercera hacia los tonos c\u00e1lidos (amarillos o naranjas).<\/p>\n\n\n\n<figure class=\"wp-block-image size-large\"><img loading=\"lazy\" decoding=\"async\" width=\"1024\" height=\"684\" src=\"\/\/i0.wp.com\/manualdetecnicafotografica.com\/blog\/wp-content\/uploads\/2021\/02\/tempcolor1-2-scaled-1-1024x684.jpg\" alt=\"\" class=\"wp-image-2004\" srcset=\"https:\/\/manualdetecnicafotografica.com\/blog\/wp-content\/uploads\/2021\/02\/tempcolor1-2-scaled-1-1024x684.jpg 1024w, https:\/\/manualdetecnicafotografica.com\/blog\/wp-content\/uploads\/2021\/02\/tempcolor1-2-scaled-1-300x200.jpg 300w, https:\/\/manualdetecnicafotografica.com\/blog\/wp-content\/uploads\/2021\/02\/tempcolor1-2-scaled-1-768x513.jpg 768w, https:\/\/manualdetecnicafotografica.com\/blog\/wp-content\/uploads\/2021\/02\/tempcolor1-2-scaled-1-272x182.jpg 272w, https:\/\/manualdetecnicafotografica.com\/blog\/wp-content\/uploads\/2021\/02\/tempcolor1-2-scaled-1.jpg 1534w\" sizes=\"auto, (max-width: 1024px) 100vw, 1024px\" \/><figcaption>Paisaje con temperatura de color neutra. Las nubes se ven blancas y el cielo celeste. Se respeta las tonalidades del momento de la toma.<\/figcaption><\/figure>\n\n\n\n<div class=\"wp-block-image\"><figure class=\"aligncenter size-large\"><img loading=\"lazy\" decoding=\"async\" width=\"1024\" height=\"684\" src=\"\/\/i0.wp.com\/manualdetecnicafotografica.com\/blog\/wp-content\/uploads\/2021\/02\/tempcolor3-1462x976-1-1024x684.jpg\" alt=\"\" class=\"wp-image-2005\" srcset=\"https:\/\/manualdetecnicafotografica.com\/blog\/wp-content\/uploads\/2021\/02\/tempcolor3-1462x976-1-1024x684.jpg 1024w, https:\/\/manualdetecnicafotografica.com\/blog\/wp-content\/uploads\/2021\/02\/tempcolor3-1462x976-1-300x200.jpg 300w, https:\/\/manualdetecnicafotografica.com\/blog\/wp-content\/uploads\/2021\/02\/tempcolor3-1462x976-1-768x513.jpg 768w, https:\/\/manualdetecnicafotografica.com\/blog\/wp-content\/uploads\/2021\/02\/tempcolor3-1462x976-1-272x182.jpg 272w, https:\/\/manualdetecnicafotografica.com\/blog\/wp-content\/uploads\/2021\/02\/tempcolor3-1462x976-1.jpg 1462w\" sizes=\"auto, (max-width: 1024px) 100vw, 1024px\" \/><figcaption>Paisaje balanceado con tonalidades c\u00e1lidas. El cielo se ve m\u00e1s azul, los colores fr\u00edos m\u00e1s saturados. Los tonos c\u00e1lidos de la luz del sol sobre los \u00e1rboles no se percibe.<\/figcaption><\/figure><\/div>\n\n\n\n<div class=\"wp-block-image\"><figure class=\"aligncenter size-large\"><img loading=\"lazy\" decoding=\"async\" width=\"1024\" height=\"684\" src=\"\/\/i0.wp.com\/manualdetecnicafotografica.com\/blog\/wp-content\/uploads\/2021\/02\/Temperaturas-de-color-1-1024x684.jpg\" alt=\"\" class=\"wp-image-2007\" srcset=\"https:\/\/manualdetecnicafotografica.com\/blog\/wp-content\/uploads\/2021\/02\/Temperaturas-de-color-1-1024x684.jpg 1024w, https:\/\/manualdetecnicafotografica.com\/blog\/wp-content\/uploads\/2021\/02\/Temperaturas-de-color-1-300x200.jpg 300w, https:\/\/manualdetecnicafotografica.com\/blog\/wp-content\/uploads\/2021\/02\/Temperaturas-de-color-1-768x513.jpg 768w, https:\/\/manualdetecnicafotografica.com\/blog\/wp-content\/uploads\/2021\/02\/Temperaturas-de-color-1-272x182.jpg 272w, https:\/\/manualdetecnicafotografica.com\/blog\/wp-content\/uploads\/2021\/02\/Temperaturas-de-color-1.jpg 1462w\" sizes=\"auto, (max-width: 1024px) 100vw, 1024px\" \/><figcaption>Paisaje balanceado a los tonos c\u00e1lidos. Toda la fotograf\u00eda queda te\u00f1ida de tonalidades amarillentas y anaranjadas, el cielo no se ve con su tono original.<\/figcaption><\/figure><\/div>\n\n\n\n<p><strong>Los tonos c\u00e1lidos<\/strong>&nbsp;de la luz corresponden a amaneceres y atardeceres y a la mayor\u00eda de luces de interior. En cambio,<strong>&nbsp;las luces m\u00e1s fr\u00edas&nbsp;<\/strong>corresponden a sombras, d\u00edas nublados, pantallas LCD o la conocida \u00abhora azul\u00bb.<\/p>\n\n\n\n<div class=\"wp-block-image\"><figure class=\"aligncenter size-large\"><img loading=\"lazy\" decoding=\"async\" width=\"528\" height=\"178\" src=\"\/\/i0.wp.com\/manualdetecnicafotografica.com\/blog\/wp-content\/uploads\/2021\/02\/1340717569-ejemplo-2-low-1.jpg\" alt=\"\" class=\"wp-image-2015\" srcset=\"https:\/\/manualdetecnicafotografica.com\/blog\/wp-content\/uploads\/2021\/02\/1340717569-ejemplo-2-low-1.jpg 528w, https:\/\/manualdetecnicafotografica.com\/blog\/wp-content\/uploads\/2021\/02\/1340717569-ejemplo-2-low-1-300x101.jpg 300w\" sizes=\"auto, (max-width: 528px) 100vw, 528px\" \/><\/figure><\/div>\n\n\n\n<h3 class=\"wp-block-heading\"><strong>\u00bfQu\u00e9 hacer con la temperatura de color?<\/strong><\/h3>\n\n\n\n<p>La manera que tienen las c\u00e1maras de compensar esas tonalidades dominantes de los diferentes tipos de luz es el \u00abBalance de blancos\u00bb y lo que hace es compensar la tonalidad de la luz que recibe, a\u00f1adi\u00e9ndole su contrario; del mismo modo que si te has preparado un t\u00e9 y ha quedado muy caliente, le a\u00f1adir\u00edas agua fr\u00eda, y si por el contrario estuviera muy fr\u00edo, le a\u00f1adir\u00edas agua caliente.<\/p>\n\n\n\n<p>El <strong>balance de blancos <\/strong>hace lo mismo para conseguir una luz neutra. Si la luz de la escena es fr\u00eda, le a\u00f1ade calidez. Si es c\u00e1lida, le a\u00f1ade fr\u00edo.<\/p>\n\n\n\n<p>Es por eso que antes de empezar a fotografiar y si eres principiante, te aconsejo que configures el balance de blancos (que es un bot\u00f3n con las siglas \u00abWB\u00bb en la parte trasera de tu c\u00e1mara), en autom\u00e1tico. Si eres un fot\u00f3grafo algo m\u00e1s avanzado, puedes configurar tu c\u00e1mara para fotografiar en formato RAW m\u00e1s que en JPG, ya que la c\u00e1mara no realiza ning\u00fan ajuste o compresi\u00f3n sobre ese archivo, es el archivo en \u00abcrudo\u00bb, para que luego t\u00fa puedas revelar y post-procesar la fotograf\u00eda con los ajustes que tu quieras, sin perder informaci\u00f3n de detalle en los colores de ella.<\/p>\n\n\n\n<div class=\"wp-block-image\"><figure class=\"aligncenter size-large\"><img loading=\"lazy\" decoding=\"async\" width=\"772\" height=\"432\" src=\"\/\/i0.wp.com\/manualdetecnicafotografica.com\/blog\/wp-content\/uploads\/2021\/02\/d5300_whitebalance_finetuning-01-1.jpg\" alt=\"\" class=\"wp-image-2011\" srcset=\"https:\/\/manualdetecnicafotografica.com\/blog\/wp-content\/uploads\/2021\/02\/d5300_whitebalance_finetuning-01-1.jpg 772w, https:\/\/manualdetecnicafotografica.com\/blog\/wp-content\/uploads\/2021\/02\/d5300_whitebalance_finetuning-01-1-300x168.jpg 300w, https:\/\/manualdetecnicafotografica.com\/blog\/wp-content\/uploads\/2021\/02\/d5300_whitebalance_finetuning-01-1-768x430.jpg 768w\" sizes=\"auto, (max-width: 772px) 100vw, 772px\" \/><\/figure><\/div>\n\n\n\n<div class=\"wp-block-image\"><figure class=\"aligncenter size-large\"><img loading=\"lazy\" decoding=\"async\" width=\"1024\" height=\"425\" src=\"\/\/i0.wp.com\/manualdetecnicafotografica.com\/blog\/wp-content\/uploads\/2021\/02\/balance-blancos-camara-1-1024x425.jpg\" alt=\"\" class=\"wp-image-2020\" srcset=\"https:\/\/manualdetecnicafotografica.com\/blog\/wp-content\/uploads\/2021\/02\/balance-blancos-camara-1-1024x425.jpg 1024w, https:\/\/manualdetecnicafotografica.com\/blog\/wp-content\/uploads\/2021\/02\/balance-blancos-camara-1-300x124.jpg 300w, https:\/\/manualdetecnicafotografica.com\/blog\/wp-content\/uploads\/2021\/02\/balance-blancos-camara-1-768x318.jpg 768w, https:\/\/manualdetecnicafotografica.com\/blog\/wp-content\/uploads\/2021\/02\/balance-blancos-camara-1-1536x637.jpg 1536w, https:\/\/manualdetecnicafotografica.com\/blog\/wp-content\/uploads\/2021\/02\/balance-blancos-camara-1-2048x849.jpg 2048w\" sizes=\"auto, (max-width: 1024px) 100vw, 1024px\" \/><\/figure><\/div>\n\n\n\n<p>No est\u00e1 de m\u00e1s contarte que, si tu fotograf\u00eda ha salido con tonalidades que no deseas, puedes corregirlas en cualquier programa o <a href=\"https:\/\/manualdetecnicafotografica.com\/blog\/lightroom-presets-filtros-lightroom-lightroom-presets-gratis\/\" target=\"_blank\" rel=\"noreferrer noopener\">app de edici\u00f3n<\/a> de fotograf\u00edas y darle una tonalidad neutra (o no, quiz\u00e1s te ha gustado la tonalidad que ha tenido y deseas dejarla como est\u00e1, recuerda que no hay nada que sea \u00abmalo o bueno\u00bb en materia fotogr\u00e1fica y va con el gusto de cada uno). Debajo te dejo ejemplos de fotograf\u00edas con tonalidades c\u00e1lidas y otras fr\u00edas para que puedas ver por ti mismo lo que te he ense\u00f1ado el d\u00eda de hoy:<\/p>\n\n\n\n<p><strong>Fotograf\u00edas con tonalidades azules (fr\u00edas):<\/strong><\/p>\n\n\n\n<div class=\"wp-block-image\"><figure class=\"aligncenter size-large\"><img loading=\"lazy\" decoding=\"async\" width=\"1024\" height=\"683\" src=\"\/\/i0.wp.com\/manualdetecnicafotografica.com\/blog\/wp-content\/uploads\/2021\/02\/frio7-1462x975-1-1024x683.jpg\" alt=\"\" class=\"wp-image-2029\" srcset=\"https:\/\/manualdetecnicafotografica.com\/blog\/wp-content\/uploads\/2021\/02\/frio7-1462x975-1-1024x683.jpg 1024w, https:\/\/manualdetecnicafotografica.com\/blog\/wp-content\/uploads\/2021\/02\/frio7-1462x975-1-300x200.jpg 300w, https:\/\/manualdetecnicafotografica.com\/blog\/wp-content\/uploads\/2021\/02\/frio7-1462x975-1-768x512.jpg 768w, https:\/\/manualdetecnicafotografica.com\/blog\/wp-content\/uploads\/2021\/02\/frio7-1462x975-1-272x182.jpg 272w, https:\/\/manualdetecnicafotografica.com\/blog\/wp-content\/uploads\/2021\/02\/frio7-1462x975-1.jpg 1462w\" sizes=\"auto, (max-width: 1024px) 100vw, 1024px\" \/><\/figure><\/div>\n\n\n\n<figure class=\"wp-block-image size-large\"><img loading=\"lazy\" decoding=\"async\" width=\"1024\" height=\"682\" src=\"\/\/i0.wp.com\/manualdetecnicafotografica.com\/blog\/wp-content\/uploads\/2021\/02\/pexels-photo-830891-1024x682.jpeg\" alt=\"\" class=\"wp-image-2022\" srcset=\"https:\/\/manualdetecnicafotografica.com\/blog\/wp-content\/uploads\/2021\/02\/pexels-photo-830891-1024x682.jpeg 1024w, https:\/\/manualdetecnicafotografica.com\/blog\/wp-content\/uploads\/2021\/02\/pexels-photo-830891-300x200.jpeg 300w, https:\/\/manualdetecnicafotografica.com\/blog\/wp-content\/uploads\/2021\/02\/pexels-photo-830891-768x511.jpeg 768w, https:\/\/manualdetecnicafotografica.com\/blog\/wp-content\/uploads\/2021\/02\/pexels-photo-830891-1536x1023.jpeg 1536w, https:\/\/manualdetecnicafotografica.com\/blog\/wp-content\/uploads\/2021\/02\/pexels-photo-830891-272x182.jpeg 272w, https:\/\/manualdetecnicafotografica.com\/blog\/wp-content\/uploads\/2021\/02\/pexels-photo-830891.jpeg 1880w\" sizes=\"auto, (max-width: 1024px) 100vw, 1024px\" \/><\/figure>\n\n\n\n<div class=\"wp-block-image\"><figure class=\"aligncenter size-large\"><img loading=\"lazy\" decoding=\"async\" width=\"1024\" height=\"684\" src=\"\/\/i0.wp.com\/manualdetecnicafotografica.com\/blog\/wp-content\/uploads\/2021\/02\/pexels-photo-1191377-1024x684.jpeg\" alt=\"\" class=\"wp-image-2023\" srcset=\"https:\/\/manualdetecnicafotografica.com\/blog\/wp-content\/uploads\/2021\/02\/pexels-photo-1191377-1024x684.jpeg 1024w, https:\/\/manualdetecnicafotografica.com\/blog\/wp-content\/uploads\/2021\/02\/pexels-photo-1191377-300x200.jpeg 300w, https:\/\/manualdetecnicafotografica.com\/blog\/wp-content\/uploads\/2021\/02\/pexels-photo-1191377-768x513.jpeg 768w, https:\/\/manualdetecnicafotografica.com\/blog\/wp-content\/uploads\/2021\/02\/pexels-photo-1191377-1536x1025.jpeg 1536w, https:\/\/manualdetecnicafotografica.com\/blog\/wp-content\/uploads\/2021\/02\/pexels-photo-1191377-272x182.jpeg 272w, https:\/\/manualdetecnicafotografica.com\/blog\/wp-content\/uploads\/2021\/02\/pexels-photo-1191377.jpeg 1880w\" sizes=\"auto, (max-width: 1024px) 100vw, 1024px\" \/><\/figure><\/div>\n\n\n\n<div class=\"wp-block-image\"><figure class=\"aligncenter size-large\"><img loading=\"lazy\" decoding=\"async\" width=\"683\" height=\"1024\" src=\"\/\/i0.wp.com\/manualdetecnicafotografica.com\/blog\/wp-content\/uploads\/2021\/02\/pexels-photo-2129796-683x1024.jpg\" alt=\"\" class=\"wp-image-2024\" srcset=\"https:\/\/manualdetecnicafotografica.com\/blog\/wp-content\/uploads\/2021\/02\/pexels-photo-2129796-683x1024.jpg 683w, https:\/\/manualdetecnicafotografica.com\/blog\/wp-content\/uploads\/2021\/02\/pexels-photo-2129796-200x300.jpg 200w, https:\/\/manualdetecnicafotografica.com\/blog\/wp-content\/uploads\/2021\/02\/pexels-photo-2129796-768x1152.jpg 768w, https:\/\/manualdetecnicafotografica.com\/blog\/wp-content\/uploads\/2021\/02\/pexels-photo-2129796.jpg 867w\" sizes=\"auto, (max-width: 683px) 100vw, 683px\" \/><\/figure><\/div>\n\n\n\n<div class=\"wp-block-image\"><figure class=\"aligncenter size-large\"><img loading=\"lazy\" decoding=\"async\" width=\"500\" height=\"667\" src=\"\/\/i0.wp.com\/manualdetecnicafotografica.com\/blog\/wp-content\/uploads\/2021\/02\/pexels-photo-3278087.jpeg\" alt=\"\" class=\"wp-image-2025\" srcset=\"https:\/\/manualdetecnicafotografica.com\/blog\/wp-content\/uploads\/2021\/02\/pexels-photo-3278087.jpeg 500w, https:\/\/manualdetecnicafotografica.com\/blog\/wp-content\/uploads\/2021\/02\/pexels-photo-3278087-225x300.jpeg 225w\" sizes=\"auto, (max-width: 500px) 100vw, 500px\" \/><\/figure><\/div>\n\n\n\n<div class=\"wp-block-image\"><figure class=\"aligncenter size-large\"><img loading=\"lazy\" decoding=\"async\" width=\"683\" height=\"1024\" src=\"\/\/i0.wp.com\/manualdetecnicafotografica.com\/blog\/wp-content\/uploads\/2021\/02\/pexels-photo-5244261-683x1024.jpeg\" alt=\"\" class=\"wp-image-2026\" srcset=\"https:\/\/manualdetecnicafotografica.com\/blog\/wp-content\/uploads\/2021\/02\/pexels-photo-5244261-683x1024.jpeg 683w, https:\/\/manualdetecnicafotografica.com\/blog\/wp-content\/uploads\/2021\/02\/pexels-photo-5244261-200x300.jpeg 200w, https:\/\/manualdetecnicafotografica.com\/blog\/wp-content\/uploads\/2021\/02\/pexels-photo-5244261-768x1152.jpeg 768w, https:\/\/manualdetecnicafotografica.com\/blog\/wp-content\/uploads\/2021\/02\/pexels-photo-5244261.jpeg 867w\" sizes=\"auto, (max-width: 683px) 100vw, 683px\" \/><\/figure><\/div>\n\n\n\n<div class=\"wp-block-image\"><figure class=\"aligncenter size-large\"><img loading=\"lazy\" decoding=\"async\" width=\"683\" height=\"1024\" src=\"\/\/i0.wp.com\/manualdetecnicafotografica.com\/blog\/wp-content\/uploads\/2021\/02\/fri\u0301o3-1462x2193-1-683x1024.jpg\" alt=\"\" class=\"wp-image-2027\" srcset=\"https:\/\/manualdetecnicafotografica.com\/blog\/wp-content\/uploads\/2021\/02\/fri\u0301o3-1462x2193-1-683x1024.jpg 683w, https:\/\/manualdetecnicafotografica.com\/blog\/wp-content\/uploads\/2021\/02\/fri\u0301o3-1462x2193-1-200x300.jpg 200w, https:\/\/manualdetecnicafotografica.com\/blog\/wp-content\/uploads\/2021\/02\/fri\u0301o3-1462x2193-1-768x1152.jpg 768w, https:\/\/manualdetecnicafotografica.com\/blog\/wp-content\/uploads\/2021\/02\/fri\u0301o3-1462x2193-1-1024x1536.jpg 1024w, https:\/\/manualdetecnicafotografica.com\/blog\/wp-content\/uploads\/2021\/02\/fri\u0301o3-1462x2193-1-1365x2048.jpg 1365w, https:\/\/manualdetecnicafotografica.com\/blog\/wp-content\/uploads\/2021\/02\/fri\u0301o3-1462x2193-1.jpg 1462w\" sizes=\"auto, (max-width: 683px) 100vw, 683px\" \/><\/figure><\/div>\n\n\n\n<div class=\"wp-block-image\"><figure class=\"aligncenter size-large\"><img loading=\"lazy\" decoding=\"async\" width=\"683\" height=\"1024\" src=\"\/\/i0.wp.com\/manualdetecnicafotografica.com\/blog\/wp-content\/uploads\/2021\/02\/frio4-1462x2193-1-683x1024.jpg\" alt=\"\" class=\"wp-image-2028\" srcset=\"https:\/\/manualdetecnicafotografica.com\/blog\/wp-content\/uploads\/2021\/02\/frio4-1462x2193-1-683x1024.jpg 683w, https:\/\/manualdetecnicafotografica.com\/blog\/wp-content\/uploads\/2021\/02\/frio4-1462x2193-1-200x300.jpg 200w, https:\/\/manualdetecnicafotografica.com\/blog\/wp-content\/uploads\/2021\/02\/frio4-1462x2193-1-768x1152.jpg 768w, https:\/\/manualdetecnicafotografica.com\/blog\/wp-content\/uploads\/2021\/02\/frio4-1462x2193-1-1024x1536.jpg 1024w, https:\/\/manualdetecnicafotografica.com\/blog\/wp-content\/uploads\/2021\/02\/frio4-1462x2193-1-1365x2048.jpg 1365w, https:\/\/manualdetecnicafotografica.com\/blog\/wp-content\/uploads\/2021\/02\/frio4-1462x2193-1.jpg 1462w\" sizes=\"auto, (max-width: 683px) 100vw, 683px\" \/><\/figure><\/div>\n\n\n\n<p><strong>Fotograf\u00edas con tonalidades anaranjadas o amarillentas (c\u00e1lidas):<\/strong><\/p>\n\n\n\n<div class=\"wp-block-image\"><figure class=\"aligncenter size-large\"><img loading=\"lazy\" decoding=\"async\" width=\"500\" height=\"750\" src=\"\/\/i0.wp.com\/manualdetecnicafotografica.com\/blog\/wp-content\/uploads\/2021\/02\/pexels-photo-6009291.jpeg\" alt=\"\" class=\"wp-image-2030\" srcset=\"https:\/\/manualdetecnicafotografica.com\/blog\/wp-content\/uploads\/2021\/02\/pexels-photo-6009291.jpeg 500w, https:\/\/manualdetecnicafotografica.com\/blog\/wp-content\/uploads\/2021\/02\/pexels-photo-6009291-200x300.jpeg 200w\" sizes=\"auto, (max-width: 500px) 100vw, 500px\" \/><\/figure><\/div>\n\n\n\n<div class=\"wp-block-image\"><figure class=\"aligncenter size-large\"><img loading=\"lazy\" decoding=\"async\" width=\"1024\" height=\"682\" src=\"\/\/i0.wp.com\/manualdetecnicafotografica.com\/blog\/wp-content\/uploads\/2021\/02\/pexels-photo-4179480-1024x682.jpeg\" alt=\"\" class=\"wp-image-2031\" srcset=\"https:\/\/manualdetecnicafotografica.com\/blog\/wp-content\/uploads\/2021\/02\/pexels-photo-4179480-1024x682.jpeg 1024w, https:\/\/manualdetecnicafotografica.com\/blog\/wp-content\/uploads\/2021\/02\/pexels-photo-4179480-300x200.jpeg 300w, https:\/\/manualdetecnicafotografica.com\/blog\/wp-content\/uploads\/2021\/02\/pexels-photo-4179480-768x511.jpeg 768w, https:\/\/manualdetecnicafotografica.com\/blog\/wp-content\/uploads\/2021\/02\/pexels-photo-4179480-1536x1023.jpeg 1536w, https:\/\/manualdetecnicafotografica.com\/blog\/wp-content\/uploads\/2021\/02\/pexels-photo-4179480-272x182.jpeg 272w, https:\/\/manualdetecnicafotografica.com\/blog\/wp-content\/uploads\/2021\/02\/pexels-photo-4179480.jpeg 1880w\" sizes=\"auto, (max-width: 1024px) 100vw, 1024px\" \/><\/figure><\/div>\n\n\n\n<div class=\"wp-block-image\"><figure class=\"aligncenter size-large\"><img loading=\"lazy\" decoding=\"async\" width=\"683\" height=\"1024\" src=\"\/\/i0.wp.com\/manualdetecnicafotografica.com\/blog\/wp-content\/uploads\/2021\/02\/pexels-photo-462030-683x1024.jpeg\" alt=\"\" class=\"wp-image-2032\" srcset=\"https:\/\/manualdetecnicafotografica.com\/blog\/wp-content\/uploads\/2021\/02\/pexels-photo-462030-683x1024.jpeg 683w, https:\/\/manualdetecnicafotografica.com\/blog\/wp-content\/uploads\/2021\/02\/pexels-photo-462030-200x300.jpeg 200w, https:\/\/manualdetecnicafotografica.com\/blog\/wp-content\/uploads\/2021\/02\/pexels-photo-462030-768x1152.jpeg 768w, https:\/\/manualdetecnicafotografica.com\/blog\/wp-content\/uploads\/2021\/02\/pexels-photo-462030.jpeg 867w\" sizes=\"auto, (max-width: 683px) 100vw, 683px\" \/><\/figure><\/div>\n\n\n\n<div class=\"wp-block-image\"><figure class=\"aligncenter size-large\"><img loading=\"lazy\" decoding=\"async\" width=\"682\" height=\"1024\" src=\"\/\/i0.wp.com\/manualdetecnicafotografica.com\/blog\/wp-content\/uploads\/2021\/02\/palm-tree-palm-ocean-summer-67566-682x1024.jpeg\" alt=\"\" class=\"wp-image-2033\" srcset=\"https:\/\/manualdetecnicafotografica.com\/blog\/wp-content\/uploads\/2021\/02\/palm-tree-palm-ocean-summer-67566-682x1024.jpeg 682w, https:\/\/manualdetecnicafotografica.com\/blog\/wp-content\/uploads\/2021\/02\/palm-tree-palm-ocean-summer-67566-200x300.jpeg 200w, https:\/\/manualdetecnicafotografica.com\/blog\/wp-content\/uploads\/2021\/02\/palm-tree-palm-ocean-summer-67566-768x1153.jpeg 768w, https:\/\/manualdetecnicafotografica.com\/blog\/wp-content\/uploads\/2021\/02\/palm-tree-palm-ocean-summer-67566.jpeg 866w\" sizes=\"auto, (max-width: 682px) 100vw, 682px\" \/><\/figure><\/div>\n\n\n\n<div class=\"wp-block-image\"><figure class=\"aligncenter size-large\"><img loading=\"lazy\" decoding=\"async\" width=\"683\" height=\"1024\" src=\"\/\/i0.wp.com\/manualdetecnicafotografica.com\/blog\/wp-content\/uploads\/2021\/02\/pexels-photo-1139255-683x1024.jpeg\" alt=\"\" class=\"wp-image-2034\" srcset=\"https:\/\/manualdetecnicafotografica.com\/blog\/wp-content\/uploads\/2021\/02\/pexels-photo-1139255-683x1024.jpeg 683w, https:\/\/manualdetecnicafotografica.com\/blog\/wp-content\/uploads\/2021\/02\/pexels-photo-1139255-200x300.jpeg 200w, https:\/\/manualdetecnicafotografica.com\/blog\/wp-content\/uploads\/2021\/02\/pexels-photo-1139255-768x1152.jpeg 768w, https:\/\/manualdetecnicafotografica.com\/blog\/wp-content\/uploads\/2021\/02\/pexels-photo-1139255.jpeg 867w\" sizes=\"auto, (max-width: 683px) 100vw, 683px\" \/><\/figure><\/div>\n\n\n\n<div class=\"wp-block-image\"><figure class=\"aligncenter size-large\"><img loading=\"lazy\" decoding=\"async\" width=\"500\" height=\"889\" src=\"\/\/i0.wp.com\/manualdetecnicafotografica.com\/blog\/wp-content\/uploads\/2021\/02\/pexels-photo-1876045.jpeg\" alt=\"\" class=\"wp-image-2035\" srcset=\"https:\/\/manualdetecnicafotografica.com\/blog\/wp-content\/uploads\/2021\/02\/pexels-photo-1876045.jpeg 500w, https:\/\/manualdetecnicafotografica.com\/blog\/wp-content\/uploads\/2021\/02\/pexels-photo-1876045-169x300.jpeg 169w\" sizes=\"auto, (max-width: 500px) 100vw, 500px\" \/><\/figure><\/div>\n\n\n\n<div class=\"wp-block-image\"><figure class=\"aligncenter size-large\"><img loading=\"lazy\" decoding=\"async\" width=\"819\" height=\"1024\" src=\"\/\/i0.wp.com\/manualdetecnicafotografica.com\/blog\/wp-content\/uploads\/2021\/02\/calido6-1462x1828-1-819x1024.jpg\" alt=\"\" class=\"wp-image-2036\" srcset=\"https:\/\/manualdetecnicafotografica.com\/blog\/wp-content\/uploads\/2021\/02\/calido6-1462x1828-1-819x1024.jpg 819w, https:\/\/manualdetecnicafotografica.com\/blog\/wp-content\/uploads\/2021\/02\/calido6-1462x1828-1-240x300.jpg 240w, https:\/\/manualdetecnicafotografica.com\/blog\/wp-content\/uploads\/2021\/02\/calido6-1462x1828-1-768x960.jpg 768w, https:\/\/manualdetecnicafotografica.com\/blog\/wp-content\/uploads\/2021\/02\/calido6-1462x1828-1-1228x1536.jpg 1228w, https:\/\/manualdetecnicafotografica.com\/blog\/wp-content\/uploads\/2021\/02\/calido6-1462x1828-1.jpg 1462w\" sizes=\"auto, (max-width: 819px) 100vw, 819px\" \/><\/figure><\/div>\n\n\n\n<div class=\"wp-block-image\"><figure class=\"aligncenter size-large\"><img loading=\"lazy\" decoding=\"async\" width=\"683\" height=\"1024\" src=\"\/\/i0.wp.com\/manualdetecnicafotografica.com\/blog\/wp-content\/uploads\/2021\/02\/calido7-1462x2193-1-683x1024.jpg\" alt=\"\" class=\"wp-image-2037\" srcset=\"https:\/\/manualdetecnicafotografica.com\/blog\/wp-content\/uploads\/2021\/02\/calido7-1462x2193-1-683x1024.jpg 683w, https:\/\/manualdetecnicafotografica.com\/blog\/wp-content\/uploads\/2021\/02\/calido7-1462x2193-1-200x300.jpg 200w, https:\/\/manualdetecnicafotografica.com\/blog\/wp-content\/uploads\/2021\/02\/calido7-1462x2193-1-768x1152.jpg 768w, https:\/\/manualdetecnicafotografica.com\/blog\/wp-content\/uploads\/2021\/02\/calido7-1462x2193-1-1024x1536.jpg 1024w, https:\/\/manualdetecnicafotografica.com\/blog\/wp-content\/uploads\/2021\/02\/calido7-1462x2193-1-1365x2048.jpg 1365w, https:\/\/manualdetecnicafotografica.com\/blog\/wp-content\/uploads\/2021\/02\/calido7-1462x2193-1.jpg 1462w\" sizes=\"auto, (max-width: 683px) 100vw, 683px\" \/><\/figure><\/div>\n\n\n\n<p><strong>Para finalizar<\/strong><\/p>\n\n\n\n<p>La <strong>temperatura de color<\/strong> puede ser una gran aliada en tus im\u00e1genes siempre que sepas jugar con ella, c\u00f3mo corregirla (y c\u00f3mo no hacerlo). Puede ayudarte a potenciar tu creatividad o lograr que consigas im\u00e1genes correctamente balanceadas en sus tonalidades, todo depende de lo que t\u00fa quieras hacer.<\/p>\n\n\n\n<p>Te invito a practicar con luces que generen un solo determinado tipo de luz (c\u00e1lidas o fr\u00edas), para que veas c\u00f3mo corregirlas o enfatizarlas de forma sencilla. Luego puedes probar con varias fuentes de luz de diferente tipo, como por ejemplo&nbsp;la hora azul<strong>&nbsp;<\/strong>en zonas c\u00e9ntricas, donde el cielo es azul pero a la vez tienes las luces c\u00e1lidas de las calles encendidas.<\/p>\n\n\n\n<p>\u00a1Espero que la nota de hoy te haya sido \u00fatil y que te animes a practicar con la temperatura de color en tus fotos! Estar\u00e9 leyendo tus comentarios para saber qu\u00e9 te gustar\u00eda aprender y darte mis mejores consejos fotogr\u00e1ficos. Recuerda que puedes seguirme en mis redes sociales\u00a0<a href=\"https:\/\/www.facebook.com\/ManualdeTecnicaFotografica\" target=\"_blank\" rel=\"noreferrer noopener\">Facebook<\/a>,\u00a0<a href=\"https:\/\/www.pinterest.es\/JuanIgnacioTorresBlog\/\" target=\"_blank\" rel=\"noreferrer noopener\">Pinterest<\/a>\u00a0e\u00a0<a href=\"https:\/\/www.instagram.com\/manualdetecnicafotografica\/?hl=es-la\">Instagram<\/a>\u00a0para que estemos siempre en contacto.<\/p>\n","protected":false},"excerpt":{"rendered":"<p>Seguro m\u00e1s de una vez te ha pasado de tomar una fotograf\u00eda y que \u00e9sta tenga tonalidades azules o amarillentas, \u00bfverdad?. Pues d\u00e9jame decirte que no, no eres dalt\u00f3nico, simplemente no est\u00e1s teniendo en cuenta la iluminaci\u00f3n y la temperatura de color al momento de tomar tu fotograf\u00eda, as\u00ed que hoy te contar\u00e9 qu\u00e9 es [&hellip;]<\/p>\n","protected":false},"author":71,"featured_media":2038,"comment_status":"open","ping_status":"open","sticky":false,"template":"","format":"standard","meta":{"_genesis_hide_title":false,"_genesis_hide_breadcrumbs":false,"_genesis_hide_singular_image":false,"_genesis_hide_footer_widgets":false,"_genesis_custom_body_class":"","_genesis_custom_post_class":"","_genesis_layout":"","_glsr_average":0,"_glsr_ranking":0,"_glsr_reviews":0,"footnotes":""},"categories":[77,9,2,122,3],"tags":[162,164,79,97,161,165,163],"class_list":{"0":"post-2000","1":"post","2":"type-post","3":"status-publish","4":"format-standard","5":"has-post-thumbnail","7":"category-efectos-y-color","8":"category-funciones-de-la-camara","9":"category-iniciacion","10":"category-nivel-intermedio","11":"category-tecnica-fotografica","12":"tag-balance-de-blancos","13":"tag-colores-frios-y-calidos","14":"tag-fotografia-color","15":"tag-principiantes-en-fotografia","16":"tag-temperatura-de-color","17":"tag-temperatura-de-colores-frios-y-calidos","18":"tag-white-balance","19":"entry"},"yoast_head":"<!-- This site is optimized with the Yoast SEO plugin v27.4 - https:\/\/yoast.com\/product\/yoast-seo-wordpress\/ -->\n<title>Qu\u00e9 es la temperatura de color y c\u00f3mo utilizarla en tus fotograf\u00edas<\/title>\n<meta name=\"description\" content=\"Conoce qu\u00e9 es la temperatura de color en fotograf\u00eda y c\u00f3mo puedes dominarla para lograr grandes resultados en tus im\u00e1genes... \u00a1Te espero!\" \/>\n<meta name=\"robots\" content=\"index, follow, max-snippet:-1, max-image-preview:large, max-video-preview:-1\" \/>\n<link rel=\"canonical\" href=\"https:\/\/manualdetecnicafotografica.com\/blog\/que-es-la-temperatura-de-color-y-como-utilizarla-en-tus-fotografias\/\" \/>\n<meta property=\"og:locale\" content=\"es_ES\" \/>\n<meta property=\"og:type\" content=\"article\" \/>\n<meta property=\"og:title\" content=\"Qu\u00e9 es la temperatura de color y c\u00f3mo utilizarla en tus fotograf\u00edas\" \/>\n<meta property=\"og:description\" content=\"Conoce qu\u00e9 es la temperatura de color en fotograf\u00eda y c\u00f3mo puedes dominarla para lograr grandes resultados en tus im\u00e1genes... \u00a1Te espero!\" \/>\n<meta property=\"og:url\" content=\"https:\/\/manualdetecnicafotografica.com\/blog\/que-es-la-temperatura-de-color-y-como-utilizarla-en-tus-fotografias\/\" \/>\n<meta property=\"og:site_name\" content=\"Iniciaci\u00f3n a la Fotograf\u00eda\" \/>\n<meta property=\"article:published_time\" content=\"2021-02-09T14:39:20+00:00\" \/>\n<meta property=\"article:modified_time\" content=\"2021-02-09T14:39:21+00:00\" \/>\n<meta property=\"og:image\" content=\"https:\/\/manualdetecnicafotografica.com\/blog\/wp-content\/uploads\/2021\/02\/Miniatura-Blog-JIT-1.png\" \/>\n\t<meta property=\"og:image:width\" content=\"1080\" \/>\n\t<meta property=\"og:image:height\" content=\"1080\" \/>\n\t<meta property=\"og:image:type\" content=\"image\/png\" \/>\n<meta name=\"author\" content=\"clara.vittino\" \/>\n<meta name=\"twitter:card\" content=\"summary_large_image\" \/>\n<meta name=\"twitter:label1\" content=\"Escrito por\" \/>\n\t<meta name=\"twitter:data1\" content=\"clara.vittino\" \/>\n\t<meta name=\"twitter:label2\" content=\"Tiempo de lectura\" \/>\n\t<meta name=\"twitter:data2\" content=\"9 minutos\" \/>\n<script type=\"application\/ld+json\" class=\"yoast-schema-graph\">{\"@context\":\"https:\\\/\\\/schema.org\",\"@graph\":[{\"@type\":\"Article\",\"@id\":\"https:\\\/\\\/manualdetecnicafotografica.com\\\/blog\\\/que-es-la-temperatura-de-color-y-como-utilizarla-en-tus-fotografias\\\/#article\",\"isPartOf\":{\"@id\":\"https:\\\/\\\/manualdetecnicafotografica.com\\\/blog\\\/que-es-la-temperatura-de-color-y-como-utilizarla-en-tus-fotografias\\\/\"},\"author\":{\"name\":\"clara.vittino\",\"@id\":\"https:\\\/\\\/manualdetecnicafotografica.com\\\/blog\\\/#\\\/schema\\\/person\\\/2c938f2af5c6ce790361c9e4bf1d78f3\"},\"headline\":\"Qu\u00e9 es la temperatura de color y c\u00f3mo utilizarla en tus fotograf\u00edas\",\"datePublished\":\"2021-02-09T14:39:20+00:00\",\"dateModified\":\"2021-02-09T14:39:21+00:00\",\"mainEntityOfPage\":{\"@id\":\"https:\\\/\\\/manualdetecnicafotografica.com\\\/blog\\\/que-es-la-temperatura-de-color-y-como-utilizarla-en-tus-fotografias\\\/\"},\"wordCount\":1063,\"commentCount\":8,\"image\":{\"@id\":\"https:\\\/\\\/manualdetecnicafotografica.com\\\/blog\\\/que-es-la-temperatura-de-color-y-como-utilizarla-en-tus-fotografias\\\/#primaryimage\"},\"thumbnailUrl\":\"https:\\\/\\\/manualdetecnicafotografica.com\\\/blog\\\/wp-content\\\/uploads\\\/2021\\\/02\\\/Miniatura-Blog-JIT-1.png\",\"keywords\":[\"balance de blancos\",\"colores frios y calidos\",\"fotografia color\",\"principiantes en fotografia\",\"temperatura de color\",\"temperatura de colores frios y calidos\",\"white balance\"],\"articleSection\":[\"Efectos y Color\",\"Funciones de la C\u00e1mara\",\"Iniciaci\u00f3n - Nivel Principiante\",\"Nivel Intermedio\",\"T\u00e9cnica Fotogr\u00e1fica\"],\"inLanguage\":\"es\",\"potentialAction\":[{\"@type\":\"CommentAction\",\"name\":\"Comment\",\"target\":[\"https:\\\/\\\/manualdetecnicafotografica.com\\\/blog\\\/que-es-la-temperatura-de-color-y-como-utilizarla-en-tus-fotografias\\\/#respond\"]}]},{\"@type\":\"WebPage\",\"@id\":\"https:\\\/\\\/manualdetecnicafotografica.com\\\/blog\\\/que-es-la-temperatura-de-color-y-como-utilizarla-en-tus-fotografias\\\/\",\"url\":\"https:\\\/\\\/manualdetecnicafotografica.com\\\/blog\\\/que-es-la-temperatura-de-color-y-como-utilizarla-en-tus-fotografias\\\/\",\"name\":\"Qu\u00e9 es la temperatura de color y c\u00f3mo utilizarla en tus fotograf\u00edas\",\"isPartOf\":{\"@id\":\"https:\\\/\\\/manualdetecnicafotografica.com\\\/blog\\\/#website\"},\"primaryImageOfPage\":{\"@id\":\"https:\\\/\\\/manualdetecnicafotografica.com\\\/blog\\\/que-es-la-temperatura-de-color-y-como-utilizarla-en-tus-fotografias\\\/#primaryimage\"},\"image\":{\"@id\":\"https:\\\/\\\/manualdetecnicafotografica.com\\\/blog\\\/que-es-la-temperatura-de-color-y-como-utilizarla-en-tus-fotografias\\\/#primaryimage\"},\"thumbnailUrl\":\"https:\\\/\\\/manualdetecnicafotografica.com\\\/blog\\\/wp-content\\\/uploads\\\/2021\\\/02\\\/Miniatura-Blog-JIT-1.png\",\"datePublished\":\"2021-02-09T14:39:20+00:00\",\"dateModified\":\"2021-02-09T14:39:21+00:00\",\"author\":{\"@id\":\"https:\\\/\\\/manualdetecnicafotografica.com\\\/blog\\\/#\\\/schema\\\/person\\\/2c938f2af5c6ce790361c9e4bf1d78f3\"},\"description\":\"Conoce qu\u00e9 es la temperatura de color en fotograf\u00eda y c\u00f3mo puedes dominarla para lograr grandes resultados en tus im\u00e1genes... \u00a1Te espero!\",\"breadcrumb\":{\"@id\":\"https:\\\/\\\/manualdetecnicafotografica.com\\\/blog\\\/que-es-la-temperatura-de-color-y-como-utilizarla-en-tus-fotografias\\\/#breadcrumb\"},\"inLanguage\":\"es\",\"potentialAction\":[{\"@type\":\"ReadAction\",\"target\":[\"https:\\\/\\\/manualdetecnicafotografica.com\\\/blog\\\/que-es-la-temperatura-de-color-y-como-utilizarla-en-tus-fotografias\\\/\"]}]},{\"@type\":\"ImageObject\",\"inLanguage\":\"es\",\"@id\":\"https:\\\/\\\/manualdetecnicafotografica.com\\\/blog\\\/que-es-la-temperatura-de-color-y-como-utilizarla-en-tus-fotografias\\\/#primaryimage\",\"url\":\"https:\\\/\\\/manualdetecnicafotografica.com\\\/blog\\\/wp-content\\\/uploads\\\/2021\\\/02\\\/Miniatura-Blog-JIT-1.png\",\"contentUrl\":\"https:\\\/\\\/manualdetecnicafotografica.com\\\/blog\\\/wp-content\\\/uploads\\\/2021\\\/02\\\/Miniatura-Blog-JIT-1.png\",\"width\":1080,\"height\":1080},{\"@type\":\"BreadcrumbList\",\"@id\":\"https:\\\/\\\/manualdetecnicafotografica.com\\\/blog\\\/que-es-la-temperatura-de-color-y-como-utilizarla-en-tus-fotografias\\\/#breadcrumb\",\"itemListElement\":[{\"@type\":\"ListItem\",\"position\":1,\"name\":\"Portada\",\"item\":\"https:\\\/\\\/manualdetecnicafotografica.com\\\/blog\\\/\"},{\"@type\":\"ListItem\",\"position\":2,\"name\":\"Qu\u00e9 es la temperatura de color y c\u00f3mo utilizarla en tus fotograf\u00edas\"}]},{\"@type\":\"WebSite\",\"@id\":\"https:\\\/\\\/manualdetecnicafotografica.com\\\/blog\\\/#website\",\"url\":\"https:\\\/\\\/manualdetecnicafotografica.com\\\/blog\\\/\",\"name\":\"Iniciaci\u00f3n a la Fotograf\u00eda\",\"description\":\"Blog de Juan Ignacio Torres\",\"potentialAction\":[{\"@type\":\"SearchAction\",\"target\":{\"@type\":\"EntryPoint\",\"urlTemplate\":\"https:\\\/\\\/manualdetecnicafotografica.com\\\/blog\\\/?s={search_term_string}\"},\"query-input\":{\"@type\":\"PropertyValueSpecification\",\"valueRequired\":true,\"valueName\":\"search_term_string\"}}],\"inLanguage\":\"es\"},{\"@type\":\"Person\",\"@id\":\"https:\\\/\\\/manualdetecnicafotografica.com\\\/blog\\\/#\\\/schema\\\/person\\\/2c938f2af5c6ce790361c9e4bf1d78f3\",\"name\":\"clara.vittino\",\"image\":{\"@type\":\"ImageObject\",\"inLanguage\":\"es\",\"@id\":\"https:\\\/\\\/secure.gravatar.com\\\/avatar\\\/ceed02ba44570cfeaf67e7a67c443c9983480020c3832059de807f3bfb27910b?s=96&d=wavatar&r=g\",\"url\":\"https:\\\/\\\/secure.gravatar.com\\\/avatar\\\/ceed02ba44570cfeaf67e7a67c443c9983480020c3832059de807f3bfb27910b?s=96&d=wavatar&r=g\",\"contentUrl\":\"https:\\\/\\\/secure.gravatar.com\\\/avatar\\\/ceed02ba44570cfeaf67e7a67c443c9983480020c3832059de807f3bfb27910b?s=96&d=wavatar&r=g\",\"caption\":\"clara.vittino\"},\"url\":\"https:\\\/\\\/manualdetecnicafotografica.com\\\/blog\\\/author\\\/clara-vittino\\\/\"}]}<\/script>\n<!-- \/ Yoast SEO plugin. -->","yoast_head_json":{"title":"Qu\u00e9 es la temperatura de color y c\u00f3mo utilizarla en tus fotograf\u00edas","description":"Conoce qu\u00e9 es la temperatura de color en fotograf\u00eda y c\u00f3mo puedes dominarla para lograr grandes resultados en tus im\u00e1genes... \u00a1Te espero!","robots":{"index":"index","follow":"follow","max-snippet":"max-snippet:-1","max-image-preview":"max-image-preview:large","max-video-preview":"max-video-preview:-1"},"canonical":"https:\/\/manualdetecnicafotografica.com\/blog\/que-es-la-temperatura-de-color-y-como-utilizarla-en-tus-fotografias\/","og_locale":"es_ES","og_type":"article","og_title":"Qu\u00e9 es la temperatura de color y c\u00f3mo utilizarla en tus fotograf\u00edas","og_description":"Conoce qu\u00e9 es la temperatura de color en fotograf\u00eda y c\u00f3mo puedes dominarla para lograr grandes resultados en tus im\u00e1genes... \u00a1Te espero!","og_url":"https:\/\/manualdetecnicafotografica.com\/blog\/que-es-la-temperatura-de-color-y-como-utilizarla-en-tus-fotografias\/","og_site_name":"Iniciaci\u00f3n a la Fotograf\u00eda","article_published_time":"2021-02-09T14:39:20+00:00","article_modified_time":"2021-02-09T14:39:21+00:00","og_image":[{"width":1080,"height":1080,"url":"https:\/\/manualdetecnicafotografica.com\/blog\/wp-content\/uploads\/2021\/02\/Miniatura-Blog-JIT-1.png","type":"image\/png"}],"author":"clara.vittino","twitter_card":"summary_large_image","twitter_misc":{"Escrito por":"clara.vittino","Tiempo de lectura":"9 minutos"},"schema":{"@context":"https:\/\/schema.org","@graph":[{"@type":"Article","@id":"https:\/\/manualdetecnicafotografica.com\/blog\/que-es-la-temperatura-de-color-y-como-utilizarla-en-tus-fotografias\/#article","isPartOf":{"@id":"https:\/\/manualdetecnicafotografica.com\/blog\/que-es-la-temperatura-de-color-y-como-utilizarla-en-tus-fotografias\/"},"author":{"name":"clara.vittino","@id":"https:\/\/manualdetecnicafotografica.com\/blog\/#\/schema\/person\/2c938f2af5c6ce790361c9e4bf1d78f3"},"headline":"Qu\u00e9 es la temperatura de color y c\u00f3mo utilizarla en tus fotograf\u00edas","datePublished":"2021-02-09T14:39:20+00:00","dateModified":"2021-02-09T14:39:21+00:00","mainEntityOfPage":{"@id":"https:\/\/manualdetecnicafotografica.com\/blog\/que-es-la-temperatura-de-color-y-como-utilizarla-en-tus-fotografias\/"},"wordCount":1063,"commentCount":8,"image":{"@id":"https:\/\/manualdetecnicafotografica.com\/blog\/que-es-la-temperatura-de-color-y-como-utilizarla-en-tus-fotografias\/#primaryimage"},"thumbnailUrl":"https:\/\/manualdetecnicafotografica.com\/blog\/wp-content\/uploads\/2021\/02\/Miniatura-Blog-JIT-1.png","keywords":["balance de blancos","colores frios y calidos","fotografia color","principiantes en fotografia","temperatura de color","temperatura de colores frios y calidos","white balance"],"articleSection":["Efectos y Color","Funciones de la C\u00e1mara","Iniciaci\u00f3n - Nivel Principiante","Nivel Intermedio","T\u00e9cnica Fotogr\u00e1fica"],"inLanguage":"es","potentialAction":[{"@type":"CommentAction","name":"Comment","target":["https:\/\/manualdetecnicafotografica.com\/blog\/que-es-la-temperatura-de-color-y-como-utilizarla-en-tus-fotografias\/#respond"]}]},{"@type":"WebPage","@id":"https:\/\/manualdetecnicafotografica.com\/blog\/que-es-la-temperatura-de-color-y-como-utilizarla-en-tus-fotografias\/","url":"https:\/\/manualdetecnicafotografica.com\/blog\/que-es-la-temperatura-de-color-y-como-utilizarla-en-tus-fotografias\/","name":"Qu\u00e9 es la temperatura de color y c\u00f3mo utilizarla en tus fotograf\u00edas","isPartOf":{"@id":"https:\/\/manualdetecnicafotografica.com\/blog\/#website"},"primaryImageOfPage":{"@id":"https:\/\/manualdetecnicafotografica.com\/blog\/que-es-la-temperatura-de-color-y-como-utilizarla-en-tus-fotografias\/#primaryimage"},"image":{"@id":"https:\/\/manualdetecnicafotografica.com\/blog\/que-es-la-temperatura-de-color-y-como-utilizarla-en-tus-fotografias\/#primaryimage"},"thumbnailUrl":"https:\/\/manualdetecnicafotografica.com\/blog\/wp-content\/uploads\/2021\/02\/Miniatura-Blog-JIT-1.png","datePublished":"2021-02-09T14:39:20+00:00","dateModified":"2021-02-09T14:39:21+00:00","author":{"@id":"https:\/\/manualdetecnicafotografica.com\/blog\/#\/schema\/person\/2c938f2af5c6ce790361c9e4bf1d78f3"},"description":"Conoce qu\u00e9 es la temperatura de color en fotograf\u00eda y c\u00f3mo puedes dominarla para lograr grandes resultados en tus im\u00e1genes... \u00a1Te espero!","breadcrumb":{"@id":"https:\/\/manualdetecnicafotografica.com\/blog\/que-es-la-temperatura-de-color-y-como-utilizarla-en-tus-fotografias\/#breadcrumb"},"inLanguage":"es","potentialAction":[{"@type":"ReadAction","target":["https:\/\/manualdetecnicafotografica.com\/blog\/que-es-la-temperatura-de-color-y-como-utilizarla-en-tus-fotografias\/"]}]},{"@type":"ImageObject","inLanguage":"es","@id":"https:\/\/manualdetecnicafotografica.com\/blog\/que-es-la-temperatura-de-color-y-como-utilizarla-en-tus-fotografias\/#primaryimage","url":"https:\/\/manualdetecnicafotografica.com\/blog\/wp-content\/uploads\/2021\/02\/Miniatura-Blog-JIT-1.png","contentUrl":"https:\/\/manualdetecnicafotografica.com\/blog\/wp-content\/uploads\/2021\/02\/Miniatura-Blog-JIT-1.png","width":1080,"height":1080},{"@type":"BreadcrumbList","@id":"https:\/\/manualdetecnicafotografica.com\/blog\/que-es-la-temperatura-de-color-y-como-utilizarla-en-tus-fotografias\/#breadcrumb","itemListElement":[{"@type":"ListItem","position":1,"name":"Portada","item":"https:\/\/manualdetecnicafotografica.com\/blog\/"},{"@type":"ListItem","position":2,"name":"Qu\u00e9 es la temperatura de color y c\u00f3mo utilizarla en tus fotograf\u00edas"}]},{"@type":"WebSite","@id":"https:\/\/manualdetecnicafotografica.com\/blog\/#website","url":"https:\/\/manualdetecnicafotografica.com\/blog\/","name":"Iniciaci\u00f3n a la Fotograf\u00eda","description":"Blog de Juan Ignacio Torres","potentialAction":[{"@type":"SearchAction","target":{"@type":"EntryPoint","urlTemplate":"https:\/\/manualdetecnicafotografica.com\/blog\/?s={search_term_string}"},"query-input":{"@type":"PropertyValueSpecification","valueRequired":true,"valueName":"search_term_string"}}],"inLanguage":"es"},{"@type":"Person","@id":"https:\/\/manualdetecnicafotografica.com\/blog\/#\/schema\/person\/2c938f2af5c6ce790361c9e4bf1d78f3","name":"clara.vittino","image":{"@type":"ImageObject","inLanguage":"es","@id":"https:\/\/secure.gravatar.com\/avatar\/ceed02ba44570cfeaf67e7a67c443c9983480020c3832059de807f3bfb27910b?s=96&d=wavatar&r=g","url":"https:\/\/secure.gravatar.com\/avatar\/ceed02ba44570cfeaf67e7a67c443c9983480020c3832059de807f3bfb27910b?s=96&d=wavatar&r=g","contentUrl":"https:\/\/secure.gravatar.com\/avatar\/ceed02ba44570cfeaf67e7a67c443c9983480020c3832059de807f3bfb27910b?s=96&d=wavatar&r=g","caption":"clara.vittino"},"url":"https:\/\/manualdetecnicafotografica.com\/blog\/author\/clara-vittino\/"}]}},"_links":{"self":[{"href":"https:\/\/manualdetecnicafotografica.com\/blog\/wp-json\/wp\/v2\/posts\/2000","targetHints":{"allow":["GET"]}}],"collection":[{"href":"https:\/\/manualdetecnicafotografica.com\/blog\/wp-json\/wp\/v2\/posts"}],"about":[{"href":"https:\/\/manualdetecnicafotografica.com\/blog\/wp-json\/wp\/v2\/types\/post"}],"author":[{"embeddable":true,"href":"https:\/\/manualdetecnicafotografica.com\/blog\/wp-json\/wp\/v2\/users\/71"}],"replies":[{"embeddable":true,"href":"https:\/\/manualdetecnicafotografica.com\/blog\/wp-json\/wp\/v2\/comments?post=2000"}],"version-history":[{"count":4,"href":"https:\/\/manualdetecnicafotografica.com\/blog\/wp-json\/wp\/v2\/posts\/2000\/revisions"}],"predecessor-version":[{"id":2042,"href":"https:\/\/manualdetecnicafotografica.com\/blog\/wp-json\/wp\/v2\/posts\/2000\/revisions\/2042"}],"wp:featuredmedia":[{"embeddable":true,"href":"https:\/\/manualdetecnicafotografica.com\/blog\/wp-json\/wp\/v2\/media\/2038"}],"wp:attachment":[{"href":"https:\/\/manualdetecnicafotografica.com\/blog\/wp-json\/wp\/v2\/media?parent=2000"}],"wp:term":[{"taxonomy":"category","embeddable":true,"href":"https:\/\/manualdetecnicafotografica.com\/blog\/wp-json\/wp\/v2\/categories?post=2000"},{"taxonomy":"post_tag","embeddable":true,"href":"https:\/\/manualdetecnicafotografica.com\/blog\/wp-json\/wp\/v2\/tags?post=2000"}],"curies":[{"name":"wp","href":"https:\/\/api.w.org\/{rel}","templated":true}]}}