{"id":1914,"date":"2021-01-25T13:15:42","date_gmt":"2021-01-25T13:15:42","guid":{"rendered":"https:\/\/manualdetecnicafotografica.com\/blog\/?p=1914"},"modified":"2021-02-01T02:46:51","modified_gmt":"2021-02-01T02:46:51","slug":"apertura-del-diafragma","status":"publish","type":"post","link":"https:\/\/manualdetecnicafotografica.com\/blog\/apertura-del-diafragma\/","title":{"rendered":"Apertura del Diafragma &#8211; Aprende a dominar la t\u00e9cnica"},"content":{"rendered":"\n<p>Seguramente te has preguntado c\u00f3mo se consiguen aquellas fotograf\u00edas en donde el fondo est\u00e1 completamente desenfocado y el objeto o sujeto principal enfocado. Bueno, d\u00e9jame contarte que para lograrlas necesitar\u00e1s dominar la <strong>apertura del diafragma<\/strong>, de manera que si a\u00fan sigues utilizando el modo autom\u00e1tico de tu c\u00e1mara, probablemente sea dif\u00edcil que logres conseguir estas tomas.<\/p>\n\n\n\n<h3 class=\"wp-block-heading\"><strong>\u00bfQu\u00e9 es la apertura del diafragma y por qu\u00e9 es tan importante aprender el concepto?<\/strong><\/h3>\n\n\n\n<p>En todas esas fotograf\u00edas entra en juego la <strong>apertura del diafragma<\/strong> de tu objetivo o lente de la c\u00e1mara. As\u00ed que te animo una vez m\u00e1s a seguirme y practicar con los modos semi-autom\u00e1ticos de tu c\u00e1mara (y con el modo manual luego), una vez que hayas le\u00eddo lo que estoy a punto de contarte.<\/p>\n\n\n\n<div class=\"wp-block-image\"><figure class=\"aligncenter size-large\"><img loading=\"lazy\" decoding=\"async\" width=\"1024\" height=\"683\" src=\"\/\/i0.wp.com\/manualdetecnicafotografica.com\/blog\/wp-content\/uploads\/2021\/01\/pexels-photo-414781-1-1024x683.jpeg\" alt=\"\" class=\"wp-image-1919\" srcset=\"https:\/\/manualdetecnicafotografica.com\/blog\/wp-content\/uploads\/2021\/01\/pexels-photo-414781-1-1024x683.jpeg 1024w, https:\/\/manualdetecnicafotografica.com\/blog\/wp-content\/uploads\/2021\/01\/pexels-photo-414781-1-300x200.jpeg 300w, https:\/\/manualdetecnicafotografica.com\/blog\/wp-content\/uploads\/2021\/01\/pexels-photo-414781-1-768x512.jpeg 768w, https:\/\/manualdetecnicafotografica.com\/blog\/wp-content\/uploads\/2021\/01\/pexels-photo-414781-1-272x182.jpeg 272w, https:\/\/manualdetecnicafotografica.com\/blog\/wp-content\/uploads\/2021\/01\/pexels-photo-414781-1.jpeg 1125w\" sizes=\"auto, (max-width: 1024px) 100vw, 1024px\" \/><\/figure><\/div>\n\n\n\n<p>La <strong>apertura del diafragma <\/strong>es lo que&nbsp;regula la cantidad de luz&nbsp;que pasa por el objetivo o lente hacia el sensor de la c\u00e1mara. El diafragma se compone de una serie de placas o \u00abaletas\u00bb que conforman un c\u00edrculo que se cierra o se abre cada vez que aprietas el bot\u00f3n obturador, dejando pasar una mayor o menor cantidad de luz (dependiendo del di\u00e1metro del mismo).<\/p>\n\n\n\n<p>Las diferentes <span style=\"text-decoration: underline;\">aperturas del diafragma<\/span> se&nbsp;miden&nbsp;a trav\u00e9s de los n\u00fameros o&nbsp;\u00ab<strong>valores f\/<\/strong>\u00ab. Dependiendo de cada objetivo, habr\u00e1 valores de f\/ m\u00ednimos m\u00e1s peque\u00f1os o bien mayores, es decir que habr\u00e1 objetivos fotogr\u00e1ficos en donde su apertura de diafragma permitir\u00e1 que ingrese una mayor cantidad luz. Cuando esto sucede, se dice que el objetivo o la lente es \u00abluminoso\/a\u00bb. La escala <em>standard<\/em> ser\u00eda la siguiente:<\/p>\n\n\n\n<p>f\/1, f\/1.4, f\/2, f\/2.8, f\/4, f\/5:6, f\/8, f\/11, f\/16, f\/22, etc.<\/p>\n\n\n\n<div class=\"wp-block-image\"><figure class=\"aligncenter size-large\"><img loading=\"lazy\" decoding=\"async\" width=\"910\" height=\"187\" src=\"\/\/i0.wp.com\/manualdetecnicafotografica.com\/blog\/wp-content\/uploads\/2021\/01\/EscalaMedioPaso.jpg\" alt=\"\" class=\"wp-image-1920\" srcset=\"https:\/\/manualdetecnicafotografica.com\/blog\/wp-content\/uploads\/2021\/01\/EscalaMedioPaso.jpg 910w, https:\/\/manualdetecnicafotografica.com\/blog\/wp-content\/uploads\/2021\/01\/EscalaMedioPaso-300x62.jpg 300w, https:\/\/manualdetecnicafotografica.com\/blog\/wp-content\/uploads\/2021\/01\/EscalaMedioPaso-768x158.jpg 768w\" sizes=\"auto, (max-width: 910px) 100vw, 910px\" \/><\/figure><\/div>\n\n\n\n<p>Y aqu\u00ed viene lo m\u00e1s importante y lo que suele frustrarte cuando intentas comprender c\u00f3mo funciona el diafragma de los objetivos fotogr\u00e1ficos:<\/p>\n\n\n\n<blockquote class=\"wp-block-quote is-layout-flow wp-block-quote-is-layout-flow\"><p><strong>Cuanto&nbsp;m\u00e1s bajo sea el valor f\/, m\u00e1s luz entrar\u00e1 a trav\u00e9s del objetivo,&nbsp;y cuanto m\u00e1s alto sea ese valor f, menor cantidad de luz entrar\u00e1 a trav\u00e9s del objetivo.<\/strong><\/p><\/blockquote>\n\n\n\n<div class=\"wp-block-image\"><figure class=\"aligncenter size-large\"><img loading=\"lazy\" decoding=\"async\" width=\"512\" height=\"1024\" src=\"\/\/i0.wp.com\/manualdetecnicafotografica.com\/blog\/wp-content\/uploads\/2021\/01\/Apertures-1-512x1024.jpg\" alt=\"\" class=\"wp-image-1922\" srcset=\"https:\/\/manualdetecnicafotografica.com\/blog\/wp-content\/uploads\/2021\/01\/Apertures-1-512x1024.jpg 512w, https:\/\/manualdetecnicafotografica.com\/blog\/wp-content\/uploads\/2021\/01\/Apertures-1-150x300.jpg 150w, https:\/\/manualdetecnicafotografica.com\/blog\/wp-content\/uploads\/2021\/01\/Apertures-1-768x1536.jpg 768w, https:\/\/manualdetecnicafotografica.com\/blog\/wp-content\/uploads\/2021\/01\/Apertures-1.jpg 1000w\" sizes=\"auto, (max-width: 512px) 100vw, 512px\" \/><\/figure><\/div>\n\n\n\n<div class=\"wp-block-image\"><figure class=\"aligncenter size-large\"><img loading=\"lazy\" decoding=\"async\" width=\"450\" height=\"249\" src=\"\/\/i0.wp.com\/manualdetecnicafotografica.com\/blog\/wp-content\/uploads\/2021\/01\/6823235661_06cd83a015_o.jpg\" alt=\"\" class=\"wp-image-1923\" srcset=\"https:\/\/manualdetecnicafotografica.com\/blog\/wp-content\/uploads\/2021\/01\/6823235661_06cd83a015_o.jpg 450w, https:\/\/manualdetecnicafotografica.com\/blog\/wp-content\/uploads\/2021\/01\/6823235661_06cd83a015_o-300x166.jpg 300w\" sizes=\"auto, (max-width: 450px) 100vw, 450px\" \/><figcaption>Teniendo en cuenta la imagen de arriba, imagina que la luz de tu escena debe pasar a trav\u00e9s de esos \u201cagujeros\u201d, \u00bfPor cu\u00e1l de ellos crees que entrar\u00e1 mayor cantidad de luz? Y por el contrario, \u00bfpor cu\u00e1l de ellos piensas que entrar\u00e1 menor cantidad de luz?<\/figcaption><\/figure><\/div>\n\n\n\n<h3 class=\"wp-block-heading\"><strong>Analizando el objetivo de tu c\u00e1mara fotogr\u00e1fica<\/strong><\/h3>\n\n\n\n<p>Supongamos que tienes un objetivo zoom de 18-55mm 1:3,5-5,6 (podr\u00e1s leer esos valores si observas bien tu objetivo). Aqu\u00ed es donde no debes entrar en p\u00e1nico y relajarte pues te dir\u00e9 que esa informaci\u00f3n indica lo siguiente: <\/p>\n\n\n\n<ol class=\"wp-block-list\"><li>Que la&nbsp;distancia focal&nbsp;del objetivo var\u00eda entre los 18mm y los 55mm<\/li><li>Que la apertura m\u00e1xima del diafragma es de f\/3,5 en su distancia focal m\u00ednima (18mm)<\/li><li>Que la apertura m\u00e1xima de diafragma es de f\/5,6 en su distancia focal m\u00e1xima (50mm)<\/li><\/ol>\n\n\n\n<p>Es decir, con este objetivo, podr\u00e1s abrir el diafragma hasta un m\u00e1ximo de f\/3,5 cuando trabajes en 18mm, y un m\u00e1ximo de f\/5,6 cuando trabajes en 50mm.<\/p>\n\n\n\n<p>En \u00f3pticas fijas (es decir, lentes que no tienen zoom), si quieres \u00abagrandar\u00bb o \u00abachicar\u00bb tu objeto o sujeto tendr\u00e1s que acercarte a \u00e9l. El objetivo nos indica \u00fanicamente la apertura m\u00e1xima y la focal fija: por ejemplo una lente 50mm 1:1,4. Es decir, la apertura m\u00e1xima de este objetivo es de f\/1,4.<\/p>\n\n\n\n<h3 class=\"wp-block-heading\"><strong>La Profundidad de Campo y la Apertura del Diafragma<\/strong><\/h3>\n\n\n\n<div class=\"wp-block-image\"><figure class=\"aligncenter size-large\"><img loading=\"lazy\" decoding=\"async\" width=\"683\" height=\"1024\" src=\"\/\/i0.wp.com\/manualdetecnicafotografica.com\/blog\/wp-content\/uploads\/2021\/01\/pexels-photo-1067202-683x1024.jpeg\" alt=\"\" class=\"wp-image-1924\" srcset=\"https:\/\/manualdetecnicafotografica.com\/blog\/wp-content\/uploads\/2021\/01\/pexels-photo-1067202-683x1024.jpeg 683w, https:\/\/manualdetecnicafotografica.com\/blog\/wp-content\/uploads\/2021\/01\/pexels-photo-1067202-200x300.jpeg 200w, https:\/\/manualdetecnicafotografica.com\/blog\/wp-content\/uploads\/2021\/01\/pexels-photo-1067202-768x1152.jpeg 768w, https:\/\/manualdetecnicafotografica.com\/blog\/wp-content\/uploads\/2021\/01\/pexels-photo-1067202.jpeg 867w\" sizes=\"auto, (max-width: 683px) 100vw, 683px\" \/><figcaption>Fotograf\u00eda tomada con f\/1.4. La gran apertura del diafragma en \u00e9ste caso permite lograr un claro desenfoque entre la figura y el fondo.<\/figcaption><\/figure><\/div>\n\n\n\n<p>Seguro has escuchado hablar de la <a href=\"https:\/\/manualdetecnicafotografica.com\/blog\/la-profundidad-campo\/\" target=\"_blank\" rel=\"noreferrer noopener\">profundidad de campo<\/a>&nbsp;en fotograf\u00eda, y es porque este concepto est\u00e1 muy relacionado con la <strong>apertura del diafragma<\/strong>.<\/p>\n\n\n\n<p>La profundidad de campo es b\u00e1sicamente la cantidad de zona enfocada en la imagen. A&nbsp;mayor apertura de diafragma&nbsp;(Valor f\/ peque\u00f1o),&nbsp;menor es la profundidad de campo&nbsp;o zona enfocada en la imagen y, por el contrario, a&nbsp;menor apertura de diafragma&nbsp;(Valor f\/ alto), mayor es la profundidad de campo&nbsp;o zona enfocada en la imagen.<\/p>\n\n\n\n<figure class=\"wp-block-image size-large\"><img loading=\"lazy\" decoding=\"async\" width=\"1024\" height=\"411\" src=\"\/\/i0.wp.com\/manualdetecnicafotografica.com\/blog\/wp-content\/uploads\/2021\/01\/tutorial-apertura-de-diafragma-02-2-1024x411.jpg\" alt=\"\" class=\"wp-image-1925\" srcset=\"https:\/\/manualdetecnicafotografica.com\/blog\/wp-content\/uploads\/2021\/01\/tutorial-apertura-de-diafragma-02-2-1024x411.jpg 1024w, https:\/\/manualdetecnicafotografica.com\/blog\/wp-content\/uploads\/2021\/01\/tutorial-apertura-de-diafragma-02-2-300x121.jpg 300w, https:\/\/manualdetecnicafotografica.com\/blog\/wp-content\/uploads\/2021\/01\/tutorial-apertura-de-diafragma-02-2-768x309.jpg 768w, https:\/\/manualdetecnicafotografica.com\/blog\/wp-content\/uploads\/2021\/01\/tutorial-apertura-de-diafragma-02-2.jpg 1170w\" sizes=\"auto, (max-width: 1024px) 100vw, 1024px\" \/><\/figure>\n\n\n\n<p>Es decir que <span style=\"text-decoration: underline;\">las grandes aperturas de diafragma no s\u00f3lo te permitir\u00e1n una mayor entrada de luz a trav\u00e9s de tu objetivo, si no que tambi\u00e9n podr\u00e1s centrar la atenci\u00f3n a trav\u00e9s del desenfoque y lograr enfocar\/desenfocar un sector de tu imagen<\/span>. Por el contrario, si lo que quieres es mucha profundidad de campo o reducir la entrada de luz, deber\u00e1s cerrar el diafragma, lo que dar\u00e1 como resultado tomas m\u00e1s n\u00edtidas y con una zona de enfoque m\u00e1s amplia en toda la imagen.<\/p>\n\n\n\n<p>Debajo te dejo algunos ejemplos de fotograf\u00edas tomadas con distintas aperturas de diafragma para que analices lo que te he ense\u00f1ado hoy. Recuerda que estar\u00e9 leyendo tus comentarios para saber qu\u00e9 te gustar\u00eda aprender y darte mis mejores consejos fotogr\u00e1ficos. Tambi\u00e9n deseo ver tu&nbsp;<em>feedback<\/em>&nbsp;en mis redes sociales&nbsp;<a href=\"https:\/\/www.facebook.com\/ManualdeTecnicaFotografica\" target=\"_blank\" rel=\"noreferrer noopener\">Facebook<\/a>, <a href=\"https:\/\/www.pinterest.es\/JuanIgnacioTorresBlog\/\" target=\"_blank\" rel=\"noreferrer noopener\">Pinterest<\/a>&nbsp;e <a href=\"https:\/\/www.instagram.com\/manualdetecnicafotografica\/?hl=es-la\">Instagram<\/a> para que estemos siempre en contacto.<\/p>\n\n\n\n<div class=\"wp-block-image\"><figure class=\"aligncenter size-large\"><img loading=\"lazy\" decoding=\"async\" width=\"683\" height=\"1024\" src=\"\/\/i0.wp.com\/manualdetecnicafotografica.com\/blog\/wp-content\/uploads\/2021\/01\/pexels-photo-1405355-683x1024.jpeg\" alt=\"\" class=\"wp-image-1926\" srcset=\"https:\/\/manualdetecnicafotografica.com\/blog\/wp-content\/uploads\/2021\/01\/pexels-photo-1405355-683x1024.jpeg 683w, https:\/\/manualdetecnicafotografica.com\/blog\/wp-content\/uploads\/2021\/01\/pexels-photo-1405355-200x300.jpeg 200w, https:\/\/manualdetecnicafotografica.com\/blog\/wp-content\/uploads\/2021\/01\/pexels-photo-1405355-768x1152.jpeg 768w, https:\/\/manualdetecnicafotografica.com\/blog\/wp-content\/uploads\/2021\/01\/pexels-photo-1405355.jpeg 867w\" sizes=\"auto, (max-width: 683px) 100vw, 683px\" \/><figcaption>Fotograf\u00eda tomada con f\/2.8<\/figcaption><\/figure><\/div>\n\n\n\n<div class=\"wp-block-image\"><figure class=\"aligncenter size-large\"><img loading=\"lazy\" decoding=\"async\" width=\"500\" height=\"750\" src=\"\/\/i0.wp.com\/manualdetecnicafotografica.com\/blog\/wp-content\/uploads\/2021\/01\/pexels-photo-1435735.jpeg\" alt=\"\" class=\"wp-image-1927\" srcset=\"https:\/\/manualdetecnicafotografica.com\/blog\/wp-content\/uploads\/2021\/01\/pexels-photo-1435735.jpeg 500w, https:\/\/manualdetecnicafotografica.com\/blog\/wp-content\/uploads\/2021\/01\/pexels-photo-1435735-200x300.jpeg 200w\" sizes=\"auto, (max-width: 500px) 100vw, 500px\" \/><figcaption>Fotograf\u00eda tomada con f\/11. Al cerrar el diafragma se puede conseguir una toma m\u00e1s n\u00edtida y pr\u00e1cticamente enfocada en su totalidad.<\/figcaption><\/figure><\/div>\n\n\n\n<div class=\"wp-block-image\"><figure class=\"aligncenter size-large\"><img loading=\"lazy\" decoding=\"async\" width=\"500\" height=\"750\" src=\"\/\/i0.wp.com\/manualdetecnicafotografica.com\/blog\/wp-content\/uploads\/2021\/01\/pexels-photo-3789885.jpeg\" alt=\"\" class=\"wp-image-1936\" srcset=\"https:\/\/manualdetecnicafotografica.com\/blog\/wp-content\/uploads\/2021\/01\/pexels-photo-3789885.jpeg 500w, https:\/\/manualdetecnicafotografica.com\/blog\/wp-content\/uploads\/2021\/01\/pexels-photo-3789885-200x300.jpeg 200w\" sizes=\"auto, (max-width: 500px) 100vw, 500px\" \/><figcaption>Fotograf\u00eda tomada con f\/3.5<\/figcaption><\/figure><\/div>\n\n\n\n<div class=\"wp-block-image\"><figure class=\"aligncenter size-large\"><img loading=\"lazy\" decoding=\"async\" width=\"500\" height=\"625\" src=\"\/\/i0.wp.com\/manualdetecnicafotografica.com\/blog\/wp-content\/uploads\/2021\/01\/pexels-photo-1586298.jpeg\" alt=\"\" class=\"wp-image-1928\" srcset=\"https:\/\/manualdetecnicafotografica.com\/blog\/wp-content\/uploads\/2021\/01\/pexels-photo-1586298.jpeg 500w, https:\/\/manualdetecnicafotografica.com\/blog\/wp-content\/uploads\/2021\/01\/pexels-photo-1586298-240x300.jpeg 240w\" sizes=\"auto, (max-width: 500px) 100vw, 500px\" \/><figcaption>Fotograf\u00eda tomada con f\/16<\/figcaption><\/figure><\/div>\n\n\n\n<div class=\"wp-block-image\"><figure class=\"aligncenter size-large\"><img loading=\"lazy\" decoding=\"async\" width=\"500\" height=\"748\" src=\"\/\/i0.wp.com\/manualdetecnicafotografica.com\/blog\/wp-content\/uploads\/2021\/01\/pexels-photo-2959611.jpeg\" alt=\"\" class=\"wp-image-1934\" srcset=\"https:\/\/manualdetecnicafotografica.com\/blog\/wp-content\/uploads\/2021\/01\/pexels-photo-2959611.jpeg 500w, https:\/\/manualdetecnicafotografica.com\/blog\/wp-content\/uploads\/2021\/01\/pexels-photo-2959611-201x300.jpeg 201w\" sizes=\"auto, (max-width: 500px) 100vw, 500px\" \/><figcaption>Fotograf\u00eda tomada con f\/18<\/figcaption><\/figure><\/div>\n\n\n\n<div class=\"wp-block-image\"><figure class=\"aligncenter size-large\"><img loading=\"lazy\" decoding=\"async\" width=\"500\" height=\"625\" src=\"\/\/i0.wp.com\/manualdetecnicafotografica.com\/blog\/wp-content\/uploads\/2021\/01\/pexels-photo-2896668.jpeg\" alt=\"\" class=\"wp-image-1933\" srcset=\"https:\/\/manualdetecnicafotografica.com\/blog\/wp-content\/uploads\/2021\/01\/pexels-photo-2896668.jpeg 500w, https:\/\/manualdetecnicafotografica.com\/blog\/wp-content\/uploads\/2021\/01\/pexels-photo-2896668-240x300.jpeg 240w\" sizes=\"auto, (max-width: 500px) 100vw, 500px\" \/><figcaption>Fotograf\u00eda tomada con f\/13<\/figcaption><\/figure><\/div>\n\n\n\n<div class=\"wp-block-image\"><figure class=\"aligncenter size-large\"><img loading=\"lazy\" decoding=\"async\" width=\"500\" height=\"749\" src=\"\/\/i0.wp.com\/manualdetecnicafotografica.com\/blog\/wp-content\/uploads\/2021\/01\/pexels-photo-4666751.jpeg\" alt=\"\" class=\"wp-image-1937\" srcset=\"https:\/\/manualdetecnicafotografica.com\/blog\/wp-content\/uploads\/2021\/01\/pexels-photo-4666751.jpeg 500w, https:\/\/manualdetecnicafotografica.com\/blog\/wp-content\/uploads\/2021\/01\/pexels-photo-4666751-200x300.jpeg 200w\" sizes=\"auto, (max-width: 500px) 100vw, 500px\" \/><figcaption>Fotograf\u00eda tomada con f\/8<\/figcaption><\/figure><\/div>\n\n\n\n<div class=\"wp-block-image\"><figure class=\"aligncenter size-large\"><img loading=\"lazy\" decoding=\"async\" width=\"500\" height=\"750\" src=\"\/\/i0.wp.com\/manualdetecnicafotografica.com\/blog\/wp-content\/uploads\/2021\/01\/pexels-photo-1933873.jpeg\" alt=\"\" class=\"wp-image-1929\" srcset=\"https:\/\/manualdetecnicafotografica.com\/blog\/wp-content\/uploads\/2021\/01\/pexels-photo-1933873.jpeg 500w, https:\/\/manualdetecnicafotografica.com\/blog\/wp-content\/uploads\/2021\/01\/pexels-photo-1933873-200x300.jpeg 200w\" sizes=\"auto, (max-width: 500px) 100vw, 500px\" \/><figcaption>Fotograf\u00eda tomada con f\/4.5<\/figcaption><\/figure><\/div>\n\n\n\n<div class=\"wp-block-image\"><figure class=\"aligncenter size-large\"><img loading=\"lazy\" decoding=\"async\" width=\"500\" height=\"749\" src=\"\/\/i0.wp.com\/manualdetecnicafotografica.com\/blog\/wp-content\/uploads\/2021\/01\/pexels-photo-2334260.jpeg\" alt=\"\" class=\"wp-image-1930\" srcset=\"https:\/\/manualdetecnicafotografica.com\/blog\/wp-content\/uploads\/2021\/01\/pexels-photo-2334260.jpeg 500w, https:\/\/manualdetecnicafotografica.com\/blog\/wp-content\/uploads\/2021\/01\/pexels-photo-2334260-200x300.jpeg 200w\" sizes=\"auto, (max-width: 500px) 100vw, 500px\" \/><figcaption>Fotograf\u00eda tomada con f\/4.5<\/figcaption><\/figure><\/div>\n\n\n\n<div class=\"wp-block-image\"><figure class=\"aligncenter size-large\"><img loading=\"lazy\" decoding=\"async\" width=\"500\" height=\"750\" src=\"\/\/i0.wp.com\/manualdetecnicafotografica.com\/blog\/wp-content\/uploads\/2021\/01\/pexels-photo-2709385.jpeg\" alt=\"\" class=\"wp-image-1931\" srcset=\"https:\/\/manualdetecnicafotografica.com\/blog\/wp-content\/uploads\/2021\/01\/pexels-photo-2709385.jpeg 500w, https:\/\/manualdetecnicafotografica.com\/blog\/wp-content\/uploads\/2021\/01\/pexels-photo-2709385-200x300.jpeg 200w\" sizes=\"auto, (max-width: 500px) 100vw, 500px\" \/><figcaption>Fotograf\u00eda tomada con f\/2.8<\/figcaption><\/figure><\/div>\n\n\n\n<div class=\"wp-block-image\"><figure class=\"aligncenter size-large\"><img loading=\"lazy\" decoding=\"async\" width=\"500\" height=\"750\" src=\"\/\/i0.wp.com\/manualdetecnicafotografica.com\/blog\/wp-content\/uploads\/2021\/01\/pexels-photo-2825034.jpeg\" alt=\"\" class=\"wp-image-1932\" srcset=\"https:\/\/manualdetecnicafotografica.com\/blog\/wp-content\/uploads\/2021\/01\/pexels-photo-2825034.jpeg 500w, https:\/\/manualdetecnicafotografica.com\/blog\/wp-content\/uploads\/2021\/01\/pexels-photo-2825034-200x300.jpeg 200w\" sizes=\"auto, (max-width: 500px) 100vw, 500px\" \/><figcaption>Fotograf\u00eda tomada con f\/ 2.8<\/figcaption><\/figure><\/div>\n\n\n\n<div class=\"wp-block-image\"><figure class=\"aligncenter size-large\"><img loading=\"lazy\" decoding=\"async\" width=\"500\" height=\"750\" src=\"\/\/i0.wp.com\/manualdetecnicafotografica.com\/blog\/wp-content\/uploads\/2021\/01\/pexels-photo-4571276-1.jpeg\" alt=\"\" class=\"wp-image-1940\" srcset=\"https:\/\/manualdetecnicafotografica.com\/blog\/wp-content\/uploads\/2021\/01\/pexels-photo-4571276-1.jpeg 500w, https:\/\/manualdetecnicafotografica.com\/blog\/wp-content\/uploads\/2021\/01\/pexels-photo-4571276-1-200x300.jpeg 200w\" sizes=\"auto, (max-width: 500px) 100vw, 500px\" \/><figcaption>Fotograf\u00eda tomada con f\/2<\/figcaption><\/figure><\/div>\n\n\n\n<div class=\"wp-block-image\"><figure class=\"aligncenter size-large\"><img loading=\"lazy\" decoding=\"async\" width=\"500\" height=\"750\" src=\"\/\/i0.wp.com\/manualdetecnicafotografica.com\/blog\/wp-content\/uploads\/2021\/01\/pexels-photo-4122925.jpeg\" alt=\"\" class=\"wp-image-1938\" srcset=\"https:\/\/manualdetecnicafotografica.com\/blog\/wp-content\/uploads\/2021\/01\/pexels-photo-4122925.jpeg 500w, https:\/\/manualdetecnicafotografica.com\/blog\/wp-content\/uploads\/2021\/01\/pexels-photo-4122925-200x300.jpeg 200w\" sizes=\"auto, (max-width: 500px) 100vw, 500px\" \/><figcaption>Fotograf\u00eda tomada con f\/2.8<\/figcaption><\/figure><\/div>\n\n\n\n<div class=\"wp-block-image\"><figure class=\"aligncenter size-large\"><img loading=\"lazy\" decoding=\"async\" width=\"500\" height=\"750\" src=\"\/\/i0.wp.com\/manualdetecnicafotografica.com\/blog\/wp-content\/uploads\/2021\/01\/pexels-photo-3342627.jpeg\" alt=\"\" class=\"wp-image-1935\" srcset=\"https:\/\/manualdetecnicafotografica.com\/blog\/wp-content\/uploads\/2021\/01\/pexels-photo-3342627.jpeg 500w, https:\/\/manualdetecnicafotografica.com\/blog\/wp-content\/uploads\/2021\/01\/pexels-photo-3342627-200x300.jpeg 200w\" sizes=\"auto, (max-width: 500px) 100vw, 500px\" \/><figcaption>Fotograf\u00eda tomada con f\/1.8<\/figcaption><\/figure><\/div>\n\n\n\n<div class=\"wp-block-image\"><figure class=\"aligncenter size-large\"><img loading=\"lazy\" decoding=\"async\" width=\"500\" height=\"750\" src=\"\/\/i0.wp.com\/manualdetecnicafotografica.com\/blog\/wp-content\/uploads\/2021\/01\/pexels-photo-4627460.jpeg\" alt=\"\" class=\"wp-image-1941\" srcset=\"https:\/\/manualdetecnicafotografica.com\/blog\/wp-content\/uploads\/2021\/01\/pexels-photo-4627460.jpeg 500w, https:\/\/manualdetecnicafotografica.com\/blog\/wp-content\/uploads\/2021\/01\/pexels-photo-4627460-200x300.jpeg 200w\" sizes=\"auto, (max-width: 500px) 100vw, 500px\" \/><figcaption>Fotograf\u00eda tomada con f\/1.1<\/figcaption><\/figure><\/div>\n\n\n\n<p><\/p>\n","protected":false},"excerpt":{"rendered":"<p>Seguramente te has preguntado c\u00f3mo se consiguen aquellas fotograf\u00edas en donde el fondo est\u00e1 completamente desenfocado y el objeto o sujeto principal enfocado. Bueno, d\u00e9jame contarte que para lograrlas necesitar\u00e1s dominar la apertura del diafragma, de manera que si a\u00fan sigues utilizando el modo autom\u00e1tico de tu c\u00e1mara, probablemente sea dif\u00edcil que logres conseguir estas [&hellip;]<\/p>\n","protected":false},"author":71,"featured_media":1943,"comment_status":"open","ping_status":"open","sticky":false,"template":"","format":"standard","meta":{"_genesis_hide_title":false,"_genesis_hide_breadcrumbs":false,"_genesis_hide_singular_image":false,"_genesis_hide_footer_widgets":false,"_genesis_custom_body_class":"","_genesis_custom_post_class":"","_genesis_layout":"","_glsr_average":0,"_glsr_ranking":0,"_glsr_reviews":0,"footnotes":""},"categories":[122,3],"tags":[147,142,148,143,145,149,144],"class_list":{"0":"post-1914","1":"post","2":"type-post","3":"status-publish","4":"format-standard","5":"has-post-thumbnail","7":"category-nivel-intermedio","8":"category-tecnica-fotografica","9":"tag-apertura-de-diafragma-ejemplos","10":"tag-apertura-de-diafragma-fotografia","11":"tag-apertura-de-diafragma-para-retratos","12":"tag-apertura-de-diafragma-y-profundidad-de-campo","13":"tag-apertura-de-diafragma-y-velocidad-de-obturacion","14":"tag-apertura-del-diafragma","15":"tag-profundidad-de-campo","16":"entry"},"yoast_head":"<!-- This site is optimized with the Yoast SEO plugin v27.4 - https:\/\/yoast.com\/product\/yoast-seo-wordpress\/ -->\n<title>Apertura del Diafragma - Aprende a dominar la t\u00e9cnica -<\/title>\n<meta name=\"description\" content=\"Aprende sobre la apertura del diafragma de manera f\u00e1cil y r\u00e1pida con esta nueva clase. Te espero para conocer todos sus secretos y dominarlos.\" \/>\n<meta name=\"robots\" content=\"index, follow, max-snippet:-1, max-image-preview:large, max-video-preview:-1\" \/>\n<link rel=\"canonical\" href=\"https:\/\/manualdetecnicafotografica.com\/blog\/apertura-del-diafragma\/\" \/>\n<meta property=\"og:locale\" content=\"es_ES\" \/>\n<meta property=\"og:type\" content=\"article\" \/>\n<meta property=\"og:title\" content=\"Apertura del Diafragma - Aprende a dominar la t\u00e9cnica -\" \/>\n<meta property=\"og:description\" content=\"Aprende sobre la apertura del diafragma de manera f\u00e1cil y r\u00e1pida con esta nueva clase. Te espero para conocer todos sus secretos y dominarlos.\" \/>\n<meta property=\"og:url\" content=\"https:\/\/manualdetecnicafotografica.com\/blog\/apertura-del-diafragma\/\" \/>\n<meta property=\"og:site_name\" content=\"Iniciaci\u00f3n a la Fotograf\u00eda\" \/>\n<meta property=\"article:published_time\" content=\"2021-01-25T13:15:42+00:00\" \/>\n<meta property=\"article:modified_time\" content=\"2021-02-01T02:46:51+00:00\" \/>\n<meta property=\"og:image\" content=\"https:\/\/manualdetecnicafotografica.com\/blog\/wp-content\/uploads\/2021\/01\/Miniatura-Blog-JIT-1.png\" \/>\n\t<meta property=\"og:image:width\" content=\"1080\" \/>\n\t<meta property=\"og:image:height\" content=\"1080\" \/>\n\t<meta property=\"og:image:type\" content=\"image\/png\" \/>\n<meta name=\"author\" content=\"clara.vittino\" \/>\n<meta name=\"twitter:card\" content=\"summary_large_image\" \/>\n<meta name=\"twitter:label1\" content=\"Escrito por\" \/>\n\t<meta name=\"twitter:data1\" content=\"clara.vittino\" \/>\n\t<meta name=\"twitter:label2\" content=\"Tiempo de lectura\" \/>\n\t<meta name=\"twitter:data2\" content=\"8 minutos\" \/>\n<script type=\"application\/ld+json\" class=\"yoast-schema-graph\">{\"@context\":\"https:\\\/\\\/schema.org\",\"@graph\":[{\"@type\":\"Article\",\"@id\":\"https:\\\/\\\/manualdetecnicafotografica.com\\\/blog\\\/apertura-del-diafragma\\\/#article\",\"isPartOf\":{\"@id\":\"https:\\\/\\\/manualdetecnicafotografica.com\\\/blog\\\/apertura-del-diafragma\\\/\"},\"author\":{\"name\":\"clara.vittino\",\"@id\":\"https:\\\/\\\/manualdetecnicafotografica.com\\\/blog\\\/#\\\/schema\\\/person\\\/2c938f2af5c6ce790361c9e4bf1d78f3\"},\"headline\":\"Apertura del Diafragma &#8211; Aprende a dominar la t\u00e9cnica\",\"datePublished\":\"2021-01-25T13:15:42+00:00\",\"dateModified\":\"2021-02-01T02:46:51+00:00\",\"mainEntityOfPage\":{\"@id\":\"https:\\\/\\\/manualdetecnicafotografica.com\\\/blog\\\/apertura-del-diafragma\\\/\"},\"wordCount\":995,\"commentCount\":28,\"image\":{\"@id\":\"https:\\\/\\\/manualdetecnicafotografica.com\\\/blog\\\/apertura-del-diafragma\\\/#primaryimage\"},\"thumbnailUrl\":\"https:\\\/\\\/manualdetecnicafotografica.com\\\/blog\\\/wp-content\\\/uploads\\\/2021\\\/01\\\/Miniatura-Blog-JIT-1.png\",\"keywords\":[\"apertura de diafragma ejemplos\",\"apertura de diafragma fotografia\",\"apertura de diafragma para retratos\",\"apertura de diafragma y profundidad de campo\",\"apertura de diafragma y velocidad de obturaci\u00f3n\",\"apertura del diafragma\",\"profundidad de campo\"],\"articleSection\":[\"Nivel Intermedio\",\"T\u00e9cnica Fotogr\u00e1fica\"],\"inLanguage\":\"es\",\"potentialAction\":[{\"@type\":\"CommentAction\",\"name\":\"Comment\",\"target\":[\"https:\\\/\\\/manualdetecnicafotografica.com\\\/blog\\\/apertura-del-diafragma\\\/#respond\"]}]},{\"@type\":\"WebPage\",\"@id\":\"https:\\\/\\\/manualdetecnicafotografica.com\\\/blog\\\/apertura-del-diafragma\\\/\",\"url\":\"https:\\\/\\\/manualdetecnicafotografica.com\\\/blog\\\/apertura-del-diafragma\\\/\",\"name\":\"Apertura del Diafragma - Aprende a dominar la t\u00e9cnica -\",\"isPartOf\":{\"@id\":\"https:\\\/\\\/manualdetecnicafotografica.com\\\/blog\\\/#website\"},\"primaryImageOfPage\":{\"@id\":\"https:\\\/\\\/manualdetecnicafotografica.com\\\/blog\\\/apertura-del-diafragma\\\/#primaryimage\"},\"image\":{\"@id\":\"https:\\\/\\\/manualdetecnicafotografica.com\\\/blog\\\/apertura-del-diafragma\\\/#primaryimage\"},\"thumbnailUrl\":\"https:\\\/\\\/manualdetecnicafotografica.com\\\/blog\\\/wp-content\\\/uploads\\\/2021\\\/01\\\/Miniatura-Blog-JIT-1.png\",\"datePublished\":\"2021-01-25T13:15:42+00:00\",\"dateModified\":\"2021-02-01T02:46:51+00:00\",\"author\":{\"@id\":\"https:\\\/\\\/manualdetecnicafotografica.com\\\/blog\\\/#\\\/schema\\\/person\\\/2c938f2af5c6ce790361c9e4bf1d78f3\"},\"description\":\"Aprende sobre la apertura del diafragma de manera f\u00e1cil y r\u00e1pida con esta nueva clase. Te espero para conocer todos sus secretos y dominarlos.\",\"breadcrumb\":{\"@id\":\"https:\\\/\\\/manualdetecnicafotografica.com\\\/blog\\\/apertura-del-diafragma\\\/#breadcrumb\"},\"inLanguage\":\"es\",\"potentialAction\":[{\"@type\":\"ReadAction\",\"target\":[\"https:\\\/\\\/manualdetecnicafotografica.com\\\/blog\\\/apertura-del-diafragma\\\/\"]}]},{\"@type\":\"ImageObject\",\"inLanguage\":\"es\",\"@id\":\"https:\\\/\\\/manualdetecnicafotografica.com\\\/blog\\\/apertura-del-diafragma\\\/#primaryimage\",\"url\":\"https:\\\/\\\/manualdetecnicafotografica.com\\\/blog\\\/wp-content\\\/uploads\\\/2021\\\/01\\\/Miniatura-Blog-JIT-1.png\",\"contentUrl\":\"https:\\\/\\\/manualdetecnicafotografica.com\\\/blog\\\/wp-content\\\/uploads\\\/2021\\\/01\\\/Miniatura-Blog-JIT-1.png\",\"width\":1080,\"height\":1080},{\"@type\":\"BreadcrumbList\",\"@id\":\"https:\\\/\\\/manualdetecnicafotografica.com\\\/blog\\\/apertura-del-diafragma\\\/#breadcrumb\",\"itemListElement\":[{\"@type\":\"ListItem\",\"position\":1,\"name\":\"Portada\",\"item\":\"https:\\\/\\\/manualdetecnicafotografica.com\\\/blog\\\/\"},{\"@type\":\"ListItem\",\"position\":2,\"name\":\"Apertura del Diafragma &#8211; Aprende a dominar la t\u00e9cnica\"}]},{\"@type\":\"WebSite\",\"@id\":\"https:\\\/\\\/manualdetecnicafotografica.com\\\/blog\\\/#website\",\"url\":\"https:\\\/\\\/manualdetecnicafotografica.com\\\/blog\\\/\",\"name\":\"Iniciaci\u00f3n a la Fotograf\u00eda\",\"description\":\"Blog de Juan Ignacio Torres\",\"potentialAction\":[{\"@type\":\"SearchAction\",\"target\":{\"@type\":\"EntryPoint\",\"urlTemplate\":\"https:\\\/\\\/manualdetecnicafotografica.com\\\/blog\\\/?s={search_term_string}\"},\"query-input\":{\"@type\":\"PropertyValueSpecification\",\"valueRequired\":true,\"valueName\":\"search_term_string\"}}],\"inLanguage\":\"es\"},{\"@type\":\"Person\",\"@id\":\"https:\\\/\\\/manualdetecnicafotografica.com\\\/blog\\\/#\\\/schema\\\/person\\\/2c938f2af5c6ce790361c9e4bf1d78f3\",\"name\":\"clara.vittino\",\"image\":{\"@type\":\"ImageObject\",\"inLanguage\":\"es\",\"@id\":\"https:\\\/\\\/secure.gravatar.com\\\/avatar\\\/ceed02ba44570cfeaf67e7a67c443c9983480020c3832059de807f3bfb27910b?s=96&d=wavatar&r=g\",\"url\":\"https:\\\/\\\/secure.gravatar.com\\\/avatar\\\/ceed02ba44570cfeaf67e7a67c443c9983480020c3832059de807f3bfb27910b?s=96&d=wavatar&r=g\",\"contentUrl\":\"https:\\\/\\\/secure.gravatar.com\\\/avatar\\\/ceed02ba44570cfeaf67e7a67c443c9983480020c3832059de807f3bfb27910b?s=96&d=wavatar&r=g\",\"caption\":\"clara.vittino\"},\"url\":\"https:\\\/\\\/manualdetecnicafotografica.com\\\/blog\\\/author\\\/clara-vittino\\\/\"}]}<\/script>\n<!-- \/ Yoast SEO plugin. -->","yoast_head_json":{"title":"Apertura del Diafragma - Aprende a dominar la t\u00e9cnica -","description":"Aprende sobre la apertura del diafragma de manera f\u00e1cil y r\u00e1pida con esta nueva clase. Te espero para conocer todos sus secretos y dominarlos.","robots":{"index":"index","follow":"follow","max-snippet":"max-snippet:-1","max-image-preview":"max-image-preview:large","max-video-preview":"max-video-preview:-1"},"canonical":"https:\/\/manualdetecnicafotografica.com\/blog\/apertura-del-diafragma\/","og_locale":"es_ES","og_type":"article","og_title":"Apertura del Diafragma - Aprende a dominar la t\u00e9cnica -","og_description":"Aprende sobre la apertura del diafragma de manera f\u00e1cil y r\u00e1pida con esta nueva clase. Te espero para conocer todos sus secretos y dominarlos.","og_url":"https:\/\/manualdetecnicafotografica.com\/blog\/apertura-del-diafragma\/","og_site_name":"Iniciaci\u00f3n a la Fotograf\u00eda","article_published_time":"2021-01-25T13:15:42+00:00","article_modified_time":"2021-02-01T02:46:51+00:00","og_image":[{"width":1080,"height":1080,"url":"https:\/\/manualdetecnicafotografica.com\/blog\/wp-content\/uploads\/2021\/01\/Miniatura-Blog-JIT-1.png","type":"image\/png"}],"author":"clara.vittino","twitter_card":"summary_large_image","twitter_misc":{"Escrito por":"clara.vittino","Tiempo de lectura":"8 minutos"},"schema":{"@context":"https:\/\/schema.org","@graph":[{"@type":"Article","@id":"https:\/\/manualdetecnicafotografica.com\/blog\/apertura-del-diafragma\/#article","isPartOf":{"@id":"https:\/\/manualdetecnicafotografica.com\/blog\/apertura-del-diafragma\/"},"author":{"name":"clara.vittino","@id":"https:\/\/manualdetecnicafotografica.com\/blog\/#\/schema\/person\/2c938f2af5c6ce790361c9e4bf1d78f3"},"headline":"Apertura del Diafragma &#8211; Aprende a dominar la t\u00e9cnica","datePublished":"2021-01-25T13:15:42+00:00","dateModified":"2021-02-01T02:46:51+00:00","mainEntityOfPage":{"@id":"https:\/\/manualdetecnicafotografica.com\/blog\/apertura-del-diafragma\/"},"wordCount":995,"commentCount":28,"image":{"@id":"https:\/\/manualdetecnicafotografica.com\/blog\/apertura-del-diafragma\/#primaryimage"},"thumbnailUrl":"https:\/\/manualdetecnicafotografica.com\/blog\/wp-content\/uploads\/2021\/01\/Miniatura-Blog-JIT-1.png","keywords":["apertura de diafragma ejemplos","apertura de diafragma fotografia","apertura de diafragma para retratos","apertura de diafragma y profundidad de campo","apertura de diafragma y velocidad de obturaci\u00f3n","apertura del diafragma","profundidad de campo"],"articleSection":["Nivel Intermedio","T\u00e9cnica Fotogr\u00e1fica"],"inLanguage":"es","potentialAction":[{"@type":"CommentAction","name":"Comment","target":["https:\/\/manualdetecnicafotografica.com\/blog\/apertura-del-diafragma\/#respond"]}]},{"@type":"WebPage","@id":"https:\/\/manualdetecnicafotografica.com\/blog\/apertura-del-diafragma\/","url":"https:\/\/manualdetecnicafotografica.com\/blog\/apertura-del-diafragma\/","name":"Apertura del Diafragma - Aprende a dominar la t\u00e9cnica -","isPartOf":{"@id":"https:\/\/manualdetecnicafotografica.com\/blog\/#website"},"primaryImageOfPage":{"@id":"https:\/\/manualdetecnicafotografica.com\/blog\/apertura-del-diafragma\/#primaryimage"},"image":{"@id":"https:\/\/manualdetecnicafotografica.com\/blog\/apertura-del-diafragma\/#primaryimage"},"thumbnailUrl":"https:\/\/manualdetecnicafotografica.com\/blog\/wp-content\/uploads\/2021\/01\/Miniatura-Blog-JIT-1.png","datePublished":"2021-01-25T13:15:42+00:00","dateModified":"2021-02-01T02:46:51+00:00","author":{"@id":"https:\/\/manualdetecnicafotografica.com\/blog\/#\/schema\/person\/2c938f2af5c6ce790361c9e4bf1d78f3"},"description":"Aprende sobre la apertura del diafragma de manera f\u00e1cil y r\u00e1pida con esta nueva clase. Te espero para conocer todos sus secretos y dominarlos.","breadcrumb":{"@id":"https:\/\/manualdetecnicafotografica.com\/blog\/apertura-del-diafragma\/#breadcrumb"},"inLanguage":"es","potentialAction":[{"@type":"ReadAction","target":["https:\/\/manualdetecnicafotografica.com\/blog\/apertura-del-diafragma\/"]}]},{"@type":"ImageObject","inLanguage":"es","@id":"https:\/\/manualdetecnicafotografica.com\/blog\/apertura-del-diafragma\/#primaryimage","url":"https:\/\/manualdetecnicafotografica.com\/blog\/wp-content\/uploads\/2021\/01\/Miniatura-Blog-JIT-1.png","contentUrl":"https:\/\/manualdetecnicafotografica.com\/blog\/wp-content\/uploads\/2021\/01\/Miniatura-Blog-JIT-1.png","width":1080,"height":1080},{"@type":"BreadcrumbList","@id":"https:\/\/manualdetecnicafotografica.com\/blog\/apertura-del-diafragma\/#breadcrumb","itemListElement":[{"@type":"ListItem","position":1,"name":"Portada","item":"https:\/\/manualdetecnicafotografica.com\/blog\/"},{"@type":"ListItem","position":2,"name":"Apertura del Diafragma &#8211; Aprende a dominar la t\u00e9cnica"}]},{"@type":"WebSite","@id":"https:\/\/manualdetecnicafotografica.com\/blog\/#website","url":"https:\/\/manualdetecnicafotografica.com\/blog\/","name":"Iniciaci\u00f3n a la Fotograf\u00eda","description":"Blog de Juan Ignacio Torres","potentialAction":[{"@type":"SearchAction","target":{"@type":"EntryPoint","urlTemplate":"https:\/\/manualdetecnicafotografica.com\/blog\/?s={search_term_string}"},"query-input":{"@type":"PropertyValueSpecification","valueRequired":true,"valueName":"search_term_string"}}],"inLanguage":"es"},{"@type":"Person","@id":"https:\/\/manualdetecnicafotografica.com\/blog\/#\/schema\/person\/2c938f2af5c6ce790361c9e4bf1d78f3","name":"clara.vittino","image":{"@type":"ImageObject","inLanguage":"es","@id":"https:\/\/secure.gravatar.com\/avatar\/ceed02ba44570cfeaf67e7a67c443c9983480020c3832059de807f3bfb27910b?s=96&d=wavatar&r=g","url":"https:\/\/secure.gravatar.com\/avatar\/ceed02ba44570cfeaf67e7a67c443c9983480020c3832059de807f3bfb27910b?s=96&d=wavatar&r=g","contentUrl":"https:\/\/secure.gravatar.com\/avatar\/ceed02ba44570cfeaf67e7a67c443c9983480020c3832059de807f3bfb27910b?s=96&d=wavatar&r=g","caption":"clara.vittino"},"url":"https:\/\/manualdetecnicafotografica.com\/blog\/author\/clara-vittino\/"}]}},"_links":{"self":[{"href":"https:\/\/manualdetecnicafotografica.com\/blog\/wp-json\/wp\/v2\/posts\/1914","targetHints":{"allow":["GET"]}}],"collection":[{"href":"https:\/\/manualdetecnicafotografica.com\/blog\/wp-json\/wp\/v2\/posts"}],"about":[{"href":"https:\/\/manualdetecnicafotografica.com\/blog\/wp-json\/wp\/v2\/types\/post"}],"author":[{"embeddable":true,"href":"https:\/\/manualdetecnicafotografica.com\/blog\/wp-json\/wp\/v2\/users\/71"}],"replies":[{"embeddable":true,"href":"https:\/\/manualdetecnicafotografica.com\/blog\/wp-json\/wp\/v2\/comments?post=1914"}],"version-history":[{"count":16,"href":"https:\/\/manualdetecnicafotografica.com\/blog\/wp-json\/wp\/v2\/posts\/1914\/revisions"}],"predecessor-version":[{"id":1961,"href":"https:\/\/manualdetecnicafotografica.com\/blog\/wp-json\/wp\/v2\/posts\/1914\/revisions\/1961"}],"wp:featuredmedia":[{"embeddable":true,"href":"https:\/\/manualdetecnicafotografica.com\/blog\/wp-json\/wp\/v2\/media\/1943"}],"wp:attachment":[{"href":"https:\/\/manualdetecnicafotografica.com\/blog\/wp-json\/wp\/v2\/media?parent=1914"}],"wp:term":[{"taxonomy":"category","embeddable":true,"href":"https:\/\/manualdetecnicafotografica.com\/blog\/wp-json\/wp\/v2\/categories?post=1914"},{"taxonomy":"post_tag","embeddable":true,"href":"https:\/\/manualdetecnicafotografica.com\/blog\/wp-json\/wp\/v2\/tags?post=1914"}],"curies":[{"name":"wp","href":"https:\/\/api.w.org\/{rel}","templated":true}]}}