{"id":1747,"date":"2020-06-23T18:45:23","date_gmt":"2020-06-23T18:45:23","guid":{"rendered":"https:\/\/manualdetecnicafotografica.com\/blog\/?p=1747"},"modified":"2020-06-23T18:48:13","modified_gmt":"2020-06-23T18:48:13","slug":"puntos-focales-concentra-tu-enfoque-en-diferentes-partes-del-cuadro","status":"publish","type":"post","link":"https:\/\/manualdetecnicafotografica.com\/blog\/puntos-focales-concentra-tu-enfoque-en-diferentes-partes-del-cuadro\/","title":{"rendered":"Puntos focales &#8211; Concentra tu enfoque en diferentes partes del cuadro"},"content":{"rendered":"\n<figure class=\"wp-block-image size-large\"><img loading=\"lazy\" decoding=\"async\" width=\"1024\" height=\"489\" src=\"https:\/\/manualdetecnicafotografica.com\/blog\/wp-content\/uploads\/2020\/06\/SERIE-3-Manual-de-T\u00e9cnica-Fotogr\u00e1fica-1024x489.jpg\" alt=\"\" class=\"wp-image-1759\" srcset=\"https:\/\/manualdetecnicafotografica.com\/blog\/wp-content\/uploads\/2020\/06\/SERIE-3-Manual-de-T\u00e9cnica-Fotogr\u00e1fica-1024x489.jpg 1024w, https:\/\/manualdetecnicafotografica.com\/blog\/wp-content\/uploads\/2020\/06\/SERIE-3-Manual-de-T\u00e9cnica-Fotogr\u00e1fica-300x143.jpg 300w, https:\/\/manualdetecnicafotografica.com\/blog\/wp-content\/uploads\/2020\/06\/SERIE-3-Manual-de-T\u00e9cnica-Fotogr\u00e1fica-768x367.jpg 768w, https:\/\/manualdetecnicafotografica.com\/blog\/wp-content\/uploads\/2020\/06\/SERIE-3-Manual-de-T\u00e9cnica-Fotogr\u00e1fica.jpg 1280w\" sizes=\"auto, (max-width: 1024px) 100vw, 1024px\" \/><\/figure>\n\n\n<p>Como ya sabr\u00e1s, algo muy importante para todo fot\u00f3grafo es saber utilizar los puntos de enfoque, tambi\u00e9n llamados <strong>puntos focales<\/strong>. Estos puntos son los que te permitir\u00e1n concentrar el enfoque en diferentes partes del cuadro. Como puedes apreciar en la imagen que te muestro debajo, el visor de una c\u00e1mara marca 9 puntos focales:<\/p>\n\n\n<figure class=\"wp-block-image size-large\"><img loading=\"lazy\" decoding=\"async\" width=\"675\" height=\"529\" src=\"\/\/i0.wp.com\/manualdetecnicafotografica.com\/blog\/wp-content\/uploads\/2020\/06\/1.png\" alt=\"\" class=\"wp-image-1749\" srcset=\"https:\/\/manualdetecnicafotografica.com\/blog\/wp-content\/uploads\/2020\/06\/1.png 675w, https:\/\/manualdetecnicafotografica.com\/blog\/wp-content\/uploads\/2020\/06\/1-300x235.png 300w\" sizes=\"auto, (max-width: 675px) 100vw, 675px\" \/><\/figure>\n\n\n\n<p>Generalmente las c\u00e1maras vienen configuradas para enfocar de manera autom\u00e1tica. Esto significa que buscan alg\u00fan objeto que creen adecuado y enfocan all\u00ed autom\u00e1ticamente, y lo m\u00e1s probable es que la mayor\u00eda de las im\u00e1genes queden enfocadas en el centro. No obstante, para mayor control sobre las cosas que quieres definir, conviene indicarle a la c\u00e1mara en qu\u00e9 lugar del cuadro debe enfocar.<\/p>\n\n\n\n<p>Si miras a trav\u00e9s del visor, \u00bfcu\u00e1les son los puntos de enfoque disponibles? Seg\u00fan el modelo, puedes tener mayor o menor cantidad de <strong>puntos focales<\/strong>.<\/p>\n\n\n\n<div class=\"wp-block-image\"><figure class=\"aligncenter size-large\"><img loading=\"lazy\" decoding=\"async\" width=\"680\" height=\"748\" src=\"\/\/i0.wp.com\/manualdetecnicafotografica.com\/blog\/wp-content\/uploads\/2020\/06\/puntos-focales.jpg\" alt=\"\" class=\"wp-image-1750\" srcset=\"https:\/\/manualdetecnicafotografica.com\/blog\/wp-content\/uploads\/2020\/06\/puntos-focales.jpg 680w, https:\/\/manualdetecnicafotografica.com\/blog\/wp-content\/uploads\/2020\/06\/puntos-focales-273x300.jpg 273w\" sizes=\"auto, (max-width: 680px) 100vw, 680px\" \/><\/figure><\/div>\n\n\n\n<blockquote class=\"wp-block-quote is-layout-flow wp-block-quote-is-layout-flow\"><p><em>No confundas los puntos focales con el enfoque. Los puntos focales son el lugar donde quieres que la c\u00e1mara enfoque. El enfoque es la acci\u00f3n de enfocar (y a este lo dejaremos en autom\u00e1tico).<br>Es decir, nosotros le indicaremos a la c\u00e1mara en qu\u00e9 lugar del cuadro enfocar, y ella enfocar\u00e1 autom\u00e1ticamente. Para establecer esta configuraci\u00f3n debes activar el modo AF (autofoco) de tu c\u00e1mara.<\/em><\/p><\/blockquote>\n\n\n\n<h2 class=\"wp-block-heading\">Practicando &#8211; Puntos Focales<\/h2>\n\n\n\n<p>Para este ejercicio necesitas configurar tu c\u00e1mara en un punto de enfoque \u00fanico, lo cual significa un s\u00f3lo punto focal (por ejemplo el punto focal m\u00e1s alejado del centro). Ahora la c\u00e1mara no podr\u00e1 escoger puntos focales autom\u00e1ticamente.<br>Una vez seleccionado el punto focal (generalmente lo cambias con los botones de arriba, abajo, izquierda y derecha), podr\u00e1s verlo que parpadea cuando mires a trav\u00e9s del visor en el momento de enfocar.<br><strong>Entonces, si por ejemplo escogiste el punto focal m\u00e1s alejado del centro, cuando tomes la foto la c\u00e1mara intentar\u00e1 enfocar en ese sector (y no en el centro).<\/strong><\/p>\n\n\n\n<h4 class=\"wp-block-heading\"><span style=\"text-decoration: underline;\">Ejercicio 1<\/span><\/h4>\n\n\n\n<p>Busca un encuadre donde haya objetos de color similar y a diferente distancia. Es decir, busca un escenario donde la c\u00e1mara no sepa bien donde enfocar.<br>Por caso, col\u00f3cate cerca de una pared y realiza un encuadre donde la mitad sea la pared cercana y la otra mitad la pared del fondo.<br><strong>Realiza dos tomas. La primera seleccionando un punto focal para la pared cercana, y la segunda un punto focal para la pared lejana. Siempre con el mismo encuadre. Realiza el mismo ejercicio pero con 5 escenarios diferentes.<\/strong><\/p>\n\n\n\n<p>Aqu\u00ed necesito un <strong>punto focal<\/strong> central:<\/p>\n\n\n\n<div class=\"wp-block-image\"><figure class=\"aligncenter size-large\"><img loading=\"lazy\" decoding=\"async\" width=\"671\" height=\"678\" src=\"\/\/i0.wp.com\/manualdetecnicafotografica.com\/blog\/wp-content\/uploads\/2020\/06\/3-1.png\" alt=\"\" class=\"wp-image-1752\" srcset=\"https:\/\/manualdetecnicafotografica.com\/blog\/wp-content\/uploads\/2020\/06\/3-1.png 671w, https:\/\/manualdetecnicafotografica.com\/blog\/wp-content\/uploads\/2020\/06\/3-1-297x300.png 297w\" sizes=\"auto, (max-width: 671px) 100vw, 671px\" \/><figcaption>Foto: Mart\u00edn Brigden &#8211; CC by 2.0<\/figcaption><\/figure><\/div>\n\n\n\n<p>En la siguiente fotograf\u00eda se busc\u00f3 un punto focal adecuado para la primera<br>manzana, Lente 88.0 mm, Apertura f\/4.0, Velocidad 1\/80, ISO 125:<\/p>\n\n\n\n<div class=\"wp-block-image\"><figure class=\"aligncenter size-large\"><img loading=\"lazy\" decoding=\"async\" width=\"461\" height=\"690\" src=\"\/\/i0.wp.com\/manualdetecnicafotografica.com\/blog\/wp-content\/uploads\/2020\/06\/4-1.png\" alt=\"\" class=\"wp-image-1755\" srcset=\"https:\/\/manualdetecnicafotografica.com\/blog\/wp-content\/uploads\/2020\/06\/4-1.png 461w, https:\/\/manualdetecnicafotografica.com\/blog\/wp-content\/uploads\/2020\/06\/4-1-200x300.png 200w\" sizes=\"auto, (max-width: 461px) 100vw, 461px\" \/><\/figure><\/div>\n\n\n\n<h4 class=\"wp-block-heading\"><span style=\"text-decoration: underline;\">Ejercicio 2<\/span><\/h4>\n\n\n\n<p>El objetivo de este ejercicio es que utilices un punto focal distinto del centro.<br><strong>Busca hacer 3 fotos donde coloques al objeto en alg\u00fan punto fuerte del<br>encuadre bas\u00e1ndote en la regla de los tercios (echa un vistazo a la lecci\u00f3n \u201cRegla de los Tercios\u201d en la secci\u00f3n de \u201cComposici\u00f3n\u201d) y claro,<br>seleccionando un punto focal en esa zona del encuadre.<\/strong><br><\/p>\n\n\n\n<p>En <a href=\"https:\/\/manualdetecnicafotografica.com\/blog\/fotografia-macro-no-puedes-gastar-lente-profesional-esta-la-solucion\/\" target=\"_blank\" rel=\"noreferrer noopener\">fotograf\u00eda macro<\/a> los puntos focales son muy \u00fatiles para enfocar en zonas<br>precisas del encuadre, Lente 100.0mm \u00b7 Apertura \u0192\/4.0 \u00b7 Velocidad 1\/60s \u00b7 ISO400 \u00b7 Flash encendido \u21af:<\/p>\n\n\n\n<div class=\"wp-block-image\"><figure class=\"aligncenter size-large\"><img loading=\"lazy\" decoding=\"async\" width=\"721\" height=\"487\" src=\"\/\/i0.wp.com\/manualdetecnicafotografica.com\/blog\/wp-content\/uploads\/2020\/06\/5.png\" alt=\"\" class=\"wp-image-1756\" srcset=\"https:\/\/manualdetecnicafotografica.com\/blog\/wp-content\/uploads\/2020\/06\/5.png 721w, https:\/\/manualdetecnicafotografica.com\/blog\/wp-content\/uploads\/2020\/06\/5-300x203.png 300w\" sizes=\"auto, (max-width: 721px) 100vw, 721px\" \/><\/figure><\/div>\n\n\n\n<p>Apertura \u0192\/1.4, Velocidad 1\/1600, ISO 800, Lente 50.0 mm:<\/p>\n\n\n\n<div class=\"wp-block-image\"><figure class=\"aligncenter size-large\"><img loading=\"lazy\" decoding=\"async\" width=\"723\" height=\"481\" src=\"\/\/i0.wp.com\/manualdetecnicafotografica.com\/blog\/wp-content\/uploads\/2020\/06\/6-1.png\" alt=\"\" class=\"wp-image-1758\" srcset=\"https:\/\/manualdetecnicafotografica.com\/blog\/wp-content\/uploads\/2020\/06\/6-1.png 723w, https:\/\/manualdetecnicafotografica.com\/blog\/wp-content\/uploads\/2020\/06\/6-1-300x200.png 300w, https:\/\/manualdetecnicafotografica.com\/blog\/wp-content\/uploads\/2020\/06\/6-1-272x182.png 272w\" sizes=\"auto, (max-width: 723px) 100vw, 723px\" \/><figcaption>Foto: ibz_omar<\/figcaption><\/figure><\/div>\n\n\n\n<p><strong>Recuerda que puedes enviarme<\/strong> <strong>tus fotos luego de hacer los ejercicio, y las publicar\u00e9 sobre el final de la siguiente lecci\u00f3n<\/strong>. Si lo piensas, suena muy divertido, as\u00ed que <em>\u201ctienes una semana para enviarla, y cuando lo hagas aclara si deseas tu nombre publicado junto a ella\u201c<\/em>.<\/p>\n\n\n\n<p>Como ya sabes, leer\u00e9 con gusto tus comentarios y feedbacks, y tambi\u00e9n te esperar\u00e9 en mi grupo de\u00a0<a rel=\"noreferrer noopener\" href=\"https:\/\/www.facebook.com\/ManualdeTecnicaFotografica\/\" target=\"_blank\">Facebook<\/a>\u00a0y\u00a0<a rel=\"noreferrer noopener\" href=\"https:\/\/www.pinterest.es\/JuanIgnacioTorresBlog\/\" target=\"_blank\">Pinterest<\/a>\u00a0para interactuar contigo y compartirte m\u00e1s fotograf\u00edas a diario.<\/p>\n","protected":false},"excerpt":{"rendered":"<p>Como ya sabr\u00e1s, algo muy importante para todo fot\u00f3grafo es saber utilizar los puntos de enfoque, tambi\u00e9n llamados puntos focales. Estos puntos son los que te permitir\u00e1n concentrar el enfoque en diferentes partes del cuadro. Como puedes apreciar en la imagen que te muestro debajo, el visor de una c\u00e1mara marca 9 puntos focales: Generalmente [&hellip;]<\/p>\n","protected":false},"author":69,"featured_media":1759,"comment_status":"open","ping_status":"open","sticky":false,"template":"","format":"standard","meta":{"_genesis_hide_title":false,"_genesis_hide_breadcrumbs":false,"_genesis_hide_singular_image":false,"_genesis_hide_footer_widgets":false,"_genesis_custom_body_class":"","_genesis_custom_post_class":"","_genesis_layout":"","_glsr_average":0,"_glsr_ranking":0,"_glsr_reviews":0,"footnotes":"","tve_updated_post":"","tve_custom_css":"","tve_user_custom_css":"","tve_globals":{},"tcb2_ready":0,"tcb_editor_enabled":0,"tve_landing_page":"","_tve_header":"","_tve_footer":""},"categories":[96,103],"tags":[],"class_list":{"0":"post-1747","1":"post","2":"type-post","3":"status-publish","4":"format-standard","5":"has-post-thumbnail","7":"category-ejercicios","8":"category-practica","9":"entry"},"yoast_head":"<!-- This site is optimized with the Yoast SEO plugin v27.5 - https:\/\/yoast.com\/product\/yoast-seo-wordpress\/ -->\n<title>Puntos focales - Concentra tu enfoque en diferentes partes del cuadro<\/title>\n<meta name=\"description\" content=\"Puedes concentrar tu enfoque en diferentes partes del cuadro de tu imagen si tienes en cuenta los puntos focales. Hoy te ense\u00f1o c\u00f3mo lograrlo... veamos.\" \/>\n<meta name=\"robots\" content=\"index, follow, max-snippet:-1, max-image-preview:large, max-video-preview:-1\" \/>\n<link rel=\"canonical\" href=\"https:\/\/manualdetecnicafotografica.com\/blog\/puntos-focales-concentra-tu-enfoque-en-diferentes-partes-del-cuadro\/\" \/>\n<meta property=\"og:locale\" content=\"es_ES\" \/>\n<meta property=\"og:type\" content=\"article\" \/>\n<meta property=\"og:title\" content=\"Puntos focales - Concentra tu enfoque en diferentes partes del cuadro\" \/>\n<meta property=\"og:description\" content=\"Puedes concentrar tu enfoque en diferentes partes del cuadro de tu imagen si tienes en cuenta los puntos focales. Hoy te ense\u00f1o c\u00f3mo lograrlo... veamos.\" \/>\n<meta property=\"og:url\" content=\"https:\/\/manualdetecnicafotografica.com\/blog\/puntos-focales-concentra-tu-enfoque-en-diferentes-partes-del-cuadro\/\" \/>\n<meta property=\"og:site_name\" content=\"Iniciaci\u00f3n a la Fotograf\u00eda\" \/>\n<meta property=\"article:published_time\" content=\"2020-06-23T18:45:23+00:00\" \/>\n<meta property=\"article:modified_time\" content=\"2020-06-23T18:48:13+00:00\" \/>\n<meta property=\"og:image\" content=\"https:\/\/manualdetecnicafotografica.com\/blog\/wp-content\/uploads\/2020\/06\/SERIE-3-Manual-de-T\u00e9cnica-Fotogr\u00e1fica.jpg\" \/>\n\t<meta property=\"og:image:width\" content=\"1280\" \/>\n\t<meta property=\"og:image:height\" content=\"611\" \/>\n\t<meta property=\"og:image:type\" content=\"image\/jpeg\" \/>\n<meta name=\"author\" content=\"Juan Ignacio Torres\" \/>\n<meta name=\"twitter:card\" content=\"summary_large_image\" \/>\n<meta name=\"twitter:label1\" content=\"Escrito por\" \/>\n\t<meta name=\"twitter:data1\" content=\"Juan Ignacio Torres\" \/>\n\t<meta name=\"twitter:label2\" content=\"Tiempo de lectura\" \/>\n\t<meta name=\"twitter:data2\" content=\"3 minutos\" \/>\n<script type=\"application\/ld+json\" class=\"yoast-schema-graph\">{\"@context\":\"https:\\\/\\\/schema.org\",\"@graph\":[{\"@type\":\"Article\",\"@id\":\"https:\\\/\\\/manualdetecnicafotografica.com\\\/blog\\\/puntos-focales-concentra-tu-enfoque-en-diferentes-partes-del-cuadro\\\/#article\",\"isPartOf\":{\"@id\":\"https:\\\/\\\/manualdetecnicafotografica.com\\\/blog\\\/puntos-focales-concentra-tu-enfoque-en-diferentes-partes-del-cuadro\\\/\"},\"author\":{\"name\":\"Juan Ignacio Torres\",\"@id\":\"https:\\\/\\\/manualdetecnicafotografica.com\\\/blog\\\/#\\\/schema\\\/person\\\/ae5034e3906a7dbe8c648d476fc02e77\"},\"headline\":\"Puntos focales &#8211; Concentra tu enfoque en diferentes partes del cuadro\",\"datePublished\":\"2020-06-23T18:45:23+00:00\",\"dateModified\":\"2020-06-23T18:48:13+00:00\",\"mainEntityOfPage\":{\"@id\":\"https:\\\/\\\/manualdetecnicafotografica.com\\\/blog\\\/puntos-focales-concentra-tu-enfoque-en-diferentes-partes-del-cuadro\\\/\"},\"wordCount\":653,\"commentCount\":4,\"image\":{\"@id\":\"https:\\\/\\\/manualdetecnicafotografica.com\\\/blog\\\/puntos-focales-concentra-tu-enfoque-en-diferentes-partes-del-cuadro\\\/#primaryimage\"},\"thumbnailUrl\":\"https:\\\/\\\/manualdetecnicafotografica.com\\\/blog\\\/wp-content\\\/uploads\\\/2020\\\/06\\\/SERIE-3-Manual-de-T\u00e9cnica-Fotogr\u00e1fica.jpg\",\"articleSection\":[\"Ejercicios\",\"Pr\u00e1ctica\"],\"inLanguage\":\"es\",\"potentialAction\":[{\"@type\":\"CommentAction\",\"name\":\"Comment\",\"target\":[\"https:\\\/\\\/manualdetecnicafotografica.com\\\/blog\\\/puntos-focales-concentra-tu-enfoque-en-diferentes-partes-del-cuadro\\\/#respond\"]}]},{\"@type\":\"WebPage\",\"@id\":\"https:\\\/\\\/manualdetecnicafotografica.com\\\/blog\\\/puntos-focales-concentra-tu-enfoque-en-diferentes-partes-del-cuadro\\\/\",\"url\":\"https:\\\/\\\/manualdetecnicafotografica.com\\\/blog\\\/puntos-focales-concentra-tu-enfoque-en-diferentes-partes-del-cuadro\\\/\",\"name\":\"Puntos focales - Concentra tu enfoque en diferentes partes del cuadro\",\"isPartOf\":{\"@id\":\"https:\\\/\\\/manualdetecnicafotografica.com\\\/blog\\\/#website\"},\"primaryImageOfPage\":{\"@id\":\"https:\\\/\\\/manualdetecnicafotografica.com\\\/blog\\\/puntos-focales-concentra-tu-enfoque-en-diferentes-partes-del-cuadro\\\/#primaryimage\"},\"image\":{\"@id\":\"https:\\\/\\\/manualdetecnicafotografica.com\\\/blog\\\/puntos-focales-concentra-tu-enfoque-en-diferentes-partes-del-cuadro\\\/#primaryimage\"},\"thumbnailUrl\":\"https:\\\/\\\/manualdetecnicafotografica.com\\\/blog\\\/wp-content\\\/uploads\\\/2020\\\/06\\\/SERIE-3-Manual-de-T\u00e9cnica-Fotogr\u00e1fica.jpg\",\"datePublished\":\"2020-06-23T18:45:23+00:00\",\"dateModified\":\"2020-06-23T18:48:13+00:00\",\"author\":{\"@id\":\"https:\\\/\\\/manualdetecnicafotografica.com\\\/blog\\\/#\\\/schema\\\/person\\\/ae5034e3906a7dbe8c648d476fc02e77\"},\"description\":\"Puedes concentrar tu enfoque en diferentes partes del cuadro de tu imagen si tienes en cuenta los puntos focales. Hoy te ense\u00f1o c\u00f3mo lograrlo... veamos.\",\"breadcrumb\":{\"@id\":\"https:\\\/\\\/manualdetecnicafotografica.com\\\/blog\\\/puntos-focales-concentra-tu-enfoque-en-diferentes-partes-del-cuadro\\\/#breadcrumb\"},\"inLanguage\":\"es\",\"potentialAction\":[{\"@type\":\"ReadAction\",\"target\":[\"https:\\\/\\\/manualdetecnicafotografica.com\\\/blog\\\/puntos-focales-concentra-tu-enfoque-en-diferentes-partes-del-cuadro\\\/\"]}]},{\"@type\":\"ImageObject\",\"inLanguage\":\"es\",\"@id\":\"https:\\\/\\\/manualdetecnicafotografica.com\\\/blog\\\/puntos-focales-concentra-tu-enfoque-en-diferentes-partes-del-cuadro\\\/#primaryimage\",\"url\":\"https:\\\/\\\/manualdetecnicafotografica.com\\\/blog\\\/wp-content\\\/uploads\\\/2020\\\/06\\\/SERIE-3-Manual-de-T\u00e9cnica-Fotogr\u00e1fica.jpg\",\"contentUrl\":\"https:\\\/\\\/manualdetecnicafotografica.com\\\/blog\\\/wp-content\\\/uploads\\\/2020\\\/06\\\/SERIE-3-Manual-de-T\u00e9cnica-Fotogr\u00e1fica.jpg\",\"width\":1280,\"height\":611},{\"@type\":\"BreadcrumbList\",\"@id\":\"https:\\\/\\\/manualdetecnicafotografica.com\\\/blog\\\/puntos-focales-concentra-tu-enfoque-en-diferentes-partes-del-cuadro\\\/#breadcrumb\",\"itemListElement\":[{\"@type\":\"ListItem\",\"position\":1,\"name\":\"Portada\",\"item\":\"https:\\\/\\\/manualdetecnicafotografica.com\\\/blog\\\/\"},{\"@type\":\"ListItem\",\"position\":2,\"name\":\"Puntos focales &#8211; Concentra tu enfoque en diferentes partes del cuadro\"}]},{\"@type\":\"WebSite\",\"@id\":\"https:\\\/\\\/manualdetecnicafotografica.com\\\/blog\\\/#website\",\"url\":\"https:\\\/\\\/manualdetecnicafotografica.com\\\/blog\\\/\",\"name\":\"Iniciaci\u00f3n a la Fotograf\u00eda\",\"description\":\"Blog de Juan Ignacio Torres\",\"potentialAction\":[{\"@type\":\"SearchAction\",\"target\":{\"@type\":\"EntryPoint\",\"urlTemplate\":\"https:\\\/\\\/manualdetecnicafotografica.com\\\/blog\\\/?s={search_term_string}\"},\"query-input\":{\"@type\":\"PropertyValueSpecification\",\"valueRequired\":true,\"valueName\":\"search_term_string\"}}],\"inLanguage\":\"es\"},{\"@type\":\"Person\",\"@id\":\"https:\\\/\\\/manualdetecnicafotografica.com\\\/blog\\\/#\\\/schema\\\/person\\\/ae5034e3906a7dbe8c648d476fc02e77\",\"name\":\"Juan Ignacio Torres\",\"image\":{\"@type\":\"ImageObject\",\"inLanguage\":\"es\",\"@id\":\"https:\\\/\\\/secure.gravatar.com\\\/avatar\\\/b9287bc055c5306fac8e7ea47798890ba1cd246604d554cef6180aed800a1987?s=96&d=wavatar&r=g\",\"url\":\"https:\\\/\\\/secure.gravatar.com\\\/avatar\\\/b9287bc055c5306fac8e7ea47798890ba1cd246604d554cef6180aed800a1987?s=96&d=wavatar&r=g\",\"contentUrl\":\"https:\\\/\\\/secure.gravatar.com\\\/avatar\\\/b9287bc055c5306fac8e7ea47798890ba1cd246604d554cef6180aed800a1987?s=96&d=wavatar&r=g\",\"caption\":\"Juan Ignacio Torres\"},\"url\":\"https:\\\/\\\/manualdetecnicafotografica.com\\\/blog\\\/author\\\/ltrecarichi\\\/\"}]}<\/script>\n<!-- \/ Yoast SEO plugin. -->","yoast_head_json":{"title":"Puntos focales - Concentra tu enfoque en diferentes partes del cuadro","description":"Puedes concentrar tu enfoque en diferentes partes del cuadro de tu imagen si tienes en cuenta los puntos focales. Hoy te ense\u00f1o c\u00f3mo lograrlo... veamos.","robots":{"index":"index","follow":"follow","max-snippet":"max-snippet:-1","max-image-preview":"max-image-preview:large","max-video-preview":"max-video-preview:-1"},"canonical":"https:\/\/manualdetecnicafotografica.com\/blog\/puntos-focales-concentra-tu-enfoque-en-diferentes-partes-del-cuadro\/","og_locale":"es_ES","og_type":"article","og_title":"Puntos focales - Concentra tu enfoque en diferentes partes del cuadro","og_description":"Puedes concentrar tu enfoque en diferentes partes del cuadro de tu imagen si tienes en cuenta los puntos focales. Hoy te ense\u00f1o c\u00f3mo lograrlo... veamos.","og_url":"https:\/\/manualdetecnicafotografica.com\/blog\/puntos-focales-concentra-tu-enfoque-en-diferentes-partes-del-cuadro\/","og_site_name":"Iniciaci\u00f3n a la Fotograf\u00eda","article_published_time":"2020-06-23T18:45:23+00:00","article_modified_time":"2020-06-23T18:48:13+00:00","og_image":[{"width":1280,"height":611,"url":"https:\/\/manualdetecnicafotografica.com\/blog\/wp-content\/uploads\/2020\/06\/SERIE-3-Manual-de-T\u00e9cnica-Fotogr\u00e1fica.jpg","type":"image\/jpeg"}],"author":"Juan Ignacio Torres","twitter_card":"summary_large_image","twitter_misc":{"Escrito por":"Juan Ignacio Torres","Tiempo de lectura":"3 minutos"},"schema":{"@context":"https:\/\/schema.org","@graph":[{"@type":"Article","@id":"https:\/\/manualdetecnicafotografica.com\/blog\/puntos-focales-concentra-tu-enfoque-en-diferentes-partes-del-cuadro\/#article","isPartOf":{"@id":"https:\/\/manualdetecnicafotografica.com\/blog\/puntos-focales-concentra-tu-enfoque-en-diferentes-partes-del-cuadro\/"},"author":{"name":"Juan Ignacio Torres","@id":"https:\/\/manualdetecnicafotografica.com\/blog\/#\/schema\/person\/ae5034e3906a7dbe8c648d476fc02e77"},"headline":"Puntos focales &#8211; Concentra tu enfoque en diferentes partes del cuadro","datePublished":"2020-06-23T18:45:23+00:00","dateModified":"2020-06-23T18:48:13+00:00","mainEntityOfPage":{"@id":"https:\/\/manualdetecnicafotografica.com\/blog\/puntos-focales-concentra-tu-enfoque-en-diferentes-partes-del-cuadro\/"},"wordCount":653,"commentCount":4,"image":{"@id":"https:\/\/manualdetecnicafotografica.com\/blog\/puntos-focales-concentra-tu-enfoque-en-diferentes-partes-del-cuadro\/#primaryimage"},"thumbnailUrl":"https:\/\/manualdetecnicafotografica.com\/blog\/wp-content\/uploads\/2020\/06\/SERIE-3-Manual-de-T\u00e9cnica-Fotogr\u00e1fica.jpg","articleSection":["Ejercicios","Pr\u00e1ctica"],"inLanguage":"es","potentialAction":[{"@type":"CommentAction","name":"Comment","target":["https:\/\/manualdetecnicafotografica.com\/blog\/puntos-focales-concentra-tu-enfoque-en-diferentes-partes-del-cuadro\/#respond"]}]},{"@type":"WebPage","@id":"https:\/\/manualdetecnicafotografica.com\/blog\/puntos-focales-concentra-tu-enfoque-en-diferentes-partes-del-cuadro\/","url":"https:\/\/manualdetecnicafotografica.com\/blog\/puntos-focales-concentra-tu-enfoque-en-diferentes-partes-del-cuadro\/","name":"Puntos focales - Concentra tu enfoque en diferentes partes del cuadro","isPartOf":{"@id":"https:\/\/manualdetecnicafotografica.com\/blog\/#website"},"primaryImageOfPage":{"@id":"https:\/\/manualdetecnicafotografica.com\/blog\/puntos-focales-concentra-tu-enfoque-en-diferentes-partes-del-cuadro\/#primaryimage"},"image":{"@id":"https:\/\/manualdetecnicafotografica.com\/blog\/puntos-focales-concentra-tu-enfoque-en-diferentes-partes-del-cuadro\/#primaryimage"},"thumbnailUrl":"https:\/\/manualdetecnicafotografica.com\/blog\/wp-content\/uploads\/2020\/06\/SERIE-3-Manual-de-T\u00e9cnica-Fotogr\u00e1fica.jpg","datePublished":"2020-06-23T18:45:23+00:00","dateModified":"2020-06-23T18:48:13+00:00","author":{"@id":"https:\/\/manualdetecnicafotografica.com\/blog\/#\/schema\/person\/ae5034e3906a7dbe8c648d476fc02e77"},"description":"Puedes concentrar tu enfoque en diferentes partes del cuadro de tu imagen si tienes en cuenta los puntos focales. Hoy te ense\u00f1o c\u00f3mo lograrlo... veamos.","breadcrumb":{"@id":"https:\/\/manualdetecnicafotografica.com\/blog\/puntos-focales-concentra-tu-enfoque-en-diferentes-partes-del-cuadro\/#breadcrumb"},"inLanguage":"es","potentialAction":[{"@type":"ReadAction","target":["https:\/\/manualdetecnicafotografica.com\/blog\/puntos-focales-concentra-tu-enfoque-en-diferentes-partes-del-cuadro\/"]}]},{"@type":"ImageObject","inLanguage":"es","@id":"https:\/\/manualdetecnicafotografica.com\/blog\/puntos-focales-concentra-tu-enfoque-en-diferentes-partes-del-cuadro\/#primaryimage","url":"https:\/\/manualdetecnicafotografica.com\/blog\/wp-content\/uploads\/2020\/06\/SERIE-3-Manual-de-T\u00e9cnica-Fotogr\u00e1fica.jpg","contentUrl":"https:\/\/manualdetecnicafotografica.com\/blog\/wp-content\/uploads\/2020\/06\/SERIE-3-Manual-de-T\u00e9cnica-Fotogr\u00e1fica.jpg","width":1280,"height":611},{"@type":"BreadcrumbList","@id":"https:\/\/manualdetecnicafotografica.com\/blog\/puntos-focales-concentra-tu-enfoque-en-diferentes-partes-del-cuadro\/#breadcrumb","itemListElement":[{"@type":"ListItem","position":1,"name":"Portada","item":"https:\/\/manualdetecnicafotografica.com\/blog\/"},{"@type":"ListItem","position":2,"name":"Puntos focales &#8211; Concentra tu enfoque en diferentes partes del cuadro"}]},{"@type":"WebSite","@id":"https:\/\/manualdetecnicafotografica.com\/blog\/#website","url":"https:\/\/manualdetecnicafotografica.com\/blog\/","name":"Iniciaci\u00f3n a la Fotograf\u00eda","description":"Blog de Juan Ignacio Torres","potentialAction":[{"@type":"SearchAction","target":{"@type":"EntryPoint","urlTemplate":"https:\/\/manualdetecnicafotografica.com\/blog\/?s={search_term_string}"},"query-input":{"@type":"PropertyValueSpecification","valueRequired":true,"valueName":"search_term_string"}}],"inLanguage":"es"},{"@type":"Person","@id":"https:\/\/manualdetecnicafotografica.com\/blog\/#\/schema\/person\/ae5034e3906a7dbe8c648d476fc02e77","name":"Juan Ignacio Torres","image":{"@type":"ImageObject","inLanguage":"es","@id":"https:\/\/secure.gravatar.com\/avatar\/b9287bc055c5306fac8e7ea47798890ba1cd246604d554cef6180aed800a1987?s=96&d=wavatar&r=g","url":"https:\/\/secure.gravatar.com\/avatar\/b9287bc055c5306fac8e7ea47798890ba1cd246604d554cef6180aed800a1987?s=96&d=wavatar&r=g","contentUrl":"https:\/\/secure.gravatar.com\/avatar\/b9287bc055c5306fac8e7ea47798890ba1cd246604d554cef6180aed800a1987?s=96&d=wavatar&r=g","caption":"Juan Ignacio Torres"},"url":"https:\/\/manualdetecnicafotografica.com\/blog\/author\/ltrecarichi\/"}]}},"_links":{"self":[{"href":"https:\/\/manualdetecnicafotografica.com\/blog\/wp-json\/wp\/v2\/posts\/1747","targetHints":{"allow":["GET"]}}],"collection":[{"href":"https:\/\/manualdetecnicafotografica.com\/blog\/wp-json\/wp\/v2\/posts"}],"about":[{"href":"https:\/\/manualdetecnicafotografica.com\/blog\/wp-json\/wp\/v2\/types\/post"}],"author":[{"embeddable":true,"href":"https:\/\/manualdetecnicafotografica.com\/blog\/wp-json\/wp\/v2\/users\/69"}],"replies":[{"embeddable":true,"href":"https:\/\/manualdetecnicafotografica.com\/blog\/wp-json\/wp\/v2\/comments?post=1747"}],"version-history":[{"count":9,"href":"https:\/\/manualdetecnicafotografica.com\/blog\/wp-json\/wp\/v2\/posts\/1747\/revisions"}],"predecessor-version":[{"id":1767,"href":"https:\/\/manualdetecnicafotografica.com\/blog\/wp-json\/wp\/v2\/posts\/1747\/revisions\/1767"}],"wp:featuredmedia":[{"embeddable":true,"href":"https:\/\/manualdetecnicafotografica.com\/blog\/wp-json\/wp\/v2\/media\/1759"}],"wp:attachment":[{"href":"https:\/\/manualdetecnicafotografica.com\/blog\/wp-json\/wp\/v2\/media?parent=1747"}],"wp:term":[{"taxonomy":"category","embeddable":true,"href":"https:\/\/manualdetecnicafotografica.com\/blog\/wp-json\/wp\/v2\/categories?post=1747"},{"taxonomy":"post_tag","embeddable":true,"href":"https:\/\/manualdetecnicafotografica.com\/blog\/wp-json\/wp\/v2\/tags?post=1747"}],"curies":[{"name":"wp","href":"https:\/\/api.w.org\/{rel}","templated":true}]}}