{"id":1545,"date":"2020-03-26T13:37:46","date_gmt":"2020-03-26T13:37:46","guid":{"rendered":"https:\/\/manualdetecnicafotografica.com\/blog\/?p=1545"},"modified":"2020-03-26T13:37:48","modified_gmt":"2020-03-26T13:37:48","slug":"conoce-los-usos-y-ventajas-de-utilizar-el-bracketing-para-tus-fotografias","status":"publish","type":"post","link":"https:\/\/manualdetecnicafotografica.com\/blog\/conoce-los-usos-y-ventajas-de-utilizar-el-bracketing-para-tus-fotografias\/","title":{"rendered":"Conoce los usos y ventajas de utilizar el bracketing para tus fotograf\u00edas"},"content":{"rendered":"<p>\u00bfTe has topado alguna vez con la palabra <strong>Bracketing u Horquillado<\/strong>?. Si as\u00ed fue y quieres conocer m\u00e1s acerca de este concepto, o bien ya lo conoces y quieres refrescar o aclararlo, hoy te contar\u00e9 las ventajas y usos que puedes darle para obtener resultados espectaculares en tus fotos.\u00a0<\/p>\n\n\n<figure class=\"wp-block-image size-large\"><img loading=\"lazy\" decoding=\"async\" width=\"700\" height=\"466\" src=\"https:\/\/manualdetecnicafotografica.com\/blog\/wp-content\/uploads\/2020\/03\/casatipos-bracketing-camara-automatico-734x489-1.jpg\" alt=\"\" class=\"wp-image-1563\" srcset=\"https:\/\/manualdetecnicafotografica.com\/blog\/wp-content\/uploads\/2020\/03\/casatipos-bracketing-camara-automatico-734x489-1.jpg 700w, https:\/\/manualdetecnicafotografica.com\/blog\/wp-content\/uploads\/2020\/03\/casatipos-bracketing-camara-automatico-734x489-1-300x200.jpg 300w, https:\/\/manualdetecnicafotografica.com\/blog\/wp-content\/uploads\/2020\/03\/casatipos-bracketing-camara-automatico-734x489-1-272x182.jpg 272w\" sizes=\"auto, (max-width: 700px) 100vw, 700px\" \/><\/figure>\n\n\n\n<h2 class=\"wp-block-heading\">\u00bfQu\u00e9 es el Bracketing u Horquillado?<\/h2>\n\n\n\n<p>En la fotograf\u00eda lo que entendemos por bracketing (horquillado en espa\u00f1ol), es la t\u00e9cnica que consiste en la <strong>realizaci\u00f3n de varias tomas de una misma escena utilizando diferentes configuraciones o ajustes de la c\u00e1mara<\/strong> (apertura del diafragma, velocidad de obturaci\u00f3n, ISO, etc&#8230;). Esas diferentes configuraciones se realizar\u00e1n atendiendo al tipo de horquillado que realices, pues si bien el <strong>bracketing de exposici\u00f3n<\/strong> es uno de los m\u00e1s conocidos, tambi\u00e9n existen otros tipos:<\/p>\n\n\n\n<h4 class=\"wp-block-heading\">Bracketing de exposici\u00f3n<\/h4>\n\n\n\n<p>Como te mencione con anterioridad, este es el horquillado m\u00e1s popular de todos. Con \u00e9l realizar\u00e1s una secuencia de fotograf\u00edas de la misma escena con exposiciones diferentes, un buen m\u00e9todo para que juntes y fusiones diferentes tomas con distintos niveles de exposici\u00f3n y as\u00ed conseguir una fotograf\u00eda con mayor rango din\u00e1mico.<\/p>\n\n\n\n<div class=\"wp-block-image\"><figure class=\"aligncenter size-large\"><img loading=\"lazy\" decoding=\"async\" width=\"700\" height=\"481\" src=\"https:\/\/manualdetecnicafotografica.com\/blog\/wp-content\/uploads\/2020\/03\/casafoto-2.jpg\" alt=\"\" class=\"wp-image-1550\" srcset=\"https:\/\/manualdetecnicafotografica.com\/blog\/wp-content\/uploads\/2020\/03\/casafoto-2.jpg 700w, https:\/\/manualdetecnicafotografica.com\/blog\/wp-content\/uploads\/2020\/03\/casafoto-2-300x206.jpg 300w\" sizes=\"auto, (max-width: 700px) 100vw, 700px\" \/><\/figure><\/div>\n\n\n\n<p>M\u00e1s all\u00e1 de que tu c\u00e1mara trabaje de buena manera, cuando se encuentra con escenas de alto contraste (como la imagen anterior), es decir, cuando hay demasiada diferencia entre altas luces y sombras, es ah\u00ed cuando el rango din\u00e1mico de nuestra c\u00e1mara es limitado, lo que hace dif\u00edcil que puedas obtener una foto perfectamente expuesta en una \u00fanica toma. <\/p>\n\n\n\n<p>Es posible que si disparas en formato RAW tendr\u00e1s m\u00e1s posibilidades de salvar tu foto, pero tampoco har\u00e1 milagros. Incluso si optas por utilizar <strong>filtros degradados de densidad neutra<\/strong> al principio compensaras esas diferencias de luz, pero si uno de los elementos de tu imagen sobresale, tambi\u00e9n lo estar\u00e1s oscureciendo. Entonces: \u00bfCu\u00e1l ser\u00eda la soluci\u00f3n?&#8230; \u00a1El <strong>horquillado o bracketing de exposici\u00f3n<\/strong>!. Con \u00e9l lograras superar esta barrera y, a trav\u00e9s de varias fotos realizadas con diferentes exposiciones que posteriormente podr\u00e1s juntar son un software de edici\u00f3n, conseguir\u00e1s que tu imagen cuente con el alto rango din\u00e1mico que est\u00e1s buscando.  <\/p>\n\n\n\n<h4 class=\"wp-block-heading\">Bracketing de Enfoque<\/h4>\n\n\n\n<p>Cuando necesites aumentar la <a rel=\"noreferrer noopener\" aria-label=\"profundidad de campo (se abre en una nueva pesta\u00f1a)\" href=\"https:\/\/manualdetecnicafotografica.com\/blog\/la-profundidad-campo\/\" target=\"_blank\">profundidad de campo<\/a> en tus im\u00e1genes pero a trav\u00e9s de las t\u00e9cnicas habituales no puedas, el <strong>bracketing de enfoque<\/strong> ser\u00e1 la soluci\u00f3n que necesitas, este tipo de horquillado es el estrella dentro de la <a href=\"https:\/\/manualdetecnicafotografica.com\/blog\/fotografia-macro-no-puedes-gastar-lente-profesional-esta-la-solucion\/\" target=\"_blank\" rel=\"noreferrer noopener\" aria-label=\"fotograf\u00eda macro (se abre en una nueva pesta\u00f1a)\">fotograf\u00eda macro<\/a>. <\/p>\n\n\n\n<div class=\"wp-block-image\"><figure class=\"aligncenter size-large\"><img loading=\"lazy\" decoding=\"async\" width=\"700\" height=\"536\" src=\"https:\/\/manualdetecnicafotografica.com\/blog\/wp-content\/uploads\/2020\/03\/casafoto-3.jpg\" alt=\"\" class=\"wp-image-1554\" srcset=\"https:\/\/manualdetecnicafotografica.com\/blog\/wp-content\/uploads\/2020\/03\/casafoto-3.jpg 700w, https:\/\/manualdetecnicafotografica.com\/blog\/wp-content\/uploads\/2020\/03\/casafoto-3-300x230.jpg 300w\" sizes=\"auto, (max-width: 700px) 100vw, 700px\" \/><\/figure><\/div>\n\n\n\n<p>Si realizas un horquillado de enfoque, disparas varias tomas con enfoques distintos, y a continuaci\u00f3n las apilas digitalmente con programas como <a href=\"https:\/\/manualdetecnicafotografica.com\/blog\/category\/photoshop\/\" target=\"_blank\" rel=\"noreferrer noopener\" aria-label=\"Photoshop  (se abre en una nueva pesta\u00f1a)\">Photoshop <\/a>o <a href=\"https:\/\/manualdetecnicafotografica.com\/blog\/iniciacion-adobe-lightroom-los-fotografos-necesitan-usarlo\/\" target=\"_blank\" rel=\"noreferrer noopener\" aria-label=\"Lightroom (se abre en una nueva pesta\u00f1a)\">Lightroom<\/a>, lograr\u00e1s que tu foto est\u00e9 enfocada en las zonas que m\u00e1s deseas.  <\/p>\n\n\n\n<p>Pero no solo sirve para fotograf\u00eda macro, en la <a rel=\"noreferrer noopener\" aria-label=\"tem\u00e1tica de paisajes (se abre en una nueva pesta\u00f1a)\" href=\"https:\/\/manualdetecnicafotografica.com\/blog\/category\/paisaje\/\" target=\"_blank\">tem\u00e1tica de paisajes<\/a> tambi\u00e9n puede ser interesante utilizarla si deseas obtener una gran profundidad de campo como te he mencionado con antelaci\u00f3n. De esta forma imag\u00ednate que tienes un paisaje y una roca en primer t\u00e9rmino, si quieres que ambas salgan enfocadas entonces realiza dos disparos: uno enfocando la roca y otro enfocando al paisaje de fondo. A continuaci\u00f3n fusiona ambas im\u00e1genes en edici\u00f3n y obtendr\u00e1s tu foto con las \u00e1reas que quieres enfocadas de manera perfecta.<\/p>\n\n\n\n<div class=\"wp-block-image\"><figure class=\"aligncenter size-large\"><img loading=\"lazy\" decoding=\"async\" width=\"700\" height=\"641\" src=\"https:\/\/manualdetecnicafotografica.com\/blog\/wp-content\/uploads\/2020\/03\/casafoto-4.jpg\" alt=\"\" class=\"wp-image-1555\" srcset=\"https:\/\/manualdetecnicafotografica.com\/blog\/wp-content\/uploads\/2020\/03\/casafoto-4.jpg 700w, https:\/\/manualdetecnicafotografica.com\/blog\/wp-content\/uploads\/2020\/03\/casafoto-4-300x275.jpg 300w\" sizes=\"auto, (max-width: 700px) 100vw, 700px\" \/><\/figure><\/div>\n\n\n\n<div class=\"wp-block-image\"><figure class=\"aligncenter size-large\"><img loading=\"lazy\" decoding=\"async\" width=\"199\" height=\"640\" src=\"https:\/\/manualdetecnicafotografica.com\/blog\/wp-content\/uploads\/2020\/03\/casafoto-5.jpg\" alt=\"\" class=\"wp-image-1556\" srcset=\"https:\/\/manualdetecnicafotografica.com\/blog\/wp-content\/uploads\/2020\/03\/casafoto-5.jpg 199w, https:\/\/manualdetecnicafotografica.com\/blog\/wp-content\/uploads\/2020\/03\/casafoto-5-93x300.jpg 93w\" sizes=\"auto, (max-width: 199px) 100vw, 199px\" \/><\/figure><\/div>\n\n\n\n<h4 class=\"wp-block-heading\">Bracketing de Balance de blancos<\/h4>\n\n\n\n<p>Otro ajuste que causar\u00e1 resultados distintos en tus tomas es la configuraci\u00f3n del balance de blancos, tan as\u00ed, que en muchas ocasiones no sabr\u00e1s que tipo de balance establecer. En ese tipo de situaciones te recomiendo hacer uso del<strong> bracketing de balance de blancos<\/strong>, lo que quiere decir, que lleves a cabo varios disparos de una misma escena modificando simplemente el ajuste de balance de blancos a valores nublado, soleado, etc&#8230; posteriormente elegir\u00e1s la toma que m\u00e1s te guste.<\/p>\n\n\n\n<div class=\"wp-block-image\"><figure class=\"aligncenter size-large\"><img loading=\"lazy\" decoding=\"async\" width=\"700\" height=\"190\" src=\"https:\/\/manualdetecnicafotografica.com\/blog\/wp-content\/uploads\/2020\/03\/casafoto-6.jpg\" alt=\"\" class=\"wp-image-1558\" srcset=\"https:\/\/manualdetecnicafotografica.com\/blog\/wp-content\/uploads\/2020\/03\/casafoto-6.jpg 700w, https:\/\/manualdetecnicafotografica.com\/blog\/wp-content\/uploads\/2020\/03\/casafoto-6-300x81.jpg 300w\" sizes=\"auto, (max-width: 700px) 100vw, 700px\" \/><\/figure><\/div>\n\n\n\n<p>En algunas c\u00e1maras lo podr\u00e1s realizar de forma autom\u00e1tica, pero normalmente te dejar\u00e1 configurar esta opci\u00f3n si disparas tus fotos en formato JPEG. Por otro lado, si disparas en RAW ser\u00e1 tu d\u00eda de suerte, ya que podr\u00e1s <strong>calibrar el balance de blancos<\/strong> c\u00f3modamente desde tu ordenador luego de realizar la imagen. En ese caso, no tendr\u00e1s necesidad de hacer uso del horquillado, sino que a partir de una \u00fanica toma podr\u00e1s ajustar el balance de blancos de tu fotograf\u00eda. <\/p>\n\n\n\n<div class=\"wp-block-image\"><figure class=\"aligncenter size-large\"><img loading=\"lazy\" decoding=\"async\" width=\"700\" height=\"466\" src=\"https:\/\/manualdetecnicafotografica.com\/blog\/wp-content\/uploads\/2020\/03\/casafoito-7.jpg\" alt=\"\" class=\"wp-image-1560\" srcset=\"https:\/\/manualdetecnicafotografica.com\/blog\/wp-content\/uploads\/2020\/03\/casafoito-7.jpg 700w, https:\/\/manualdetecnicafotografica.com\/blog\/wp-content\/uploads\/2020\/03\/casafoito-7-300x200.jpg 300w, https:\/\/manualdetecnicafotografica.com\/blog\/wp-content\/uploads\/2020\/03\/casafoito-7-272x182.jpg 272w\" sizes=\"auto, (max-width: 700px) 100vw, 700px\" \/><\/figure><\/div>\n\n\n\n<h4 class=\"wp-block-heading\">Bracketing de Flash<\/h4>\n\n\n\n<p>Por \u00faltimo pero no menos importante est\u00e1 el <strong>bracketing de flash<\/strong>, que consiste en emplear el flash externo de tu c\u00e1mara como flash de relleno y as\u00ed ir variando la potencia de \u00e9ste. De este modo, gracias a la disponibilidad de varias tomas con distintos niveles de intensidad del flash, podr\u00e1s quedarte con la toma m\u00e1s apropiada. <\/p>\n\n\n\n<p>Este recurso te resultar\u00e1 especialmente \u00fatil cuando tengas prisa y no sepas qu\u00e9 <strong>intensidad del flash <\/strong>ser\u00e1 la correcta. A\u00fan as\u00ed, otra opci\u00f3n que te dar\u00e1 soluciones es contar con un <strong>flash con la opci\u00f3n TTL<\/strong>, que te calcular\u00e1 autom\u00e1ticamente la intensidad m\u00e1s adecuada para cada situaci\u00f3n.<\/p>\n\n\n\n<div class=\"wp-block-image\"><figure class=\"aligncenter size-large\"><img loading=\"lazy\" decoding=\"async\" width=\"700\" height=\"190\" src=\"https:\/\/manualdetecnicafotografica.com\/blog\/wp-content\/uploads\/2020\/03\/casafoto-8.jpg\" alt=\"\" class=\"wp-image-1561\" srcset=\"https:\/\/manualdetecnicafotografica.com\/blog\/wp-content\/uploads\/2020\/03\/casafoto-8.jpg 700w, https:\/\/manualdetecnicafotografica.com\/blog\/wp-content\/uploads\/2020\/03\/casafoto-8-300x81.jpg 300w\" sizes=\"auto, (max-width: 700px) 100vw, 700px\" \/><\/figure><\/div>\n\n\n\n<p>Existen flashes donde encontrar\u00e1s la <strong>funci\u00f3n FEB<\/strong> que te servir\u00e1 para que el propio flash dispare un bracketing, pero deber\u00e1s leer antes el manual para encontrarlo y activarlo, as\u00ed podr\u00e1s sacarle el m\u00e1ximo provecho. Lo habitual es que tu le indiques al flash la cantidad de fotos que quieres tomar y el <strong>rango de compensaci\u00f3n de la exposici\u00f3n<\/strong> que quieres entre cada toma, luego disparar y encuadrar depender\u00e1 solamente de ti. <\/p>\n\n\n\n<p>Deber\u00e1s tener en cuenta que entre foto y foto el flash deber\u00e1 recargarse, lo que puede ralentizar el proceso m\u00e1s de lo que esperas, por eso el uso del flash (como en cualquier tipo de bracketing) ser\u00e1 algo imprescindible. <\/p>\n\n\n\n<div class=\"wp-block-image\"><figure class=\"aligncenter size-large\"><img loading=\"lazy\" decoding=\"async\" width=\"700\" height=\"466\" src=\"https:\/\/manualdetecnicafotografica.com\/blog\/wp-content\/uploads\/2020\/03\/casafoto-9.jpg\" alt=\"\" class=\"wp-image-1564\" srcset=\"https:\/\/manualdetecnicafotografica.com\/blog\/wp-content\/uploads\/2020\/03\/casafoto-9.jpg 700w, https:\/\/manualdetecnicafotografica.com\/blog\/wp-content\/uploads\/2020\/03\/casafoto-9-300x200.jpg 300w, https:\/\/manualdetecnicafotografica.com\/blog\/wp-content\/uploads\/2020\/03\/casafoto-9-272x182.jpg 272w\" sizes=\"auto, (max-width: 700px) 100vw, 700px\" \/><\/figure><\/div>\n\n\n\n<div class=\"wp-block-image\"><figure class=\"aligncenter size-large\"><img loading=\"lazy\" decoding=\"async\" width=\"700\" height=\"466\" src=\"https:\/\/manualdetecnicafotografica.com\/blog\/wp-content\/uploads\/2020\/03\/casafoto-10.jpg\" alt=\"\" class=\"wp-image-1565\" srcset=\"https:\/\/manualdetecnicafotografica.com\/blog\/wp-content\/uploads\/2020\/03\/casafoto-10.jpg 700w, https:\/\/manualdetecnicafotografica.com\/blog\/wp-content\/uploads\/2020\/03\/casafoto-10-300x200.jpg 300w, https:\/\/manualdetecnicafotografica.com\/blog\/wp-content\/uploads\/2020\/03\/casafoto-10-272x182.jpg 272w\" sizes=\"auto, (max-width: 700px) 100vw, 700px\" \/><\/figure><\/div>\n\n\n\n<p>Espero y deseo que cada uno de los consejos que te comparto en este nuevo art\u00edculo sean de gran ayuda, recuerda que leer\u00e9 todos y cada uno de los comentarios y feedbacks que me dejes para seguir aportando nuevas clases. Por otro lado: estos \u00faltimos d\u00edas que estamos viviendo han sido muy movidos, yo <strong><em><span style=\"text-decoration: underline;\">elijo quedarme en casa<\/span><\/em><\/strong> y trabajar aqu\u00ed, respetando las pautas establecidas para el bien general de todos nosotros. Te invito a que elijas quedarte en casa, seas de donde seas&#8230; \u00a1Pronto estaremos mucho mejor!<\/p>\n","protected":false},"excerpt":{"rendered":"<p>\u00bfTe has topado alguna vez con la palabra Bracketing u Horquillado?. Si as\u00ed fue y quieres conocer m\u00e1s acerca de este concepto, o bien ya lo conoces y quieres refrescar o aclararlo, hoy te contar\u00e9 las ventajas y usos que puedes darle para obtener resultados espectaculares en tus fotos.\u00a0 \u00bfQu\u00e9 es el Bracketing u Horquillado? [&hellip;]<\/p>\n","protected":false},"author":69,"featured_media":1563,"comment_status":"open","ping_status":"open","sticky":false,"template":"","format":"standard","meta":{"_genesis_hide_title":false,"_genesis_hide_breadcrumbs":false,"_genesis_hide_singular_image":false,"_genesis_hide_footer_widgets":false,"_genesis_custom_body_class":"","_genesis_custom_post_class":"","_genesis_layout":"","_glsr_average":0,"_glsr_ranking":0,"_glsr_reviews":0,"footnotes":""},"categories":[56,46,9,122],"tags":[],"class_list":{"0":"post-1545","1":"post","2":"type-post","3":"status-publish","4":"format-standard","5":"has-post-thumbnail","7":"category-accesorios","8":"category-exposicion","9":"category-funciones-de-la-camara","10":"category-nivel-intermedio","11":"entry"},"yoast_head":"<!-- This site is optimized with the Yoast SEO plugin v27.4 - https:\/\/yoast.com\/product\/yoast-seo-wordpress\/ -->\n<title>Conoce los usos y ventajas de utilizar el bracketing para tus fotograf\u00edas - Iniciaci\u00f3n a la Fotograf\u00eda<\/title>\n<meta name=\"robots\" content=\"index, follow, max-snippet:-1, max-image-preview:large, max-video-preview:-1\" \/>\n<link rel=\"canonical\" href=\"https:\/\/manualdetecnicafotografica.com\/blog\/conoce-los-usos-y-ventajas-de-utilizar-el-bracketing-para-tus-fotografias\/\" \/>\n<meta property=\"og:locale\" content=\"es_ES\" \/>\n<meta property=\"og:type\" content=\"article\" \/>\n<meta property=\"og:title\" content=\"Conoce los usos y ventajas de utilizar el bracketing para tus fotograf\u00edas - Iniciaci\u00f3n a la Fotograf\u00eda\" \/>\n<meta property=\"og:description\" content=\"\u00bfTe has topado alguna vez con la palabra Bracketing u Horquillado?. Si as\u00ed fue y quieres conocer m\u00e1s acerca de este concepto, o bien ya lo conoces y quieres refrescar o aclararlo, hoy te contar\u00e9 las ventajas y usos que puedes darle para obtener resultados espectaculares en tus fotos.\u00a0 \u00bfQu\u00e9 es el Bracketing u Horquillado? [&hellip;]\" \/>\n<meta property=\"og:url\" content=\"https:\/\/manualdetecnicafotografica.com\/blog\/conoce-los-usos-y-ventajas-de-utilizar-el-bracketing-para-tus-fotografias\/\" \/>\n<meta property=\"og:site_name\" content=\"Iniciaci\u00f3n a la Fotograf\u00eda\" \/>\n<meta property=\"article:published_time\" content=\"2020-03-26T13:37:46+00:00\" \/>\n<meta property=\"article:modified_time\" content=\"2020-03-26T13:37:48+00:00\" \/>\n<meta property=\"og:image\" content=\"https:\/\/manualdetecnicafotografica.com\/blog\/wp-content\/uploads\/2020\/03\/casatipos-bracketing-camara-automatico-734x489-1.jpg\" \/>\n\t<meta property=\"og:image:width\" content=\"700\" \/>\n\t<meta property=\"og:image:height\" content=\"466\" \/>\n\t<meta property=\"og:image:type\" content=\"image\/jpeg\" \/>\n<meta name=\"author\" content=\"Juan Ignacio Torres\" \/>\n<meta name=\"twitter:card\" content=\"summary_large_image\" \/>\n<meta name=\"twitter:label1\" content=\"Escrito por\" \/>\n\t<meta name=\"twitter:data1\" content=\"Juan Ignacio Torres\" \/>\n\t<meta name=\"twitter:label2\" content=\"Tiempo de lectura\" \/>\n\t<meta name=\"twitter:data2\" content=\"5 minutos\" \/>\n<script type=\"application\/ld+json\" class=\"yoast-schema-graph\">{\"@context\":\"https:\\\/\\\/schema.org\",\"@graph\":[{\"@type\":\"Article\",\"@id\":\"https:\\\/\\\/manualdetecnicafotografica.com\\\/blog\\\/conoce-los-usos-y-ventajas-de-utilizar-el-bracketing-para-tus-fotografias\\\/#article\",\"isPartOf\":{\"@id\":\"https:\\\/\\\/manualdetecnicafotografica.com\\\/blog\\\/conoce-los-usos-y-ventajas-de-utilizar-el-bracketing-para-tus-fotografias\\\/\"},\"author\":{\"name\":\"Juan Ignacio Torres\",\"@id\":\"https:\\\/\\\/manualdetecnicafotografica.com\\\/blog\\\/#\\\/schema\\\/person\\\/ae5034e3906a7dbe8c648d476fc02e77\"},\"headline\":\"Conoce los usos y ventajas de utilizar el bracketing para tus fotograf\u00edas\",\"datePublished\":\"2020-03-26T13:37:46+00:00\",\"dateModified\":\"2020-03-26T13:37:48+00:00\",\"mainEntityOfPage\":{\"@id\":\"https:\\\/\\\/manualdetecnicafotografica.com\\\/blog\\\/conoce-los-usos-y-ventajas-de-utilizar-el-bracketing-para-tus-fotografias\\\/\"},\"wordCount\":1075,\"commentCount\":17,\"image\":{\"@id\":\"https:\\\/\\\/manualdetecnicafotografica.com\\\/blog\\\/conoce-los-usos-y-ventajas-de-utilizar-el-bracketing-para-tus-fotografias\\\/#primaryimage\"},\"thumbnailUrl\":\"https:\\\/\\\/manualdetecnicafotografica.com\\\/blog\\\/wp-content\\\/uploads\\\/2020\\\/03\\\/casatipos-bracketing-camara-automatico-734x489-1.jpg\",\"articleSection\":[\"Accesorios\",\"Exposici\u00f3n\",\"Funciones de la C\u00e1mara\",\"Nivel Intermedio\"],\"inLanguage\":\"es\",\"potentialAction\":[{\"@type\":\"CommentAction\",\"name\":\"Comment\",\"target\":[\"https:\\\/\\\/manualdetecnicafotografica.com\\\/blog\\\/conoce-los-usos-y-ventajas-de-utilizar-el-bracketing-para-tus-fotografias\\\/#respond\"]}]},{\"@type\":\"WebPage\",\"@id\":\"https:\\\/\\\/manualdetecnicafotografica.com\\\/blog\\\/conoce-los-usos-y-ventajas-de-utilizar-el-bracketing-para-tus-fotografias\\\/\",\"url\":\"https:\\\/\\\/manualdetecnicafotografica.com\\\/blog\\\/conoce-los-usos-y-ventajas-de-utilizar-el-bracketing-para-tus-fotografias\\\/\",\"name\":\"Conoce los usos y ventajas de utilizar el bracketing para tus fotograf\u00edas - Iniciaci\u00f3n a la Fotograf\u00eda\",\"isPartOf\":{\"@id\":\"https:\\\/\\\/manualdetecnicafotografica.com\\\/blog\\\/#website\"},\"primaryImageOfPage\":{\"@id\":\"https:\\\/\\\/manualdetecnicafotografica.com\\\/blog\\\/conoce-los-usos-y-ventajas-de-utilizar-el-bracketing-para-tus-fotografias\\\/#primaryimage\"},\"image\":{\"@id\":\"https:\\\/\\\/manualdetecnicafotografica.com\\\/blog\\\/conoce-los-usos-y-ventajas-de-utilizar-el-bracketing-para-tus-fotografias\\\/#primaryimage\"},\"thumbnailUrl\":\"https:\\\/\\\/manualdetecnicafotografica.com\\\/blog\\\/wp-content\\\/uploads\\\/2020\\\/03\\\/casatipos-bracketing-camara-automatico-734x489-1.jpg\",\"datePublished\":\"2020-03-26T13:37:46+00:00\",\"dateModified\":\"2020-03-26T13:37:48+00:00\",\"author\":{\"@id\":\"https:\\\/\\\/manualdetecnicafotografica.com\\\/blog\\\/#\\\/schema\\\/person\\\/ae5034e3906a7dbe8c648d476fc02e77\"},\"breadcrumb\":{\"@id\":\"https:\\\/\\\/manualdetecnicafotografica.com\\\/blog\\\/conoce-los-usos-y-ventajas-de-utilizar-el-bracketing-para-tus-fotografias\\\/#breadcrumb\"},\"inLanguage\":\"es\",\"potentialAction\":[{\"@type\":\"ReadAction\",\"target\":[\"https:\\\/\\\/manualdetecnicafotografica.com\\\/blog\\\/conoce-los-usos-y-ventajas-de-utilizar-el-bracketing-para-tus-fotografias\\\/\"]}]},{\"@type\":\"ImageObject\",\"inLanguage\":\"es\",\"@id\":\"https:\\\/\\\/manualdetecnicafotografica.com\\\/blog\\\/conoce-los-usos-y-ventajas-de-utilizar-el-bracketing-para-tus-fotografias\\\/#primaryimage\",\"url\":\"https:\\\/\\\/manualdetecnicafotografica.com\\\/blog\\\/wp-content\\\/uploads\\\/2020\\\/03\\\/casatipos-bracketing-camara-automatico-734x489-1.jpg\",\"contentUrl\":\"https:\\\/\\\/manualdetecnicafotografica.com\\\/blog\\\/wp-content\\\/uploads\\\/2020\\\/03\\\/casatipos-bracketing-camara-automatico-734x489-1.jpg\",\"width\":700,\"height\":466},{\"@type\":\"BreadcrumbList\",\"@id\":\"https:\\\/\\\/manualdetecnicafotografica.com\\\/blog\\\/conoce-los-usos-y-ventajas-de-utilizar-el-bracketing-para-tus-fotografias\\\/#breadcrumb\",\"itemListElement\":[{\"@type\":\"ListItem\",\"position\":1,\"name\":\"Portada\",\"item\":\"https:\\\/\\\/manualdetecnicafotografica.com\\\/blog\\\/\"},{\"@type\":\"ListItem\",\"position\":2,\"name\":\"Conoce los usos y ventajas de utilizar el bracketing para tus fotograf\u00edas\"}]},{\"@type\":\"WebSite\",\"@id\":\"https:\\\/\\\/manualdetecnicafotografica.com\\\/blog\\\/#website\",\"url\":\"https:\\\/\\\/manualdetecnicafotografica.com\\\/blog\\\/\",\"name\":\"Iniciaci\u00f3n a la Fotograf\u00eda\",\"description\":\"Blog de Juan Ignacio Torres\",\"potentialAction\":[{\"@type\":\"SearchAction\",\"target\":{\"@type\":\"EntryPoint\",\"urlTemplate\":\"https:\\\/\\\/manualdetecnicafotografica.com\\\/blog\\\/?s={search_term_string}\"},\"query-input\":{\"@type\":\"PropertyValueSpecification\",\"valueRequired\":true,\"valueName\":\"search_term_string\"}}],\"inLanguage\":\"es\"},{\"@type\":\"Person\",\"@id\":\"https:\\\/\\\/manualdetecnicafotografica.com\\\/blog\\\/#\\\/schema\\\/person\\\/ae5034e3906a7dbe8c648d476fc02e77\",\"name\":\"Juan Ignacio Torres\",\"image\":{\"@type\":\"ImageObject\",\"inLanguage\":\"es\",\"@id\":\"https:\\\/\\\/secure.gravatar.com\\\/avatar\\\/b9287bc055c5306fac8e7ea47798890ba1cd246604d554cef6180aed800a1987?s=96&d=wavatar&r=g\",\"url\":\"https:\\\/\\\/secure.gravatar.com\\\/avatar\\\/b9287bc055c5306fac8e7ea47798890ba1cd246604d554cef6180aed800a1987?s=96&d=wavatar&r=g\",\"contentUrl\":\"https:\\\/\\\/secure.gravatar.com\\\/avatar\\\/b9287bc055c5306fac8e7ea47798890ba1cd246604d554cef6180aed800a1987?s=96&d=wavatar&r=g\",\"caption\":\"Juan Ignacio Torres\"},\"url\":\"https:\\\/\\\/manualdetecnicafotografica.com\\\/blog\\\/author\\\/ltrecarichi\\\/\"}]}<\/script>\n<!-- \/ Yoast SEO plugin. -->","yoast_head_json":{"title":"Conoce los usos y ventajas de utilizar el bracketing para tus fotograf\u00edas - Iniciaci\u00f3n a la Fotograf\u00eda","robots":{"index":"index","follow":"follow","max-snippet":"max-snippet:-1","max-image-preview":"max-image-preview:large","max-video-preview":"max-video-preview:-1"},"canonical":"https:\/\/manualdetecnicafotografica.com\/blog\/conoce-los-usos-y-ventajas-de-utilizar-el-bracketing-para-tus-fotografias\/","og_locale":"es_ES","og_type":"article","og_title":"Conoce los usos y ventajas de utilizar el bracketing para tus fotograf\u00edas - Iniciaci\u00f3n a la Fotograf\u00eda","og_description":"\u00bfTe has topado alguna vez con la palabra Bracketing u Horquillado?. Si as\u00ed fue y quieres conocer m\u00e1s acerca de este concepto, o bien ya lo conoces y quieres refrescar o aclararlo, hoy te contar\u00e9 las ventajas y usos que puedes darle para obtener resultados espectaculares en tus fotos.\u00a0 \u00bfQu\u00e9 es el Bracketing u Horquillado? [&hellip;]","og_url":"https:\/\/manualdetecnicafotografica.com\/blog\/conoce-los-usos-y-ventajas-de-utilizar-el-bracketing-para-tus-fotografias\/","og_site_name":"Iniciaci\u00f3n a la Fotograf\u00eda","article_published_time":"2020-03-26T13:37:46+00:00","article_modified_time":"2020-03-26T13:37:48+00:00","og_image":[{"width":700,"height":466,"url":"https:\/\/manualdetecnicafotografica.com\/blog\/wp-content\/uploads\/2020\/03\/casatipos-bracketing-camara-automatico-734x489-1.jpg","type":"image\/jpeg"}],"author":"Juan Ignacio Torres","twitter_card":"summary_large_image","twitter_misc":{"Escrito por":"Juan Ignacio Torres","Tiempo de lectura":"5 minutos"},"schema":{"@context":"https:\/\/schema.org","@graph":[{"@type":"Article","@id":"https:\/\/manualdetecnicafotografica.com\/blog\/conoce-los-usos-y-ventajas-de-utilizar-el-bracketing-para-tus-fotografias\/#article","isPartOf":{"@id":"https:\/\/manualdetecnicafotografica.com\/blog\/conoce-los-usos-y-ventajas-de-utilizar-el-bracketing-para-tus-fotografias\/"},"author":{"name":"Juan Ignacio Torres","@id":"https:\/\/manualdetecnicafotografica.com\/blog\/#\/schema\/person\/ae5034e3906a7dbe8c648d476fc02e77"},"headline":"Conoce los usos y ventajas de utilizar el bracketing para tus fotograf\u00edas","datePublished":"2020-03-26T13:37:46+00:00","dateModified":"2020-03-26T13:37:48+00:00","mainEntityOfPage":{"@id":"https:\/\/manualdetecnicafotografica.com\/blog\/conoce-los-usos-y-ventajas-de-utilizar-el-bracketing-para-tus-fotografias\/"},"wordCount":1075,"commentCount":17,"image":{"@id":"https:\/\/manualdetecnicafotografica.com\/blog\/conoce-los-usos-y-ventajas-de-utilizar-el-bracketing-para-tus-fotografias\/#primaryimage"},"thumbnailUrl":"https:\/\/manualdetecnicafotografica.com\/blog\/wp-content\/uploads\/2020\/03\/casatipos-bracketing-camara-automatico-734x489-1.jpg","articleSection":["Accesorios","Exposici\u00f3n","Funciones de la C\u00e1mara","Nivel Intermedio"],"inLanguage":"es","potentialAction":[{"@type":"CommentAction","name":"Comment","target":["https:\/\/manualdetecnicafotografica.com\/blog\/conoce-los-usos-y-ventajas-de-utilizar-el-bracketing-para-tus-fotografias\/#respond"]}]},{"@type":"WebPage","@id":"https:\/\/manualdetecnicafotografica.com\/blog\/conoce-los-usos-y-ventajas-de-utilizar-el-bracketing-para-tus-fotografias\/","url":"https:\/\/manualdetecnicafotografica.com\/blog\/conoce-los-usos-y-ventajas-de-utilizar-el-bracketing-para-tus-fotografias\/","name":"Conoce los usos y ventajas de utilizar el bracketing para tus fotograf\u00edas - Iniciaci\u00f3n a la Fotograf\u00eda","isPartOf":{"@id":"https:\/\/manualdetecnicafotografica.com\/blog\/#website"},"primaryImageOfPage":{"@id":"https:\/\/manualdetecnicafotografica.com\/blog\/conoce-los-usos-y-ventajas-de-utilizar-el-bracketing-para-tus-fotografias\/#primaryimage"},"image":{"@id":"https:\/\/manualdetecnicafotografica.com\/blog\/conoce-los-usos-y-ventajas-de-utilizar-el-bracketing-para-tus-fotografias\/#primaryimage"},"thumbnailUrl":"https:\/\/manualdetecnicafotografica.com\/blog\/wp-content\/uploads\/2020\/03\/casatipos-bracketing-camara-automatico-734x489-1.jpg","datePublished":"2020-03-26T13:37:46+00:00","dateModified":"2020-03-26T13:37:48+00:00","author":{"@id":"https:\/\/manualdetecnicafotografica.com\/blog\/#\/schema\/person\/ae5034e3906a7dbe8c648d476fc02e77"},"breadcrumb":{"@id":"https:\/\/manualdetecnicafotografica.com\/blog\/conoce-los-usos-y-ventajas-de-utilizar-el-bracketing-para-tus-fotografias\/#breadcrumb"},"inLanguage":"es","potentialAction":[{"@type":"ReadAction","target":["https:\/\/manualdetecnicafotografica.com\/blog\/conoce-los-usos-y-ventajas-de-utilizar-el-bracketing-para-tus-fotografias\/"]}]},{"@type":"ImageObject","inLanguage":"es","@id":"https:\/\/manualdetecnicafotografica.com\/blog\/conoce-los-usos-y-ventajas-de-utilizar-el-bracketing-para-tus-fotografias\/#primaryimage","url":"https:\/\/manualdetecnicafotografica.com\/blog\/wp-content\/uploads\/2020\/03\/casatipos-bracketing-camara-automatico-734x489-1.jpg","contentUrl":"https:\/\/manualdetecnicafotografica.com\/blog\/wp-content\/uploads\/2020\/03\/casatipos-bracketing-camara-automatico-734x489-1.jpg","width":700,"height":466},{"@type":"BreadcrumbList","@id":"https:\/\/manualdetecnicafotografica.com\/blog\/conoce-los-usos-y-ventajas-de-utilizar-el-bracketing-para-tus-fotografias\/#breadcrumb","itemListElement":[{"@type":"ListItem","position":1,"name":"Portada","item":"https:\/\/manualdetecnicafotografica.com\/blog\/"},{"@type":"ListItem","position":2,"name":"Conoce los usos y ventajas de utilizar el bracketing para tus fotograf\u00edas"}]},{"@type":"WebSite","@id":"https:\/\/manualdetecnicafotografica.com\/blog\/#website","url":"https:\/\/manualdetecnicafotografica.com\/blog\/","name":"Iniciaci\u00f3n a la Fotograf\u00eda","description":"Blog de Juan Ignacio Torres","potentialAction":[{"@type":"SearchAction","target":{"@type":"EntryPoint","urlTemplate":"https:\/\/manualdetecnicafotografica.com\/blog\/?s={search_term_string}"},"query-input":{"@type":"PropertyValueSpecification","valueRequired":true,"valueName":"search_term_string"}}],"inLanguage":"es"},{"@type":"Person","@id":"https:\/\/manualdetecnicafotografica.com\/blog\/#\/schema\/person\/ae5034e3906a7dbe8c648d476fc02e77","name":"Juan Ignacio Torres","image":{"@type":"ImageObject","inLanguage":"es","@id":"https:\/\/secure.gravatar.com\/avatar\/b9287bc055c5306fac8e7ea47798890ba1cd246604d554cef6180aed800a1987?s=96&d=wavatar&r=g","url":"https:\/\/secure.gravatar.com\/avatar\/b9287bc055c5306fac8e7ea47798890ba1cd246604d554cef6180aed800a1987?s=96&d=wavatar&r=g","contentUrl":"https:\/\/secure.gravatar.com\/avatar\/b9287bc055c5306fac8e7ea47798890ba1cd246604d554cef6180aed800a1987?s=96&d=wavatar&r=g","caption":"Juan Ignacio Torres"},"url":"https:\/\/manualdetecnicafotografica.com\/blog\/author\/ltrecarichi\/"}]}},"_links":{"self":[{"href":"https:\/\/manualdetecnicafotografica.com\/blog\/wp-json\/wp\/v2\/posts\/1545","targetHints":{"allow":["GET"]}}],"collection":[{"href":"https:\/\/manualdetecnicafotografica.com\/blog\/wp-json\/wp\/v2\/posts"}],"about":[{"href":"https:\/\/manualdetecnicafotografica.com\/blog\/wp-json\/wp\/v2\/types\/post"}],"author":[{"embeddable":true,"href":"https:\/\/manualdetecnicafotografica.com\/blog\/wp-json\/wp\/v2\/users\/69"}],"replies":[{"embeddable":true,"href":"https:\/\/manualdetecnicafotografica.com\/blog\/wp-json\/wp\/v2\/comments?post=1545"}],"version-history":[{"count":14,"href":"https:\/\/manualdetecnicafotografica.com\/blog\/wp-json\/wp\/v2\/posts\/1545\/revisions"}],"predecessor-version":[{"id":1570,"href":"https:\/\/manualdetecnicafotografica.com\/blog\/wp-json\/wp\/v2\/posts\/1545\/revisions\/1570"}],"wp:featuredmedia":[{"embeddable":true,"href":"https:\/\/manualdetecnicafotografica.com\/blog\/wp-json\/wp\/v2\/media\/1563"}],"wp:attachment":[{"href":"https:\/\/manualdetecnicafotografica.com\/blog\/wp-json\/wp\/v2\/media?parent=1545"}],"wp:term":[{"taxonomy":"category","embeddable":true,"href":"https:\/\/manualdetecnicafotografica.com\/blog\/wp-json\/wp\/v2\/categories?post=1545"},{"taxonomy":"post_tag","embeddable":true,"href":"https:\/\/manualdetecnicafotografica.com\/blog\/wp-json\/wp\/v2\/tags?post=1545"}],"curies":[{"name":"wp","href":"https:\/\/api.w.org\/{rel}","templated":true}]}}