{"id":1479,"date":"2019-12-23T17:00:00","date_gmt":"2019-12-23T17:00:00","guid":{"rendered":"http:\/\/manualdetecnicafotografica.com\/blog\/?p=1479"},"modified":"2026-03-11T15:17:05","modified_gmt":"2026-03-11T18:17:05","slug":"sabes-el-aporte-que-puede-dar-el-primer-plano-en-la-fotografia-de-paisaje","status":"publish","type":"post","link":"https:\/\/manualdetecnicafotografica.com\/blog\/sabes-el-aporte-que-puede-dar-el-primer-plano-en-la-fotografia-de-paisaje\/","title":{"rendered":"\u00bfQu\u00e9 aporta el Primer Plano a la fotograf\u00eda de paisaje?"},"content":{"rendered":"\n<p>En alguna que otra ocasi\u00f3n hemos hablado sobre la <strong>fotograf\u00eda de paisaje<\/strong> y te he proporcionado algunos consejos para que consigas unas im\u00e1genes espectaculares. Uno de ellos, y que en ocasiones puede que lo olvides, es situar elementos en el primer plano para as\u00ed darle valor a\u00f1adido y dotar de mayor profundidad a la imagen. En el art\u00edculo de hoy te ense\u00f1ar\u00e9 <strong>qu\u00e9 puede aportar el primer plano a nuestras fotograf\u00edas de paisaje<\/strong> y, como de costumbre, te dejar\u00e9 algunos consejos para que saques el m\u00e1ximo provecho.<\/p>\n\n\n\n<figure class=\"wp-block-image size-large\"><img loading=\"lazy\" decoding=\"async\" width=\"700\" height=\"394\" src=\"\/\/i0.wp.com\/manualdetecnicafotografica.com\/blog\/wp-content\/uploads\/2019\/12\/casafoto.jpg\" alt=\"\" class=\"wp-image-1485\" srcset=\"https:\/\/manualdetecnicafotografica.com\/blog\/wp-content\/uploads\/2019\/12\/casafoto.jpg 700w, https:\/\/manualdetecnicafotografica.com\/blog\/wp-content\/uploads\/2019\/12\/casafoto-300x169.jpg 300w\" sizes=\"auto, (max-width: 700px) 100vw, 700px\" \/><\/figure>\n\n\n\n<p>Posiblemente en alguna ocasi\u00f3n te ha ocurrido que luego de fotografiar un paisaje los resultados te han decepcionado un poco. La fotograf\u00eda es bonita, pero no refleja ese toque especial que te deja conforme con ella. Una de las razones por la cual no te convenza puede que sea porque no haya nada en el primer plano, lo cual captar\u00eda una mayor atenci\u00f3n y har\u00eda que el resultado sea completamente distinto al que has logrado. <\/p>\n\n\n\n<p>Cuando realizamos una fotograf\u00eda de este tipo <strong>existen tres planos diferentes<\/strong> y, generalmente, cada uno tiene una funci\u00f3n: <\/p>\n\n\n\n<ul class=\"wp-block-list\">\n<li><strong>Primer plano<\/strong>, el cual ser\u00e1 el m\u00e1s cercano a nuestra c\u00e1mara. En ocasiones no lo habr\u00e1, pero si lo hay, suele captar mejor la atenci\u00f3n con alg\u00fan elemento interesante. <\/li>\n\n\n\n<li><strong>Plano medio<\/strong>, donde normalmente se sit\u00faa el centro de inter\u00e9s. A veces te encontrar\u00e1s con un paisaje amplio y quiz\u00e1s no existir\u00e1 ese plano medio, lo que har\u00e1 que el centro de inter\u00e9s pase a estar en el plano de fondo.<\/li>\n\n\n\n<li><strong>Plano lejano<\/strong>, lo que viene a ser b\u00e1sicamente el fondo de nuestra fotograf\u00eda.<\/li>\n<\/ul>\n\n\n\n<figure class=\"wp-block-image size-large\"><img loading=\"lazy\" decoding=\"async\" width=\"700\" height=\"393\" src=\"\/\/i0.wp.com\/manualdetecnicafotografica.com\/blog\/wp-content\/uploads\/2019\/12\/casafoto-2-2.jpg\" alt=\"\" class=\"wp-image-1486\" srcset=\"https:\/\/manualdetecnicafotografica.com\/blog\/wp-content\/uploads\/2019\/12\/casafoto-2-2.jpg 700w, https:\/\/manualdetecnicafotografica.com\/blog\/wp-content\/uploads\/2019\/12\/casafoto-2-2-300x168.jpg 300w\" sizes=\"auto, (max-width: 700px) 100vw, 700px\" \/><\/figure>\n\n\n\n<p>De manera que, para que tu imagen tenga el impacto que est\u00e1s buscando y te convenza por completo, te aconsejo que su centro de inter\u00e9s no est\u00e9 tan alejado, sino al contrario, haz que se note&#8230; as\u00ed la fotograf\u00eda llamar\u00e1 m\u00e1s la atenci\u00f3n y atraer\u00e1 m\u00e1s miradas, de manera que recuerda: dale fuerza a tu primer plano .<\/p>\n\n\n\n<h2 class=\"wp-block-heading\">\u00bfQu\u00e9 aporta el Primer Plano a las fotograf\u00edas de paisaje?<\/h2>\n\n\n\n<h4 class=\"wp-block-heading\">Profundidad a la Fotograf\u00eda<\/h4>\n\n\n\n<figure class=\"wp-block-image size-large\"><img loading=\"lazy\" decoding=\"async\" width=\"700\" height=\"466\" src=\"\/\/i0.wp.com\/manualdetecnicafotografica.com\/blog\/wp-content\/uploads\/2019\/12\/casafoto1.jpg\" alt=\"\" class=\"wp-image-1490\" srcset=\"https:\/\/manualdetecnicafotografica.com\/blog\/wp-content\/uploads\/2019\/12\/casafoto1.jpg 700w, https:\/\/manualdetecnicafotografica.com\/blog\/wp-content\/uploads\/2019\/12\/casafoto1-300x200.jpg 300w, https:\/\/manualdetecnicafotografica.com\/blog\/wp-content\/uploads\/2019\/12\/casafoto1-272x182.jpg 272w\" sizes=\"auto, (max-width: 700px) 100vw, 700px\" \/><\/figure>\n\n\n\n<p>Para que tu fotograf\u00eda no quede demasiado plana y asemeje que el paisaje es inmenso o interminable, incluye un <strong>elemento en primer plano<\/strong> para aportar una sensaci\u00f3n de tridimensionalidad: ese ser\u00e1 el punto faltante para que tu instant\u00e1nea deje a cualquiera con la boca abierta.<\/p>\n\n\n\n<h4 class=\"wp-block-heading\">Dirigir la Mirada<\/h4>\n\n\n\n<p>Y te preguntar\u00e1s: \u00bfC\u00f3mo?, pues muy simple&#8230; un elemento en primer plano puede ayudarte a leer la fotograf\u00eda de una mejor forma, actuando de dos maneras diferentes: Puede <em>dirigir la mirada del espectador hacia el resto de planos de la foto<\/em>, o bien, <em>enmarcar el centro de inter\u00e9s para dirigir la mirada hacia \u00e9l<\/em>. <\/p>\n\n\n\n<figure class=\"wp-block-image size-large\"><img loading=\"lazy\" decoding=\"async\" width=\"700\" height=\"463\" src=\"\/\/i0.wp.com\/manualdetecnicafotografica.com\/blog\/wp-content\/uploads\/2019\/12\/casafoto-3-1.jpg\" alt=\"\" class=\"wp-image-1492\" srcset=\"https:\/\/manualdetecnicafotografica.com\/blog\/wp-content\/uploads\/2019\/12\/casafoto-3-1.jpg 700w, https:\/\/manualdetecnicafotografica.com\/blog\/wp-content\/uploads\/2019\/12\/casafoto-3-1-300x198.jpg 300w\" sizes=\"auto, (max-width: 700px) 100vw, 700px\" \/><\/figure>\n\n\n\n<figure class=\"wp-block-image size-large\"><img loading=\"lazy\" decoding=\"async\" width=\"700\" height=\"465\" src=\"\/\/i0.wp.com\/manualdetecnicafotografica.com\/blog\/wp-content\/uploads\/2019\/12\/casafoto-4.jpg\" alt=\"\" class=\"wp-image-1493\" srcset=\"https:\/\/manualdetecnicafotografica.com\/blog\/wp-content\/uploads\/2019\/12\/casafoto-4.jpg 700w, https:\/\/manualdetecnicafotografica.com\/blog\/wp-content\/uploads\/2019\/12\/casafoto-4-300x199.jpg 300w, https:\/\/manualdetecnicafotografica.com\/blog\/wp-content\/uploads\/2019\/12\/casafoto-4-272x182.jpg 272w\" sizes=\"auto, (max-width: 700px) 100vw, 700px\" \/><\/figure>\n\n\n\n<h4 class=\"wp-block-heading\">Da inmensidad al paisaje<\/h4>\n\n\n\n<p>Con un primer plano en tu fotograf\u00eda conseguir\u00e1s que el paisaje se refleje mucho mejor, porque est\u00e1s a\u00f1adiendo una referencia con la que comparar el resto del paisaje. En este caso, es interesante que el elemento que utilices tenga un tama\u00f1o reconocible a simple vista, y un ejemplo perfecto de eso es una persona.<\/p>\n\n\n\n<figure class=\"wp-block-image size-large\"><img loading=\"lazy\" decoding=\"async\" width=\"700\" height=\"465\" src=\"\/\/i0.wp.com\/manualdetecnicafotografica.com\/blog\/wp-content\/uploads\/2019\/12\/casafoto5.jpg\" alt=\"\" class=\"wp-image-1495\" srcset=\"https:\/\/manualdetecnicafotografica.com\/blog\/wp-content\/uploads\/2019\/12\/casafoto5.jpg 700w, https:\/\/manualdetecnicafotografica.com\/blog\/wp-content\/uploads\/2019\/12\/casafoto5-300x199.jpg 300w, https:\/\/manualdetecnicafotografica.com\/blog\/wp-content\/uploads\/2019\/12\/casafoto5-272x182.jpg 272w\" sizes=\"auto, (max-width: 700px) 100vw, 700px\" \/><\/figure>\n\n\n\n<h4 class=\"wp-block-heading\">Te introduce en la fotograf\u00eda<\/h4>\n\n\n\n<p>Como te coment\u00e9 en un punto anterior, uno de los usos del primer plano en la fotograf\u00eda de paisaje es dirigirte hacia el resto de planos en la foto, es decir, dirigirte hacia su interior, vamos, introducirte en \u00e9l. De manera que, con un elemento en tu imagen que te est\u00e9 <em>invitando a entrar<\/em>, conseguir\u00e1s esa <strong>sensaci\u00f3n de introducirte dentro de ella<\/strong> que ayudar\u00e1 al espectador a sentirse m\u00e1s conectado con el paisaje&#8230; \u00a1Como si estuvieras en ese lugar, en ese mism\u00edsimo momento!<\/p>\n\n\n\n<figure class=\"wp-block-image size-large\"><img loading=\"lazy\" decoding=\"async\" width=\"700\" height=\"466\" src=\"\/\/i0.wp.com\/manualdetecnicafotografica.com\/blog\/wp-content\/uploads\/2019\/12\/casafoto6.jpg\" alt=\"\" class=\"wp-image-1496\" srcset=\"https:\/\/manualdetecnicafotografica.com\/blog\/wp-content\/uploads\/2019\/12\/casafoto6.jpg 700w, https:\/\/manualdetecnicafotografica.com\/blog\/wp-content\/uploads\/2019\/12\/casafoto6-300x200.jpg 300w, https:\/\/manualdetecnicafotografica.com\/blog\/wp-content\/uploads\/2019\/12\/casafoto6-272x182.jpg 272w\" sizes=\"auto, (max-width: 700px) 100vw, 700px\" \/><\/figure>\n\n\n\n<h2 class=\"wp-block-heading\">Consejos para conseguir primeros planos interesantes en tus fotograf\u00edas de paisajes<\/h2>\n\n\n\n<h4 class=\"wp-block-heading\">Jugar con la Profundidad de Campo<\/h4>\n\n\n\n<p>La <strong>profundidad de campo es un recurso de lo m\u00e1s \u00fatil <\/strong>y tambi\u00e9n podr\u00e1s utilizarlo para lograr grandes resultados en tus fotograf\u00edas de paisajes si, precisamente, la aplicas al primer plano. Dependiendo de qu\u00e9 tipo de fotograf\u00eda quieras conseguir, podr\u00e1s jugar con la <a href=\"https:\/\/manualdetecnicafotografica.com\/blog\/la-profundidad-campo\/\" target=\"_blank\" rel=\"noreferrer noopener\" aria-label=\"Profundidad de Campo (se abre en una nueva pesta\u00f1a)\">Profundidad de Campo<\/a> de dos formas diferentes: Ya sea <em>usando una gran profundidad de campo<\/em> para conseguir mantener enfocado tanto el primer plano como el fondo de nuestra fotograf\u00eda, o bien, <em>usando una profundidad de campo escasa<\/em> para lograr desenfocar este elemento en primer plano dotando de m\u00e1s protagonismo al propio paisaje de fondo.<\/p>\n\n\n\n<figure class=\"wp-block-image\"><img loading=\"lazy\" decoding=\"async\" width=\"700\" height=\"494\" src=\"\/\/i0.wp.com\/manualdetecnicafotografica.com\/blog\/wp-content\/uploads\/2019\/12\/casafoto7.jpg\" alt=\"\" class=\"wp-image-1498\" srcset=\"https:\/\/manualdetecnicafotografica.com\/blog\/wp-content\/uploads\/2019\/12\/casafoto7.jpg 700w, https:\/\/manualdetecnicafotografica.com\/blog\/wp-content\/uploads\/2019\/12\/casafoto7-300x212.jpg 300w\" sizes=\"auto, (max-width: 700px) 100vw, 700px\" \/><\/figure>\n\n\n\n<h4 class=\"wp-block-heading\">Agacharte puede ser una buena opci\u00f3n<\/h4>\n\n\n\n<p>Cuando no encuentres elementos que puedan servirte como primer plano, simplemente, <strong>ag\u00e1chate<\/strong>. En ocasiones <strong>cambiar la perspectiva<\/strong> te dar\u00e1 la opci\u00f3n de introducir el suelo m\u00e1s cercano dentro del encuadre captando as\u00ed una mayor textura, de manera que rocas o arena pueden quedar muy atractivas en la fotograf\u00eda, as\u00ed como tambi\u00e9n flores o hierbas. <\/p>\n\n\n<div class=\"wp-block-image\">\n<figure class=\"aligncenter size-large\"><img loading=\"lazy\" decoding=\"async\" width=\"523\" height=\"699\" src=\"https:\/\/manualdetecnicafotografica.com\/blog\/wp-content\/uploads\/2019\/12\/casafoto-10-1.jpg\" alt=\"\" class=\"wp-image-1504\" srcset=\"https:\/\/manualdetecnicafotografica.com\/blog\/wp-content\/uploads\/2019\/12\/casafoto-10-1.jpg 523w, https:\/\/manualdetecnicafotografica.com\/blog\/wp-content\/uploads\/2019\/12\/casafoto-10-1-224x300.jpg 224w\" sizes=\"auto, (max-width: 523px) 100vw, 523px\" \/><\/figure>\n<\/div>\n\n\n<h4 class=\"wp-block-heading\">Enfocar a la Hiperfocal<\/h4>\n\n\n\n<p>Si has decidido <strong>utilizar una gran profundidad de campo para darle el m\u00e1ximo detalle<\/strong> a tu elemento del primer plano, lo mejor ser\u00e1 que enfoques a la distancia hiperfocal. As\u00ed no solo obtendr\u00e1s mayor profundidad, sino un enfoque que se extender\u00e1 desde la mitad de esta distancia hasta el infinito. De manera que recuerda, si enfocas a la <strong>distancia hiperfocal<\/strong> obtendr\u00e1s una buena nitidez tanto en el primer plano, como en el plano de fondo. <\/p>\n\n\n\n<figure class=\"wp-block-image size-large\"><img loading=\"lazy\" decoding=\"async\" width=\"700\" height=\"466\" src=\"https:\/\/manualdetecnicafotografica.com\/blog\/wp-content\/uploads\/2019\/12\/casafoto-9-1.jpg\" alt=\"\" class=\"wp-image-1502\" srcset=\"https:\/\/manualdetecnicafotografica.com\/blog\/wp-content\/uploads\/2019\/12\/casafoto-9-1.jpg 700w, https:\/\/manualdetecnicafotografica.com\/blog\/wp-content\/uploads\/2019\/12\/casafoto-9-1-300x200.jpg 300w, https:\/\/manualdetecnicafotografica.com\/blog\/wp-content\/uploads\/2019\/12\/casafoto-9-1-272x182.jpg 272w\" sizes=\"auto, (max-width: 700px) 100vw, 700px\" \/><\/figure>\n\n\n\n<h4 class=\"wp-block-heading\">Formato vertical.. \u00a1Atr\u00e9vete con \u00e9l!<\/h4>\n\n\n\n<p>En ocasiones te pasar\u00e1 que, si utilizas un <strong>formato vertical en tu foto de paisaje<\/strong>, podr\u00e1s obtener el toque de inter\u00e9s del que quiz\u00e1s carece una toma horizontal. Te preguntar\u00e1s \u00bfPor qu\u00e9?, pues porque de esta manera le dar\u00e1s un mayor protagonismo a tu primer plano. <\/p>\n\n\n<div class=\"wp-block-image\">\n<figure class=\"aligncenter size-large\"><img loading=\"lazy\" decoding=\"async\" width=\"585\" height=\"700\" src=\"https:\/\/manualdetecnicafotografica.com\/blog\/wp-content\/uploads\/2019\/12\/casafoto8-1.jpg\" alt=\"\" class=\"wp-image-1500\" srcset=\"https:\/\/manualdetecnicafotografica.com\/blog\/wp-content\/uploads\/2019\/12\/casafoto8-1.jpg 585w, https:\/\/manualdetecnicafotografica.com\/blog\/wp-content\/uploads\/2019\/12\/casafoto8-1-251x300.jpg 251w\" sizes=\"auto, (max-width: 585px) 100vw, 585px\" \/><\/figure>\n<\/div>\n\n\n<p>Entender y <strong>practicar la fotograf\u00eda de paisaje<\/strong> es algo que te ayudar\u00e1 a descubrir nuevos horizontes, as\u00ed que te impulso a que la utilices y, recuerda, estar\u00e9 esperando tus feedbacks y comentarios para ver tus resultados.<\/p>\n","protected":false},"excerpt":{"rendered":"<p>En alguna que otra ocasi\u00f3n hemos hablado sobre la fotograf\u00eda de paisaje y te he proporcionado algunos consejos para que consigas unas im\u00e1genes espectaculares. Uno de ellos, y que en ocasiones puede que lo olvides, es situar elementos en el primer plano para as\u00ed darle valor a\u00f1adido y dotar de mayor profundidad a la imagen. [&hellip;]<\/p>\n","protected":false},"author":69,"featured_media":1485,"comment_status":"open","ping_status":"open","sticky":false,"template":"","format":"standard","meta":{"_genesis_hide_title":false,"_genesis_hide_breadcrumbs":false,"_genesis_hide_singular_image":false,"_genesis_hide_footer_widgets":false,"_genesis_custom_body_class":"","_genesis_custom_post_class":"","_genesis_layout":"","_glsr_average":0,"_glsr_ranking":0,"_glsr_reviews":0,"footnotes":""},"categories":[2,121,3],"tags":[189],"class_list":{"0":"post-1479","1":"post","2":"type-post","3":"status-publish","4":"format-standard","5":"has-post-thumbnail","7":"category-iniciacion","8":"category-paisaje","9":"category-tecnica-fotografica","10":"tag-fotografia-de-paisajes","11":"entry"},"yoast_head":"<!-- This site is optimized with the Yoast SEO plugin v27.4 - https:\/\/yoast.com\/product\/yoast-seo-wordpress\/ -->\n<title>\u00bfQu\u00e9 aporta el Primer Plano a la fotograf\u00eda de paisaje? - Iniciaci\u00f3n a la Fotograf\u00eda<\/title>\n<meta name=\"robots\" content=\"index, follow, max-snippet:-1, max-image-preview:large, max-video-preview:-1\" \/>\n<link rel=\"canonical\" href=\"https:\/\/manualdetecnicafotografica.com\/blog\/sabes-el-aporte-que-puede-dar-el-primer-plano-en-la-fotografia-de-paisaje\/\" \/>\n<meta property=\"og:locale\" content=\"es_ES\" \/>\n<meta property=\"og:type\" content=\"article\" \/>\n<meta property=\"og:title\" content=\"\u00bfQu\u00e9 aporta el Primer Plano a la fotograf\u00eda de paisaje? - Iniciaci\u00f3n a la Fotograf\u00eda\" \/>\n<meta property=\"og:description\" content=\"En alguna que otra ocasi\u00f3n hemos hablado sobre la fotograf\u00eda de paisaje y te he proporcionado algunos consejos para que consigas unas im\u00e1genes espectaculares. Uno de ellos, y que en ocasiones puede que lo olvides, es situar elementos en el primer plano para as\u00ed darle valor a\u00f1adido y dotar de mayor profundidad a la imagen. [&hellip;]\" \/>\n<meta property=\"og:url\" content=\"https:\/\/manualdetecnicafotografica.com\/blog\/sabes-el-aporte-que-puede-dar-el-primer-plano-en-la-fotografia-de-paisaje\/\" \/>\n<meta property=\"og:site_name\" content=\"Iniciaci\u00f3n a la Fotograf\u00eda\" \/>\n<meta property=\"article:published_time\" content=\"2019-12-23T17:00:00+00:00\" \/>\n<meta property=\"article:modified_time\" content=\"2026-03-11T18:17:05+00:00\" \/>\n<meta property=\"og:image\" content=\"https:\/\/manualdetecnicafotografica.com\/blog\/wp-content\/uploads\/2019\/12\/casafoto.jpg\" \/>\n\t<meta property=\"og:image:width\" content=\"700\" \/>\n\t<meta property=\"og:image:height\" content=\"394\" \/>\n\t<meta property=\"og:image:type\" content=\"image\/jpeg\" \/>\n<meta name=\"author\" content=\"Juan Ignacio Torres\" \/>\n<meta name=\"twitter:card\" content=\"summary_large_image\" \/>\n<meta name=\"twitter:label1\" content=\"Escrito por\" \/>\n\t<meta name=\"twitter:data1\" content=\"Juan Ignacio Torres\" \/>\n\t<meta name=\"twitter:label2\" content=\"Tiempo de lectura\" \/>\n\t<meta name=\"twitter:data2\" content=\"7 minutos\" \/>\n<script type=\"application\/ld+json\" class=\"yoast-schema-graph\">{\"@context\":\"https:\\\/\\\/schema.org\",\"@graph\":[{\"@type\":\"Article\",\"@id\":\"https:\\\/\\\/manualdetecnicafotografica.com\\\/blog\\\/sabes-el-aporte-que-puede-dar-el-primer-plano-en-la-fotografia-de-paisaje\\\/#article\",\"isPartOf\":{\"@id\":\"https:\\\/\\\/manualdetecnicafotografica.com\\\/blog\\\/sabes-el-aporte-que-puede-dar-el-primer-plano-en-la-fotografia-de-paisaje\\\/\"},\"author\":{\"name\":\"Juan Ignacio Torres\",\"@id\":\"https:\\\/\\\/manualdetecnicafotografica.com\\\/blog\\\/#\\\/schema\\\/person\\\/ae5034e3906a7dbe8c648d476fc02e77\"},\"headline\":\"\u00bfQu\u00e9 aporta el Primer Plano a la fotograf\u00eda de paisaje?\",\"datePublished\":\"2019-12-23T17:00:00+00:00\",\"dateModified\":\"2026-03-11T18:17:05+00:00\",\"mainEntityOfPage\":{\"@id\":\"https:\\\/\\\/manualdetecnicafotografica.com\\\/blog\\\/sabes-el-aporte-que-puede-dar-el-primer-plano-en-la-fotografia-de-paisaje\\\/\"},\"wordCount\":1010,\"commentCount\":5,\"image\":{\"@id\":\"https:\\\/\\\/manualdetecnicafotografica.com\\\/blog\\\/sabes-el-aporte-que-puede-dar-el-primer-plano-en-la-fotografia-de-paisaje\\\/#primaryimage\"},\"thumbnailUrl\":\"https:\\\/\\\/manualdetecnicafotografica.com\\\/blog\\\/wp-content\\\/uploads\\\/2019\\\/12\\\/casafoto.jpg\",\"keywords\":[\"fotografia de paisajes\"],\"articleSection\":[\"Iniciaci\u00f3n - Nivel Principiante\",\"Paisaje\",\"T\u00e9cnica Fotogr\u00e1fica\"],\"inLanguage\":\"es\",\"potentialAction\":[{\"@type\":\"CommentAction\",\"name\":\"Comment\",\"target\":[\"https:\\\/\\\/manualdetecnicafotografica.com\\\/blog\\\/sabes-el-aporte-que-puede-dar-el-primer-plano-en-la-fotografia-de-paisaje\\\/#respond\"]}]},{\"@type\":\"WebPage\",\"@id\":\"https:\\\/\\\/manualdetecnicafotografica.com\\\/blog\\\/sabes-el-aporte-que-puede-dar-el-primer-plano-en-la-fotografia-de-paisaje\\\/\",\"url\":\"https:\\\/\\\/manualdetecnicafotografica.com\\\/blog\\\/sabes-el-aporte-que-puede-dar-el-primer-plano-en-la-fotografia-de-paisaje\\\/\",\"name\":\"\u00bfQu\u00e9 aporta el Primer Plano a la fotograf\u00eda de paisaje? - Iniciaci\u00f3n a la Fotograf\u00eda\",\"isPartOf\":{\"@id\":\"https:\\\/\\\/manualdetecnicafotografica.com\\\/blog\\\/#website\"},\"primaryImageOfPage\":{\"@id\":\"https:\\\/\\\/manualdetecnicafotografica.com\\\/blog\\\/sabes-el-aporte-que-puede-dar-el-primer-plano-en-la-fotografia-de-paisaje\\\/#primaryimage\"},\"image\":{\"@id\":\"https:\\\/\\\/manualdetecnicafotografica.com\\\/blog\\\/sabes-el-aporte-que-puede-dar-el-primer-plano-en-la-fotografia-de-paisaje\\\/#primaryimage\"},\"thumbnailUrl\":\"https:\\\/\\\/manualdetecnicafotografica.com\\\/blog\\\/wp-content\\\/uploads\\\/2019\\\/12\\\/casafoto.jpg\",\"datePublished\":\"2019-12-23T17:00:00+00:00\",\"dateModified\":\"2026-03-11T18:17:05+00:00\",\"author\":{\"@id\":\"https:\\\/\\\/manualdetecnicafotografica.com\\\/blog\\\/#\\\/schema\\\/person\\\/ae5034e3906a7dbe8c648d476fc02e77\"},\"breadcrumb\":{\"@id\":\"https:\\\/\\\/manualdetecnicafotografica.com\\\/blog\\\/sabes-el-aporte-que-puede-dar-el-primer-plano-en-la-fotografia-de-paisaje\\\/#breadcrumb\"},\"inLanguage\":\"es\",\"potentialAction\":[{\"@type\":\"ReadAction\",\"target\":[\"https:\\\/\\\/manualdetecnicafotografica.com\\\/blog\\\/sabes-el-aporte-que-puede-dar-el-primer-plano-en-la-fotografia-de-paisaje\\\/\"]}]},{\"@type\":\"ImageObject\",\"inLanguage\":\"es\",\"@id\":\"https:\\\/\\\/manualdetecnicafotografica.com\\\/blog\\\/sabes-el-aporte-que-puede-dar-el-primer-plano-en-la-fotografia-de-paisaje\\\/#primaryimage\",\"url\":\"https:\\\/\\\/manualdetecnicafotografica.com\\\/blog\\\/wp-content\\\/uploads\\\/2019\\\/12\\\/casafoto.jpg\",\"contentUrl\":\"https:\\\/\\\/manualdetecnicafotografica.com\\\/blog\\\/wp-content\\\/uploads\\\/2019\\\/12\\\/casafoto.jpg\",\"width\":700,\"height\":394},{\"@type\":\"BreadcrumbList\",\"@id\":\"https:\\\/\\\/manualdetecnicafotografica.com\\\/blog\\\/sabes-el-aporte-que-puede-dar-el-primer-plano-en-la-fotografia-de-paisaje\\\/#breadcrumb\",\"itemListElement\":[{\"@type\":\"ListItem\",\"position\":1,\"name\":\"Portada\",\"item\":\"https:\\\/\\\/manualdetecnicafotografica.com\\\/blog\\\/\"},{\"@type\":\"ListItem\",\"position\":2,\"name\":\"\u00bfQu\u00e9 aporta el Primer Plano a la fotograf\u00eda de paisaje?\"}]},{\"@type\":\"WebSite\",\"@id\":\"https:\\\/\\\/manualdetecnicafotografica.com\\\/blog\\\/#website\",\"url\":\"https:\\\/\\\/manualdetecnicafotografica.com\\\/blog\\\/\",\"name\":\"Iniciaci\u00f3n a la Fotograf\u00eda\",\"description\":\"Blog de Juan Ignacio Torres\",\"potentialAction\":[{\"@type\":\"SearchAction\",\"target\":{\"@type\":\"EntryPoint\",\"urlTemplate\":\"https:\\\/\\\/manualdetecnicafotografica.com\\\/blog\\\/?s={search_term_string}\"},\"query-input\":{\"@type\":\"PropertyValueSpecification\",\"valueRequired\":true,\"valueName\":\"search_term_string\"}}],\"inLanguage\":\"es\"},{\"@type\":\"Person\",\"@id\":\"https:\\\/\\\/manualdetecnicafotografica.com\\\/blog\\\/#\\\/schema\\\/person\\\/ae5034e3906a7dbe8c648d476fc02e77\",\"name\":\"Juan Ignacio Torres\",\"image\":{\"@type\":\"ImageObject\",\"inLanguage\":\"es\",\"@id\":\"https:\\\/\\\/secure.gravatar.com\\\/avatar\\\/b9287bc055c5306fac8e7ea47798890ba1cd246604d554cef6180aed800a1987?s=96&d=wavatar&r=g\",\"url\":\"https:\\\/\\\/secure.gravatar.com\\\/avatar\\\/b9287bc055c5306fac8e7ea47798890ba1cd246604d554cef6180aed800a1987?s=96&d=wavatar&r=g\",\"contentUrl\":\"https:\\\/\\\/secure.gravatar.com\\\/avatar\\\/b9287bc055c5306fac8e7ea47798890ba1cd246604d554cef6180aed800a1987?s=96&d=wavatar&r=g\",\"caption\":\"Juan Ignacio Torres\"},\"url\":\"https:\\\/\\\/manualdetecnicafotografica.com\\\/blog\\\/author\\\/ltrecarichi\\\/\"}]}<\/script>\n<!-- \/ Yoast SEO plugin. -->","yoast_head_json":{"title":"\u00bfQu\u00e9 aporta el Primer Plano a la fotograf\u00eda de paisaje? - Iniciaci\u00f3n a la Fotograf\u00eda","robots":{"index":"index","follow":"follow","max-snippet":"max-snippet:-1","max-image-preview":"max-image-preview:large","max-video-preview":"max-video-preview:-1"},"canonical":"https:\/\/manualdetecnicafotografica.com\/blog\/sabes-el-aporte-que-puede-dar-el-primer-plano-en-la-fotografia-de-paisaje\/","og_locale":"es_ES","og_type":"article","og_title":"\u00bfQu\u00e9 aporta el Primer Plano a la fotograf\u00eda de paisaje? - Iniciaci\u00f3n a la Fotograf\u00eda","og_description":"En alguna que otra ocasi\u00f3n hemos hablado sobre la fotograf\u00eda de paisaje y te he proporcionado algunos consejos para que consigas unas im\u00e1genes espectaculares. Uno de ellos, y que en ocasiones puede que lo olvides, es situar elementos en el primer plano para as\u00ed darle valor a\u00f1adido y dotar de mayor profundidad a la imagen. [&hellip;]","og_url":"https:\/\/manualdetecnicafotografica.com\/blog\/sabes-el-aporte-que-puede-dar-el-primer-plano-en-la-fotografia-de-paisaje\/","og_site_name":"Iniciaci\u00f3n a la Fotograf\u00eda","article_published_time":"2019-12-23T17:00:00+00:00","article_modified_time":"2026-03-11T18:17:05+00:00","og_image":[{"width":700,"height":394,"url":"https:\/\/manualdetecnicafotografica.com\/blog\/wp-content\/uploads\/2019\/12\/casafoto.jpg","type":"image\/jpeg"}],"author":"Juan Ignacio Torres","twitter_card":"summary_large_image","twitter_misc":{"Escrito por":"Juan Ignacio Torres","Tiempo de lectura":"7 minutos"},"schema":{"@context":"https:\/\/schema.org","@graph":[{"@type":"Article","@id":"https:\/\/manualdetecnicafotografica.com\/blog\/sabes-el-aporte-que-puede-dar-el-primer-plano-en-la-fotografia-de-paisaje\/#article","isPartOf":{"@id":"https:\/\/manualdetecnicafotografica.com\/blog\/sabes-el-aporte-que-puede-dar-el-primer-plano-en-la-fotografia-de-paisaje\/"},"author":{"name":"Juan Ignacio Torres","@id":"https:\/\/manualdetecnicafotografica.com\/blog\/#\/schema\/person\/ae5034e3906a7dbe8c648d476fc02e77"},"headline":"\u00bfQu\u00e9 aporta el Primer Plano a la fotograf\u00eda de paisaje?","datePublished":"2019-12-23T17:00:00+00:00","dateModified":"2026-03-11T18:17:05+00:00","mainEntityOfPage":{"@id":"https:\/\/manualdetecnicafotografica.com\/blog\/sabes-el-aporte-que-puede-dar-el-primer-plano-en-la-fotografia-de-paisaje\/"},"wordCount":1010,"commentCount":5,"image":{"@id":"https:\/\/manualdetecnicafotografica.com\/blog\/sabes-el-aporte-que-puede-dar-el-primer-plano-en-la-fotografia-de-paisaje\/#primaryimage"},"thumbnailUrl":"https:\/\/manualdetecnicafotografica.com\/blog\/wp-content\/uploads\/2019\/12\/casafoto.jpg","keywords":["fotografia de paisajes"],"articleSection":["Iniciaci\u00f3n - Nivel Principiante","Paisaje","T\u00e9cnica Fotogr\u00e1fica"],"inLanguage":"es","potentialAction":[{"@type":"CommentAction","name":"Comment","target":["https:\/\/manualdetecnicafotografica.com\/blog\/sabes-el-aporte-que-puede-dar-el-primer-plano-en-la-fotografia-de-paisaje\/#respond"]}]},{"@type":"WebPage","@id":"https:\/\/manualdetecnicafotografica.com\/blog\/sabes-el-aporte-que-puede-dar-el-primer-plano-en-la-fotografia-de-paisaje\/","url":"https:\/\/manualdetecnicafotografica.com\/blog\/sabes-el-aporte-que-puede-dar-el-primer-plano-en-la-fotografia-de-paisaje\/","name":"\u00bfQu\u00e9 aporta el Primer Plano a la fotograf\u00eda de paisaje? - Iniciaci\u00f3n a la Fotograf\u00eda","isPartOf":{"@id":"https:\/\/manualdetecnicafotografica.com\/blog\/#website"},"primaryImageOfPage":{"@id":"https:\/\/manualdetecnicafotografica.com\/blog\/sabes-el-aporte-que-puede-dar-el-primer-plano-en-la-fotografia-de-paisaje\/#primaryimage"},"image":{"@id":"https:\/\/manualdetecnicafotografica.com\/blog\/sabes-el-aporte-que-puede-dar-el-primer-plano-en-la-fotografia-de-paisaje\/#primaryimage"},"thumbnailUrl":"https:\/\/manualdetecnicafotografica.com\/blog\/wp-content\/uploads\/2019\/12\/casafoto.jpg","datePublished":"2019-12-23T17:00:00+00:00","dateModified":"2026-03-11T18:17:05+00:00","author":{"@id":"https:\/\/manualdetecnicafotografica.com\/blog\/#\/schema\/person\/ae5034e3906a7dbe8c648d476fc02e77"},"breadcrumb":{"@id":"https:\/\/manualdetecnicafotografica.com\/blog\/sabes-el-aporte-que-puede-dar-el-primer-plano-en-la-fotografia-de-paisaje\/#breadcrumb"},"inLanguage":"es","potentialAction":[{"@type":"ReadAction","target":["https:\/\/manualdetecnicafotografica.com\/blog\/sabes-el-aporte-que-puede-dar-el-primer-plano-en-la-fotografia-de-paisaje\/"]}]},{"@type":"ImageObject","inLanguage":"es","@id":"https:\/\/manualdetecnicafotografica.com\/blog\/sabes-el-aporte-que-puede-dar-el-primer-plano-en-la-fotografia-de-paisaje\/#primaryimage","url":"https:\/\/manualdetecnicafotografica.com\/blog\/wp-content\/uploads\/2019\/12\/casafoto.jpg","contentUrl":"https:\/\/manualdetecnicafotografica.com\/blog\/wp-content\/uploads\/2019\/12\/casafoto.jpg","width":700,"height":394},{"@type":"BreadcrumbList","@id":"https:\/\/manualdetecnicafotografica.com\/blog\/sabes-el-aporte-que-puede-dar-el-primer-plano-en-la-fotografia-de-paisaje\/#breadcrumb","itemListElement":[{"@type":"ListItem","position":1,"name":"Portada","item":"https:\/\/manualdetecnicafotografica.com\/blog\/"},{"@type":"ListItem","position":2,"name":"\u00bfQu\u00e9 aporta el Primer Plano a la fotograf\u00eda de paisaje?"}]},{"@type":"WebSite","@id":"https:\/\/manualdetecnicafotografica.com\/blog\/#website","url":"https:\/\/manualdetecnicafotografica.com\/blog\/","name":"Iniciaci\u00f3n a la Fotograf\u00eda","description":"Blog de Juan Ignacio Torres","potentialAction":[{"@type":"SearchAction","target":{"@type":"EntryPoint","urlTemplate":"https:\/\/manualdetecnicafotografica.com\/blog\/?s={search_term_string}"},"query-input":{"@type":"PropertyValueSpecification","valueRequired":true,"valueName":"search_term_string"}}],"inLanguage":"es"},{"@type":"Person","@id":"https:\/\/manualdetecnicafotografica.com\/blog\/#\/schema\/person\/ae5034e3906a7dbe8c648d476fc02e77","name":"Juan Ignacio Torres","image":{"@type":"ImageObject","inLanguage":"es","@id":"https:\/\/secure.gravatar.com\/avatar\/b9287bc055c5306fac8e7ea47798890ba1cd246604d554cef6180aed800a1987?s=96&d=wavatar&r=g","url":"https:\/\/secure.gravatar.com\/avatar\/b9287bc055c5306fac8e7ea47798890ba1cd246604d554cef6180aed800a1987?s=96&d=wavatar&r=g","contentUrl":"https:\/\/secure.gravatar.com\/avatar\/b9287bc055c5306fac8e7ea47798890ba1cd246604d554cef6180aed800a1987?s=96&d=wavatar&r=g","caption":"Juan Ignacio Torres"},"url":"https:\/\/manualdetecnicafotografica.com\/blog\/author\/ltrecarichi\/"}]}},"_links":{"self":[{"href":"https:\/\/manualdetecnicafotografica.com\/blog\/wp-json\/wp\/v2\/posts\/1479","targetHints":{"allow":["GET"]}}],"collection":[{"href":"https:\/\/manualdetecnicafotografica.com\/blog\/wp-json\/wp\/v2\/posts"}],"about":[{"href":"https:\/\/manualdetecnicafotografica.com\/blog\/wp-json\/wp\/v2\/types\/post"}],"author":[{"embeddable":true,"href":"https:\/\/manualdetecnicafotografica.com\/blog\/wp-json\/wp\/v2\/users\/69"}],"replies":[{"embeddable":true,"href":"https:\/\/manualdetecnicafotografica.com\/blog\/wp-json\/wp\/v2\/comments?post=1479"}],"version-history":[{"count":21,"href":"https:\/\/manualdetecnicafotografica.com\/blog\/wp-json\/wp\/v2\/posts\/1479\/revisions"}],"predecessor-version":[{"id":4554,"href":"https:\/\/manualdetecnicafotografica.com\/blog\/wp-json\/wp\/v2\/posts\/1479\/revisions\/4554"}],"wp:featuredmedia":[{"embeddable":true,"href":"https:\/\/manualdetecnicafotografica.com\/blog\/wp-json\/wp\/v2\/media\/1485"}],"wp:attachment":[{"href":"https:\/\/manualdetecnicafotografica.com\/blog\/wp-json\/wp\/v2\/media?parent=1479"}],"wp:term":[{"taxonomy":"category","embeddable":true,"href":"https:\/\/manualdetecnicafotografica.com\/blog\/wp-json\/wp\/v2\/categories?post=1479"},{"taxonomy":"post_tag","embeddable":true,"href":"https:\/\/manualdetecnicafotografica.com\/blog\/wp-json\/wp\/v2\/tags?post=1479"}],"curies":[{"name":"wp","href":"https:\/\/api.w.org\/{rel}","templated":true}]}}