{"id":1444,"date":"2019-11-22T14:21:14","date_gmt":"2019-11-22T14:21:14","guid":{"rendered":"http:\/\/manualdetecnicafotografica.com\/blog\/?p=1444"},"modified":"2019-11-22T14:21:16","modified_gmt":"2019-11-22T14:21:16","slug":"sigue-aprendiendo-dia-a-dia-con-estos-ejercicios-para-practicar-fotografia","status":"publish","type":"post","link":"https:\/\/manualdetecnicafotografica.com\/blog\/sigue-aprendiendo-dia-a-dia-con-estos-ejercicios-para-practicar-fotografia\/","title":{"rendered":"Sigue aprendiendo d\u00eda a d\u00eda con estos ejercicios para practicar fotograf\u00eda"},"content":{"rendered":"<p>En la lecci\u00f3n de hoy quiero que des un paso adelante en fotograf\u00eda, es por eso que te propongo algunos ejercicios simples, en los cuales te recordar\u00e9 c\u00f3mo debes implementar ciertas t\u00e9cnicas ya conocidas para lograr resultados asombrosos. Estos ejercicios espec\u00edficos los encontrar\u00e1s en mi <em>Libro de Pr\u00e1ctica Fotogr\u00e1fica<\/em> junto con ejemplos pr\u00e1cticos para aprender fotograf\u00eda de manera sencilla, dicho esto: \u00a1Comencemos!<\/p>\n<p><img loading=\"lazy\" decoding=\"async\" class=\" wp-image-1445 aligncenter\" src=\"https:\/\/manualdetecnicafotografica.com\/blog\/wp-content\/uploads\/2019\/11\/casafoto-300x200.jpg\" alt=\"\" width=\"701\" height=\"467\" srcset=\"https:\/\/manualdetecnicafotografica.com\/blog\/wp-content\/uploads\/2019\/11\/casafoto-300x200.jpg 300w, https:\/\/manualdetecnicafotografica.com\/blog\/wp-content\/uploads\/2019\/11\/casafoto-272x182.jpg 272w, https:\/\/manualdetecnicafotografica.com\/blog\/wp-content\/uploads\/2019\/11\/casafoto.jpg 700w\" sizes=\"auto, (max-width: 701px) 100vw, 701px\" \/><\/p>\n<p>Comencemos con la velocidad de obturaci\u00f3n, una de las <strong>claves para que logres una correcta exposici\u00f3n en tus capturas<\/strong>. Como ya sabes, \u00e9sta te permitir\u00e1 regular la entrada de luz seg\u00fan el intervalo de tiempo que selecciones, pudiendo jugar con valores expresados en fracciones de segundo (1\/2 medio segundo &#8211; 1\/4 un cuarto de segundo &#8211; y cada vez menos tiempo). Si la <strong>velocidad de obturaci\u00f3n<\/strong> es muy larga, 5 segundo por ejemplo, estaremos capturando todo lo que suceda en la escena durante ese tiempo, entonces es importante que tengas en cuenta el no abusar de este recurso abriendo el obturador por mucho tiempo ya que el resultado que obtendr\u00e1s, seguramente, sea una foto borroneada y poco n\u00edtida debido al propio movimiento de nuestro cuerpo (al respirar y de pulso).<\/p>\n<h5>Ejercicio: dos fotograf\u00edas iguales pero con velocidades diferentes<\/h5>\n<figure id=\"attachment_1447\" aria-describedby=\"caption-attachment-1447\" style=\"width: 701px\" class=\"wp-caption aligncenter\"><img loading=\"lazy\" decoding=\"async\" class=\"wp-image-1447\" src=\"https:\/\/manualdetecnicafotografica.com\/blog\/wp-content\/uploads\/2019\/11\/casafoto-300x199.png\" alt=\"\" width=\"701\" height=\"465\" srcset=\"https:\/\/manualdetecnicafotografica.com\/blog\/wp-content\/uploads\/2019\/11\/casafoto-300x199.png 300w, https:\/\/manualdetecnicafotografica.com\/blog\/wp-content\/uploads\/2019\/11\/casafoto.png 700w\" sizes=\"auto, (max-width: 701px) 100vw, 701px\" \/><figcaption id=\"caption-attachment-1447\" class=\"wp-caption-text\">Izquierda: Apertura f\/11, Velocidad 1\/160, ISO 200 &#8211; Derecha: Apertura f\/29, Velocidad 1\/10, ISO 100<\/figcaption><\/figure>\n<p>Como puedes ver en el ejemplo, la velocidad de obturaci\u00f3n determina el grado de movimiento que podr\u00e1s captar con tu c\u00e1mara. Si deseas <strong>congelar un objeto en movimiento<\/strong>, deber\u00e1s utilizar velocidades altas. En cambio, si lo que deseas es <strong>dar una sensaci\u00f3n de movimiento<\/strong>, deber\u00e1s utilizar velocidades bajas.<\/p>\n<p>Otro aspecto fundamental de la fotograf\u00eda para lograr una exposici\u00f3n adecuada es la <strong>apertura del diafragma<\/strong>, determinada con la letra F, utilizando valores como por ejemplo f\/2.8 &#8211; f\/4 &#8211; f\/5.6 y as\u00ed hasta llegar al f\/32, siendo el f\/2.8 la mayor apertura y f\/32 la menor.<\/p>\n<p><img loading=\"lazy\" decoding=\"async\" class=\" wp-image-1452 aligncenter\" src=\"https:\/\/manualdetecnicafotografica.com\/blog\/wp-content\/uploads\/2019\/11\/casafotos-300x163.png\" alt=\"\" width=\"701\" height=\"381\" srcset=\"https:\/\/manualdetecnicafotografica.com\/blog\/wp-content\/uploads\/2019\/11\/casafotos-300x163.png 300w, https:\/\/manualdetecnicafotografica.com\/blog\/wp-content\/uploads\/2019\/11\/casafotos.png 700w\" sizes=\"auto, (max-width: 701px) 100vw, 701px\" \/><\/p>\n<h5>Ejercicio: dos fotograf\u00edas del mismo objeto pero con aperturas diferentes<\/h5>\n<figure id=\"attachment_1453\" aria-describedby=\"caption-attachment-1453\" style=\"width: 701px\" class=\"wp-caption aligncenter\"><img loading=\"lazy\" decoding=\"async\" class=\"wp-image-1453 \" src=\"https:\/\/manualdetecnicafotografica.com\/blog\/wp-content\/uploads\/2019\/11\/casaarbol-1-300x199.png\" alt=\"\" width=\"701\" height=\"465\" srcset=\"https:\/\/manualdetecnicafotografica.com\/blog\/wp-content\/uploads\/2019\/11\/casaarbol-1-300x199.png 300w, https:\/\/manualdetecnicafotografica.com\/blog\/wp-content\/uploads\/2019\/11\/casaarbol-1.png 700w\" sizes=\"auto, (max-width: 701px) 100vw, 701px\" \/><figcaption id=\"caption-attachment-1453\" class=\"wp-caption-text\">Apertura f\/5.6 con un objetivo 18-55mm &#8211; Velocidad 1\/100 &#8211; ISO 100<\/figcaption><\/figure>\n<figure id=\"attachment_1454\" aria-describedby=\"caption-attachment-1454\" style=\"width: 701px\" class=\"wp-caption aligncenter\"><img loading=\"lazy\" decoding=\"async\" class=\"wp-image-1454\" src=\"https:\/\/manualdetecnicafotografica.com\/blog\/wp-content\/uploads\/2019\/11\/casaarbol-2-300x200.png\" alt=\"\" width=\"701\" height=\"467\" srcset=\"https:\/\/manualdetecnicafotografica.com\/blog\/wp-content\/uploads\/2019\/11\/casaarbol-2-300x200.png 300w, https:\/\/manualdetecnicafotografica.com\/blog\/wp-content\/uploads\/2019\/11\/casaarbol-2-272x182.png 272w, https:\/\/manualdetecnicafotografica.com\/blog\/wp-content\/uploads\/2019\/11\/casaarbol-2.png 700w\" sizes=\"auto, (max-width: 701px) 100vw, 701px\" \/><figcaption id=\"caption-attachment-1454\" class=\"wp-caption-text\">Apertura f\/9 con un objetivo 18-55mm &#8211; Velocidad 1\/60 &#8211; ISO 100 (Fondo un poco m\u00e1s n\u00edtido)<\/figcaption><\/figure>\n<figure id=\"attachment_1455\" aria-describedby=\"caption-attachment-1455\" style=\"width: 700px\" class=\"wp-caption aligncenter\"><img loading=\"lazy\" decoding=\"async\" class=\"wp-image-1455\" src=\"https:\/\/manualdetecnicafotografica.com\/blog\/wp-content\/uploads\/2019\/11\/casaarbol-3-300x198.png\" alt=\"\" width=\"700\" height=\"462\" srcset=\"https:\/\/manualdetecnicafotografica.com\/blog\/wp-content\/uploads\/2019\/11\/casaarbol-3-300x198.png 300w, https:\/\/manualdetecnicafotografica.com\/blog\/wp-content\/uploads\/2019\/11\/casaarbol-3.png 700w\" sizes=\"auto, (max-width: 700px) 100vw, 700px\" \/><figcaption id=\"caption-attachment-1455\" class=\"wp-caption-text\">Apertura f\/1.8 con un objetivo fijo de 50mm &#8211; Velocidad 1\/1000 &#8211; ISO 100 (Fondo difuminado por utilizar mucha apertura)<\/figcaption><\/figure>\n<p>Para que puedas <strong>obtener una iluminaci\u00f3n equilibrada<\/strong> deber\u00e1s ajustar la velocidad y el ISO de manera diferente para cada toma. Colocar tu c\u00e1mara en modo <em>Prioridad a la Apertura<\/em> ser\u00e1 una opci\u00f3n sencilla, ya que los valores se ajustar\u00e1n de manera autom\u00e1tica mientras t\u00fa te ocupas solamente de la apertura.<\/p>\n<p>Ponte en la siguiente situaci\u00f3n&#8230; Un fondo por detr\u00e1s muy oscuro y debes priorizar la exposici\u00f3n del sujeto principal (el cual se encuentra por delante), \u00bfQu\u00e9 har\u00edas en dicha situaci\u00f3n?. Pues bien, en este caso ser\u00eda imposible que logres una buena exposici\u00f3n en toda la escena. Debes priorizar y definir qu\u00e9 es lo m\u00e1s importante a exponer, y centrarte en eso. En este caso, ser\u00eda de mucha utilidad cambiar a un <em>modo de medici\u00f3n puntual<\/em>. Antes de disparar, siempre debes pensar cu\u00e1l es el modo de medici\u00f3n fotogr\u00e1fica que m\u00e1s te conviene, sobre todo si te encuentras disparando en escenarios que difieren de los ya conocidos.<\/p>\n<h3>Modos de medici\u00f3n<\/h3>\n<p><strong>Puntual:<\/strong> La c\u00e1mara mide la cantidad de luz que incide en una regi\u00f3n muy peque\u00f1a del sensor, realizando \u00fanicamente la medici\u00f3n de la luz sobre esa zona y descartando cualquier valor de luz del resto del sensor.<\/p>\n<p><strong>Ponderado al centro:<\/strong> Aqu\u00ed la c\u00e1mara equilibra un poco m\u00e1s los valores de medici\u00f3n dando mucho m\u00e1s peso a la luz que mide en el centro, pero teniendo en cuenta tambi\u00e9n los valores de la zona externa a superficie m\u00e1s interior.<\/p>\n<p><strong>Matricial:<\/strong> finalmente, en el modo matricial la c\u00e1mara efect\u00faa una medici\u00f3n general de la escena y te proporciona unos valores basados en la media luz recibida. En el 90% de las situaciones es el sistema que mejor funciona, y probablemente sea el ajuste que traiga tu c\u00e1mara por defecto.<\/p>\n<h5>Ejercicio: Dispara a objetos en contraluz durante el anochecer o atardecer<\/h5>\n<p><img loading=\"lazy\" decoding=\"async\" class=\" wp-image-1459 aligncenter\" src=\"https:\/\/manualdetecnicafotografica.com\/blog\/wp-content\/uploads\/2019\/11\/casamedici\u00f3n-2-300x200.png\" alt=\"\" width=\"701\" height=\"467\" srcset=\"https:\/\/manualdetecnicafotografica.com\/blog\/wp-content\/uploads\/2019\/11\/casamedici\u00f3n-2-300x200.png 300w, https:\/\/manualdetecnicafotografica.com\/blog\/wp-content\/uploads\/2019\/11\/casamedici\u00f3n-2-272x182.png 272w, https:\/\/manualdetecnicafotografica.com\/blog\/wp-content\/uploads\/2019\/11\/casamedici\u00f3n-2.png 700w\" sizes=\"auto, (max-width: 701px) 100vw, 701px\" \/><\/p>\n<p><img loading=\"lazy\" decoding=\"async\" class=\" wp-image-1460 aligncenter\" src=\"https:\/\/manualdetecnicafotografica.com\/blog\/wp-content\/uploads\/2019\/11\/casamedici\u00f3n-3-300x225.png\" alt=\"\" width=\"700\" height=\"525\" srcset=\"https:\/\/manualdetecnicafotografica.com\/blog\/wp-content\/uploads\/2019\/11\/casamedici\u00f3n-3-300x225.png 300w, https:\/\/manualdetecnicafotografica.com\/blog\/wp-content\/uploads\/2019\/11\/casamedici\u00f3n-3.png 700w\" sizes=\"auto, (max-width: 700px) 100vw, 700px\" \/><\/p>\n<h5>Ejercicio:&nbsp;Dispara intentando exponer un objeto con diferentes modos de medici\u00f3n<\/h5>\n<p><img loading=\"lazy\" decoding=\"async\" class=\" wp-image-1461 aligncenter\" src=\"https:\/\/manualdetecnicafotografica.com\/blog\/wp-content\/uploads\/2019\/11\/casamedici\u00f3n-300x200.png\" alt=\"\" width=\"701\" height=\"467\" srcset=\"https:\/\/manualdetecnicafotografica.com\/blog\/wp-content\/uploads\/2019\/11\/casamedici\u00f3n-300x200.png 300w, https:\/\/manualdetecnicafotografica.com\/blog\/wp-content\/uploads\/2019\/11\/casamedici\u00f3n-272x182.png 272w, https:\/\/manualdetecnicafotografica.com\/blog\/wp-content\/uploads\/2019\/11\/casamedici\u00f3n.png 700w\" sizes=\"auto, (max-width: 701px) 100vw, 701px\" \/><\/p>\n<p>En s\u00edntesis, el <strong>modo de medici\u00f3n<\/strong> determinar\u00e1 c\u00f3mo la c\u00e1mara realizar\u00e1 la lectura y c\u00e1lculo de la iluminaci\u00f3n en la escena. Luego, te indicar\u00e1 que tan cerca est\u00e1s de lograr una exposici\u00f3n adecuada mediante el expos\u00edmetro.<\/p>\n<p>\u00bfTe acuerdas de la <strong>regla de los tercios<\/strong>?, esa gu\u00eda fundamental que te sirve para componer fotograf\u00edas y te proponer que, el encuadre, debe dividirse trazando dos l\u00edneas verticales y dos l\u00edneas horizontales en los puntos de las intersecciones ya que ah\u00ed yacen los <em>puntos fuertes<\/em> de la imagen. Esta regla es muy f\u00e1cil de usar y a menudo un buen punto de partida para tomar fotograf\u00edas que no requieren una gran elaboraci\u00f3n, en las cuales lograremos resultados asombrosos.&nbsp;Los puntos fuertes de la fotograf\u00eda los encontrar\u00e1s donde se cruzan las l\u00edneas, creando as\u00ed una mayor tensi\u00f3n y resultado en una composici\u00f3n m\u00e1s interesante.<\/p>\n<p><img loading=\"lazy\" decoding=\"async\" class=\" wp-image-1463 aligncenter\" src=\"https:\/\/manualdetecnicafotografica.com\/blog\/wp-content\/uploads\/2019\/11\/casatercios-300x199.png\" alt=\"\" width=\"701\" height=\"465\" srcset=\"https:\/\/manualdetecnicafotografica.com\/blog\/wp-content\/uploads\/2019\/11\/casatercios-300x199.png 300w, https:\/\/manualdetecnicafotografica.com\/blog\/wp-content\/uploads\/2019\/11\/casatercios.png 700w\" sizes=\"auto, (max-width: 701px) 100vw, 701px\" \/><\/p>\n<h2>\u00a1An\u00edmate a ponerlo en pr\u00e1ctica!<\/h2>\n<h5>Ejercicio: realiza tomas siempre pensando en la regla de los tercios<\/h5>\n<p><img loading=\"lazy\" decoding=\"async\" class=\" wp-image-1464 aligncenter\" src=\"https:\/\/manualdetecnicafotografica.com\/blog\/wp-content\/uploads\/2019\/11\/casatercios-2-300x202.png\" alt=\"\" width=\"701\" height=\"472\" srcset=\"https:\/\/manualdetecnicafotografica.com\/blog\/wp-content\/uploads\/2019\/11\/casatercios-2-300x202.png 300w, https:\/\/manualdetecnicafotografica.com\/blog\/wp-content\/uploads\/2019\/11\/casatercios-2-272x182.png 272w, https:\/\/manualdetecnicafotografica.com\/blog\/wp-content\/uploads\/2019\/11\/casatercios-2.png 700w\" sizes=\"auto, (max-width: 701px) 100vw, 701px\" \/><\/p>\n<p><img loading=\"lazy\" decoding=\"async\" class=\" wp-image-1465 aligncenter\" src=\"https:\/\/manualdetecnicafotografica.com\/blog\/wp-content\/uploads\/2019\/11\/casatercios-3-300x198.png\" alt=\"\" width=\"700\" height=\"462\" srcset=\"https:\/\/manualdetecnicafotografica.com\/blog\/wp-content\/uploads\/2019\/11\/casatercios-3-300x198.png 300w, https:\/\/manualdetecnicafotografica.com\/blog\/wp-content\/uploads\/2019\/11\/casatercios-3.png 700w\" sizes=\"auto, (max-width: 700px) 100vw, 700px\" \/><\/p>\n<p>\u00bfQu\u00e9 te ha parecido la ayuda memoria?. Estas<strong> reglas y recursos fotogr\u00e1ficos<\/strong> son de suma importancia para que logres resultados espectaculares, pero eso no ser\u00e1 lo \u00fanico, tambi\u00e9n estar\u00e1s m\u00e1s informado y armado de herramientas que te ayudar\u00e1n d\u00eda a d\u00eda a saber qu\u00e9 hacer en cada momento determinado para cada toma en concreto. Estos ejemplos y m\u00e1s ejercicios los encontrar\u00e1s en mi <em>Libro de Pr\u00e1ctica Fotogr\u00e1fica<\/em>, una manera de aprender fotograf\u00eda de forma sencilla&#8230; \u00bfQu\u00e9 esperas para obtenerlo? \u00a1Te leo en los comentarios!<\/p>\n","protected":false},"excerpt":{"rendered":"<p>En la lecci\u00f3n de hoy quiero que des un paso adelante en fotograf\u00eda, es por eso que te propongo algunos ejercicios simples, en los cuales te recordar\u00e9 c\u00f3mo debes implementar ciertas t\u00e9cnicas ya conocidas para lograr resultados asombrosos. Estos ejercicios espec\u00edficos los encontrar\u00e1s en mi Libro de Pr\u00e1ctica Fotogr\u00e1fica junto con ejemplos pr\u00e1cticos para aprender [&hellip;]<\/p>\n","protected":false},"author":69,"featured_media":1445,"comment_status":"open","ping_status":"open","sticky":false,"template":"","format":"standard","meta":{"_genesis_hide_title":false,"_genesis_hide_breadcrumbs":false,"_genesis_hide_singular_image":false,"_genesis_hide_footer_widgets":false,"_genesis_custom_body_class":"","_genesis_custom_post_class":"","_genesis_layout":"","_glsr_average":0,"_glsr_ranking":0,"_glsr_reviews":0,"footnotes":""},"categories":[96,103],"tags":[],"class_list":{"0":"post-1444","1":"post","2":"type-post","3":"status-publish","4":"format-standard","5":"has-post-thumbnail","7":"category-ejercicios","8":"category-practica","9":"entry"},"yoast_head":"<!-- This site is optimized with the Yoast SEO plugin v27.4 - https:\/\/yoast.com\/product\/yoast-seo-wordpress\/ -->\n<title>Sigue aprendiendo d\u00eda a d\u00eda con estos ejercicios para practicar fotograf\u00eda - Iniciaci\u00f3n a la Fotograf\u00eda<\/title>\n<meta name=\"robots\" content=\"index, follow, max-snippet:-1, max-image-preview:large, max-video-preview:-1\" \/>\n<link rel=\"canonical\" href=\"https:\/\/manualdetecnicafotografica.com\/blog\/sigue-aprendiendo-dia-a-dia-con-estos-ejercicios-para-practicar-fotografia\/\" \/>\n<meta property=\"og:locale\" content=\"es_ES\" \/>\n<meta property=\"og:type\" content=\"article\" \/>\n<meta property=\"og:title\" content=\"Sigue aprendiendo d\u00eda a d\u00eda con estos ejercicios para practicar fotograf\u00eda - Iniciaci\u00f3n a la Fotograf\u00eda\" \/>\n<meta property=\"og:description\" content=\"En la lecci\u00f3n de hoy quiero que des un paso adelante en fotograf\u00eda, es por eso que te propongo algunos ejercicios simples, en los cuales te recordar\u00e9 c\u00f3mo debes implementar ciertas t\u00e9cnicas ya conocidas para lograr resultados asombrosos. Estos ejercicios espec\u00edficos los encontrar\u00e1s en mi Libro de Pr\u00e1ctica Fotogr\u00e1fica junto con ejemplos pr\u00e1cticos para aprender [&hellip;]\" \/>\n<meta property=\"og:url\" content=\"https:\/\/manualdetecnicafotografica.com\/blog\/sigue-aprendiendo-dia-a-dia-con-estos-ejercicios-para-practicar-fotografia\/\" \/>\n<meta property=\"og:site_name\" content=\"Iniciaci\u00f3n a la Fotograf\u00eda\" \/>\n<meta property=\"article:published_time\" content=\"2019-11-22T14:21:14+00:00\" \/>\n<meta property=\"article:modified_time\" content=\"2019-11-22T14:21:16+00:00\" \/>\n<meta property=\"og:image\" content=\"https:\/\/manualdetecnicafotografica.com\/blog\/wp-content\/uploads\/2019\/11\/casafoto.jpg\" \/>\n\t<meta property=\"og:image:width\" content=\"700\" \/>\n\t<meta property=\"og:image:height\" content=\"466\" \/>\n\t<meta property=\"og:image:type\" content=\"image\/jpeg\" \/>\n<meta name=\"author\" content=\"Juan Ignacio Torres\" \/>\n<meta name=\"twitter:card\" content=\"summary_large_image\" \/>\n<meta name=\"twitter:label1\" content=\"Escrito por\" \/>\n\t<meta name=\"twitter:data1\" content=\"Juan Ignacio Torres\" \/>\n\t<meta name=\"twitter:label2\" content=\"Tiempo de lectura\" \/>\n\t<meta name=\"twitter:data2\" content=\"5 minutos\" \/>\n<script type=\"application\/ld+json\" class=\"yoast-schema-graph\">{\"@context\":\"https:\\\/\\\/schema.org\",\"@graph\":[{\"@type\":\"Article\",\"@id\":\"https:\\\/\\\/manualdetecnicafotografica.com\\\/blog\\\/sigue-aprendiendo-dia-a-dia-con-estos-ejercicios-para-practicar-fotografia\\\/#article\",\"isPartOf\":{\"@id\":\"https:\\\/\\\/manualdetecnicafotografica.com\\\/blog\\\/sigue-aprendiendo-dia-a-dia-con-estos-ejercicios-para-practicar-fotografia\\\/\"},\"author\":{\"name\":\"Juan Ignacio Torres\",\"@id\":\"https:\\\/\\\/manualdetecnicafotografica.com\\\/blog\\\/#\\\/schema\\\/person\\\/ae5034e3906a7dbe8c648d476fc02e77\"},\"headline\":\"Sigue aprendiendo d\u00eda a d\u00eda con estos ejercicios para practicar fotograf\u00eda\",\"datePublished\":\"2019-11-22T14:21:14+00:00\",\"dateModified\":\"2019-11-22T14:21:16+00:00\",\"mainEntityOfPage\":{\"@id\":\"https:\\\/\\\/manualdetecnicafotografica.com\\\/blog\\\/sigue-aprendiendo-dia-a-dia-con-estos-ejercicios-para-practicar-fotografia\\\/\"},\"wordCount\":1049,\"commentCount\":4,\"image\":{\"@id\":\"https:\\\/\\\/manualdetecnicafotografica.com\\\/blog\\\/sigue-aprendiendo-dia-a-dia-con-estos-ejercicios-para-practicar-fotografia\\\/#primaryimage\"},\"thumbnailUrl\":\"https:\\\/\\\/manualdetecnicafotografica.com\\\/blog\\\/wp-content\\\/uploads\\\/2019\\\/11\\\/casafoto.jpg\",\"articleSection\":[\"Ejercicios\",\"Pr\u00e1ctica\"],\"inLanguage\":\"es\",\"potentialAction\":[{\"@type\":\"CommentAction\",\"name\":\"Comment\",\"target\":[\"https:\\\/\\\/manualdetecnicafotografica.com\\\/blog\\\/sigue-aprendiendo-dia-a-dia-con-estos-ejercicios-para-practicar-fotografia\\\/#respond\"]}]},{\"@type\":\"WebPage\",\"@id\":\"https:\\\/\\\/manualdetecnicafotografica.com\\\/blog\\\/sigue-aprendiendo-dia-a-dia-con-estos-ejercicios-para-practicar-fotografia\\\/\",\"url\":\"https:\\\/\\\/manualdetecnicafotografica.com\\\/blog\\\/sigue-aprendiendo-dia-a-dia-con-estos-ejercicios-para-practicar-fotografia\\\/\",\"name\":\"Sigue aprendiendo d\u00eda a d\u00eda con estos ejercicios para practicar fotograf\u00eda - Iniciaci\u00f3n a la Fotograf\u00eda\",\"isPartOf\":{\"@id\":\"https:\\\/\\\/manualdetecnicafotografica.com\\\/blog\\\/#website\"},\"primaryImageOfPage\":{\"@id\":\"https:\\\/\\\/manualdetecnicafotografica.com\\\/blog\\\/sigue-aprendiendo-dia-a-dia-con-estos-ejercicios-para-practicar-fotografia\\\/#primaryimage\"},\"image\":{\"@id\":\"https:\\\/\\\/manualdetecnicafotografica.com\\\/blog\\\/sigue-aprendiendo-dia-a-dia-con-estos-ejercicios-para-practicar-fotografia\\\/#primaryimage\"},\"thumbnailUrl\":\"https:\\\/\\\/manualdetecnicafotografica.com\\\/blog\\\/wp-content\\\/uploads\\\/2019\\\/11\\\/casafoto.jpg\",\"datePublished\":\"2019-11-22T14:21:14+00:00\",\"dateModified\":\"2019-11-22T14:21:16+00:00\",\"author\":{\"@id\":\"https:\\\/\\\/manualdetecnicafotografica.com\\\/blog\\\/#\\\/schema\\\/person\\\/ae5034e3906a7dbe8c648d476fc02e77\"},\"breadcrumb\":{\"@id\":\"https:\\\/\\\/manualdetecnicafotografica.com\\\/blog\\\/sigue-aprendiendo-dia-a-dia-con-estos-ejercicios-para-practicar-fotografia\\\/#breadcrumb\"},\"inLanguage\":\"es\",\"potentialAction\":[{\"@type\":\"ReadAction\",\"target\":[\"https:\\\/\\\/manualdetecnicafotografica.com\\\/blog\\\/sigue-aprendiendo-dia-a-dia-con-estos-ejercicios-para-practicar-fotografia\\\/\"]}]},{\"@type\":\"ImageObject\",\"inLanguage\":\"es\",\"@id\":\"https:\\\/\\\/manualdetecnicafotografica.com\\\/blog\\\/sigue-aprendiendo-dia-a-dia-con-estos-ejercicios-para-practicar-fotografia\\\/#primaryimage\",\"url\":\"https:\\\/\\\/manualdetecnicafotografica.com\\\/blog\\\/wp-content\\\/uploads\\\/2019\\\/11\\\/casafoto.jpg\",\"contentUrl\":\"https:\\\/\\\/manualdetecnicafotografica.com\\\/blog\\\/wp-content\\\/uploads\\\/2019\\\/11\\\/casafoto.jpg\",\"width\":700,\"height\":466},{\"@type\":\"BreadcrumbList\",\"@id\":\"https:\\\/\\\/manualdetecnicafotografica.com\\\/blog\\\/sigue-aprendiendo-dia-a-dia-con-estos-ejercicios-para-practicar-fotografia\\\/#breadcrumb\",\"itemListElement\":[{\"@type\":\"ListItem\",\"position\":1,\"name\":\"Portada\",\"item\":\"https:\\\/\\\/manualdetecnicafotografica.com\\\/blog\\\/\"},{\"@type\":\"ListItem\",\"position\":2,\"name\":\"Sigue aprendiendo d\u00eda a d\u00eda con estos ejercicios para practicar fotograf\u00eda\"}]},{\"@type\":\"WebSite\",\"@id\":\"https:\\\/\\\/manualdetecnicafotografica.com\\\/blog\\\/#website\",\"url\":\"https:\\\/\\\/manualdetecnicafotografica.com\\\/blog\\\/\",\"name\":\"Iniciaci\u00f3n a la Fotograf\u00eda\",\"description\":\"Blog de Juan Ignacio Torres\",\"potentialAction\":[{\"@type\":\"SearchAction\",\"target\":{\"@type\":\"EntryPoint\",\"urlTemplate\":\"https:\\\/\\\/manualdetecnicafotografica.com\\\/blog\\\/?s={search_term_string}\"},\"query-input\":{\"@type\":\"PropertyValueSpecification\",\"valueRequired\":true,\"valueName\":\"search_term_string\"}}],\"inLanguage\":\"es\"},{\"@type\":\"Person\",\"@id\":\"https:\\\/\\\/manualdetecnicafotografica.com\\\/blog\\\/#\\\/schema\\\/person\\\/ae5034e3906a7dbe8c648d476fc02e77\",\"name\":\"Juan Ignacio Torres\",\"image\":{\"@type\":\"ImageObject\",\"inLanguage\":\"es\",\"@id\":\"https:\\\/\\\/secure.gravatar.com\\\/avatar\\\/b9287bc055c5306fac8e7ea47798890ba1cd246604d554cef6180aed800a1987?s=96&d=wavatar&r=g\",\"url\":\"https:\\\/\\\/secure.gravatar.com\\\/avatar\\\/b9287bc055c5306fac8e7ea47798890ba1cd246604d554cef6180aed800a1987?s=96&d=wavatar&r=g\",\"contentUrl\":\"https:\\\/\\\/secure.gravatar.com\\\/avatar\\\/b9287bc055c5306fac8e7ea47798890ba1cd246604d554cef6180aed800a1987?s=96&d=wavatar&r=g\",\"caption\":\"Juan Ignacio Torres\"},\"url\":\"https:\\\/\\\/manualdetecnicafotografica.com\\\/blog\\\/author\\\/ltrecarichi\\\/\"}]}<\/script>\n<!-- \/ Yoast SEO plugin. -->","yoast_head_json":{"title":"Sigue aprendiendo d\u00eda a d\u00eda con estos ejercicios para practicar fotograf\u00eda - Iniciaci\u00f3n a la Fotograf\u00eda","robots":{"index":"index","follow":"follow","max-snippet":"max-snippet:-1","max-image-preview":"max-image-preview:large","max-video-preview":"max-video-preview:-1"},"canonical":"https:\/\/manualdetecnicafotografica.com\/blog\/sigue-aprendiendo-dia-a-dia-con-estos-ejercicios-para-practicar-fotografia\/","og_locale":"es_ES","og_type":"article","og_title":"Sigue aprendiendo d\u00eda a d\u00eda con estos ejercicios para practicar fotograf\u00eda - Iniciaci\u00f3n a la Fotograf\u00eda","og_description":"En la lecci\u00f3n de hoy quiero que des un paso adelante en fotograf\u00eda, es por eso que te propongo algunos ejercicios simples, en los cuales te recordar\u00e9 c\u00f3mo debes implementar ciertas t\u00e9cnicas ya conocidas para lograr resultados asombrosos. Estos ejercicios espec\u00edficos los encontrar\u00e1s en mi Libro de Pr\u00e1ctica Fotogr\u00e1fica junto con ejemplos pr\u00e1cticos para aprender [&hellip;]","og_url":"https:\/\/manualdetecnicafotografica.com\/blog\/sigue-aprendiendo-dia-a-dia-con-estos-ejercicios-para-practicar-fotografia\/","og_site_name":"Iniciaci\u00f3n a la Fotograf\u00eda","article_published_time":"2019-11-22T14:21:14+00:00","article_modified_time":"2019-11-22T14:21:16+00:00","og_image":[{"width":700,"height":466,"url":"https:\/\/manualdetecnicafotografica.com\/blog\/wp-content\/uploads\/2019\/11\/casafoto.jpg","type":"image\/jpeg"}],"author":"Juan Ignacio Torres","twitter_card":"summary_large_image","twitter_misc":{"Escrito por":"Juan Ignacio Torres","Tiempo de lectura":"5 minutos"},"schema":{"@context":"https:\/\/schema.org","@graph":[{"@type":"Article","@id":"https:\/\/manualdetecnicafotografica.com\/blog\/sigue-aprendiendo-dia-a-dia-con-estos-ejercicios-para-practicar-fotografia\/#article","isPartOf":{"@id":"https:\/\/manualdetecnicafotografica.com\/blog\/sigue-aprendiendo-dia-a-dia-con-estos-ejercicios-para-practicar-fotografia\/"},"author":{"name":"Juan Ignacio Torres","@id":"https:\/\/manualdetecnicafotografica.com\/blog\/#\/schema\/person\/ae5034e3906a7dbe8c648d476fc02e77"},"headline":"Sigue aprendiendo d\u00eda a d\u00eda con estos ejercicios para practicar fotograf\u00eda","datePublished":"2019-11-22T14:21:14+00:00","dateModified":"2019-11-22T14:21:16+00:00","mainEntityOfPage":{"@id":"https:\/\/manualdetecnicafotografica.com\/blog\/sigue-aprendiendo-dia-a-dia-con-estos-ejercicios-para-practicar-fotografia\/"},"wordCount":1049,"commentCount":4,"image":{"@id":"https:\/\/manualdetecnicafotografica.com\/blog\/sigue-aprendiendo-dia-a-dia-con-estos-ejercicios-para-practicar-fotografia\/#primaryimage"},"thumbnailUrl":"https:\/\/manualdetecnicafotografica.com\/blog\/wp-content\/uploads\/2019\/11\/casafoto.jpg","articleSection":["Ejercicios","Pr\u00e1ctica"],"inLanguage":"es","potentialAction":[{"@type":"CommentAction","name":"Comment","target":["https:\/\/manualdetecnicafotografica.com\/blog\/sigue-aprendiendo-dia-a-dia-con-estos-ejercicios-para-practicar-fotografia\/#respond"]}]},{"@type":"WebPage","@id":"https:\/\/manualdetecnicafotografica.com\/blog\/sigue-aprendiendo-dia-a-dia-con-estos-ejercicios-para-practicar-fotografia\/","url":"https:\/\/manualdetecnicafotografica.com\/blog\/sigue-aprendiendo-dia-a-dia-con-estos-ejercicios-para-practicar-fotografia\/","name":"Sigue aprendiendo d\u00eda a d\u00eda con estos ejercicios para practicar fotograf\u00eda - Iniciaci\u00f3n a la Fotograf\u00eda","isPartOf":{"@id":"https:\/\/manualdetecnicafotografica.com\/blog\/#website"},"primaryImageOfPage":{"@id":"https:\/\/manualdetecnicafotografica.com\/blog\/sigue-aprendiendo-dia-a-dia-con-estos-ejercicios-para-practicar-fotografia\/#primaryimage"},"image":{"@id":"https:\/\/manualdetecnicafotografica.com\/blog\/sigue-aprendiendo-dia-a-dia-con-estos-ejercicios-para-practicar-fotografia\/#primaryimage"},"thumbnailUrl":"https:\/\/manualdetecnicafotografica.com\/blog\/wp-content\/uploads\/2019\/11\/casafoto.jpg","datePublished":"2019-11-22T14:21:14+00:00","dateModified":"2019-11-22T14:21:16+00:00","author":{"@id":"https:\/\/manualdetecnicafotografica.com\/blog\/#\/schema\/person\/ae5034e3906a7dbe8c648d476fc02e77"},"breadcrumb":{"@id":"https:\/\/manualdetecnicafotografica.com\/blog\/sigue-aprendiendo-dia-a-dia-con-estos-ejercicios-para-practicar-fotografia\/#breadcrumb"},"inLanguage":"es","potentialAction":[{"@type":"ReadAction","target":["https:\/\/manualdetecnicafotografica.com\/blog\/sigue-aprendiendo-dia-a-dia-con-estos-ejercicios-para-practicar-fotografia\/"]}]},{"@type":"ImageObject","inLanguage":"es","@id":"https:\/\/manualdetecnicafotografica.com\/blog\/sigue-aprendiendo-dia-a-dia-con-estos-ejercicios-para-practicar-fotografia\/#primaryimage","url":"https:\/\/manualdetecnicafotografica.com\/blog\/wp-content\/uploads\/2019\/11\/casafoto.jpg","contentUrl":"https:\/\/manualdetecnicafotografica.com\/blog\/wp-content\/uploads\/2019\/11\/casafoto.jpg","width":700,"height":466},{"@type":"BreadcrumbList","@id":"https:\/\/manualdetecnicafotografica.com\/blog\/sigue-aprendiendo-dia-a-dia-con-estos-ejercicios-para-practicar-fotografia\/#breadcrumb","itemListElement":[{"@type":"ListItem","position":1,"name":"Portada","item":"https:\/\/manualdetecnicafotografica.com\/blog\/"},{"@type":"ListItem","position":2,"name":"Sigue aprendiendo d\u00eda a d\u00eda con estos ejercicios para practicar fotograf\u00eda"}]},{"@type":"WebSite","@id":"https:\/\/manualdetecnicafotografica.com\/blog\/#website","url":"https:\/\/manualdetecnicafotografica.com\/blog\/","name":"Iniciaci\u00f3n a la Fotograf\u00eda","description":"Blog de Juan Ignacio Torres","potentialAction":[{"@type":"SearchAction","target":{"@type":"EntryPoint","urlTemplate":"https:\/\/manualdetecnicafotografica.com\/blog\/?s={search_term_string}"},"query-input":{"@type":"PropertyValueSpecification","valueRequired":true,"valueName":"search_term_string"}}],"inLanguage":"es"},{"@type":"Person","@id":"https:\/\/manualdetecnicafotografica.com\/blog\/#\/schema\/person\/ae5034e3906a7dbe8c648d476fc02e77","name":"Juan Ignacio Torres","image":{"@type":"ImageObject","inLanguage":"es","@id":"https:\/\/secure.gravatar.com\/avatar\/b9287bc055c5306fac8e7ea47798890ba1cd246604d554cef6180aed800a1987?s=96&d=wavatar&r=g","url":"https:\/\/secure.gravatar.com\/avatar\/b9287bc055c5306fac8e7ea47798890ba1cd246604d554cef6180aed800a1987?s=96&d=wavatar&r=g","contentUrl":"https:\/\/secure.gravatar.com\/avatar\/b9287bc055c5306fac8e7ea47798890ba1cd246604d554cef6180aed800a1987?s=96&d=wavatar&r=g","caption":"Juan Ignacio Torres"},"url":"https:\/\/manualdetecnicafotografica.com\/blog\/author\/ltrecarichi\/"}]}},"_links":{"self":[{"href":"https:\/\/manualdetecnicafotografica.com\/blog\/wp-json\/wp\/v2\/posts\/1444","targetHints":{"allow":["GET"]}}],"collection":[{"href":"https:\/\/manualdetecnicafotografica.com\/blog\/wp-json\/wp\/v2\/posts"}],"about":[{"href":"https:\/\/manualdetecnicafotografica.com\/blog\/wp-json\/wp\/v2\/types\/post"}],"author":[{"embeddable":true,"href":"https:\/\/manualdetecnicafotografica.com\/blog\/wp-json\/wp\/v2\/users\/69"}],"replies":[{"embeddable":true,"href":"https:\/\/manualdetecnicafotografica.com\/blog\/wp-json\/wp\/v2\/comments?post=1444"}],"version-history":[{"count":15,"href":"https:\/\/manualdetecnicafotografica.com\/blog\/wp-json\/wp\/v2\/posts\/1444\/revisions"}],"predecessor-version":[{"id":1473,"href":"https:\/\/manualdetecnicafotografica.com\/blog\/wp-json\/wp\/v2\/posts\/1444\/revisions\/1473"}],"wp:featuredmedia":[{"embeddable":true,"href":"https:\/\/manualdetecnicafotografica.com\/blog\/wp-json\/wp\/v2\/media\/1445"}],"wp:attachment":[{"href":"https:\/\/manualdetecnicafotografica.com\/blog\/wp-json\/wp\/v2\/media?parent=1444"}],"wp:term":[{"taxonomy":"category","embeddable":true,"href":"https:\/\/manualdetecnicafotografica.com\/blog\/wp-json\/wp\/v2\/categories?post=1444"},{"taxonomy":"post_tag","embeddable":true,"href":"https:\/\/manualdetecnicafotografica.com\/blog\/wp-json\/wp\/v2\/tags?post=1444"}],"curies":[{"name":"wp","href":"https:\/\/api.w.org\/{rel}","templated":true}]}}